{"id":10355,"date":"2013-06-20T00:00:00","date_gmt":"2013-06-19T22:00:00","guid":{"rendered":"http:\/\/dev.museuolimpicbcn.cat\/la-reunio-internacional-de-museus-olimpics-es-organitzada-anualment-pe-lolympic-museum-of-lausanne-amb-la-finalitat-de-generar-sinergies-entre-els-museus-olimpics-del-mon-que-formen-part-de\/"},"modified":"2013-06-20T00:00:00","modified_gmt":"2013-06-19T22:00:00","slug":"la-reunio-internacional-de-museus-olimpics-es-organitzada-anualment-pe-lolympic-museum-of-lausanne-amb-la-finalitat-de-generar-sinergies-entre-els-museus-olimpics-del-mon-que-formen-part-de","status":"publish","type":"post","link":"https:\/\/www.museuolimpicbcn.cat\/ca\/la-reunio-internacional-de-museus-olimpics-es-organitzada-anualment-pe-lolympic-museum-of-lausanne-amb-la-finalitat-de-generar-sinergies-entre-els-museus-olimpics-del-mon-que-formen-part-de\/","title":{"rendered":"La  reuni\u00f3 internacional de museus ol\u00edmpics \u00e9s organitzada anualment pe l\u2019Olympic Museum of Lausanne, amb la finalitat de generar sinergies entre els museus ol\u00edmpics del m\u00f3n que formen part de la xarxa de museus ol\u00edmpics sota la tutela del CIO"},"content":{"rendered":"<p>El CIO concedeix una credencial acreditativa a aquells museus que compleixen la normativa establerta des de Lausanne pel seu organisme. El Museu Ol&iacute;mpic i de l&rsquo;Esport Joan Antoni Samaranch &eacute;s un dels 21 museus oficials del m&oacute;n.<\/p>\n<p>La reuni&oacute; d&#8217;entitats es desenvolupa normalment en les instal&middot;lacions que el CIO t&eacute; a la ciutat ol&iacute;mpica de Lausanne, ciutat seu del CIO i del Museu Ol&iacute;mpic. Aquest any, amb motiu de les reformes en el Museu de Lausanne, l&#8217;organitzaci&oacute; ha decidit que sigui Qatar la seu organitzadora.<\/p>\n<p><strong>*Olympic Museum of Lausanne<\/strong>: Mr. Francis Gabet, director of Museu Olympic de Lausanne; Ms. Fr&eacute;d&eacute;rique Jamolli,&nbsp; Ms. Anne Chevalleyand &amp; Ms. St&eacute;phanie Coppex.<\/p>\n<p><strong>*China Sports Museum<\/strong>: Ms. Jun Wang, Ms. Liu Mengzao &amp; Wang Tongyu.<\/p>\n<p><strong>*Deutsches Sports &amp;Olympic Museum: <\/strong>Mr. Fran Duerr, director.<\/p>\n<p><strong>*Thessaloniki Olympic Museum: <\/strong>Ms. Kyriaki Oudatzi<\/p>\n<p><strong>*Samaranch Memorial in Tianjin, China: <\/strong>Mr. Yuan Zhihong.<\/p>\n<p><strong>*Olympic Stadium Amsterdam: <\/strong>Mr.<strong> <\/strong>Hans Lubberding &amp; Carla de Groot<\/p>\n<p><strong>*Xiamen Olympic Museum &#8211; Tiajin Dragon Olympic Museum (CHN): <\/strong>Mr. Ching-kuo Wu<\/p>\n<p><strong>*Estonian Sport Museum: <\/strong>Mr. Kalle Voolaid &amp; Mr. Daimar Lell<\/p>\n<p><strong>*The Sports Museum Foundation of Finland:&nbsp; <\/strong>Mr. Pekka Honkanen<\/p>\n<p><strong>*Qatar Olympic and Sport Museum:<\/strong> H.E Sheikh Saoud Bin Abdulrahman,<strong> <\/strong>Dr. Christian Wacker &amp; Khalil Al Jaber<\/p>\n<p><strong>*Seoul Olympic Museum &ndash; Korea: <\/strong>Mr. Jangsoo Oh, Ms. Kerri Choi &amp; Ms. Na Young Jung<\/p>\n<p><strong>Mus&eacute;e Nacional du Sport Fran&ccedil;ais<\/strong><\/p>\n<p><strong>*The Israeli Olympic Experience<\/strong><\/p>\n<p><strong>*Museum of Sports and Tourism in Warsaw (POL): <\/strong>Mr. Tomas Jagodzinski &amp; Mr. Michal Puszkarski<\/p>\n<p><strong>*Sportimonium (BEL): <\/strong>Ms. Chis Schawartz<\/p>\n<p><strong>*Olympic Museum Wellington (NZL): <\/strong>Mr. Charles Callis<\/p>\n<p><strong>*Richmond Olympic Oval (CAD): <\/strong>Ms. Shana Turner<\/p>\n<p>*<strong>Gothenburg Sports Museum (SW): <\/strong>Mr. Hans Elbel<\/p>\n<p><strong>*Norwegian Olympic Museum: <\/strong>Mr. Bjarte Ytre-Arne<\/p>\n<p><strong>*Singapore National Olympic Counsil: <\/strong>Ms. Chris Chan<\/p>\n<p><strong>*Museu Olimpic i de l&rsquo;Esport Joan Antoni Samaranch: <\/strong>Ms. Teresa Agull&oacute; &amp; Ms. Ibone Lallana<\/p>\n","protected":false},"excerpt":{"rendered":"<p>La Internacional Olympic Comite (CIO), a trav&eacute;s del seu museu ol&iacute;mpic (Olympic Museum of Lausanne), reuneix els museus membres per establir i compartir les experi&egrave;ncies i activitats que es realitzen en els museus ol&iacute;mpics que es troben en la seva xarxa.&nbsp;<\/p>\n<p>&nbsp;<\/p>\n","protected":false},"author":1,"featured_media":0,"comment_status":"open","ping_status":"open","sticky":false,"template":"","format":"standard","meta":{"_acf_changed":false,"_price":"","_stock":"","_tribe_ticket_header":"","_tribe_default_ticket_provider":"","_tribe_ticket_capacity":"0","_ticket_start_date":"","_ticket_end_date":"","_tribe_ticket_show_description":"","_tribe_ticket_show_not_going":false,"_tribe_ticket_use_global_stock":"","_tribe_ticket_global_stock_level":"","_global_stock_mode":"","_global_stock_cap":"","_tribe_rsvp_for_event":"","_tribe_ticket_going_count":"","_tribe_ticket_not_going_count":"","_tribe_tickets_list":"[]","_tribe_ticket_has_attendee_info_fields":false,"footnotes":""},"categories":[1],"tags":[],"class_list":["post-10355","post","type-post","status-publish","format-standard","hentry","category-uncategorized-ca"],"acf":[],"yoast_head":"<!-- This site is optimized with the Yoast SEO plugin v23.7 - https:\/\/yoast.com\/wordpress\/plugins\/seo\/ -->\n<title>La reuni\u00f3 internacional de museus ol\u00edmpics \u00e9s organitzada anualment pe l\u2019Olympic Museum of Lausanne, amb la finalitat de generar sinergies entre els museus ol\u00edmpics del m\u00f3n que formen part de la xarxa de museus ol\u00edmpics sota la tutela del CIO - Museu Ol\u00edmpic i de l&#039;Esport<\/title>\n<meta name=\"robots\" content=\"index, follow, max-snippet:-1, max-image-preview:large, max-video-preview:-1\" \/>\n<link rel=\"canonical\" href=\"https:\/\/www.museuolimpicbcn.cat\/ca\/la-reunio-internacional-de-museus-olimpics-es-organitzada-anualment-pe-lolympic-museum-of-lausanne-amb-la-finalitat-de-generar-sinergies-entre-els-museus-olimpics-del-mon-que-formen-part-de\/\" \/>\n<meta property=\"og:locale\" content=\"ca_ES\" \/>\n<meta property=\"og:type\" content=\"article\" \/>\n<meta property=\"og:title\" content=\"La reuni\u00f3 internacional de museus ol\u00edmpics \u00e9s organitzada anualment pe l\u2019Olympic Museum of Lausanne, amb la finalitat de generar sinergies entre els museus ol\u00edmpics del m\u00f3n que formen part de la xarxa de museus ol\u00edmpics sota la tutela del CIO - Museu Ol\u00edmpic i de l&#039;Esport\" \/>\n<meta property=\"og:description\" content=\"La Internacional Olympic Comite (CIO), a trav&eacute;s del seu museu ol&iacute;mpic (Olympic Museum of Lausanne), reuneix els museus membres per establir i compartir les experi&egrave;ncies i activitats que es realitzen en els museus ol&iacute;mpics que es troben en la seva xarxa.&nbsp; &nbsp;\" \/>\n<meta property=\"og:url\" content=\"https:\/\/www.museuolimpicbcn.cat\/ca\/la-reunio-internacional-de-museus-olimpics-es-organitzada-anualment-pe-lolympic-museum-of-lausanne-amb-la-finalitat-de-generar-sinergies-entre-els-museus-olimpics-del-mon-que-formen-part-de\/\" \/>\n<meta property=\"og:site_name\" content=\"Museu Ol\u00edmpic i de l&#039;Esport\" \/>\n<meta property=\"article:published_time\" content=\"2013-06-19T22:00:00+00:00\" \/>\n<meta name=\"author\" content=\"useradmin\" \/>\n<meta name=\"twitter:card\" content=\"summary_large_image\" \/>\n<meta name=\"twitter:label1\" content=\"Escrit per\" \/>\n\t<meta name=\"twitter:data1\" content=\"useradmin\" \/>\n\t<meta name=\"twitter:label2\" content=\"Temps estimat de lectura\" \/>\n\t<meta name=\"twitter:data2\" content=\"2 minuts\" \/>\n<script type=\"application\/ld+json\" class=\"yoast-schema-graph\">{\"@context\":\"https:\/\/schema.org\",\"@graph\":[{\"@type\":\"Article\",\"@id\":\"https:\/\/www.museuolimpicbcn.cat\/ca\/la-reunio-internacional-de-museus-olimpics-es-organitzada-anualment-pe-lolympic-museum-of-lausanne-amb-la-finalitat-de-generar-sinergies-entre-els-museus-olimpics-del-mon-que-formen-part-de\/#article\",\"isPartOf\":{\"@id\":\"https:\/\/www.museuolimpicbcn.cat\/ca\/la-reunio-internacional-de-museus-olimpics-es-organitzada-anualment-pe-lolympic-museum-of-lausanne-amb-la-finalitat-de-generar-sinergies-entre-els-museus-olimpics-del-mon-que-formen-part-de\/\"},\"author\":{\"name\":\"useradmin\",\"@id\":\"https:\/\/www.museuolimpicbcn.cat\/ca\/#\/schema\/person\/d05705664e87aa04c6ce53d48133fb39\"},\"headline\":\"La reuni\u00f3 internacional de museus ol\u00edmpics \u00e9s organitzada anualment pe l\u2019Olympic Museum of Lausanne, amb la finalitat de generar sinergies entre els museus ol\u00edmpics del m\u00f3n que formen part de la xarxa de museus ol\u00edmpics sota la tutela del CIO\",\"datePublished\":\"2013-06-19T22:00:00+00:00\",\"dateModified\":\"2013-06-19T22:00:00+00:00\",\"mainEntityOfPage\":{\"@id\":\"https:\/\/www.museuolimpicbcn.cat\/ca\/la-reunio-internacional-de-museus-olimpics-es-organitzada-anualment-pe-lolympic-museum-of-lausanne-amb-la-finalitat-de-generar-sinergies-entre-els-museus-olimpics-del-mon-que-formen-part-de\/\"},\"wordCount\":371,\"commentCount\":0,\"publisher\":{\"@id\":\"https:\/\/www.museuolimpicbcn.cat\/ca\/#organization\"},\"articleSection\":[\"Uncategorized @ca\"],\"inLanguage\":\"ca\",\"potentialAction\":[{\"@type\":\"CommentAction\",\"name\":\"Comment\",\"target\":[\"https:\/\/www.museuolimpicbcn.cat\/ca\/la-reunio-internacional-de-museus-olimpics-es-organitzada-anualment-pe-lolympic-museum-of-lausanne-amb-la-finalitat-de-generar-sinergies-entre-els-museus-olimpics-del-mon-que-formen-part-de\/#respond\"]}]},{\"@type\":\"WebPage\",\"@id\":\"https:\/\/www.museuolimpicbcn.cat\/ca\/la-reunio-internacional-de-museus-olimpics-es-organitzada-anualment-pe-lolympic-museum-of-lausanne-amb-la-finalitat-de-generar-sinergies-entre-els-museus-olimpics-del-mon-que-formen-part-de\/\",\"url\":\"https:\/\/www.museuolimpicbcn.cat\/ca\/la-reunio-internacional-de-museus-olimpics-es-organitzada-anualment-pe-lolympic-museum-of-lausanne-amb-la-finalitat-de-generar-sinergies-entre-els-museus-olimpics-del-mon-que-formen-part-de\/\",\"name\":\"La reuni\u00f3 internacional de museus ol\u00edmpics \u00e9s organitzada anualment pe l\u2019Olympic Museum of Lausanne, amb la finalitat de generar sinergies entre els museus ol\u00edmpics del m\u00f3n que formen part de la xarxa de museus ol\u00edmpics sota la tutela del CIO - Museu Ol\u00edmpic i de l&#039;Esport\",\"isPartOf\":{\"@id\":\"https:\/\/www.museuolimpicbcn.cat\/ca\/#website\"},\"datePublished\":\"2013-06-19T22:00:00+00:00\",\"dateModified\":\"2013-06-19T22:00:00+00:00\",\"breadcrumb\":{\"@id\":\"https:\/\/www.museuolimpicbcn.cat\/ca\/la-reunio-internacional-de-museus-olimpics-es-organitzada-anualment-pe-lolympic-museum-of-lausanne-amb-la-finalitat-de-generar-sinergies-entre-els-museus-olimpics-del-mon-que-formen-part-de\/#breadcrumb\"},\"inLanguage\":\"ca\",\"potentialAction\":[{\"@type\":\"ReadAction\",\"target\":[\"https:\/\/www.museuolimpicbcn.cat\/ca\/la-reunio-internacional-de-museus-olimpics-es-organitzada-anualment-pe-lolympic-museum-of-lausanne-amb-la-finalitat-de-generar-sinergies-entre-els-museus-olimpics-del-mon-que-formen-part-de\/\"]}]},{\"@type\":\"BreadcrumbList\",\"@id\":\"https:\/\/www.museuolimpicbcn.cat\/ca\/la-reunio-internacional-de-museus-olimpics-es-organitzada-anualment-pe-lolympic-museum-of-lausanne-amb-la-finalitat-de-generar-sinergies-entre-els-museus-olimpics-del-mon-que-formen-part-de\/#breadcrumb\",\"itemListElement\":[{\"@type\":\"ListItem\",\"position\":1,\"name\":\"Inici\",\"item\":\"https:\/\/www.museuolimpicbcn.cat\/es\/\"},{\"@type\":\"ListItem\",\"position\":2,\"name\":\"La reuni\u00f3 internacional de museus ol\u00edmpics \u00e9s organitzada anualment pe l\u2019Olympic Museum of Lausanne, amb la finalitat de generar sinergies entre els museus ol\u00edmpics del m\u00f3n que formen part de la xarxa de museus ol\u00edmpics sota la tutela del CIO\"}]},{\"@type\":\"WebSite\",\"@id\":\"https:\/\/www.museuolimpicbcn.cat\/ca\/#website\",\"url\":\"https:\/\/www.museuolimpicbcn.cat\/ca\/\",\"name\":\"Museu Ol\u00edmpic i de l&#039;Esport\",\"description\":\"Altre lloc Web del Museu Ol\u00edmpic i de l&#039;Esport llocs\",\"publisher\":{\"@id\":\"https:\/\/www.museuolimpicbcn.cat\/ca\/#organization\"},\"potentialAction\":[{\"@type\":\"SearchAction\",\"target\":{\"@type\":\"EntryPoint\",\"urlTemplate\":\"https:\/\/www.museuolimpicbcn.cat\/ca\/?s={search_term_string}\"},\"query-input\":{\"@type\":\"PropertyValueSpecification\",\"valueRequired\":true,\"valueName\":\"search_term_string\"}}],\"inLanguage\":\"ca\"},{\"@type\":\"Organization\",\"@id\":\"https:\/\/www.museuolimpicbcn.cat\/ca\/#organization\",\"name\":\"Museu Ol\u00edmpic i de l&#039;Esport\",\"url\":\"https:\/\/www.museuolimpicbcn.cat\/ca\/\",\"logo\":{\"@type\":\"ImageObject\",\"inLanguage\":\"ca\",\"@id\":\"https:\/\/www.museuolimpicbcn.cat\/ca\/#\/schema\/logo\/image\/\",\"url\":\"https:\/\/www.museuolimpicbcn.cat\/wp-content\/uploads\/sites\/2\/2018\/12\/logo-moe-header.svg\",\"contentUrl\":\"https:\/\/www.museuolimpicbcn.cat\/wp-content\/uploads\/sites\/2\/2018\/12\/logo-moe-header.svg\",\"caption\":\"Museu Ol\u00edmpic i de l&#039;Esport\"},\"image\":{\"@id\":\"https:\/\/www.museuolimpicbcn.cat\/ca\/#\/schema\/logo\/image\/\"}},{\"@type\":\"Person\",\"@id\":\"https:\/\/www.museuolimpicbcn.cat\/ca\/#\/schema\/person\/d05705664e87aa04c6ce53d48133fb39\",\"name\":\"useradmin\",\"url\":\"https:\/\/www.museuolimpicbcn.cat\/ca\/author\/useradmin\/\"}]}<\/script>\n<!-- \/ Yoast SEO plugin. -->","yoast_head_json":{"title":"La reuni\u00f3 internacional de museus ol\u00edmpics \u00e9s organitzada anualment pe l\u2019Olympic Museum of Lausanne, amb la finalitat de generar sinergies entre els museus ol\u00edmpics del m\u00f3n que formen part de la xarxa de museus ol\u00edmpics sota la tutela del CIO - Museu Ol\u00edmpic i de l&#039;Esport","robots":{"index":"index","follow":"follow","max-snippet":"max-snippet:-1","max-image-preview":"max-image-preview:large","max-video-preview":"max-video-preview:-1"},"canonical":"https:\/\/www.museuolimpicbcn.cat\/ca\/la-reunio-internacional-de-museus-olimpics-es-organitzada-anualment-pe-lolympic-museum-of-lausanne-amb-la-finalitat-de-generar-sinergies-entre-els-museus-olimpics-del-mon-que-formen-part-de\/","og_locale":"ca_ES","og_type":"article","og_title":"La reuni\u00f3 internacional de museus ol\u00edmpics \u00e9s organitzada anualment pe l\u2019Olympic Museum of Lausanne, amb la finalitat de generar sinergies entre els museus ol\u00edmpics del m\u00f3n que formen part de la xarxa de museus ol\u00edmpics sota la tutela del CIO - Museu Ol\u00edmpic i de l&#039;Esport","og_description":"La Internacional Olympic Comite (CIO), a trav&eacute;s del seu museu ol&iacute;mpic (Olympic Museum of Lausanne), reuneix els museus membres per establir i compartir les experi&egrave;ncies i activitats que es realitzen en els museus ol&iacute;mpics que es troben en la seva xarxa.&nbsp; &nbsp;","og_url":"https:\/\/www.museuolimpicbcn.cat\/ca\/la-reunio-internacional-de-museus-olimpics-es-organitzada-anualment-pe-lolympic-museum-of-lausanne-amb-la-finalitat-de-generar-sinergies-entre-els-museus-olimpics-del-mon-que-formen-part-de\/","og_site_name":"Museu Ol\u00edmpic i de l&#039;Esport","article_published_time":"2013-06-19T22:00:00+00:00","author":"useradmin","twitter_card":"summary_large_image","twitter_misc":{"Escrit per":"useradmin","Temps estimat de lectura":"2 minuts"},"schema":{"@context":"https:\/\/schema.org","@graph":[{"@type":"Article","@id":"https:\/\/www.museuolimpicbcn.cat\/ca\/la-reunio-internacional-de-museus-olimpics-es-organitzada-anualment-pe-lolympic-museum-of-lausanne-amb-la-finalitat-de-generar-sinergies-entre-els-museus-olimpics-del-mon-que-formen-part-de\/#article","isPartOf":{"@id":"https:\/\/www.museuolimpicbcn.cat\/ca\/la-reunio-internacional-de-museus-olimpics-es-organitzada-anualment-pe-lolympic-museum-of-lausanne-amb-la-finalitat-de-generar-sinergies-entre-els-museus-olimpics-del-mon-que-formen-part-de\/"},"author":{"name":"useradmin","@id":"https:\/\/www.museuolimpicbcn.cat\/ca\/#\/schema\/person\/d05705664e87aa04c6ce53d48133fb39"},"headline":"La reuni\u00f3 internacional de museus ol\u00edmpics \u00e9s organitzada anualment pe l\u2019Olympic Museum of Lausanne, amb la finalitat de generar sinergies entre els museus ol\u00edmpics del m\u00f3n que formen part de la xarxa de museus ol\u00edmpics sota la tutela del CIO","datePublished":"2013-06-19T22:00:00+00:00","dateModified":"2013-06-19T22:00:00+00:00","mainEntityOfPage":{"@id":"https:\/\/www.museuolimpicbcn.cat\/ca\/la-reunio-internacional-de-museus-olimpics-es-organitzada-anualment-pe-lolympic-museum-of-lausanne-amb-la-finalitat-de-generar-sinergies-entre-els-museus-olimpics-del-mon-que-formen-part-de\/"},"wordCount":371,"commentCount":0,"publisher":{"@id":"https:\/\/www.museuolimpicbcn.cat\/ca\/#organization"},"articleSection":["Uncategorized @ca"],"inLanguage":"ca","potentialAction":[{"@type":"CommentAction","name":"Comment","target":["https:\/\/www.museuolimpicbcn.cat\/ca\/la-reunio-internacional-de-museus-olimpics-es-organitzada-anualment-pe-lolympic-museum-of-lausanne-amb-la-finalitat-de-generar-sinergies-entre-els-museus-olimpics-del-mon-que-formen-part-de\/#respond"]}]},{"@type":"WebPage","@id":"https:\/\/www.museuolimpicbcn.cat\/ca\/la-reunio-internacional-de-museus-olimpics-es-organitzada-anualment-pe-lolympic-museum-of-lausanne-amb-la-finalitat-de-generar-sinergies-entre-els-museus-olimpics-del-mon-que-formen-part-de\/","url":"https:\/\/www.museuolimpicbcn.cat\/ca\/la-reunio-internacional-de-museus-olimpics-es-organitzada-anualment-pe-lolympic-museum-of-lausanne-amb-la-finalitat-de-generar-sinergies-entre-els-museus-olimpics-del-mon-que-formen-part-de\/","name":"La reuni\u00f3 internacional de museus ol\u00edmpics \u00e9s organitzada anualment pe l\u2019Olympic Museum of Lausanne, amb la finalitat de generar sinergies entre els museus ol\u00edmpics del m\u00f3n que formen part de la xarxa de museus ol\u00edmpics sota la tutela del CIO - Museu Ol\u00edmpic i de l&#039;Esport","isPartOf":{"@id":"https:\/\/www.museuolimpicbcn.cat\/ca\/#website"},"datePublished":"2013-06-19T22:00:00+00:00","dateModified":"2013-06-19T22:00:00+00:00","breadcrumb":{"@id":"https:\/\/www.museuolimpicbcn.cat\/ca\/la-reunio-internacional-de-museus-olimpics-es-organitzada-anualment-pe-lolympic-museum-of-lausanne-amb-la-finalitat-de-generar-sinergies-entre-els-museus-olimpics-del-mon-que-formen-part-de\/#breadcrumb"},"inLanguage":"ca","potentialAction":[{"@type":"ReadAction","target":["https:\/\/www.museuolimpicbcn.cat\/ca\/la-reunio-internacional-de-museus-olimpics-es-organitzada-anualment-pe-lolympic-museum-of-lausanne-amb-la-finalitat-de-generar-sinergies-entre-els-museus-olimpics-del-mon-que-formen-part-de\/"]}]},{"@type":"BreadcrumbList","@id":"https:\/\/www.museuolimpicbcn.cat\/ca\/la-reunio-internacional-de-museus-olimpics-es-organitzada-anualment-pe-lolympic-museum-of-lausanne-amb-la-finalitat-de-generar-sinergies-entre-els-museus-olimpics-del-mon-que-formen-part-de\/#breadcrumb","itemListElement":[{"@type":"ListItem","position":1,"name":"Inici","item":"https:\/\/www.museuolimpicbcn.cat\/es\/"},{"@type":"ListItem","position":2,"name":"La reuni\u00f3 internacional de museus ol\u00edmpics \u00e9s organitzada anualment pe l\u2019Olympic Museum of Lausanne, amb la finalitat de generar sinergies entre els museus ol\u00edmpics del m\u00f3n que formen part de la xarxa de museus ol\u00edmpics sota la tutela del CIO"}]},{"@type":"WebSite","@id":"https:\/\/www.museuolimpicbcn.cat\/ca\/#website","url":"https:\/\/www.museuolimpicbcn.cat\/ca\/","name":"Museu Ol\u00edmpic i de l&#039;Esport","description":"Altre lloc Web del Museu Ol\u00edmpic i de l&#039;Esport llocs","publisher":{"@id":"https:\/\/www.museuolimpicbcn.cat\/ca\/#organization"},"potentialAction":[{"@type":"SearchAction","target":{"@type":"EntryPoint","urlTemplate":"https:\/\/www.museuolimpicbcn.cat\/ca\/?s={search_term_string}"},"query-input":{"@type":"PropertyValueSpecification","valueRequired":true,"valueName":"search_term_string"}}],"inLanguage":"ca"},{"@type":"Organization","@id":"https:\/\/www.museuolimpicbcn.cat\/ca\/#organization","name":"Museu Ol\u00edmpic i de l&#039;Esport","url":"https:\/\/www.museuolimpicbcn.cat\/ca\/","logo":{"@type":"ImageObject","inLanguage":"ca","@id":"https:\/\/www.museuolimpicbcn.cat\/ca\/#\/schema\/logo\/image\/","url":"https:\/\/www.museuolimpicbcn.cat\/wp-content\/uploads\/sites\/2\/2018\/12\/logo-moe-header.svg","contentUrl":"https:\/\/www.museuolimpicbcn.cat\/wp-content\/uploads\/sites\/2\/2018\/12\/logo-moe-header.svg","caption":"Museu Ol\u00edmpic i de l&#039;Esport"},"image":{"@id":"https:\/\/www.museuolimpicbcn.cat\/ca\/#\/schema\/logo\/image\/"}},{"@type":"Person","@id":"https:\/\/www.museuolimpicbcn.cat\/ca\/#\/schema\/person\/d05705664e87aa04c6ce53d48133fb39","name":"useradmin","url":"https:\/\/www.museuolimpicbcn.cat\/ca\/author\/useradmin\/"}]}},"_links":{"self":[{"href":"https:\/\/www.museuolimpicbcn.cat\/ca\/wp-json\/wp\/v2\/posts\/10355"}],"collection":[{"href":"https:\/\/www.museuolimpicbcn.cat\/ca\/wp-json\/wp\/v2\/posts"}],"about":[{"href":"https:\/\/www.museuolimpicbcn.cat\/ca\/wp-json\/wp\/v2\/types\/post"}],"author":[{"embeddable":true,"href":"https:\/\/www.museuolimpicbcn.cat\/ca\/wp-json\/wp\/v2\/users\/1"}],"replies":[{"embeddable":true,"href":"https:\/\/www.museuolimpicbcn.cat\/ca\/wp-json\/wp\/v2\/comments?post=10355"}],"version-history":[{"count":0,"href":"https:\/\/www.museuolimpicbcn.cat\/ca\/wp-json\/wp\/v2\/posts\/10355\/revisions"}],"wp:attachment":[{"href":"https:\/\/www.museuolimpicbcn.cat\/ca\/wp-json\/wp\/v2\/media?parent=10355"}],"wp:term":[{"taxonomy":"category","embeddable":true,"href":"https:\/\/www.museuolimpicbcn.cat\/ca\/wp-json\/wp\/v2\/categories?post=10355"},{"taxonomy":"post_tag","embeddable":true,"href":"https:\/\/www.museuolimpicbcn.cat\/ca\/wp-json\/wp\/v2\/tags?post=10355"}],"curies":[{"name":"wp","href":"https:\/\/api.w.org\/{rel}","templated":true}]}}