{"id":10746,"date":"2013-11-21T00:00:00","date_gmt":"2013-11-20T23:00:00","guid":{"rendered":"http:\/\/dev.museuolimpicbcn.cat\/maite-fandos-presidenta-de-la-fundacio-barcelona-olimpica-i-tinenta-dalcalde-de-qualitat-de-vida-igualtat-i-esports-rep-a-la-delegacio-olimpica-de-rio-de-janeiro-2016-al-museu-olimpic-i-de-l\/"},"modified":"2013-11-21T00:00:00","modified_gmt":"2013-11-20T23:00:00","slug":"maite-fandos-presidenta-de-la-fundacio-barcelona-olimpica-i-tinenta-dalcalde-de-qualitat-de-vida-igualtat-i-esports-rep-a-la-delegacio-olimpica-de-rio-de-janeiro-2016-al-museu-olimpic-i-de-l","status":"publish","type":"post","link":"https:\/\/www.museuolimpicbcn.cat\/ca\/maite-fandos-presidenta-de-la-fundacio-barcelona-olimpica-i-tinenta-dalcalde-de-qualitat-de-vida-igualtat-i-esports-rep-a-la-delegacio-olimpica-de-rio-de-janeiro-2016-al-museu-olimpic-i-de-l\/","title":{"rendered":"Maite Fandos, presidenta de la Fundaci\u00f3 Barcelona Ol\u00edmpica i tinenta d&#8217;alcalde de Qualitat de Vida, Igualtat i Esports, rep a la delegaci\u00f3 ol\u00edmpica de Rio de Janeiro 2016 al Museu Ol\u00edmpic i de l\u2019Esport Joan Antoni Samaranch"},"content":{"rendered":"<p>Ambdues delegacions es van reunir amb la finalitat de conjuminar idees i generar objectius comuns per al desenvolupament esportiu. Barcelona, el llegat ol&iacute;mpic del qual &eacute;s un dels grans atractius tur&iacute;stics de la ciutat, ha sabut desenvolupar tot un sistema socioecon&ograve;mic a trav&eacute;s de l&#8217;esport i de l&#8217;activitat esportiva que actualment &eacute;s un dels sectors de major rendiment.&nbsp;<\/p>\n<p>&nbsp;<\/p>\n","protected":false},"excerpt":{"rendered":"<p>La delegaci&oacute; de Rio de Janeiro, formada per Pedro Paulo Teixera, Secretari en cap de la Casa Civil; Guilherme Schleder, sotssecretari d&#8217;Estat; Marta Tellez, directora de comunicaci&oacute; de l&#8217;Empresa Ol&iacute;mpica Municipal; Gabriel Bell, assessor en cap de Cooperaci&oacute; Bilateral i Julio Cessar, assessor en cap de Presid&egrave;ncia (IPLAN), van ser rebuts per la delegaci&oacute; de l&#8217;Ajuntament de Barcelona encap&ccedil;alada per Maite Fandos; Enric Tru&ntilde;&oacute;, comissionat de la candidatura ol&iacute;mpica de Barcelona 2026, i Josep Roca, coordinador d&rsquo;Afers Internacionals.<\/p>\n<p>&nbsp;<\/p>\n","protected":false},"author":1,"featured_media":0,"comment_status":"open","ping_status":"open","sticky":false,"template":"","format":"standard","meta":{"_acf_changed":false,"_price":"","_stock":"","_tribe_ticket_header":"","_tribe_default_ticket_provider":"","_tribe_ticket_capacity":"0","_ticket_start_date":"","_ticket_end_date":"","_tribe_ticket_show_description":"","_tribe_ticket_show_not_going":false,"_tribe_ticket_use_global_stock":"","_tribe_ticket_global_stock_level":"","_global_stock_mode":"","_global_stock_cap":"","_tribe_rsvp_for_event":"","_tribe_ticket_going_count":"","_tribe_ticket_not_going_count":"","_tribe_tickets_list":"[]","_tribe_ticket_has_attendee_info_fields":false,"footnotes":""},"categories":[1],"tags":[],"class_list":["post-10746","post","type-post","status-publish","format-standard","hentry","category-uncategorized-ca"],"acf":[],"yoast_head":"<!-- This site is optimized with the Yoast SEO plugin v23.7 - https:\/\/yoast.com\/wordpress\/plugins\/seo\/ -->\n<title>Maite Fandos, presidenta de la Fundaci\u00f3 Barcelona Ol\u00edmpica i tinenta d&#039;alcalde de Qualitat de Vida, Igualtat i Esports, rep a la delegaci\u00f3 ol\u00edmpica de Rio de Janeiro 2016 al Museu Ol\u00edmpic i de l\u2019Esport Joan Antoni Samaranch - Museu Ol\u00edmpic i de l&#039;Esport<\/title>\n<meta name=\"robots\" content=\"index, follow, max-snippet:-1, max-image-preview:large, max-video-preview:-1\" \/>\n<link rel=\"canonical\" href=\"https:\/\/www.museuolimpicbcn.cat\/ca\/maite-fandos-presidenta-de-la-fundacio-barcelona-olimpica-i-tinenta-dalcalde-de-qualitat-de-vida-igualtat-i-esports-rep-a-la-delegacio-olimpica-de-rio-de-janeiro-2016-al-museu-olimpic-i-de-l\/\" \/>\n<meta property=\"og:locale\" content=\"ca_ES\" \/>\n<meta property=\"og:type\" content=\"article\" \/>\n<meta property=\"og:title\" content=\"Maite Fandos, presidenta de la Fundaci\u00f3 Barcelona Ol\u00edmpica i tinenta d&#039;alcalde de Qualitat de Vida, Igualtat i Esports, rep a la delegaci\u00f3 ol\u00edmpica de Rio de Janeiro 2016 al Museu Ol\u00edmpic i de l\u2019Esport Joan Antoni Samaranch - Museu Ol\u00edmpic i de l&#039;Esport\" \/>\n<meta property=\"og:description\" content=\"La delegaci&oacute; de Rio de Janeiro, formada per Pedro Paulo Teixera, Secretari en cap de la Casa Civil; Guilherme Schleder, sotssecretari d&#039;Estat; Marta Tellez, directora de comunicaci&oacute; de l&#039;Empresa Ol&iacute;mpica Municipal; Gabriel Bell, assessor en cap de Cooperaci&oacute; Bilateral i Julio Cessar, assessor en cap de Presid&egrave;ncia (IPLAN), van ser rebuts per la delegaci&oacute; de l&#039;Ajuntament de Barcelona encap&ccedil;alada per Maite Fandos; Enric Tru&ntilde;&oacute;, comissionat de la candidatura ol&iacute;mpica de Barcelona 2026, i Josep Roca, coordinador d&rsquo;Afers Internacionals. &nbsp;\" \/>\n<meta property=\"og:url\" content=\"https:\/\/www.museuolimpicbcn.cat\/ca\/maite-fandos-presidenta-de-la-fundacio-barcelona-olimpica-i-tinenta-dalcalde-de-qualitat-de-vida-igualtat-i-esports-rep-a-la-delegacio-olimpica-de-rio-de-janeiro-2016-al-museu-olimpic-i-de-l\/\" \/>\n<meta property=\"og:site_name\" content=\"Museu Ol\u00edmpic i de l&#039;Esport\" \/>\n<meta property=\"article:published_time\" content=\"2013-11-20T23:00:00+00:00\" \/>\n<meta name=\"author\" content=\"useradmin\" \/>\n<meta name=\"twitter:card\" content=\"summary_large_image\" \/>\n<meta name=\"twitter:label1\" content=\"Escrit per\" \/>\n\t<meta name=\"twitter:data1\" content=\"useradmin\" \/>\n<script type=\"application\/ld+json\" class=\"yoast-schema-graph\">{\"@context\":\"https:\/\/schema.org\",\"@graph\":[{\"@type\":\"Article\",\"@id\":\"https:\/\/www.museuolimpicbcn.cat\/ca\/maite-fandos-presidenta-de-la-fundacio-barcelona-olimpica-i-tinenta-dalcalde-de-qualitat-de-vida-igualtat-i-esports-rep-a-la-delegacio-olimpica-de-rio-de-janeiro-2016-al-museu-olimpic-i-de-l\/#article\",\"isPartOf\":{\"@id\":\"https:\/\/www.museuolimpicbcn.cat\/ca\/maite-fandos-presidenta-de-la-fundacio-barcelona-olimpica-i-tinenta-dalcalde-de-qualitat-de-vida-igualtat-i-esports-rep-a-la-delegacio-olimpica-de-rio-de-janeiro-2016-al-museu-olimpic-i-de-l\/\"},\"author\":{\"name\":\"useradmin\",\"@id\":\"https:\/\/www.museuolimpicbcn.cat\/ca\/#\/schema\/person\/d05705664e87aa04c6ce53d48133fb39\"},\"headline\":\"Maite Fandos, presidenta de la Fundaci\u00f3 Barcelona Ol\u00edmpica i tinenta d&#8217;alcalde de Qualitat de Vida, Igualtat i Esports, rep a la delegaci\u00f3 ol\u00edmpica de Rio de Janeiro 2016 al Museu Ol\u00edmpic i de l\u2019Esport Joan Antoni Samaranch\",\"datePublished\":\"2013-11-20T23:00:00+00:00\",\"dateModified\":\"2013-11-20T23:00:00+00:00\",\"mainEntityOfPage\":{\"@id\":\"https:\/\/www.museuolimpicbcn.cat\/ca\/maite-fandos-presidenta-de-la-fundacio-barcelona-olimpica-i-tinenta-dalcalde-de-qualitat-de-vida-igualtat-i-esports-rep-a-la-delegacio-olimpica-de-rio-de-janeiro-2016-al-museu-olimpic-i-de-l\/\"},\"wordCount\":110,\"commentCount\":0,\"publisher\":{\"@id\":\"https:\/\/www.museuolimpicbcn.cat\/ca\/#organization\"},\"articleSection\":[\"Uncategorized @ca\"],\"inLanguage\":\"ca\",\"potentialAction\":[{\"@type\":\"CommentAction\",\"name\":\"Comment\",\"target\":[\"https:\/\/www.museuolimpicbcn.cat\/ca\/maite-fandos-presidenta-de-la-fundacio-barcelona-olimpica-i-tinenta-dalcalde-de-qualitat-de-vida-igualtat-i-esports-rep-a-la-delegacio-olimpica-de-rio-de-janeiro-2016-al-museu-olimpic-i-de-l\/#respond\"]}]},{\"@type\":\"WebPage\",\"@id\":\"https:\/\/www.museuolimpicbcn.cat\/ca\/maite-fandos-presidenta-de-la-fundacio-barcelona-olimpica-i-tinenta-dalcalde-de-qualitat-de-vida-igualtat-i-esports-rep-a-la-delegacio-olimpica-de-rio-de-janeiro-2016-al-museu-olimpic-i-de-l\/\",\"url\":\"https:\/\/www.museuolimpicbcn.cat\/ca\/maite-fandos-presidenta-de-la-fundacio-barcelona-olimpica-i-tinenta-dalcalde-de-qualitat-de-vida-igualtat-i-esports-rep-a-la-delegacio-olimpica-de-rio-de-janeiro-2016-al-museu-olimpic-i-de-l\/\",\"name\":\"Maite Fandos, presidenta de la Fundaci\u00f3 Barcelona Ol\u00edmpica i tinenta d'alcalde de Qualitat de Vida, Igualtat i Esports, rep a la delegaci\u00f3 ol\u00edmpica de Rio de Janeiro 2016 al Museu Ol\u00edmpic i de l\u2019Esport Joan Antoni Samaranch - Museu Ol\u00edmpic i de l&#039;Esport\",\"isPartOf\":{\"@id\":\"https:\/\/www.museuolimpicbcn.cat\/ca\/#website\"},\"datePublished\":\"2013-11-20T23:00:00+00:00\",\"dateModified\":\"2013-11-20T23:00:00+00:00\",\"breadcrumb\":{\"@id\":\"https:\/\/www.museuolimpicbcn.cat\/ca\/maite-fandos-presidenta-de-la-fundacio-barcelona-olimpica-i-tinenta-dalcalde-de-qualitat-de-vida-igualtat-i-esports-rep-a-la-delegacio-olimpica-de-rio-de-janeiro-2016-al-museu-olimpic-i-de-l\/#breadcrumb\"},\"inLanguage\":\"ca\",\"potentialAction\":[{\"@type\":\"ReadAction\",\"target\":[\"https:\/\/www.museuolimpicbcn.cat\/ca\/maite-fandos-presidenta-de-la-fundacio-barcelona-olimpica-i-tinenta-dalcalde-de-qualitat-de-vida-igualtat-i-esports-rep-a-la-delegacio-olimpica-de-rio-de-janeiro-2016-al-museu-olimpic-i-de-l\/\"]}]},{\"@type\":\"BreadcrumbList\",\"@id\":\"https:\/\/www.museuolimpicbcn.cat\/ca\/maite-fandos-presidenta-de-la-fundacio-barcelona-olimpica-i-tinenta-dalcalde-de-qualitat-de-vida-igualtat-i-esports-rep-a-la-delegacio-olimpica-de-rio-de-janeiro-2016-al-museu-olimpic-i-de-l\/#breadcrumb\",\"itemListElement\":[{\"@type\":\"ListItem\",\"position\":1,\"name\":\"Inici\",\"item\":\"https:\/\/www.museuolimpicbcn.cat\/es\/\"},{\"@type\":\"ListItem\",\"position\":2,\"name\":\"Maite Fandos, presidenta de la Fundaci\u00f3 Barcelona Ol\u00edmpica i tinenta d&#8217;alcalde de Qualitat de Vida, Igualtat i Esports, rep a la delegaci\u00f3 ol\u00edmpica de Rio de Janeiro 2016 al Museu Ol\u00edmpic i de l\u2019Esport Joan Antoni Samaranch\"}]},{\"@type\":\"WebSite\",\"@id\":\"https:\/\/www.museuolimpicbcn.cat\/ca\/#website\",\"url\":\"https:\/\/www.museuolimpicbcn.cat\/ca\/\",\"name\":\"Museu Ol\u00edmpic i de l&#039;Esport\",\"description\":\"Altre lloc Web del Museu Ol\u00edmpic i de l&#039;Esport llocs\",\"publisher\":{\"@id\":\"https:\/\/www.museuolimpicbcn.cat\/ca\/#organization\"},\"potentialAction\":[{\"@type\":\"SearchAction\",\"target\":{\"@type\":\"EntryPoint\",\"urlTemplate\":\"https:\/\/www.museuolimpicbcn.cat\/ca\/?s={search_term_string}\"},\"query-input\":{\"@type\":\"PropertyValueSpecification\",\"valueRequired\":true,\"valueName\":\"search_term_string\"}}],\"inLanguage\":\"ca\"},{\"@type\":\"Organization\",\"@id\":\"https:\/\/www.museuolimpicbcn.cat\/ca\/#organization\",\"name\":\"Museu Ol\u00edmpic i de l&#039;Esport\",\"url\":\"https:\/\/www.museuolimpicbcn.cat\/ca\/\",\"logo\":{\"@type\":\"ImageObject\",\"inLanguage\":\"ca\",\"@id\":\"https:\/\/www.museuolimpicbcn.cat\/ca\/#\/schema\/logo\/image\/\",\"url\":\"https:\/\/www.museuolimpicbcn.cat\/wp-content\/uploads\/sites\/2\/2018\/12\/logo-moe-header.svg\",\"contentUrl\":\"https:\/\/www.museuolimpicbcn.cat\/wp-content\/uploads\/sites\/2\/2018\/12\/logo-moe-header.svg\",\"caption\":\"Museu Ol\u00edmpic i de l&#039;Esport\"},\"image\":{\"@id\":\"https:\/\/www.museuolimpicbcn.cat\/ca\/#\/schema\/logo\/image\/\"}},{\"@type\":\"Person\",\"@id\":\"https:\/\/www.museuolimpicbcn.cat\/ca\/#\/schema\/person\/d05705664e87aa04c6ce53d48133fb39\",\"name\":\"useradmin\",\"url\":\"https:\/\/www.museuolimpicbcn.cat\/ca\/author\/useradmin\/\"}]}<\/script>\n<!-- \/ Yoast SEO plugin. -->","yoast_head_json":{"title":"Maite Fandos, presidenta de la Fundaci\u00f3 Barcelona Ol\u00edmpica i tinenta d'alcalde de Qualitat de Vida, Igualtat i Esports, rep a la delegaci\u00f3 ol\u00edmpica de Rio de Janeiro 2016 al Museu Ol\u00edmpic i de l\u2019Esport Joan Antoni Samaranch - Museu Ol\u00edmpic i de l&#039;Esport","robots":{"index":"index","follow":"follow","max-snippet":"max-snippet:-1","max-image-preview":"max-image-preview:large","max-video-preview":"max-video-preview:-1"},"canonical":"https:\/\/www.museuolimpicbcn.cat\/ca\/maite-fandos-presidenta-de-la-fundacio-barcelona-olimpica-i-tinenta-dalcalde-de-qualitat-de-vida-igualtat-i-esports-rep-a-la-delegacio-olimpica-de-rio-de-janeiro-2016-al-museu-olimpic-i-de-l\/","og_locale":"ca_ES","og_type":"article","og_title":"Maite Fandos, presidenta de la Fundaci\u00f3 Barcelona Ol\u00edmpica i tinenta d'alcalde de Qualitat de Vida, Igualtat i Esports, rep a la delegaci\u00f3 ol\u00edmpica de Rio de Janeiro 2016 al Museu Ol\u00edmpic i de l\u2019Esport Joan Antoni Samaranch - Museu Ol\u00edmpic i de l&#039;Esport","og_description":"La delegaci&oacute; de Rio de Janeiro, formada per Pedro Paulo Teixera, Secretari en cap de la Casa Civil; Guilherme Schleder, sotssecretari d'Estat; Marta Tellez, directora de comunicaci&oacute; de l'Empresa Ol&iacute;mpica Municipal; Gabriel Bell, assessor en cap de Cooperaci&oacute; Bilateral i Julio Cessar, assessor en cap de Presid&egrave;ncia (IPLAN), van ser rebuts per la delegaci&oacute; de l'Ajuntament de Barcelona encap&ccedil;alada per Maite Fandos; Enric Tru&ntilde;&oacute;, comissionat de la candidatura ol&iacute;mpica de Barcelona 2026, i Josep Roca, coordinador d&rsquo;Afers Internacionals. &nbsp;","og_url":"https:\/\/www.museuolimpicbcn.cat\/ca\/maite-fandos-presidenta-de-la-fundacio-barcelona-olimpica-i-tinenta-dalcalde-de-qualitat-de-vida-igualtat-i-esports-rep-a-la-delegacio-olimpica-de-rio-de-janeiro-2016-al-museu-olimpic-i-de-l\/","og_site_name":"Museu Ol\u00edmpic i de l&#039;Esport","article_published_time":"2013-11-20T23:00:00+00:00","author":"useradmin","twitter_card":"summary_large_image","twitter_misc":{"Escrit per":"useradmin"},"schema":{"@context":"https:\/\/schema.org","@graph":[{"@type":"Article","@id":"https:\/\/www.museuolimpicbcn.cat\/ca\/maite-fandos-presidenta-de-la-fundacio-barcelona-olimpica-i-tinenta-dalcalde-de-qualitat-de-vida-igualtat-i-esports-rep-a-la-delegacio-olimpica-de-rio-de-janeiro-2016-al-museu-olimpic-i-de-l\/#article","isPartOf":{"@id":"https:\/\/www.museuolimpicbcn.cat\/ca\/maite-fandos-presidenta-de-la-fundacio-barcelona-olimpica-i-tinenta-dalcalde-de-qualitat-de-vida-igualtat-i-esports-rep-a-la-delegacio-olimpica-de-rio-de-janeiro-2016-al-museu-olimpic-i-de-l\/"},"author":{"name":"useradmin","@id":"https:\/\/www.museuolimpicbcn.cat\/ca\/#\/schema\/person\/d05705664e87aa04c6ce53d48133fb39"},"headline":"Maite Fandos, presidenta de la Fundaci\u00f3 Barcelona Ol\u00edmpica i tinenta d&#8217;alcalde de Qualitat de Vida, Igualtat i Esports, rep a la delegaci\u00f3 ol\u00edmpica de Rio de Janeiro 2016 al Museu Ol\u00edmpic i de l\u2019Esport Joan Antoni Samaranch","datePublished":"2013-11-20T23:00:00+00:00","dateModified":"2013-11-20T23:00:00+00:00","mainEntityOfPage":{"@id":"https:\/\/www.museuolimpicbcn.cat\/ca\/maite-fandos-presidenta-de-la-fundacio-barcelona-olimpica-i-tinenta-dalcalde-de-qualitat-de-vida-igualtat-i-esports-rep-a-la-delegacio-olimpica-de-rio-de-janeiro-2016-al-museu-olimpic-i-de-l\/"},"wordCount":110,"commentCount":0,"publisher":{"@id":"https:\/\/www.museuolimpicbcn.cat\/ca\/#organization"},"articleSection":["Uncategorized @ca"],"inLanguage":"ca","potentialAction":[{"@type":"CommentAction","name":"Comment","target":["https:\/\/www.museuolimpicbcn.cat\/ca\/maite-fandos-presidenta-de-la-fundacio-barcelona-olimpica-i-tinenta-dalcalde-de-qualitat-de-vida-igualtat-i-esports-rep-a-la-delegacio-olimpica-de-rio-de-janeiro-2016-al-museu-olimpic-i-de-l\/#respond"]}]},{"@type":"WebPage","@id":"https:\/\/www.museuolimpicbcn.cat\/ca\/maite-fandos-presidenta-de-la-fundacio-barcelona-olimpica-i-tinenta-dalcalde-de-qualitat-de-vida-igualtat-i-esports-rep-a-la-delegacio-olimpica-de-rio-de-janeiro-2016-al-museu-olimpic-i-de-l\/","url":"https:\/\/www.museuolimpicbcn.cat\/ca\/maite-fandos-presidenta-de-la-fundacio-barcelona-olimpica-i-tinenta-dalcalde-de-qualitat-de-vida-igualtat-i-esports-rep-a-la-delegacio-olimpica-de-rio-de-janeiro-2016-al-museu-olimpic-i-de-l\/","name":"Maite Fandos, presidenta de la Fundaci\u00f3 Barcelona Ol\u00edmpica i tinenta d'alcalde de Qualitat de Vida, Igualtat i Esports, rep a la delegaci\u00f3 ol\u00edmpica de Rio de Janeiro 2016 al Museu Ol\u00edmpic i de l\u2019Esport Joan Antoni Samaranch - Museu Ol\u00edmpic i de l&#039;Esport","isPartOf":{"@id":"https:\/\/www.museuolimpicbcn.cat\/ca\/#website"},"datePublished":"2013-11-20T23:00:00+00:00","dateModified":"2013-11-20T23:00:00+00:00","breadcrumb":{"@id":"https:\/\/www.museuolimpicbcn.cat\/ca\/maite-fandos-presidenta-de-la-fundacio-barcelona-olimpica-i-tinenta-dalcalde-de-qualitat-de-vida-igualtat-i-esports-rep-a-la-delegacio-olimpica-de-rio-de-janeiro-2016-al-museu-olimpic-i-de-l\/#breadcrumb"},"inLanguage":"ca","potentialAction":[{"@type":"ReadAction","target":["https:\/\/www.museuolimpicbcn.cat\/ca\/maite-fandos-presidenta-de-la-fundacio-barcelona-olimpica-i-tinenta-dalcalde-de-qualitat-de-vida-igualtat-i-esports-rep-a-la-delegacio-olimpica-de-rio-de-janeiro-2016-al-museu-olimpic-i-de-l\/"]}]},{"@type":"BreadcrumbList","@id":"https:\/\/www.museuolimpicbcn.cat\/ca\/maite-fandos-presidenta-de-la-fundacio-barcelona-olimpica-i-tinenta-dalcalde-de-qualitat-de-vida-igualtat-i-esports-rep-a-la-delegacio-olimpica-de-rio-de-janeiro-2016-al-museu-olimpic-i-de-l\/#breadcrumb","itemListElement":[{"@type":"ListItem","position":1,"name":"Inici","item":"https:\/\/www.museuolimpicbcn.cat\/es\/"},{"@type":"ListItem","position":2,"name":"Maite Fandos, presidenta de la Fundaci\u00f3 Barcelona Ol\u00edmpica i tinenta d&#8217;alcalde de Qualitat de Vida, Igualtat i Esports, rep a la delegaci\u00f3 ol\u00edmpica de Rio de Janeiro 2016 al Museu Ol\u00edmpic i de l\u2019Esport Joan Antoni Samaranch"}]},{"@type":"WebSite","@id":"https:\/\/www.museuolimpicbcn.cat\/ca\/#website","url":"https:\/\/www.museuolimpicbcn.cat\/ca\/","name":"Museu Ol\u00edmpic i de l&#039;Esport","description":"Altre lloc Web del Museu Ol\u00edmpic i de l&#039;Esport llocs","publisher":{"@id":"https:\/\/www.museuolimpicbcn.cat\/ca\/#organization"},"potentialAction":[{"@type":"SearchAction","target":{"@type":"EntryPoint","urlTemplate":"https:\/\/www.museuolimpicbcn.cat\/ca\/?s={search_term_string}"},"query-input":{"@type":"PropertyValueSpecification","valueRequired":true,"valueName":"search_term_string"}}],"inLanguage":"ca"},{"@type":"Organization","@id":"https:\/\/www.museuolimpicbcn.cat\/ca\/#organization","name":"Museu Ol\u00edmpic i de l&#039;Esport","url":"https:\/\/www.museuolimpicbcn.cat\/ca\/","logo":{"@type":"ImageObject","inLanguage":"ca","@id":"https:\/\/www.museuolimpicbcn.cat\/ca\/#\/schema\/logo\/image\/","url":"https:\/\/www.museuolimpicbcn.cat\/wp-content\/uploads\/sites\/2\/2018\/12\/logo-moe-header.svg","contentUrl":"https:\/\/www.museuolimpicbcn.cat\/wp-content\/uploads\/sites\/2\/2018\/12\/logo-moe-header.svg","caption":"Museu Ol\u00edmpic i de l&#039;Esport"},"image":{"@id":"https:\/\/www.museuolimpicbcn.cat\/ca\/#\/schema\/logo\/image\/"}},{"@type":"Person","@id":"https:\/\/www.museuolimpicbcn.cat\/ca\/#\/schema\/person\/d05705664e87aa04c6ce53d48133fb39","name":"useradmin","url":"https:\/\/www.museuolimpicbcn.cat\/ca\/author\/useradmin\/"}]}},"_links":{"self":[{"href":"https:\/\/www.museuolimpicbcn.cat\/ca\/wp-json\/wp\/v2\/posts\/10746"}],"collection":[{"href":"https:\/\/www.museuolimpicbcn.cat\/ca\/wp-json\/wp\/v2\/posts"}],"about":[{"href":"https:\/\/www.museuolimpicbcn.cat\/ca\/wp-json\/wp\/v2\/types\/post"}],"author":[{"embeddable":true,"href":"https:\/\/www.museuolimpicbcn.cat\/ca\/wp-json\/wp\/v2\/users\/1"}],"replies":[{"embeddable":true,"href":"https:\/\/www.museuolimpicbcn.cat\/ca\/wp-json\/wp\/v2\/comments?post=10746"}],"version-history":[{"count":0,"href":"https:\/\/www.museuolimpicbcn.cat\/ca\/wp-json\/wp\/v2\/posts\/10746\/revisions"}],"wp:attachment":[{"href":"https:\/\/www.museuolimpicbcn.cat\/ca\/wp-json\/wp\/v2\/media?parent=10746"}],"wp:term":[{"taxonomy":"category","embeddable":true,"href":"https:\/\/www.museuolimpicbcn.cat\/ca\/wp-json\/wp\/v2\/categories?post=10746"},{"taxonomy":"post_tag","embeddable":true,"href":"https:\/\/www.museuolimpicbcn.cat\/ca\/wp-json\/wp\/v2\/tags?post=10746"}],"curies":[{"name":"wp","href":"https:\/\/api.w.org\/{rel}","templated":true}]}}