{"id":11201,"date":"2014-04-24T00:00:00","date_gmt":"2014-04-23T22:00:00","guid":{"rendered":"http:\/\/dev.museuolimpicbcn.cat\/tomas-barris-i-roma-cuyas-convidats-dexcepcio-de-laula-dhistoria\/"},"modified":"2014-04-24T00:00:00","modified_gmt":"2014-04-23T22:00:00","slug":"tomas-barris-i-roma-cuyas-convidats-dexcepcio-de-laula-dhistoria","status":"publish","type":"post","link":"https:\/\/www.museuolimpicbcn.cat\/ca\/tomas-barris-i-roma-cuyas-convidats-dexcepcio-de-laula-dhistoria\/","title":{"rendered":"Tom\u00e0s Barris i Rom\u00e0 Cuy\u00e0s, convidats d&#8217;excepci\u00f3 de l&#8217;Aula d&#8217;Hist\u00f2ria"},"content":{"rendered":"<p>La sessi&oacute; ha comptat amb el testimoniatge de primera m&agrave; de dos dels seus protagonistes, Tom&agrave;s Barris, corredor, i Rom&agrave; Cuy&agrave;s, membre de l&#8217;organitzaci&oacute;. Els estudiants han pogut contextualitzar el moment gr&agrave;cies a un documental hist&ograve;ric on es relata el recorregut de l&#8217;&agrave;mfora, s&iacute;mbol d&#8217;aquells Jocs.<\/p><\/p>\n","protected":false},"excerpt":{"rendered":"<p>Estudiants de primer de ci&egrave;ncies de l&#8217;Educaci&oacute; F&iacute;sica de l&rsquo;INEFC i de la Universitat Blanquerna han assistit al Museu Ol&iacute;mpic i de l&rsquo;Esport amb motiu de la sessi&oacute; de l&#8217;Aula d&#8217;Hist&ograve;ria dedicada als Jocs del Mediterrani de 1955.&nbsp;<\/p>\n<p>&nbsp;<\/p>\n","protected":false},"author":1,"featured_media":0,"comment_status":"open","ping_status":"open","sticky":false,"template":"","format":"standard","meta":{"_acf_changed":false,"_price":"","_stock":"","_tribe_ticket_header":"","_tribe_default_ticket_provider":"","_tribe_ticket_capacity":"0","_ticket_start_date":"","_ticket_end_date":"","_tribe_ticket_show_description":"","_tribe_ticket_show_not_going":false,"_tribe_ticket_use_global_stock":"","_tribe_ticket_global_stock_level":"","_global_stock_mode":"","_global_stock_cap":"","_tribe_rsvp_for_event":"","_tribe_ticket_going_count":"","_tribe_ticket_not_going_count":"","_tribe_tickets_list":"[]","_tribe_ticket_has_attendee_info_fields":false,"footnotes":""},"categories":[1],"tags":[],"class_list":["post-11201","post","type-post","status-publish","format-standard","hentry","category-uncategorized-ca"],"acf":[],"yoast_head":"<!-- This site is optimized with the Yoast SEO plugin v23.7 - https:\/\/yoast.com\/wordpress\/plugins\/seo\/ -->\n<title>Tom\u00e0s Barris i Rom\u00e0 Cuy\u00e0s, convidats d&#039;excepci\u00f3 de l&#039;Aula d&#039;Hist\u00f2ria - Museu Ol\u00edmpic i de l&#039;Esport<\/title>\n<meta name=\"robots\" content=\"index, follow, max-snippet:-1, max-image-preview:large, max-video-preview:-1\" \/>\n<link rel=\"canonical\" href=\"https:\/\/www.museuolimpicbcn.cat\/ca\/tomas-barris-i-roma-cuyas-convidats-dexcepcio-de-laula-dhistoria\/\" \/>\n<meta property=\"og:locale\" content=\"ca_ES\" \/>\n<meta property=\"og:type\" content=\"article\" \/>\n<meta property=\"og:title\" content=\"Tom\u00e0s Barris i Rom\u00e0 Cuy\u00e0s, convidats d&#039;excepci\u00f3 de l&#039;Aula d&#039;Hist\u00f2ria - Museu Ol\u00edmpic i de l&#039;Esport\" \/>\n<meta property=\"og:description\" content=\"Estudiants de primer de ci&egrave;ncies de l&#039;Educaci&oacute; F&iacute;sica de l&rsquo;INEFC i de la Universitat Blanquerna han assistit al Museu Ol&iacute;mpic i de l&rsquo;Esport amb motiu de la sessi&oacute; de l&#039;Aula d&#039;Hist&ograve;ria dedicada als Jocs del Mediterrani de 1955.&nbsp; &nbsp;\" \/>\n<meta property=\"og:url\" content=\"https:\/\/www.museuolimpicbcn.cat\/ca\/tomas-barris-i-roma-cuyas-convidats-dexcepcio-de-laula-dhistoria\/\" \/>\n<meta property=\"og:site_name\" content=\"Museu Ol\u00edmpic i de l&#039;Esport\" \/>\n<meta property=\"article:published_time\" content=\"2014-04-23T22:00:00+00:00\" \/>\n<meta name=\"author\" content=\"useradmin\" \/>\n<meta name=\"twitter:card\" content=\"summary_large_image\" \/>\n<meta name=\"twitter:label1\" content=\"Escrit per\" \/>\n\t<meta name=\"twitter:data1\" content=\"useradmin\" \/>\n<script type=\"application\/ld+json\" class=\"yoast-schema-graph\">{\"@context\":\"https:\/\/schema.org\",\"@graph\":[{\"@type\":\"Article\",\"@id\":\"https:\/\/www.museuolimpicbcn.cat\/ca\/tomas-barris-i-roma-cuyas-convidats-dexcepcio-de-laula-dhistoria\/#article\",\"isPartOf\":{\"@id\":\"https:\/\/www.museuolimpicbcn.cat\/ca\/tomas-barris-i-roma-cuyas-convidats-dexcepcio-de-laula-dhistoria\/\"},\"author\":{\"name\":\"useradmin\",\"@id\":\"https:\/\/www.museuolimpicbcn.cat\/ca\/#\/schema\/person\/d05705664e87aa04c6ce53d48133fb39\"},\"headline\":\"Tom\u00e0s Barris i Rom\u00e0 Cuy\u00e0s, convidats d&#8217;excepci\u00f3 de l&#8217;Aula d&#8217;Hist\u00f2ria\",\"datePublished\":\"2014-04-23T22:00:00+00:00\",\"dateModified\":\"2014-04-23T22:00:00+00:00\",\"mainEntityOfPage\":{\"@id\":\"https:\/\/www.museuolimpicbcn.cat\/ca\/tomas-barris-i-roma-cuyas-convidats-dexcepcio-de-laula-dhistoria\/\"},\"wordCount\":75,\"commentCount\":0,\"publisher\":{\"@id\":\"https:\/\/www.museuolimpicbcn.cat\/ca\/#organization\"},\"articleSection\":[\"Uncategorized @ca\"],\"inLanguage\":\"ca\",\"potentialAction\":[{\"@type\":\"CommentAction\",\"name\":\"Comment\",\"target\":[\"https:\/\/www.museuolimpicbcn.cat\/ca\/tomas-barris-i-roma-cuyas-convidats-dexcepcio-de-laula-dhistoria\/#respond\"]}]},{\"@type\":\"WebPage\",\"@id\":\"https:\/\/www.museuolimpicbcn.cat\/ca\/tomas-barris-i-roma-cuyas-convidats-dexcepcio-de-laula-dhistoria\/\",\"url\":\"https:\/\/www.museuolimpicbcn.cat\/ca\/tomas-barris-i-roma-cuyas-convidats-dexcepcio-de-laula-dhistoria\/\",\"name\":\"Tom\u00e0s Barris i Rom\u00e0 Cuy\u00e0s, convidats d'excepci\u00f3 de l'Aula d'Hist\u00f2ria - Museu Ol\u00edmpic i de l&#039;Esport\",\"isPartOf\":{\"@id\":\"https:\/\/www.museuolimpicbcn.cat\/ca\/#website\"},\"datePublished\":\"2014-04-23T22:00:00+00:00\",\"dateModified\":\"2014-04-23T22:00:00+00:00\",\"breadcrumb\":{\"@id\":\"https:\/\/www.museuolimpicbcn.cat\/ca\/tomas-barris-i-roma-cuyas-convidats-dexcepcio-de-laula-dhistoria\/#breadcrumb\"},\"inLanguage\":\"ca\",\"potentialAction\":[{\"@type\":\"ReadAction\",\"target\":[\"https:\/\/www.museuolimpicbcn.cat\/ca\/tomas-barris-i-roma-cuyas-convidats-dexcepcio-de-laula-dhistoria\/\"]}]},{\"@type\":\"BreadcrumbList\",\"@id\":\"https:\/\/www.museuolimpicbcn.cat\/ca\/tomas-barris-i-roma-cuyas-convidats-dexcepcio-de-laula-dhistoria\/#breadcrumb\",\"itemListElement\":[{\"@type\":\"ListItem\",\"position\":1,\"name\":\"Inici\",\"item\":\"https:\/\/www.museuolimpicbcn.cat\/es\/\"},{\"@type\":\"ListItem\",\"position\":2,\"name\":\"Tom\u00e0s Barris i Rom\u00e0 Cuy\u00e0s, convidats d&#8217;excepci\u00f3 de l&#8217;Aula d&#8217;Hist\u00f2ria\"}]},{\"@type\":\"WebSite\",\"@id\":\"https:\/\/www.museuolimpicbcn.cat\/ca\/#website\",\"url\":\"https:\/\/www.museuolimpicbcn.cat\/ca\/\",\"name\":\"Museu Ol\u00edmpic i de l&#039;Esport\",\"description\":\"Altre lloc Web del Museu Ol\u00edmpic i de l&#039;Esport llocs\",\"publisher\":{\"@id\":\"https:\/\/www.museuolimpicbcn.cat\/ca\/#organization\"},\"potentialAction\":[{\"@type\":\"SearchAction\",\"target\":{\"@type\":\"EntryPoint\",\"urlTemplate\":\"https:\/\/www.museuolimpicbcn.cat\/ca\/?s={search_term_string}\"},\"query-input\":{\"@type\":\"PropertyValueSpecification\",\"valueRequired\":true,\"valueName\":\"search_term_string\"}}],\"inLanguage\":\"ca\"},{\"@type\":\"Organization\",\"@id\":\"https:\/\/www.museuolimpicbcn.cat\/ca\/#organization\",\"name\":\"Museu Ol\u00edmpic i de l&#039;Esport\",\"url\":\"https:\/\/www.museuolimpicbcn.cat\/ca\/\",\"logo\":{\"@type\":\"ImageObject\",\"inLanguage\":\"ca\",\"@id\":\"https:\/\/www.museuolimpicbcn.cat\/ca\/#\/schema\/logo\/image\/\",\"url\":\"https:\/\/www.museuolimpicbcn.cat\/wp-content\/uploads\/sites\/2\/2018\/12\/logo-moe-header.svg\",\"contentUrl\":\"https:\/\/www.museuolimpicbcn.cat\/wp-content\/uploads\/sites\/2\/2018\/12\/logo-moe-header.svg\",\"caption\":\"Museu Ol\u00edmpic i de l&#039;Esport\"},\"image\":{\"@id\":\"https:\/\/www.museuolimpicbcn.cat\/ca\/#\/schema\/logo\/image\/\"}},{\"@type\":\"Person\",\"@id\":\"https:\/\/www.museuolimpicbcn.cat\/ca\/#\/schema\/person\/d05705664e87aa04c6ce53d48133fb39\",\"name\":\"useradmin\",\"url\":\"https:\/\/www.museuolimpicbcn.cat\/ca\/author\/useradmin\/\"}]}<\/script>\n<!-- \/ Yoast SEO plugin. -->","yoast_head_json":{"title":"Tom\u00e0s Barris i Rom\u00e0 Cuy\u00e0s, convidats d'excepci\u00f3 de l'Aula d'Hist\u00f2ria - Museu Ol\u00edmpic i de l&#039;Esport","robots":{"index":"index","follow":"follow","max-snippet":"max-snippet:-1","max-image-preview":"max-image-preview:large","max-video-preview":"max-video-preview:-1"},"canonical":"https:\/\/www.museuolimpicbcn.cat\/ca\/tomas-barris-i-roma-cuyas-convidats-dexcepcio-de-laula-dhistoria\/","og_locale":"ca_ES","og_type":"article","og_title":"Tom\u00e0s Barris i Rom\u00e0 Cuy\u00e0s, convidats d'excepci\u00f3 de l'Aula d'Hist\u00f2ria - Museu Ol\u00edmpic i de l&#039;Esport","og_description":"Estudiants de primer de ci&egrave;ncies de l'Educaci&oacute; F&iacute;sica de l&rsquo;INEFC i de la Universitat Blanquerna han assistit al Museu Ol&iacute;mpic i de l&rsquo;Esport amb motiu de la sessi&oacute; de l'Aula d'Hist&ograve;ria dedicada als Jocs del Mediterrani de 1955.&nbsp; &nbsp;","og_url":"https:\/\/www.museuolimpicbcn.cat\/ca\/tomas-barris-i-roma-cuyas-convidats-dexcepcio-de-laula-dhistoria\/","og_site_name":"Museu Ol\u00edmpic i de l&#039;Esport","article_published_time":"2014-04-23T22:00:00+00:00","author":"useradmin","twitter_card":"summary_large_image","twitter_misc":{"Escrit per":"useradmin"},"schema":{"@context":"https:\/\/schema.org","@graph":[{"@type":"Article","@id":"https:\/\/www.museuolimpicbcn.cat\/ca\/tomas-barris-i-roma-cuyas-convidats-dexcepcio-de-laula-dhistoria\/#article","isPartOf":{"@id":"https:\/\/www.museuolimpicbcn.cat\/ca\/tomas-barris-i-roma-cuyas-convidats-dexcepcio-de-laula-dhistoria\/"},"author":{"name":"useradmin","@id":"https:\/\/www.museuolimpicbcn.cat\/ca\/#\/schema\/person\/d05705664e87aa04c6ce53d48133fb39"},"headline":"Tom\u00e0s Barris i Rom\u00e0 Cuy\u00e0s, convidats d&#8217;excepci\u00f3 de l&#8217;Aula d&#8217;Hist\u00f2ria","datePublished":"2014-04-23T22:00:00+00:00","dateModified":"2014-04-23T22:00:00+00:00","mainEntityOfPage":{"@id":"https:\/\/www.museuolimpicbcn.cat\/ca\/tomas-barris-i-roma-cuyas-convidats-dexcepcio-de-laula-dhistoria\/"},"wordCount":75,"commentCount":0,"publisher":{"@id":"https:\/\/www.museuolimpicbcn.cat\/ca\/#organization"},"articleSection":["Uncategorized @ca"],"inLanguage":"ca","potentialAction":[{"@type":"CommentAction","name":"Comment","target":["https:\/\/www.museuolimpicbcn.cat\/ca\/tomas-barris-i-roma-cuyas-convidats-dexcepcio-de-laula-dhistoria\/#respond"]}]},{"@type":"WebPage","@id":"https:\/\/www.museuolimpicbcn.cat\/ca\/tomas-barris-i-roma-cuyas-convidats-dexcepcio-de-laula-dhistoria\/","url":"https:\/\/www.museuolimpicbcn.cat\/ca\/tomas-barris-i-roma-cuyas-convidats-dexcepcio-de-laula-dhistoria\/","name":"Tom\u00e0s Barris i Rom\u00e0 Cuy\u00e0s, convidats d'excepci\u00f3 de l'Aula d'Hist\u00f2ria - Museu Ol\u00edmpic i de l&#039;Esport","isPartOf":{"@id":"https:\/\/www.museuolimpicbcn.cat\/ca\/#website"},"datePublished":"2014-04-23T22:00:00+00:00","dateModified":"2014-04-23T22:00:00+00:00","breadcrumb":{"@id":"https:\/\/www.museuolimpicbcn.cat\/ca\/tomas-barris-i-roma-cuyas-convidats-dexcepcio-de-laula-dhistoria\/#breadcrumb"},"inLanguage":"ca","potentialAction":[{"@type":"ReadAction","target":["https:\/\/www.museuolimpicbcn.cat\/ca\/tomas-barris-i-roma-cuyas-convidats-dexcepcio-de-laula-dhistoria\/"]}]},{"@type":"BreadcrumbList","@id":"https:\/\/www.museuolimpicbcn.cat\/ca\/tomas-barris-i-roma-cuyas-convidats-dexcepcio-de-laula-dhistoria\/#breadcrumb","itemListElement":[{"@type":"ListItem","position":1,"name":"Inici","item":"https:\/\/www.museuolimpicbcn.cat\/es\/"},{"@type":"ListItem","position":2,"name":"Tom\u00e0s Barris i Rom\u00e0 Cuy\u00e0s, convidats d&#8217;excepci\u00f3 de l&#8217;Aula d&#8217;Hist\u00f2ria"}]},{"@type":"WebSite","@id":"https:\/\/www.museuolimpicbcn.cat\/ca\/#website","url":"https:\/\/www.museuolimpicbcn.cat\/ca\/","name":"Museu Ol\u00edmpic i de l&#039;Esport","description":"Altre lloc Web del Museu Ol\u00edmpic i de l&#039;Esport llocs","publisher":{"@id":"https:\/\/www.museuolimpicbcn.cat\/ca\/#organization"},"potentialAction":[{"@type":"SearchAction","target":{"@type":"EntryPoint","urlTemplate":"https:\/\/www.museuolimpicbcn.cat\/ca\/?s={search_term_string}"},"query-input":{"@type":"PropertyValueSpecification","valueRequired":true,"valueName":"search_term_string"}}],"inLanguage":"ca"},{"@type":"Organization","@id":"https:\/\/www.museuolimpicbcn.cat\/ca\/#organization","name":"Museu Ol\u00edmpic i de l&#039;Esport","url":"https:\/\/www.museuolimpicbcn.cat\/ca\/","logo":{"@type":"ImageObject","inLanguage":"ca","@id":"https:\/\/www.museuolimpicbcn.cat\/ca\/#\/schema\/logo\/image\/","url":"https:\/\/www.museuolimpicbcn.cat\/wp-content\/uploads\/sites\/2\/2018\/12\/logo-moe-header.svg","contentUrl":"https:\/\/www.museuolimpicbcn.cat\/wp-content\/uploads\/sites\/2\/2018\/12\/logo-moe-header.svg","caption":"Museu Ol\u00edmpic i de l&#039;Esport"},"image":{"@id":"https:\/\/www.museuolimpicbcn.cat\/ca\/#\/schema\/logo\/image\/"}},{"@type":"Person","@id":"https:\/\/www.museuolimpicbcn.cat\/ca\/#\/schema\/person\/d05705664e87aa04c6ce53d48133fb39","name":"useradmin","url":"https:\/\/www.museuolimpicbcn.cat\/ca\/author\/useradmin\/"}]}},"_links":{"self":[{"href":"https:\/\/www.museuolimpicbcn.cat\/ca\/wp-json\/wp\/v2\/posts\/11201"}],"collection":[{"href":"https:\/\/www.museuolimpicbcn.cat\/ca\/wp-json\/wp\/v2\/posts"}],"about":[{"href":"https:\/\/www.museuolimpicbcn.cat\/ca\/wp-json\/wp\/v2\/types\/post"}],"author":[{"embeddable":true,"href":"https:\/\/www.museuolimpicbcn.cat\/ca\/wp-json\/wp\/v2\/users\/1"}],"replies":[{"embeddable":true,"href":"https:\/\/www.museuolimpicbcn.cat\/ca\/wp-json\/wp\/v2\/comments?post=11201"}],"version-history":[{"count":0,"href":"https:\/\/www.museuolimpicbcn.cat\/ca\/wp-json\/wp\/v2\/posts\/11201\/revisions"}],"wp:attachment":[{"href":"https:\/\/www.museuolimpicbcn.cat\/ca\/wp-json\/wp\/v2\/media?parent=11201"}],"wp:term":[{"taxonomy":"category","embeddable":true,"href":"https:\/\/www.museuolimpicbcn.cat\/ca\/wp-json\/wp\/v2\/categories?post=11201"},{"taxonomy":"post_tag","embeddable":true,"href":"https:\/\/www.museuolimpicbcn.cat\/ca\/wp-json\/wp\/v2\/tags?post=11201"}],"curies":[{"name":"wp","href":"https:\/\/api.w.org\/{rel}","templated":true}]}}