{"id":11203,"date":"2014-05-07T00:00:00","date_gmt":"2014-05-06T22:00:00","guid":{"rendered":"http:\/\/dev.museuolimpicbcn.cat\/el-bcn-sports-film-festival-ja-ha-comencat-maite-fandos-presidenta-de-la-fundacio-barcelona-olimpica-ha-estat-lencarregada-de-donar-el-tret-de-sortida-al-festival-internacional-de-cinema-i-televis\/"},"modified":"2014-05-07T00:00:00","modified_gmt":"2014-05-06T22:00:00","slug":"el-bcn-sports-film-festival-ja-ha-comencat-maite-fandos-presidenta-de-la-fundacio-barcelona-olimpica-ha-estat-lencarregada-de-donar-el-tret-de-sortida-al-festival-internacional-de-cinema-i-televis","status":"publish","type":"post","link":"https:\/\/www.museuolimpicbcn.cat\/ca\/el-bcn-sports-film-festival-ja-ha-comencat-maite-fandos-presidenta-de-la-fundacio-barcelona-olimpica-ha-estat-lencarregada-de-donar-el-tret-de-sortida-al-festival-internacional-de-cinema-i-televis\/","title":{"rendered":"El BCN Sports Film Festival ja ha comen\u00e7at. Maite Fandos, presidenta de la Fundaci\u00f3 Barcelona Ol\u00edmpica, ha estat l&#8217;encarregada de donar el tret de sortida al festival internacional de cinema i televisi\u00f3 de Barcelona"},"content":{"rendered":"<p>L&#8217;acte d&#8217;inauguraci&oacute; ha comptat amb grans moments, segurament el m&eacute;s emotiu hagi estat el reconeixement a la traject&ograve;ria esportiva de dos grans esportistes catalans: el waterpolista Jordi Sans &ndash; doble medallista ol&iacute;mpic i cinc vegades ol&iacute;mpic &#8211; i la nedadora Hort&egrave;nsia Graupera &ndash; una de les grans pioneres i promotores dins de la nataci&oacute;. Es va destacar, l&#8217;acte homenatge a &Aacute;lvaro Bult&oacute;, que tindr&agrave; lloc dem&agrave;, dijous 8 de maig, a les 19.00h a l&#8217;Auditori del Museu Ol&iacute;mpic, i que comptar&agrave; amb familiars i amics. I la pres&egrave;ncia de Hristo Stoichkov, ser&agrave; l&#8217;encarregat de presentar la sessi&oacute; &ldquo;Tarda de Futbol&rdquo; del divendres 9 a les 20.00h.<\/p>\n<p>Per la seva banda Carlos Batll&oacute; i Victor Sala, guanyadors de la tercera edici&oacute; del concurs SpotSport, van recollir el premi &ndash; dotaci&oacute; de 1000&euro; &#8211; de mans de Miguel Centeno, responsable de M&agrave;rqueting del diari Sport. Aquesta edici&oacute; ha comptat amb la participaci&oacute; 16 espot creats majorit&agrave;riament per joves publicistes amb grans dotis creatives.<\/p>\n<p>L&#8217;organitzaci&oacute; del Festival vol agrair a tots els patrocinadors, mitjans col&middot;laboradors, i col&middot;laboradors l&#8217;esfor&ccedil; realitzat perqu&egrave; aquesta cinquena edici&oacute; sigui tot un &egrave;xit.<\/p>\n<p>Recordar que el dissabte 10 de maig a les 19.00h durant la cerim&ograve;nia de clausura se sabr&agrave; el guanyador de l&#8217;&Agrave;mfora Ciutat de Barcelona de la 5&ordm; edici&oacute; del BCN Sports Film Festival. Us esperem!!!<\/p>\n<p>&nbsp;<\/p>\n","protected":false},"excerpt":{"rendered":"<p>A l&#8217;acte d&#8217;inauguraci&oacute; van acudir personatges del m&oacute;n de l&#8217;esport, la pol&iacute;tica i el cinema que van poder gaudir d&#8217;un petit avan&ccedil; de la programaci&oacute; que fins al dissabte es podr&agrave; gaudir a les dues seus oficials &#8211; el Museu Ol&iacute;mpic i de l&rsquo;Esport Joan Antoni Samaranch i la Sala &Agrave;mbit Cultural d&#8217;El Corte Ingl&eacute;s &ndash; Portal de l&#8217;Angel -, del total de 72 audiovisuals vinculats a l&#8217;esport. Totes les sessions s&oacute;n gratu&iuml;tes i d&#8217;acc&eacute;s lliure.&nbsp;<\/p>\n<p>&nbsp;<\/p>\n","protected":false},"author":1,"featured_media":0,"comment_status":"open","ping_status":"open","sticky":false,"template":"","format":"standard","meta":{"_acf_changed":false,"_price":"","_stock":"","_tribe_ticket_header":"","_tribe_default_ticket_provider":"","_tribe_ticket_capacity":"0","_ticket_start_date":"","_ticket_end_date":"","_tribe_ticket_show_description":"","_tribe_ticket_show_not_going":false,"_tribe_ticket_use_global_stock":"","_tribe_ticket_global_stock_level":"","_global_stock_mode":"","_global_stock_cap":"","_tribe_rsvp_for_event":"","_tribe_ticket_going_count":"","_tribe_ticket_not_going_count":"","_tribe_tickets_list":"[]","_tribe_ticket_has_attendee_info_fields":false,"footnotes":""},"categories":[1],"tags":[],"class_list":["post-11203","post","type-post","status-publish","format-standard","hentry","category-uncategorized-ca"],"acf":[],"yoast_head":"<!-- This site is optimized with the Yoast SEO plugin v23.7 - https:\/\/yoast.com\/wordpress\/plugins\/seo\/ -->\n<title>El BCN Sports Film Festival ja ha comen\u00e7at. Maite Fandos, presidenta de la Fundaci\u00f3 Barcelona Ol\u00edmpica, ha estat l&#039;encarregada de donar el tret de sortida al festival internacional de cinema i televisi\u00f3 de Barcelona - Museu Ol\u00edmpic i de l&#039;Esport<\/title>\n<meta name=\"robots\" content=\"index, follow, max-snippet:-1, max-image-preview:large, max-video-preview:-1\" \/>\n<link rel=\"canonical\" href=\"https:\/\/www.museuolimpicbcn.cat\/ca\/el-bcn-sports-film-festival-ja-ha-comencat-maite-fandos-presidenta-de-la-fundacio-barcelona-olimpica-ha-estat-lencarregada-de-donar-el-tret-de-sortida-al-festival-internacional-de-cinema-i-televis\/\" \/>\n<meta property=\"og:locale\" content=\"ca_ES\" \/>\n<meta property=\"og:type\" content=\"article\" \/>\n<meta property=\"og:title\" content=\"El BCN Sports Film Festival ja ha comen\u00e7at. Maite Fandos, presidenta de la Fundaci\u00f3 Barcelona Ol\u00edmpica, ha estat l&#039;encarregada de donar el tret de sortida al festival internacional de cinema i televisi\u00f3 de Barcelona - Museu Ol\u00edmpic i de l&#039;Esport\" \/>\n<meta property=\"og:description\" content=\"A l&#039;acte d&#039;inauguraci&oacute; van acudir personatges del m&oacute;n de l&#039;esport, la pol&iacute;tica i el cinema que van poder gaudir d&#039;un petit avan&ccedil; de la programaci&oacute; que fins al dissabte es podr&agrave; gaudir a les dues seus oficials - el Museu Ol&iacute;mpic i de l&rsquo;Esport Joan Antoni Samaranch i la Sala &Agrave;mbit Cultural d&#039;El Corte Ingl&eacute;s &ndash; Portal de l&#039;Angel -, del total de 72 audiovisuals vinculats a l&#039;esport. Totes les sessions s&oacute;n gratu&iuml;tes i d&#039;acc&eacute;s lliure.&nbsp; &nbsp;\" \/>\n<meta property=\"og:url\" content=\"https:\/\/www.museuolimpicbcn.cat\/ca\/el-bcn-sports-film-festival-ja-ha-comencat-maite-fandos-presidenta-de-la-fundacio-barcelona-olimpica-ha-estat-lencarregada-de-donar-el-tret-de-sortida-al-festival-internacional-de-cinema-i-televis\/\" \/>\n<meta property=\"og:site_name\" content=\"Museu Ol\u00edmpic i de l&#039;Esport\" \/>\n<meta property=\"article:published_time\" content=\"2014-05-06T22:00:00+00:00\" \/>\n<meta name=\"author\" content=\"useradmin\" \/>\n<meta name=\"twitter:card\" content=\"summary_large_image\" \/>\n<meta name=\"twitter:label1\" content=\"Escrit per\" \/>\n\t<meta name=\"twitter:data1\" content=\"useradmin\" \/>\n\t<meta name=\"twitter:label2\" content=\"Temps estimat de lectura\" \/>\n\t<meta name=\"twitter:data2\" content=\"1 minut\" \/>\n<script type=\"application\/ld+json\" class=\"yoast-schema-graph\">{\"@context\":\"https:\/\/schema.org\",\"@graph\":[{\"@type\":\"Article\",\"@id\":\"https:\/\/www.museuolimpicbcn.cat\/ca\/el-bcn-sports-film-festival-ja-ha-comencat-maite-fandos-presidenta-de-la-fundacio-barcelona-olimpica-ha-estat-lencarregada-de-donar-el-tret-de-sortida-al-festival-internacional-de-cinema-i-televis\/#article\",\"isPartOf\":{\"@id\":\"https:\/\/www.museuolimpicbcn.cat\/ca\/el-bcn-sports-film-festival-ja-ha-comencat-maite-fandos-presidenta-de-la-fundacio-barcelona-olimpica-ha-estat-lencarregada-de-donar-el-tret-de-sortida-al-festival-internacional-de-cinema-i-televis\/\"},\"author\":{\"name\":\"useradmin\",\"@id\":\"https:\/\/www.museuolimpicbcn.cat\/ca\/#\/schema\/person\/d05705664e87aa04c6ce53d48133fb39\"},\"headline\":\"El BCN Sports Film Festival ja ha comen\u00e7at. Maite Fandos, presidenta de la Fundaci\u00f3 Barcelona Ol\u00edmpica, ha estat l&#8217;encarregada de donar el tret de sortida al festival internacional de cinema i televisi\u00f3 de Barcelona\",\"datePublished\":\"2014-05-06T22:00:00+00:00\",\"dateModified\":\"2014-05-06T22:00:00+00:00\",\"mainEntityOfPage\":{\"@id\":\"https:\/\/www.museuolimpicbcn.cat\/ca\/el-bcn-sports-film-festival-ja-ha-comencat-maite-fandos-presidenta-de-la-fundacio-barcelona-olimpica-ha-estat-lencarregada-de-donar-el-tret-de-sortida-al-festival-internacional-de-cinema-i-televis\/\"},\"wordCount\":301,\"commentCount\":0,\"publisher\":{\"@id\":\"https:\/\/www.museuolimpicbcn.cat\/ca\/#organization\"},\"articleSection\":[\"Uncategorized @ca\"],\"inLanguage\":\"ca\",\"potentialAction\":[{\"@type\":\"CommentAction\",\"name\":\"Comment\",\"target\":[\"https:\/\/www.museuolimpicbcn.cat\/ca\/el-bcn-sports-film-festival-ja-ha-comencat-maite-fandos-presidenta-de-la-fundacio-barcelona-olimpica-ha-estat-lencarregada-de-donar-el-tret-de-sortida-al-festival-internacional-de-cinema-i-televis\/#respond\"]}]},{\"@type\":\"WebPage\",\"@id\":\"https:\/\/www.museuolimpicbcn.cat\/ca\/el-bcn-sports-film-festival-ja-ha-comencat-maite-fandos-presidenta-de-la-fundacio-barcelona-olimpica-ha-estat-lencarregada-de-donar-el-tret-de-sortida-al-festival-internacional-de-cinema-i-televis\/\",\"url\":\"https:\/\/www.museuolimpicbcn.cat\/ca\/el-bcn-sports-film-festival-ja-ha-comencat-maite-fandos-presidenta-de-la-fundacio-barcelona-olimpica-ha-estat-lencarregada-de-donar-el-tret-de-sortida-al-festival-internacional-de-cinema-i-televis\/\",\"name\":\"El BCN Sports Film Festival ja ha comen\u00e7at. Maite Fandos, presidenta de la Fundaci\u00f3 Barcelona Ol\u00edmpica, ha estat l'encarregada de donar el tret de sortida al festival internacional de cinema i televisi\u00f3 de Barcelona - Museu Ol\u00edmpic i de l&#039;Esport\",\"isPartOf\":{\"@id\":\"https:\/\/www.museuolimpicbcn.cat\/ca\/#website\"},\"datePublished\":\"2014-05-06T22:00:00+00:00\",\"dateModified\":\"2014-05-06T22:00:00+00:00\",\"breadcrumb\":{\"@id\":\"https:\/\/www.museuolimpicbcn.cat\/ca\/el-bcn-sports-film-festival-ja-ha-comencat-maite-fandos-presidenta-de-la-fundacio-barcelona-olimpica-ha-estat-lencarregada-de-donar-el-tret-de-sortida-al-festival-internacional-de-cinema-i-televis\/#breadcrumb\"},\"inLanguage\":\"ca\",\"potentialAction\":[{\"@type\":\"ReadAction\",\"target\":[\"https:\/\/www.museuolimpicbcn.cat\/ca\/el-bcn-sports-film-festival-ja-ha-comencat-maite-fandos-presidenta-de-la-fundacio-barcelona-olimpica-ha-estat-lencarregada-de-donar-el-tret-de-sortida-al-festival-internacional-de-cinema-i-televis\/\"]}]},{\"@type\":\"BreadcrumbList\",\"@id\":\"https:\/\/www.museuolimpicbcn.cat\/ca\/el-bcn-sports-film-festival-ja-ha-comencat-maite-fandos-presidenta-de-la-fundacio-barcelona-olimpica-ha-estat-lencarregada-de-donar-el-tret-de-sortida-al-festival-internacional-de-cinema-i-televis\/#breadcrumb\",\"itemListElement\":[{\"@type\":\"ListItem\",\"position\":1,\"name\":\"Inici\",\"item\":\"https:\/\/www.museuolimpicbcn.cat\/es\/\"},{\"@type\":\"ListItem\",\"position\":2,\"name\":\"El BCN Sports Film Festival ja ha comen\u00e7at. Maite Fandos, presidenta de la Fundaci\u00f3 Barcelona Ol\u00edmpica, ha estat l&#8217;encarregada de donar el tret de sortida al festival internacional de cinema i televisi\u00f3 de Barcelona\"}]},{\"@type\":\"WebSite\",\"@id\":\"https:\/\/www.museuolimpicbcn.cat\/ca\/#website\",\"url\":\"https:\/\/www.museuolimpicbcn.cat\/ca\/\",\"name\":\"Museu Ol\u00edmpic i de l&#039;Esport\",\"description\":\"Altre lloc Web del Museu Ol\u00edmpic i de l&#039;Esport llocs\",\"publisher\":{\"@id\":\"https:\/\/www.museuolimpicbcn.cat\/ca\/#organization\"},\"potentialAction\":[{\"@type\":\"SearchAction\",\"target\":{\"@type\":\"EntryPoint\",\"urlTemplate\":\"https:\/\/www.museuolimpicbcn.cat\/ca\/?s={search_term_string}\"},\"query-input\":{\"@type\":\"PropertyValueSpecification\",\"valueRequired\":true,\"valueName\":\"search_term_string\"}}],\"inLanguage\":\"ca\"},{\"@type\":\"Organization\",\"@id\":\"https:\/\/www.museuolimpicbcn.cat\/ca\/#organization\",\"name\":\"Museu Ol\u00edmpic i de l&#039;Esport\",\"url\":\"https:\/\/www.museuolimpicbcn.cat\/ca\/\",\"logo\":{\"@type\":\"ImageObject\",\"inLanguage\":\"ca\",\"@id\":\"https:\/\/www.museuolimpicbcn.cat\/ca\/#\/schema\/logo\/image\/\",\"url\":\"https:\/\/www.museuolimpicbcn.cat\/wp-content\/uploads\/sites\/2\/2018\/12\/logo-moe-header.svg\",\"contentUrl\":\"https:\/\/www.museuolimpicbcn.cat\/wp-content\/uploads\/sites\/2\/2018\/12\/logo-moe-header.svg\",\"caption\":\"Museu Ol\u00edmpic i de l&#039;Esport\"},\"image\":{\"@id\":\"https:\/\/www.museuolimpicbcn.cat\/ca\/#\/schema\/logo\/image\/\"}},{\"@type\":\"Person\",\"@id\":\"https:\/\/www.museuolimpicbcn.cat\/ca\/#\/schema\/person\/d05705664e87aa04c6ce53d48133fb39\",\"name\":\"useradmin\",\"url\":\"https:\/\/www.museuolimpicbcn.cat\/ca\/author\/useradmin\/\"}]}<\/script>\n<!-- \/ Yoast SEO plugin. -->","yoast_head_json":{"title":"El BCN Sports Film Festival ja ha comen\u00e7at. Maite Fandos, presidenta de la Fundaci\u00f3 Barcelona Ol\u00edmpica, ha estat l'encarregada de donar el tret de sortida al festival internacional de cinema i televisi\u00f3 de Barcelona - Museu Ol\u00edmpic i de l&#039;Esport","robots":{"index":"index","follow":"follow","max-snippet":"max-snippet:-1","max-image-preview":"max-image-preview:large","max-video-preview":"max-video-preview:-1"},"canonical":"https:\/\/www.museuolimpicbcn.cat\/ca\/el-bcn-sports-film-festival-ja-ha-comencat-maite-fandos-presidenta-de-la-fundacio-barcelona-olimpica-ha-estat-lencarregada-de-donar-el-tret-de-sortida-al-festival-internacional-de-cinema-i-televis\/","og_locale":"ca_ES","og_type":"article","og_title":"El BCN Sports Film Festival ja ha comen\u00e7at. Maite Fandos, presidenta de la Fundaci\u00f3 Barcelona Ol\u00edmpica, ha estat l'encarregada de donar el tret de sortida al festival internacional de cinema i televisi\u00f3 de Barcelona - Museu Ol\u00edmpic i de l&#039;Esport","og_description":"A l'acte d'inauguraci&oacute; van acudir personatges del m&oacute;n de l'esport, la pol&iacute;tica i el cinema que van poder gaudir d'un petit avan&ccedil; de la programaci&oacute; que fins al dissabte es podr&agrave; gaudir a les dues seus oficials - el Museu Ol&iacute;mpic i de l&rsquo;Esport Joan Antoni Samaranch i la Sala &Agrave;mbit Cultural d'El Corte Ingl&eacute;s &ndash; Portal de l'Angel -, del total de 72 audiovisuals vinculats a l'esport. Totes les sessions s&oacute;n gratu&iuml;tes i d'acc&eacute;s lliure.&nbsp; &nbsp;","og_url":"https:\/\/www.museuolimpicbcn.cat\/ca\/el-bcn-sports-film-festival-ja-ha-comencat-maite-fandos-presidenta-de-la-fundacio-barcelona-olimpica-ha-estat-lencarregada-de-donar-el-tret-de-sortida-al-festival-internacional-de-cinema-i-televis\/","og_site_name":"Museu Ol\u00edmpic i de l&#039;Esport","article_published_time":"2014-05-06T22:00:00+00:00","author":"useradmin","twitter_card":"summary_large_image","twitter_misc":{"Escrit per":"useradmin","Temps estimat de lectura":"1 minut"},"schema":{"@context":"https:\/\/schema.org","@graph":[{"@type":"Article","@id":"https:\/\/www.museuolimpicbcn.cat\/ca\/el-bcn-sports-film-festival-ja-ha-comencat-maite-fandos-presidenta-de-la-fundacio-barcelona-olimpica-ha-estat-lencarregada-de-donar-el-tret-de-sortida-al-festival-internacional-de-cinema-i-televis\/#article","isPartOf":{"@id":"https:\/\/www.museuolimpicbcn.cat\/ca\/el-bcn-sports-film-festival-ja-ha-comencat-maite-fandos-presidenta-de-la-fundacio-barcelona-olimpica-ha-estat-lencarregada-de-donar-el-tret-de-sortida-al-festival-internacional-de-cinema-i-televis\/"},"author":{"name":"useradmin","@id":"https:\/\/www.museuolimpicbcn.cat\/ca\/#\/schema\/person\/d05705664e87aa04c6ce53d48133fb39"},"headline":"El BCN Sports Film Festival ja ha comen\u00e7at. Maite Fandos, presidenta de la Fundaci\u00f3 Barcelona Ol\u00edmpica, ha estat l&#8217;encarregada de donar el tret de sortida al festival internacional de cinema i televisi\u00f3 de Barcelona","datePublished":"2014-05-06T22:00:00+00:00","dateModified":"2014-05-06T22:00:00+00:00","mainEntityOfPage":{"@id":"https:\/\/www.museuolimpicbcn.cat\/ca\/el-bcn-sports-film-festival-ja-ha-comencat-maite-fandos-presidenta-de-la-fundacio-barcelona-olimpica-ha-estat-lencarregada-de-donar-el-tret-de-sortida-al-festival-internacional-de-cinema-i-televis\/"},"wordCount":301,"commentCount":0,"publisher":{"@id":"https:\/\/www.museuolimpicbcn.cat\/ca\/#organization"},"articleSection":["Uncategorized @ca"],"inLanguage":"ca","potentialAction":[{"@type":"CommentAction","name":"Comment","target":["https:\/\/www.museuolimpicbcn.cat\/ca\/el-bcn-sports-film-festival-ja-ha-comencat-maite-fandos-presidenta-de-la-fundacio-barcelona-olimpica-ha-estat-lencarregada-de-donar-el-tret-de-sortida-al-festival-internacional-de-cinema-i-televis\/#respond"]}]},{"@type":"WebPage","@id":"https:\/\/www.museuolimpicbcn.cat\/ca\/el-bcn-sports-film-festival-ja-ha-comencat-maite-fandos-presidenta-de-la-fundacio-barcelona-olimpica-ha-estat-lencarregada-de-donar-el-tret-de-sortida-al-festival-internacional-de-cinema-i-televis\/","url":"https:\/\/www.museuolimpicbcn.cat\/ca\/el-bcn-sports-film-festival-ja-ha-comencat-maite-fandos-presidenta-de-la-fundacio-barcelona-olimpica-ha-estat-lencarregada-de-donar-el-tret-de-sortida-al-festival-internacional-de-cinema-i-televis\/","name":"El BCN Sports Film Festival ja ha comen\u00e7at. Maite Fandos, presidenta de la Fundaci\u00f3 Barcelona Ol\u00edmpica, ha estat l'encarregada de donar el tret de sortida al festival internacional de cinema i televisi\u00f3 de Barcelona - Museu Ol\u00edmpic i de l&#039;Esport","isPartOf":{"@id":"https:\/\/www.museuolimpicbcn.cat\/ca\/#website"},"datePublished":"2014-05-06T22:00:00+00:00","dateModified":"2014-05-06T22:00:00+00:00","breadcrumb":{"@id":"https:\/\/www.museuolimpicbcn.cat\/ca\/el-bcn-sports-film-festival-ja-ha-comencat-maite-fandos-presidenta-de-la-fundacio-barcelona-olimpica-ha-estat-lencarregada-de-donar-el-tret-de-sortida-al-festival-internacional-de-cinema-i-televis\/#breadcrumb"},"inLanguage":"ca","potentialAction":[{"@type":"ReadAction","target":["https:\/\/www.museuolimpicbcn.cat\/ca\/el-bcn-sports-film-festival-ja-ha-comencat-maite-fandos-presidenta-de-la-fundacio-barcelona-olimpica-ha-estat-lencarregada-de-donar-el-tret-de-sortida-al-festival-internacional-de-cinema-i-televis\/"]}]},{"@type":"BreadcrumbList","@id":"https:\/\/www.museuolimpicbcn.cat\/ca\/el-bcn-sports-film-festival-ja-ha-comencat-maite-fandos-presidenta-de-la-fundacio-barcelona-olimpica-ha-estat-lencarregada-de-donar-el-tret-de-sortida-al-festival-internacional-de-cinema-i-televis\/#breadcrumb","itemListElement":[{"@type":"ListItem","position":1,"name":"Inici","item":"https:\/\/www.museuolimpicbcn.cat\/es\/"},{"@type":"ListItem","position":2,"name":"El BCN Sports Film Festival ja ha comen\u00e7at. Maite Fandos, presidenta de la Fundaci\u00f3 Barcelona Ol\u00edmpica, ha estat l&#8217;encarregada de donar el tret de sortida al festival internacional de cinema i televisi\u00f3 de Barcelona"}]},{"@type":"WebSite","@id":"https:\/\/www.museuolimpicbcn.cat\/ca\/#website","url":"https:\/\/www.museuolimpicbcn.cat\/ca\/","name":"Museu Ol\u00edmpic i de l&#039;Esport","description":"Altre lloc Web del Museu Ol\u00edmpic i de l&#039;Esport llocs","publisher":{"@id":"https:\/\/www.museuolimpicbcn.cat\/ca\/#organization"},"potentialAction":[{"@type":"SearchAction","target":{"@type":"EntryPoint","urlTemplate":"https:\/\/www.museuolimpicbcn.cat\/ca\/?s={search_term_string}"},"query-input":{"@type":"PropertyValueSpecification","valueRequired":true,"valueName":"search_term_string"}}],"inLanguage":"ca"},{"@type":"Organization","@id":"https:\/\/www.museuolimpicbcn.cat\/ca\/#organization","name":"Museu Ol\u00edmpic i de l&#039;Esport","url":"https:\/\/www.museuolimpicbcn.cat\/ca\/","logo":{"@type":"ImageObject","inLanguage":"ca","@id":"https:\/\/www.museuolimpicbcn.cat\/ca\/#\/schema\/logo\/image\/","url":"https:\/\/www.museuolimpicbcn.cat\/wp-content\/uploads\/sites\/2\/2018\/12\/logo-moe-header.svg","contentUrl":"https:\/\/www.museuolimpicbcn.cat\/wp-content\/uploads\/sites\/2\/2018\/12\/logo-moe-header.svg","caption":"Museu Ol\u00edmpic i de l&#039;Esport"},"image":{"@id":"https:\/\/www.museuolimpicbcn.cat\/ca\/#\/schema\/logo\/image\/"}},{"@type":"Person","@id":"https:\/\/www.museuolimpicbcn.cat\/ca\/#\/schema\/person\/d05705664e87aa04c6ce53d48133fb39","name":"useradmin","url":"https:\/\/www.museuolimpicbcn.cat\/ca\/author\/useradmin\/"}]}},"_links":{"self":[{"href":"https:\/\/www.museuolimpicbcn.cat\/ca\/wp-json\/wp\/v2\/posts\/11203"}],"collection":[{"href":"https:\/\/www.museuolimpicbcn.cat\/ca\/wp-json\/wp\/v2\/posts"}],"about":[{"href":"https:\/\/www.museuolimpicbcn.cat\/ca\/wp-json\/wp\/v2\/types\/post"}],"author":[{"embeddable":true,"href":"https:\/\/www.museuolimpicbcn.cat\/ca\/wp-json\/wp\/v2\/users\/1"}],"replies":[{"embeddable":true,"href":"https:\/\/www.museuolimpicbcn.cat\/ca\/wp-json\/wp\/v2\/comments?post=11203"}],"version-history":[{"count":0,"href":"https:\/\/www.museuolimpicbcn.cat\/ca\/wp-json\/wp\/v2\/posts\/11203\/revisions"}],"wp:attachment":[{"href":"https:\/\/www.museuolimpicbcn.cat\/ca\/wp-json\/wp\/v2\/media?parent=11203"}],"wp:term":[{"taxonomy":"category","embeddable":true,"href":"https:\/\/www.museuolimpicbcn.cat\/ca\/wp-json\/wp\/v2\/categories?post=11203"},{"taxonomy":"post_tag","embeddable":true,"href":"https:\/\/www.museuolimpicbcn.cat\/ca\/wp-json\/wp\/v2\/tags?post=11203"}],"curies":[{"name":"wp","href":"https:\/\/api.w.org\/{rel}","templated":true}]}}