{"id":11443,"date":"2014-07-09T00:00:00","date_gmt":"2014-07-08T22:00:00","guid":{"rendered":"http:\/\/dev.museuolimpicbcn.cat\/la-fundacio-barcelona-olimpica-expressa-el-seu-condol-per-la-mort-de-vicenc-b-ballestar-barcelona-1929-2014\/"},"modified":"2014-07-09T00:00:00","modified_gmt":"2014-07-08T22:00:00","slug":"la-fundacio-barcelona-olimpica-expressa-el-seu-condol-per-la-mort-de-vicenc-b-ballestar-barcelona-1929-2014","status":"publish","type":"post","link":"https:\/\/www.museuolimpicbcn.cat\/ca\/la-fundacio-barcelona-olimpica-expressa-el-seu-condol-per-la-mort-de-vicenc-b-ballestar-barcelona-1929-2014\/","title":{"rendered":"La Fundaci\u00f3 Barcelona Ol\u00edmpica expressa el seu condol per la mort de Vicen\u00e7 B. Ballestar (Barcelona 1929-2014)"},"content":{"rendered":"<p>Vicen&ccedil; Ballestar ha dedicat la seva vida a la pintura i a la il&middot;lustraci&oacute;, a les quals va dedicar part del seu temps amb una dedicaci&oacute; absoluta. Destaquen especialment els seus treballs com a il&middot;lustrador.<\/p>\n<p>Va participar en moltes exposicions col&middot;lectives de l&rsquo;Agrupaci&oacute; d&rsquo;Aquarel&middot;listes a Barcelona (de la qual era President d&rsquo;Honor), Madrid, Bilbao, Val&egrave;ncia, Montblanc, Can&agrave;ries, Saragossa i altres indrets, tant aqu&iacute; com a la resta d&rsquo;Europa, i als Salons Nacionals de l&rsquo;Aquarel&middot;la.<\/p>\n<p>El nostre m&eacute;s sentit condol als familiars. Descansi en pau.<\/p>\n<p>&nbsp;<\/p>\n","protected":false},"excerpt":{"rendered":"<p>El col&middot;laborador i amic de la Fundaci&oacute; i del Museu Ol&iacute;mpic i de l&rsquo;Esport Joan Antoni Samaranch va ser enterrat ahir, 9 de juliol, a Barcelona. Vicen&ccedil; formava part &ndash;juntament amb Raquel Medina, Rom&agrave; Arranz i Juli Pernas&ndash; del jurat del <em>Premi Internacional Fundaci&oacute; Barcelona Ol&iacute;mpica. Art sobre paper.<\/em><\/p>\n","protected":false},"author":1,"featured_media":0,"comment_status":"open","ping_status":"open","sticky":false,"template":"","format":"standard","meta":{"_acf_changed":false,"_price":"","_stock":"","_tribe_ticket_header":"","_tribe_default_ticket_provider":"","_tribe_ticket_capacity":"0","_ticket_start_date":"","_ticket_end_date":"","_tribe_ticket_show_description":"","_tribe_ticket_show_not_going":false,"_tribe_ticket_use_global_stock":"","_tribe_ticket_global_stock_level":"","_global_stock_mode":"","_global_stock_cap":"","_tribe_rsvp_for_event":"","_tribe_ticket_going_count":"","_tribe_ticket_not_going_count":"","_tribe_tickets_list":"[]","_tribe_ticket_has_attendee_info_fields":false,"footnotes":""},"categories":[1],"tags":[],"class_list":["post-11443","post","type-post","status-publish","format-standard","hentry","category-uncategorized-ca"],"acf":[],"yoast_head":"<!-- This site is optimized with the Yoast SEO plugin v23.7 - https:\/\/yoast.com\/wordpress\/plugins\/seo\/ -->\n<title>La Fundaci\u00f3 Barcelona Ol\u00edmpica expressa el seu condol per la mort de Vicen\u00e7 B. Ballestar (Barcelona 1929-2014) - Museu Ol\u00edmpic i de l&#039;Esport<\/title>\n<meta name=\"robots\" content=\"index, follow, max-snippet:-1, max-image-preview:large, max-video-preview:-1\" \/>\n<link rel=\"canonical\" href=\"https:\/\/www.museuolimpicbcn.cat\/ca\/la-fundacio-barcelona-olimpica-expressa-el-seu-condol-per-la-mort-de-vicenc-b-ballestar-barcelona-1929-2014\/\" \/>\n<meta property=\"og:locale\" content=\"ca_ES\" \/>\n<meta property=\"og:type\" content=\"article\" \/>\n<meta property=\"og:title\" content=\"La Fundaci\u00f3 Barcelona Ol\u00edmpica expressa el seu condol per la mort de Vicen\u00e7 B. Ballestar (Barcelona 1929-2014) - Museu Ol\u00edmpic i de l&#039;Esport\" \/>\n<meta property=\"og:description\" content=\"El col&middot;laborador i amic de la Fundaci&oacute; i del Museu Ol&iacute;mpic i de l&rsquo;Esport Joan Antoni Samaranch va ser enterrat ahir, 9 de juliol, a Barcelona. Vicen&ccedil; formava part &ndash;juntament amb Raquel Medina, Rom&agrave; Arranz i Juli Pernas&ndash; del jurat del Premi Internacional Fundaci&oacute; Barcelona Ol&iacute;mpica. Art sobre paper.\" \/>\n<meta property=\"og:url\" content=\"https:\/\/www.museuolimpicbcn.cat\/ca\/la-fundacio-barcelona-olimpica-expressa-el-seu-condol-per-la-mort-de-vicenc-b-ballestar-barcelona-1929-2014\/\" \/>\n<meta property=\"og:site_name\" content=\"Museu Ol\u00edmpic i de l&#039;Esport\" \/>\n<meta property=\"article:published_time\" content=\"2014-07-08T22:00:00+00:00\" \/>\n<meta name=\"author\" content=\"useradmin\" \/>\n<meta name=\"twitter:card\" content=\"summary_large_image\" \/>\n<meta name=\"twitter:label1\" content=\"Escrit per\" \/>\n\t<meta name=\"twitter:data1\" content=\"useradmin\" \/>\n\t<meta name=\"twitter:label2\" content=\"Temps estimat de lectura\" \/>\n\t<meta name=\"twitter:data2\" content=\"1 minut\" \/>\n<script type=\"application\/ld+json\" class=\"yoast-schema-graph\">{\"@context\":\"https:\/\/schema.org\",\"@graph\":[{\"@type\":\"Article\",\"@id\":\"https:\/\/www.museuolimpicbcn.cat\/ca\/la-fundacio-barcelona-olimpica-expressa-el-seu-condol-per-la-mort-de-vicenc-b-ballestar-barcelona-1929-2014\/#article\",\"isPartOf\":{\"@id\":\"https:\/\/www.museuolimpicbcn.cat\/ca\/la-fundacio-barcelona-olimpica-expressa-el-seu-condol-per-la-mort-de-vicenc-b-ballestar-barcelona-1929-2014\/\"},\"author\":{\"name\":\"useradmin\",\"@id\":\"https:\/\/www.museuolimpicbcn.cat\/ca\/#\/schema\/person\/d05705664e87aa04c6ce53d48133fb39\"},\"headline\":\"La Fundaci\u00f3 Barcelona Ol\u00edmpica expressa el seu condol per la mort de Vicen\u00e7 B. Ballestar (Barcelona 1929-2014)\",\"datePublished\":\"2014-07-08T22:00:00+00:00\",\"dateModified\":\"2014-07-08T22:00:00+00:00\",\"mainEntityOfPage\":{\"@id\":\"https:\/\/www.museuolimpicbcn.cat\/ca\/la-fundacio-barcelona-olimpica-expressa-el-seu-condol-per-la-mort-de-vicenc-b-ballestar-barcelona-1929-2014\/\"},\"wordCount\":134,\"commentCount\":0,\"publisher\":{\"@id\":\"https:\/\/www.museuolimpicbcn.cat\/ca\/#organization\"},\"articleSection\":[\"Uncategorized @ca\"],\"inLanguage\":\"ca\",\"potentialAction\":[{\"@type\":\"CommentAction\",\"name\":\"Comment\",\"target\":[\"https:\/\/www.museuolimpicbcn.cat\/ca\/la-fundacio-barcelona-olimpica-expressa-el-seu-condol-per-la-mort-de-vicenc-b-ballestar-barcelona-1929-2014\/#respond\"]}]},{\"@type\":\"WebPage\",\"@id\":\"https:\/\/www.museuolimpicbcn.cat\/ca\/la-fundacio-barcelona-olimpica-expressa-el-seu-condol-per-la-mort-de-vicenc-b-ballestar-barcelona-1929-2014\/\",\"url\":\"https:\/\/www.museuolimpicbcn.cat\/ca\/la-fundacio-barcelona-olimpica-expressa-el-seu-condol-per-la-mort-de-vicenc-b-ballestar-barcelona-1929-2014\/\",\"name\":\"La Fundaci\u00f3 Barcelona Ol\u00edmpica expressa el seu condol per la mort de Vicen\u00e7 B. Ballestar (Barcelona 1929-2014) - Museu Ol\u00edmpic i de l&#039;Esport\",\"isPartOf\":{\"@id\":\"https:\/\/www.museuolimpicbcn.cat\/ca\/#website\"},\"datePublished\":\"2014-07-08T22:00:00+00:00\",\"dateModified\":\"2014-07-08T22:00:00+00:00\",\"breadcrumb\":{\"@id\":\"https:\/\/www.museuolimpicbcn.cat\/ca\/la-fundacio-barcelona-olimpica-expressa-el-seu-condol-per-la-mort-de-vicenc-b-ballestar-barcelona-1929-2014\/#breadcrumb\"},\"inLanguage\":\"ca\",\"potentialAction\":[{\"@type\":\"ReadAction\",\"target\":[\"https:\/\/www.museuolimpicbcn.cat\/ca\/la-fundacio-barcelona-olimpica-expressa-el-seu-condol-per-la-mort-de-vicenc-b-ballestar-barcelona-1929-2014\/\"]}]},{\"@type\":\"BreadcrumbList\",\"@id\":\"https:\/\/www.museuolimpicbcn.cat\/ca\/la-fundacio-barcelona-olimpica-expressa-el-seu-condol-per-la-mort-de-vicenc-b-ballestar-barcelona-1929-2014\/#breadcrumb\",\"itemListElement\":[{\"@type\":\"ListItem\",\"position\":1,\"name\":\"Inici\",\"item\":\"https:\/\/www.museuolimpicbcn.cat\/es\/\"},{\"@type\":\"ListItem\",\"position\":2,\"name\":\"La Fundaci\u00f3 Barcelona Ol\u00edmpica expressa el seu condol per la mort de Vicen\u00e7 B. Ballestar (Barcelona 1929-2014)\"}]},{\"@type\":\"WebSite\",\"@id\":\"https:\/\/www.museuolimpicbcn.cat\/ca\/#website\",\"url\":\"https:\/\/www.museuolimpicbcn.cat\/ca\/\",\"name\":\"Museu Ol\u00edmpic i de l&#039;Esport\",\"description\":\"Altre lloc Web del Museu Ol\u00edmpic i de l&#039;Esport llocs\",\"publisher\":{\"@id\":\"https:\/\/www.museuolimpicbcn.cat\/ca\/#organization\"},\"potentialAction\":[{\"@type\":\"SearchAction\",\"target\":{\"@type\":\"EntryPoint\",\"urlTemplate\":\"https:\/\/www.museuolimpicbcn.cat\/ca\/?s={search_term_string}\"},\"query-input\":{\"@type\":\"PropertyValueSpecification\",\"valueRequired\":true,\"valueName\":\"search_term_string\"}}],\"inLanguage\":\"ca\"},{\"@type\":\"Organization\",\"@id\":\"https:\/\/www.museuolimpicbcn.cat\/ca\/#organization\",\"name\":\"Museu Ol\u00edmpic i de l&#039;Esport\",\"url\":\"https:\/\/www.museuolimpicbcn.cat\/ca\/\",\"logo\":{\"@type\":\"ImageObject\",\"inLanguage\":\"ca\",\"@id\":\"https:\/\/www.museuolimpicbcn.cat\/ca\/#\/schema\/logo\/image\/\",\"url\":\"https:\/\/www.museuolimpicbcn.cat\/wp-content\/uploads\/sites\/2\/2018\/12\/logo-moe-header.svg\",\"contentUrl\":\"https:\/\/www.museuolimpicbcn.cat\/wp-content\/uploads\/sites\/2\/2018\/12\/logo-moe-header.svg\",\"caption\":\"Museu Ol\u00edmpic i de l&#039;Esport\"},\"image\":{\"@id\":\"https:\/\/www.museuolimpicbcn.cat\/ca\/#\/schema\/logo\/image\/\"}},{\"@type\":\"Person\",\"@id\":\"https:\/\/www.museuolimpicbcn.cat\/ca\/#\/schema\/person\/d05705664e87aa04c6ce53d48133fb39\",\"name\":\"useradmin\",\"url\":\"https:\/\/www.museuolimpicbcn.cat\/ca\/author\/useradmin\/\"}]}<\/script>\n<!-- \/ Yoast SEO plugin. -->","yoast_head_json":{"title":"La Fundaci\u00f3 Barcelona Ol\u00edmpica expressa el seu condol per la mort de Vicen\u00e7 B. Ballestar (Barcelona 1929-2014) - Museu Ol\u00edmpic i de l&#039;Esport","robots":{"index":"index","follow":"follow","max-snippet":"max-snippet:-1","max-image-preview":"max-image-preview:large","max-video-preview":"max-video-preview:-1"},"canonical":"https:\/\/www.museuolimpicbcn.cat\/ca\/la-fundacio-barcelona-olimpica-expressa-el-seu-condol-per-la-mort-de-vicenc-b-ballestar-barcelona-1929-2014\/","og_locale":"ca_ES","og_type":"article","og_title":"La Fundaci\u00f3 Barcelona Ol\u00edmpica expressa el seu condol per la mort de Vicen\u00e7 B. Ballestar (Barcelona 1929-2014) - Museu Ol\u00edmpic i de l&#039;Esport","og_description":"El col&middot;laborador i amic de la Fundaci&oacute; i del Museu Ol&iacute;mpic i de l&rsquo;Esport Joan Antoni Samaranch va ser enterrat ahir, 9 de juliol, a Barcelona. Vicen&ccedil; formava part &ndash;juntament amb Raquel Medina, Rom&agrave; Arranz i Juli Pernas&ndash; del jurat del Premi Internacional Fundaci&oacute; Barcelona Ol&iacute;mpica. Art sobre paper.","og_url":"https:\/\/www.museuolimpicbcn.cat\/ca\/la-fundacio-barcelona-olimpica-expressa-el-seu-condol-per-la-mort-de-vicenc-b-ballestar-barcelona-1929-2014\/","og_site_name":"Museu Ol\u00edmpic i de l&#039;Esport","article_published_time":"2014-07-08T22:00:00+00:00","author":"useradmin","twitter_card":"summary_large_image","twitter_misc":{"Escrit per":"useradmin","Temps estimat de lectura":"1 minut"},"schema":{"@context":"https:\/\/schema.org","@graph":[{"@type":"Article","@id":"https:\/\/www.museuolimpicbcn.cat\/ca\/la-fundacio-barcelona-olimpica-expressa-el-seu-condol-per-la-mort-de-vicenc-b-ballestar-barcelona-1929-2014\/#article","isPartOf":{"@id":"https:\/\/www.museuolimpicbcn.cat\/ca\/la-fundacio-barcelona-olimpica-expressa-el-seu-condol-per-la-mort-de-vicenc-b-ballestar-barcelona-1929-2014\/"},"author":{"name":"useradmin","@id":"https:\/\/www.museuolimpicbcn.cat\/ca\/#\/schema\/person\/d05705664e87aa04c6ce53d48133fb39"},"headline":"La Fundaci\u00f3 Barcelona Ol\u00edmpica expressa el seu condol per la mort de Vicen\u00e7 B. Ballestar (Barcelona 1929-2014)","datePublished":"2014-07-08T22:00:00+00:00","dateModified":"2014-07-08T22:00:00+00:00","mainEntityOfPage":{"@id":"https:\/\/www.museuolimpicbcn.cat\/ca\/la-fundacio-barcelona-olimpica-expressa-el-seu-condol-per-la-mort-de-vicenc-b-ballestar-barcelona-1929-2014\/"},"wordCount":134,"commentCount":0,"publisher":{"@id":"https:\/\/www.museuolimpicbcn.cat\/ca\/#organization"},"articleSection":["Uncategorized @ca"],"inLanguage":"ca","potentialAction":[{"@type":"CommentAction","name":"Comment","target":["https:\/\/www.museuolimpicbcn.cat\/ca\/la-fundacio-barcelona-olimpica-expressa-el-seu-condol-per-la-mort-de-vicenc-b-ballestar-barcelona-1929-2014\/#respond"]}]},{"@type":"WebPage","@id":"https:\/\/www.museuolimpicbcn.cat\/ca\/la-fundacio-barcelona-olimpica-expressa-el-seu-condol-per-la-mort-de-vicenc-b-ballestar-barcelona-1929-2014\/","url":"https:\/\/www.museuolimpicbcn.cat\/ca\/la-fundacio-barcelona-olimpica-expressa-el-seu-condol-per-la-mort-de-vicenc-b-ballestar-barcelona-1929-2014\/","name":"La Fundaci\u00f3 Barcelona Ol\u00edmpica expressa el seu condol per la mort de Vicen\u00e7 B. Ballestar (Barcelona 1929-2014) - Museu Ol\u00edmpic i de l&#039;Esport","isPartOf":{"@id":"https:\/\/www.museuolimpicbcn.cat\/ca\/#website"},"datePublished":"2014-07-08T22:00:00+00:00","dateModified":"2014-07-08T22:00:00+00:00","breadcrumb":{"@id":"https:\/\/www.museuolimpicbcn.cat\/ca\/la-fundacio-barcelona-olimpica-expressa-el-seu-condol-per-la-mort-de-vicenc-b-ballestar-barcelona-1929-2014\/#breadcrumb"},"inLanguage":"ca","potentialAction":[{"@type":"ReadAction","target":["https:\/\/www.museuolimpicbcn.cat\/ca\/la-fundacio-barcelona-olimpica-expressa-el-seu-condol-per-la-mort-de-vicenc-b-ballestar-barcelona-1929-2014\/"]}]},{"@type":"BreadcrumbList","@id":"https:\/\/www.museuolimpicbcn.cat\/ca\/la-fundacio-barcelona-olimpica-expressa-el-seu-condol-per-la-mort-de-vicenc-b-ballestar-barcelona-1929-2014\/#breadcrumb","itemListElement":[{"@type":"ListItem","position":1,"name":"Inici","item":"https:\/\/www.museuolimpicbcn.cat\/es\/"},{"@type":"ListItem","position":2,"name":"La Fundaci\u00f3 Barcelona Ol\u00edmpica expressa el seu condol per la mort de Vicen\u00e7 B. Ballestar (Barcelona 1929-2014)"}]},{"@type":"WebSite","@id":"https:\/\/www.museuolimpicbcn.cat\/ca\/#website","url":"https:\/\/www.museuolimpicbcn.cat\/ca\/","name":"Museu Ol\u00edmpic i de l&#039;Esport","description":"Altre lloc Web del Museu Ol\u00edmpic i de l&#039;Esport llocs","publisher":{"@id":"https:\/\/www.museuolimpicbcn.cat\/ca\/#organization"},"potentialAction":[{"@type":"SearchAction","target":{"@type":"EntryPoint","urlTemplate":"https:\/\/www.museuolimpicbcn.cat\/ca\/?s={search_term_string}"},"query-input":{"@type":"PropertyValueSpecification","valueRequired":true,"valueName":"search_term_string"}}],"inLanguage":"ca"},{"@type":"Organization","@id":"https:\/\/www.museuolimpicbcn.cat\/ca\/#organization","name":"Museu Ol\u00edmpic i de l&#039;Esport","url":"https:\/\/www.museuolimpicbcn.cat\/ca\/","logo":{"@type":"ImageObject","inLanguage":"ca","@id":"https:\/\/www.museuolimpicbcn.cat\/ca\/#\/schema\/logo\/image\/","url":"https:\/\/www.museuolimpicbcn.cat\/wp-content\/uploads\/sites\/2\/2018\/12\/logo-moe-header.svg","contentUrl":"https:\/\/www.museuolimpicbcn.cat\/wp-content\/uploads\/sites\/2\/2018\/12\/logo-moe-header.svg","caption":"Museu Ol\u00edmpic i de l&#039;Esport"},"image":{"@id":"https:\/\/www.museuolimpicbcn.cat\/ca\/#\/schema\/logo\/image\/"}},{"@type":"Person","@id":"https:\/\/www.museuolimpicbcn.cat\/ca\/#\/schema\/person\/d05705664e87aa04c6ce53d48133fb39","name":"useradmin","url":"https:\/\/www.museuolimpicbcn.cat\/ca\/author\/useradmin\/"}]}},"_links":{"self":[{"href":"https:\/\/www.museuolimpicbcn.cat\/ca\/wp-json\/wp\/v2\/posts\/11443"}],"collection":[{"href":"https:\/\/www.museuolimpicbcn.cat\/ca\/wp-json\/wp\/v2\/posts"}],"about":[{"href":"https:\/\/www.museuolimpicbcn.cat\/ca\/wp-json\/wp\/v2\/types\/post"}],"author":[{"embeddable":true,"href":"https:\/\/www.museuolimpicbcn.cat\/ca\/wp-json\/wp\/v2\/users\/1"}],"replies":[{"embeddable":true,"href":"https:\/\/www.museuolimpicbcn.cat\/ca\/wp-json\/wp\/v2\/comments?post=11443"}],"version-history":[{"count":0,"href":"https:\/\/www.museuolimpicbcn.cat\/ca\/wp-json\/wp\/v2\/posts\/11443\/revisions"}],"wp:attachment":[{"href":"https:\/\/www.museuolimpicbcn.cat\/ca\/wp-json\/wp\/v2\/media?parent=11443"}],"wp:term":[{"taxonomy":"category","embeddable":true,"href":"https:\/\/www.museuolimpicbcn.cat\/ca\/wp-json\/wp\/v2\/categories?post=11443"},{"taxonomy":"post_tag","embeddable":true,"href":"https:\/\/www.museuolimpicbcn.cat\/ca\/wp-json\/wp\/v2\/tags?post=11443"}],"curies":[{"name":"wp","href":"https:\/\/api.w.org\/{rel}","templated":true}]}}