{"id":11640,"date":"2014-10-28T00:00:00","date_gmt":"2014-10-27T23:00:00","guid":{"rendered":"http:\/\/dev.museuolimpicbcn.cat\/vilaseca-va-presentar-el-seu-llibre-que-consti-en-acta-i-el-palacio-pedralbes-replet-dautoritats-del-mon-de-la-politica-i-lesport-li-va-rendir-un-emotiu-homenatge\/"},"modified":"2014-10-28T00:00:00","modified_gmt":"2014-10-27T23:00:00","slug":"vilaseca-va-presentar-el-seu-llibre-que-consti-en-acta-i-el-palacio-pedralbes-replet-dautoritats-del-mon-de-la-politica-i-lesport-li-va-rendir-un-emotiu-homenatge","status":"publish","type":"post","link":"https:\/\/www.museuolimpicbcn.cat\/ca\/vilaseca-va-presentar-el-seu-llibre-que-consti-en-acta-i-el-palacio-pedralbes-replet-dautoritats-del-mon-de-la-politica-i-lesport-li-va-rendir-un-emotiu-homenatge\/","title":{"rendered":"Vilaseca va presentar el seu llibre &#8216;Que consti en acta&#8217; i el Palacio Pedralbes, replet d&#8217;autoritats del m\u00f3n de la pol\u00edtica i l&#8217;esport, li va rendir un emotiu homenatge"},"content":{"rendered":"<p>Si alguna cosa va caracteritzar la presentaci&oacute; en el Palacio Pedralbes no va ser el gran aforament (es va haver d&#8217;obrir una sala annexa amb pantalla per als assistents) sin&oacute; la varietat de personalitats, des del president del Bar&ccedil;a, Josep Maria Bartomeu, del Espanyol, Joan Collet a presidents i representants del m&oacute;n de la pol&iacute;tica, l&rsquo;esport&nbsp; o la cultura com Agust&iacute; Montal, Evarist Murtra, Roca Junyent, Iv&aacute;n Tibau, Enric Tru&ntilde;o, Anna Pruna, Albert Batlle, Roures, Nuria Feliu, Ram&oacute;n Alfonseda, Albert Agust&iacute;, Miquel Torres o Albert Soler entre altres.&nbsp;<\/p>\n<p>Video: homenatge Josep Llu&iacute;s Vilaseca al Museu Ol&iacute;mpic 28\/05\/2010&nbsp;<\/p>\n","protected":false},"excerpt":{"rendered":"<p>Josep Llu&iacute;s Vilaseca, patr&oacute; de la Fundaci&oacute; Barcelona Ol&iacute;mpica, ha estat un dels pesos pesats en la promoci&oacute; de l&#8217;esport a Catalunya. Va ser part, com Secretari General de l&rsquo;Esport, de l&#8217;equip propulsor de la candidatura de Barcelona 92. Vilaseca tamb&eacute; ha estat president de la Comissi&oacute; de Control i Disciplina de la UEFA i &eacute;s membre de la directiva del Bar&ccedil;a i del COE. Tota una vida dedicada a l&#8217;esport i el seu bon funcionament.<\/p>\n<p>&nbsp;<\/p>\n","protected":false},"author":1,"featured_media":0,"comment_status":"open","ping_status":"open","sticky":false,"template":"","format":"standard","meta":{"_acf_changed":false,"_price":"","_stock":"","_tribe_ticket_header":"","_tribe_default_ticket_provider":"","_tribe_ticket_capacity":"0","_ticket_start_date":"","_ticket_end_date":"","_tribe_ticket_show_description":"","_tribe_ticket_show_not_going":false,"_tribe_ticket_use_global_stock":"","_tribe_ticket_global_stock_level":"","_global_stock_mode":"","_global_stock_cap":"","_tribe_rsvp_for_event":"","_tribe_ticket_going_count":"","_tribe_ticket_not_going_count":"","_tribe_tickets_list":"[]","_tribe_ticket_has_attendee_info_fields":false,"footnotes":""},"categories":[1],"tags":[],"class_list":["post-11640","post","type-post","status-publish","format-standard","hentry","category-uncategorized-ca"],"acf":[],"yoast_head":"<!-- This site is optimized with the Yoast SEO plugin v23.7 - https:\/\/yoast.com\/wordpress\/plugins\/seo\/ -->\n<title>Vilaseca va presentar el seu llibre &#039;Que consti en acta&#039; i el Palacio Pedralbes, replet d&#039;autoritats del m\u00f3n de la pol\u00edtica i l&#039;esport, li va rendir un emotiu homenatge - Museu Ol\u00edmpic i de l&#039;Esport<\/title>\n<meta name=\"robots\" content=\"index, follow, max-snippet:-1, max-image-preview:large, max-video-preview:-1\" \/>\n<link rel=\"canonical\" href=\"https:\/\/www.museuolimpicbcn.cat\/ca\/vilaseca-va-presentar-el-seu-llibre-que-consti-en-acta-i-el-palacio-pedralbes-replet-dautoritats-del-mon-de-la-politica-i-lesport-li-va-rendir-un-emotiu-homenatge\/\" \/>\n<meta property=\"og:locale\" content=\"ca_ES\" \/>\n<meta property=\"og:type\" content=\"article\" \/>\n<meta property=\"og:title\" content=\"Vilaseca va presentar el seu llibre &#039;Que consti en acta&#039; i el Palacio Pedralbes, replet d&#039;autoritats del m\u00f3n de la pol\u00edtica i l&#039;esport, li va rendir un emotiu homenatge - Museu Ol\u00edmpic i de l&#039;Esport\" \/>\n<meta property=\"og:description\" content=\"Josep Llu&iacute;s Vilaseca, patr&oacute; de la Fundaci&oacute; Barcelona Ol&iacute;mpica, ha estat un dels pesos pesats en la promoci&oacute; de l&#039;esport a Catalunya. Va ser part, com Secretari General de l&rsquo;Esport, de l&#039;equip propulsor de la candidatura de Barcelona 92. Vilaseca tamb&eacute; ha estat president de la Comissi&oacute; de Control i Disciplina de la UEFA i &eacute;s membre de la directiva del Bar&ccedil;a i del COE. Tota una vida dedicada a l&#039;esport i el seu bon funcionament. &nbsp;\" \/>\n<meta property=\"og:url\" content=\"https:\/\/www.museuolimpicbcn.cat\/ca\/vilaseca-va-presentar-el-seu-llibre-que-consti-en-acta-i-el-palacio-pedralbes-replet-dautoritats-del-mon-de-la-politica-i-lesport-li-va-rendir-un-emotiu-homenatge\/\" \/>\n<meta property=\"og:site_name\" content=\"Museu Ol\u00edmpic i de l&#039;Esport\" \/>\n<meta property=\"article:published_time\" content=\"2014-10-27T23:00:00+00:00\" \/>\n<meta name=\"author\" content=\"useradmin\" \/>\n<meta name=\"twitter:card\" content=\"summary_large_image\" \/>\n<meta name=\"twitter:label1\" content=\"Escrit per\" \/>\n\t<meta name=\"twitter:data1\" content=\"useradmin\" \/>\n\t<meta name=\"twitter:label2\" content=\"Temps estimat de lectura\" \/>\n\t<meta name=\"twitter:data2\" content=\"1 minut\" \/>\n<script type=\"application\/ld+json\" class=\"yoast-schema-graph\">{\"@context\":\"https:\/\/schema.org\",\"@graph\":[{\"@type\":\"Article\",\"@id\":\"https:\/\/www.museuolimpicbcn.cat\/ca\/vilaseca-va-presentar-el-seu-llibre-que-consti-en-acta-i-el-palacio-pedralbes-replet-dautoritats-del-mon-de-la-politica-i-lesport-li-va-rendir-un-emotiu-homenatge\/#article\",\"isPartOf\":{\"@id\":\"https:\/\/www.museuolimpicbcn.cat\/ca\/vilaseca-va-presentar-el-seu-llibre-que-consti-en-acta-i-el-palacio-pedralbes-replet-dautoritats-del-mon-de-la-politica-i-lesport-li-va-rendir-un-emotiu-homenatge\/\"},\"author\":{\"name\":\"useradmin\",\"@id\":\"https:\/\/www.museuolimpicbcn.cat\/ca\/#\/schema\/person\/d05705664e87aa04c6ce53d48133fb39\"},\"headline\":\"Vilaseca va presentar el seu llibre &#8216;Que consti en acta&#8217; i el Palacio Pedralbes, replet d&#8217;autoritats del m\u00f3n de la pol\u00edtica i l&#8217;esport, li va rendir un emotiu homenatge\",\"datePublished\":\"2014-10-27T23:00:00+00:00\",\"dateModified\":\"2014-10-27T23:00:00+00:00\",\"mainEntityOfPage\":{\"@id\":\"https:\/\/www.museuolimpicbcn.cat\/ca\/vilaseca-va-presentar-el-seu-llibre-que-consti-en-acta-i-el-palacio-pedralbes-replet-dautoritats-del-mon-de-la-politica-i-lesport-li-va-rendir-un-emotiu-homenatge\/\"},\"wordCount\":152,\"commentCount\":0,\"publisher\":{\"@id\":\"https:\/\/www.museuolimpicbcn.cat\/ca\/#organization\"},\"articleSection\":[\"Uncategorized @ca\"],\"inLanguage\":\"ca\",\"potentialAction\":[{\"@type\":\"CommentAction\",\"name\":\"Comment\",\"target\":[\"https:\/\/www.museuolimpicbcn.cat\/ca\/vilaseca-va-presentar-el-seu-llibre-que-consti-en-acta-i-el-palacio-pedralbes-replet-dautoritats-del-mon-de-la-politica-i-lesport-li-va-rendir-un-emotiu-homenatge\/#respond\"]}]},{\"@type\":\"WebPage\",\"@id\":\"https:\/\/www.museuolimpicbcn.cat\/ca\/vilaseca-va-presentar-el-seu-llibre-que-consti-en-acta-i-el-palacio-pedralbes-replet-dautoritats-del-mon-de-la-politica-i-lesport-li-va-rendir-un-emotiu-homenatge\/\",\"url\":\"https:\/\/www.museuolimpicbcn.cat\/ca\/vilaseca-va-presentar-el-seu-llibre-que-consti-en-acta-i-el-palacio-pedralbes-replet-dautoritats-del-mon-de-la-politica-i-lesport-li-va-rendir-un-emotiu-homenatge\/\",\"name\":\"Vilaseca va presentar el seu llibre 'Que consti en acta' i el Palacio Pedralbes, replet d'autoritats del m\u00f3n de la pol\u00edtica i l'esport, li va rendir un emotiu homenatge - Museu Ol\u00edmpic i de l&#039;Esport\",\"isPartOf\":{\"@id\":\"https:\/\/www.museuolimpicbcn.cat\/ca\/#website\"},\"datePublished\":\"2014-10-27T23:00:00+00:00\",\"dateModified\":\"2014-10-27T23:00:00+00:00\",\"breadcrumb\":{\"@id\":\"https:\/\/www.museuolimpicbcn.cat\/ca\/vilaseca-va-presentar-el-seu-llibre-que-consti-en-acta-i-el-palacio-pedralbes-replet-dautoritats-del-mon-de-la-politica-i-lesport-li-va-rendir-un-emotiu-homenatge\/#breadcrumb\"},\"inLanguage\":\"ca\",\"potentialAction\":[{\"@type\":\"ReadAction\",\"target\":[\"https:\/\/www.museuolimpicbcn.cat\/ca\/vilaseca-va-presentar-el-seu-llibre-que-consti-en-acta-i-el-palacio-pedralbes-replet-dautoritats-del-mon-de-la-politica-i-lesport-li-va-rendir-un-emotiu-homenatge\/\"]}]},{\"@type\":\"BreadcrumbList\",\"@id\":\"https:\/\/www.museuolimpicbcn.cat\/ca\/vilaseca-va-presentar-el-seu-llibre-que-consti-en-acta-i-el-palacio-pedralbes-replet-dautoritats-del-mon-de-la-politica-i-lesport-li-va-rendir-un-emotiu-homenatge\/#breadcrumb\",\"itemListElement\":[{\"@type\":\"ListItem\",\"position\":1,\"name\":\"Inici\",\"item\":\"https:\/\/www.museuolimpicbcn.cat\/es\/\"},{\"@type\":\"ListItem\",\"position\":2,\"name\":\"Vilaseca va presentar el seu llibre &#8216;Que consti en acta&#8217; i el Palacio Pedralbes, replet d&#8217;autoritats del m\u00f3n de la pol\u00edtica i l&#8217;esport, li va rendir un emotiu homenatge\"}]},{\"@type\":\"WebSite\",\"@id\":\"https:\/\/www.museuolimpicbcn.cat\/ca\/#website\",\"url\":\"https:\/\/www.museuolimpicbcn.cat\/ca\/\",\"name\":\"Museu Ol\u00edmpic i de l&#039;Esport\",\"description\":\"Altre lloc Web del Museu Ol\u00edmpic i de l&#039;Esport llocs\",\"publisher\":{\"@id\":\"https:\/\/www.museuolimpicbcn.cat\/ca\/#organization\"},\"potentialAction\":[{\"@type\":\"SearchAction\",\"target\":{\"@type\":\"EntryPoint\",\"urlTemplate\":\"https:\/\/www.museuolimpicbcn.cat\/ca\/?s={search_term_string}\"},\"query-input\":{\"@type\":\"PropertyValueSpecification\",\"valueRequired\":true,\"valueName\":\"search_term_string\"}}],\"inLanguage\":\"ca\"},{\"@type\":\"Organization\",\"@id\":\"https:\/\/www.museuolimpicbcn.cat\/ca\/#organization\",\"name\":\"Museu Ol\u00edmpic i de l&#039;Esport\",\"url\":\"https:\/\/www.museuolimpicbcn.cat\/ca\/\",\"logo\":{\"@type\":\"ImageObject\",\"inLanguage\":\"ca\",\"@id\":\"https:\/\/www.museuolimpicbcn.cat\/ca\/#\/schema\/logo\/image\/\",\"url\":\"https:\/\/www.museuolimpicbcn.cat\/wp-content\/uploads\/sites\/2\/2018\/12\/logo-moe-header.svg\",\"contentUrl\":\"https:\/\/www.museuolimpicbcn.cat\/wp-content\/uploads\/sites\/2\/2018\/12\/logo-moe-header.svg\",\"caption\":\"Museu Ol\u00edmpic i de l&#039;Esport\"},\"image\":{\"@id\":\"https:\/\/www.museuolimpicbcn.cat\/ca\/#\/schema\/logo\/image\/\"}},{\"@type\":\"Person\",\"@id\":\"https:\/\/www.museuolimpicbcn.cat\/ca\/#\/schema\/person\/d05705664e87aa04c6ce53d48133fb39\",\"name\":\"useradmin\",\"url\":\"https:\/\/www.museuolimpicbcn.cat\/ca\/author\/useradmin\/\"}]}<\/script>\n<!-- \/ Yoast SEO plugin. -->","yoast_head_json":{"title":"Vilaseca va presentar el seu llibre 'Que consti en acta' i el Palacio Pedralbes, replet d'autoritats del m\u00f3n de la pol\u00edtica i l'esport, li va rendir un emotiu homenatge - Museu Ol\u00edmpic i de l&#039;Esport","robots":{"index":"index","follow":"follow","max-snippet":"max-snippet:-1","max-image-preview":"max-image-preview:large","max-video-preview":"max-video-preview:-1"},"canonical":"https:\/\/www.museuolimpicbcn.cat\/ca\/vilaseca-va-presentar-el-seu-llibre-que-consti-en-acta-i-el-palacio-pedralbes-replet-dautoritats-del-mon-de-la-politica-i-lesport-li-va-rendir-un-emotiu-homenatge\/","og_locale":"ca_ES","og_type":"article","og_title":"Vilaseca va presentar el seu llibre 'Que consti en acta' i el Palacio Pedralbes, replet d'autoritats del m\u00f3n de la pol\u00edtica i l'esport, li va rendir un emotiu homenatge - Museu Ol\u00edmpic i de l&#039;Esport","og_description":"Josep Llu&iacute;s Vilaseca, patr&oacute; de la Fundaci&oacute; Barcelona Ol&iacute;mpica, ha estat un dels pesos pesats en la promoci&oacute; de l'esport a Catalunya. Va ser part, com Secretari General de l&rsquo;Esport, de l'equip propulsor de la candidatura de Barcelona 92. Vilaseca tamb&eacute; ha estat president de la Comissi&oacute; de Control i Disciplina de la UEFA i &eacute;s membre de la directiva del Bar&ccedil;a i del COE. Tota una vida dedicada a l'esport i el seu bon funcionament. &nbsp;","og_url":"https:\/\/www.museuolimpicbcn.cat\/ca\/vilaseca-va-presentar-el-seu-llibre-que-consti-en-acta-i-el-palacio-pedralbes-replet-dautoritats-del-mon-de-la-politica-i-lesport-li-va-rendir-un-emotiu-homenatge\/","og_site_name":"Museu Ol\u00edmpic i de l&#039;Esport","article_published_time":"2014-10-27T23:00:00+00:00","author":"useradmin","twitter_card":"summary_large_image","twitter_misc":{"Escrit per":"useradmin","Temps estimat de lectura":"1 minut"},"schema":{"@context":"https:\/\/schema.org","@graph":[{"@type":"Article","@id":"https:\/\/www.museuolimpicbcn.cat\/ca\/vilaseca-va-presentar-el-seu-llibre-que-consti-en-acta-i-el-palacio-pedralbes-replet-dautoritats-del-mon-de-la-politica-i-lesport-li-va-rendir-un-emotiu-homenatge\/#article","isPartOf":{"@id":"https:\/\/www.museuolimpicbcn.cat\/ca\/vilaseca-va-presentar-el-seu-llibre-que-consti-en-acta-i-el-palacio-pedralbes-replet-dautoritats-del-mon-de-la-politica-i-lesport-li-va-rendir-un-emotiu-homenatge\/"},"author":{"name":"useradmin","@id":"https:\/\/www.museuolimpicbcn.cat\/ca\/#\/schema\/person\/d05705664e87aa04c6ce53d48133fb39"},"headline":"Vilaseca va presentar el seu llibre &#8216;Que consti en acta&#8217; i el Palacio Pedralbes, replet d&#8217;autoritats del m\u00f3n de la pol\u00edtica i l&#8217;esport, li va rendir un emotiu homenatge","datePublished":"2014-10-27T23:00:00+00:00","dateModified":"2014-10-27T23:00:00+00:00","mainEntityOfPage":{"@id":"https:\/\/www.museuolimpicbcn.cat\/ca\/vilaseca-va-presentar-el-seu-llibre-que-consti-en-acta-i-el-palacio-pedralbes-replet-dautoritats-del-mon-de-la-politica-i-lesport-li-va-rendir-un-emotiu-homenatge\/"},"wordCount":152,"commentCount":0,"publisher":{"@id":"https:\/\/www.museuolimpicbcn.cat\/ca\/#organization"},"articleSection":["Uncategorized @ca"],"inLanguage":"ca","potentialAction":[{"@type":"CommentAction","name":"Comment","target":["https:\/\/www.museuolimpicbcn.cat\/ca\/vilaseca-va-presentar-el-seu-llibre-que-consti-en-acta-i-el-palacio-pedralbes-replet-dautoritats-del-mon-de-la-politica-i-lesport-li-va-rendir-un-emotiu-homenatge\/#respond"]}]},{"@type":"WebPage","@id":"https:\/\/www.museuolimpicbcn.cat\/ca\/vilaseca-va-presentar-el-seu-llibre-que-consti-en-acta-i-el-palacio-pedralbes-replet-dautoritats-del-mon-de-la-politica-i-lesport-li-va-rendir-un-emotiu-homenatge\/","url":"https:\/\/www.museuolimpicbcn.cat\/ca\/vilaseca-va-presentar-el-seu-llibre-que-consti-en-acta-i-el-palacio-pedralbes-replet-dautoritats-del-mon-de-la-politica-i-lesport-li-va-rendir-un-emotiu-homenatge\/","name":"Vilaseca va presentar el seu llibre 'Que consti en acta' i el Palacio Pedralbes, replet d'autoritats del m\u00f3n de la pol\u00edtica i l'esport, li va rendir un emotiu homenatge - Museu Ol\u00edmpic i de l&#039;Esport","isPartOf":{"@id":"https:\/\/www.museuolimpicbcn.cat\/ca\/#website"},"datePublished":"2014-10-27T23:00:00+00:00","dateModified":"2014-10-27T23:00:00+00:00","breadcrumb":{"@id":"https:\/\/www.museuolimpicbcn.cat\/ca\/vilaseca-va-presentar-el-seu-llibre-que-consti-en-acta-i-el-palacio-pedralbes-replet-dautoritats-del-mon-de-la-politica-i-lesport-li-va-rendir-un-emotiu-homenatge\/#breadcrumb"},"inLanguage":"ca","potentialAction":[{"@type":"ReadAction","target":["https:\/\/www.museuolimpicbcn.cat\/ca\/vilaseca-va-presentar-el-seu-llibre-que-consti-en-acta-i-el-palacio-pedralbes-replet-dautoritats-del-mon-de-la-politica-i-lesport-li-va-rendir-un-emotiu-homenatge\/"]}]},{"@type":"BreadcrumbList","@id":"https:\/\/www.museuolimpicbcn.cat\/ca\/vilaseca-va-presentar-el-seu-llibre-que-consti-en-acta-i-el-palacio-pedralbes-replet-dautoritats-del-mon-de-la-politica-i-lesport-li-va-rendir-un-emotiu-homenatge\/#breadcrumb","itemListElement":[{"@type":"ListItem","position":1,"name":"Inici","item":"https:\/\/www.museuolimpicbcn.cat\/es\/"},{"@type":"ListItem","position":2,"name":"Vilaseca va presentar el seu llibre &#8216;Que consti en acta&#8217; i el Palacio Pedralbes, replet d&#8217;autoritats del m\u00f3n de la pol\u00edtica i l&#8217;esport, li va rendir un emotiu homenatge"}]},{"@type":"WebSite","@id":"https:\/\/www.museuolimpicbcn.cat\/ca\/#website","url":"https:\/\/www.museuolimpicbcn.cat\/ca\/","name":"Museu Ol\u00edmpic i de l&#039;Esport","description":"Altre lloc Web del Museu Ol\u00edmpic i de l&#039;Esport llocs","publisher":{"@id":"https:\/\/www.museuolimpicbcn.cat\/ca\/#organization"},"potentialAction":[{"@type":"SearchAction","target":{"@type":"EntryPoint","urlTemplate":"https:\/\/www.museuolimpicbcn.cat\/ca\/?s={search_term_string}"},"query-input":{"@type":"PropertyValueSpecification","valueRequired":true,"valueName":"search_term_string"}}],"inLanguage":"ca"},{"@type":"Organization","@id":"https:\/\/www.museuolimpicbcn.cat\/ca\/#organization","name":"Museu Ol\u00edmpic i de l&#039;Esport","url":"https:\/\/www.museuolimpicbcn.cat\/ca\/","logo":{"@type":"ImageObject","inLanguage":"ca","@id":"https:\/\/www.museuolimpicbcn.cat\/ca\/#\/schema\/logo\/image\/","url":"https:\/\/www.museuolimpicbcn.cat\/wp-content\/uploads\/sites\/2\/2018\/12\/logo-moe-header.svg","contentUrl":"https:\/\/www.museuolimpicbcn.cat\/wp-content\/uploads\/sites\/2\/2018\/12\/logo-moe-header.svg","caption":"Museu Ol\u00edmpic i de l&#039;Esport"},"image":{"@id":"https:\/\/www.museuolimpicbcn.cat\/ca\/#\/schema\/logo\/image\/"}},{"@type":"Person","@id":"https:\/\/www.museuolimpicbcn.cat\/ca\/#\/schema\/person\/d05705664e87aa04c6ce53d48133fb39","name":"useradmin","url":"https:\/\/www.museuolimpicbcn.cat\/ca\/author\/useradmin\/"}]}},"_links":{"self":[{"href":"https:\/\/www.museuolimpicbcn.cat\/ca\/wp-json\/wp\/v2\/posts\/11640"}],"collection":[{"href":"https:\/\/www.museuolimpicbcn.cat\/ca\/wp-json\/wp\/v2\/posts"}],"about":[{"href":"https:\/\/www.museuolimpicbcn.cat\/ca\/wp-json\/wp\/v2\/types\/post"}],"author":[{"embeddable":true,"href":"https:\/\/www.museuolimpicbcn.cat\/ca\/wp-json\/wp\/v2\/users\/1"}],"replies":[{"embeddable":true,"href":"https:\/\/www.museuolimpicbcn.cat\/ca\/wp-json\/wp\/v2\/comments?post=11640"}],"version-history":[{"count":0,"href":"https:\/\/www.museuolimpicbcn.cat\/ca\/wp-json\/wp\/v2\/posts\/11640\/revisions"}],"wp:attachment":[{"href":"https:\/\/www.museuolimpicbcn.cat\/ca\/wp-json\/wp\/v2\/media?parent=11640"}],"wp:term":[{"taxonomy":"category","embeddable":true,"href":"https:\/\/www.museuolimpicbcn.cat\/ca\/wp-json\/wp\/v2\/categories?post=11640"},{"taxonomy":"post_tag","embeddable":true,"href":"https:\/\/www.museuolimpicbcn.cat\/ca\/wp-json\/wp\/v2\/tags?post=11640"}],"curies":[{"name":"wp","href":"https:\/\/api.w.org\/{rel}","templated":true}]}}