{"id":11661,"date":"2014-11-06T00:00:00","date_gmt":"2014-11-05T23:00:00","guid":{"rendered":"http:\/\/dev.museuolimpicbcn.cat\/la-federacio-dentitats-excursionistes-de-catalunya-feec-amb-la-col%c2%b7laboracio-de-la-fundacio-barcelona-olimpica-va-commemorar-al-museu-olimpic-i-de-lesport-joan-antoni-samar\/"},"modified":"2014-11-06T00:00:00","modified_gmt":"2014-11-05T23:00:00","slug":"la-federacio-dentitats-excursionistes-de-catalunya-feec-amb-la-col%c2%b7laboracio-de-la-fundacio-barcelona-olimpica-va-commemorar-al-museu-olimpic-i-de-lesport-joan-antoni-samar","status":"publish","type":"post","link":"https:\/\/www.museuolimpicbcn.cat\/ca\/la-federacio-dentitats-excursionistes-de-catalunya-feec-amb-la-col%c2%b7laboracio-de-la-fundacio-barcelona-olimpica-va-commemorar-al-museu-olimpic-i-de-lesport-joan-antoni-samar\/","title":{"rendered":"La Federaci\u00f3 d\u2019Entitats Excursionistes de Catalunya (FEEC), amb la col\u00b7laboraci\u00f3 de la Fundaci\u00f3 Barcelona Ol\u00edmpica, va commemorar, al Museu Ol\u00edmpic i de l\u2019Esport Joan Antoni Samaranch, el quarant\u00e8 aniversari de la primera expedici\u00f3 catalana que va pujar a l\u2019Annapurna"},"content":{"rendered":"<p>L&rsquo;Annapurna I ocupa la desena posici&oacute; en el r&agrave;nquing dels 14 vuitmils que hi ha al m&oacute;n, per&ograve; els diferents cims que formen el mass&iacute;s del Annapurna fan que sigui considerada una de les muntanyes m&eacute;s perilloses d&rsquo;escalar en tota la Terra.<\/p>\n<p>&nbsp;<\/p>\n","protected":false},"excerpt":{"rendered":"<p>Els alpinistes Jordi Pons, Josep Manuel Anglada i Emili Civis van escalar el 29 d&rsquo;abril de 1974 el cim verge de l&rsquo;Annapurna Est (8.026 m &#8211; Nepal) i es van convertir en els primers alpinistes catalans, i tamb&eacute; de la resta de l&rsquo;Estat, juntament amb Xavi P&eacute;rez, Antoni Villena, Mari&agrave; Anglada, Manuel Mart&iacute;n, Enric Benavent i Eduard Blanchard, que assolien una muntanya de m&eacute;s de vuit mil metres.<\/p>\n<p>&nbsp;<\/p>\n","protected":false},"author":1,"featured_media":0,"comment_status":"open","ping_status":"open","sticky":false,"template":"","format":"standard","meta":{"_acf_changed":false,"_price":"","_stock":"","_tribe_ticket_header":"","_tribe_default_ticket_provider":"","_tribe_ticket_capacity":"0","_ticket_start_date":"","_ticket_end_date":"","_tribe_ticket_show_description":"","_tribe_ticket_show_not_going":false,"_tribe_ticket_use_global_stock":"","_tribe_ticket_global_stock_level":"","_global_stock_mode":"","_global_stock_cap":"","_tribe_rsvp_for_event":"","_tribe_ticket_going_count":"","_tribe_ticket_not_going_count":"","_tribe_tickets_list":"[]","_tribe_ticket_has_attendee_info_fields":false,"footnotes":""},"categories":[1],"tags":[],"class_list":["post-11661","post","type-post","status-publish","format-standard","hentry","category-uncategorized-ca"],"acf":[],"yoast_head":"<!-- This site is optimized with the Yoast SEO plugin v23.7 - https:\/\/yoast.com\/wordpress\/plugins\/seo\/ -->\n<title>La Federaci\u00f3 d\u2019Entitats Excursionistes de Catalunya (FEEC), amb la col\u00b7laboraci\u00f3 de la Fundaci\u00f3 Barcelona Ol\u00edmpica, va commemorar, al Museu Ol\u00edmpic i de l\u2019Esport Joan Antoni Samaranch, el quarant\u00e8 aniversari de la primera expedici\u00f3 catalana que va pujar a l\u2019Annapurna - Museu Ol\u00edmpic i de l&#039;Esport<\/title>\n<meta name=\"robots\" content=\"index, follow, max-snippet:-1, max-image-preview:large, max-video-preview:-1\" \/>\n<link rel=\"canonical\" href=\"https:\/\/www.museuolimpicbcn.cat\/ca\/la-federacio-dentitats-excursionistes-de-catalunya-feec-amb-la-col\u00b7laboracio-de-la-fundacio-barcelona-olimpica-va-commemorar-al-museu-olimpic-i-de-lesport-joan-antoni-samar\/\" \/>\n<meta property=\"og:locale\" content=\"ca_ES\" \/>\n<meta property=\"og:type\" content=\"article\" \/>\n<meta property=\"og:title\" content=\"La Federaci\u00f3 d\u2019Entitats Excursionistes de Catalunya (FEEC), amb la col\u00b7laboraci\u00f3 de la Fundaci\u00f3 Barcelona Ol\u00edmpica, va commemorar, al Museu Ol\u00edmpic i de l\u2019Esport Joan Antoni Samaranch, el quarant\u00e8 aniversari de la primera expedici\u00f3 catalana que va pujar a l\u2019Annapurna - Museu Ol\u00edmpic i de l&#039;Esport\" \/>\n<meta property=\"og:description\" content=\"Els alpinistes Jordi Pons, Josep Manuel Anglada i Emili Civis van escalar el 29 d&rsquo;abril de 1974 el cim verge de l&rsquo;Annapurna Est (8.026 m - Nepal) i es van convertir en els primers alpinistes catalans, i tamb&eacute; de la resta de l&rsquo;Estat, juntament amb Xavi P&eacute;rez, Antoni Villena, Mari&agrave; Anglada, Manuel Mart&iacute;n, Enric Benavent i Eduard Blanchard, que assolien una muntanya de m&eacute;s de vuit mil metres. &nbsp;\" \/>\n<meta property=\"og:url\" content=\"https:\/\/www.museuolimpicbcn.cat\/ca\/la-federacio-dentitats-excursionistes-de-catalunya-feec-amb-la-col\u00b7laboracio-de-la-fundacio-barcelona-olimpica-va-commemorar-al-museu-olimpic-i-de-lesport-joan-antoni-samar\/\" \/>\n<meta property=\"og:site_name\" content=\"Museu Ol\u00edmpic i de l&#039;Esport\" \/>\n<meta property=\"article:published_time\" content=\"2014-11-05T23:00:00+00:00\" \/>\n<meta name=\"author\" content=\"useradmin\" \/>\n<meta name=\"twitter:card\" content=\"summary_large_image\" \/>\n<meta name=\"twitter:label1\" content=\"Escrit per\" \/>\n\t<meta name=\"twitter:data1\" content=\"useradmin\" \/>\n<script type=\"application\/ld+json\" class=\"yoast-schema-graph\">{\"@context\":\"https:\/\/schema.org\",\"@graph\":[{\"@type\":\"Article\",\"@id\":\"https:\/\/www.museuolimpicbcn.cat\/ca\/la-federacio-dentitats-excursionistes-de-catalunya-feec-amb-la-col%c2%b7laboracio-de-la-fundacio-barcelona-olimpica-va-commemorar-al-museu-olimpic-i-de-lesport-joan-antoni-samar\/#article\",\"isPartOf\":{\"@id\":\"https:\/\/www.museuolimpicbcn.cat\/ca\/la-federacio-dentitats-excursionistes-de-catalunya-feec-amb-la-col%c2%b7laboracio-de-la-fundacio-barcelona-olimpica-va-commemorar-al-museu-olimpic-i-de-lesport-joan-antoni-samar\/\"},\"author\":{\"name\":\"useradmin\",\"@id\":\"https:\/\/www.museuolimpicbcn.cat\/ca\/#\/schema\/person\/d05705664e87aa04c6ce53d48133fb39\"},\"headline\":\"La Federaci\u00f3 d\u2019Entitats Excursionistes de Catalunya (FEEC), amb la col\u00b7laboraci\u00f3 de la Fundaci\u00f3 Barcelona Ol\u00edmpica, va commemorar, al Museu Ol\u00edmpic i de l\u2019Esport Joan Antoni Samaranch, el quarant\u00e8 aniversari de la primera expedici\u00f3 catalana que va pujar a l\u2019Annapurna\",\"datePublished\":\"2014-11-05T23:00:00+00:00\",\"dateModified\":\"2014-11-05T23:00:00+00:00\",\"mainEntityOfPage\":{\"@id\":\"https:\/\/www.museuolimpicbcn.cat\/ca\/la-federacio-dentitats-excursionistes-de-catalunya-feec-amb-la-col%c2%b7laboracio-de-la-fundacio-barcelona-olimpica-va-commemorar-al-museu-olimpic-i-de-lesport-joan-antoni-samar\/\"},\"wordCount\":101,\"commentCount\":0,\"publisher\":{\"@id\":\"https:\/\/www.museuolimpicbcn.cat\/ca\/#organization\"},\"articleSection\":[\"Uncategorized @ca\"],\"inLanguage\":\"ca\",\"potentialAction\":[{\"@type\":\"CommentAction\",\"name\":\"Comment\",\"target\":[\"https:\/\/www.museuolimpicbcn.cat\/ca\/la-federacio-dentitats-excursionistes-de-catalunya-feec-amb-la-col%c2%b7laboracio-de-la-fundacio-barcelona-olimpica-va-commemorar-al-museu-olimpic-i-de-lesport-joan-antoni-samar\/#respond\"]}]},{\"@type\":\"WebPage\",\"@id\":\"https:\/\/www.museuolimpicbcn.cat\/ca\/la-federacio-dentitats-excursionistes-de-catalunya-feec-amb-la-col%c2%b7laboracio-de-la-fundacio-barcelona-olimpica-va-commemorar-al-museu-olimpic-i-de-lesport-joan-antoni-samar\/\",\"url\":\"https:\/\/www.museuolimpicbcn.cat\/ca\/la-federacio-dentitats-excursionistes-de-catalunya-feec-amb-la-col%c2%b7laboracio-de-la-fundacio-barcelona-olimpica-va-commemorar-al-museu-olimpic-i-de-lesport-joan-antoni-samar\/\",\"name\":\"La Federaci\u00f3 d\u2019Entitats Excursionistes de Catalunya (FEEC), amb la col\u00b7laboraci\u00f3 de la Fundaci\u00f3 Barcelona Ol\u00edmpica, va commemorar, al Museu Ol\u00edmpic i de l\u2019Esport Joan Antoni Samaranch, el quarant\u00e8 aniversari de la primera expedici\u00f3 catalana que va pujar a l\u2019Annapurna - Museu Ol\u00edmpic i de l&#039;Esport\",\"isPartOf\":{\"@id\":\"https:\/\/www.museuolimpicbcn.cat\/ca\/#website\"},\"datePublished\":\"2014-11-05T23:00:00+00:00\",\"dateModified\":\"2014-11-05T23:00:00+00:00\",\"breadcrumb\":{\"@id\":\"https:\/\/www.museuolimpicbcn.cat\/ca\/la-federacio-dentitats-excursionistes-de-catalunya-feec-amb-la-col%c2%b7laboracio-de-la-fundacio-barcelona-olimpica-va-commemorar-al-museu-olimpic-i-de-lesport-joan-antoni-samar\/#breadcrumb\"},\"inLanguage\":\"ca\",\"potentialAction\":[{\"@type\":\"ReadAction\",\"target\":[\"https:\/\/www.museuolimpicbcn.cat\/ca\/la-federacio-dentitats-excursionistes-de-catalunya-feec-amb-la-col%c2%b7laboracio-de-la-fundacio-barcelona-olimpica-va-commemorar-al-museu-olimpic-i-de-lesport-joan-antoni-samar\/\"]}]},{\"@type\":\"BreadcrumbList\",\"@id\":\"https:\/\/www.museuolimpicbcn.cat\/ca\/la-federacio-dentitats-excursionistes-de-catalunya-feec-amb-la-col%c2%b7laboracio-de-la-fundacio-barcelona-olimpica-va-commemorar-al-museu-olimpic-i-de-lesport-joan-antoni-samar\/#breadcrumb\",\"itemListElement\":[{\"@type\":\"ListItem\",\"position\":1,\"name\":\"Inici\",\"item\":\"https:\/\/www.museuolimpicbcn.cat\/es\/\"},{\"@type\":\"ListItem\",\"position\":2,\"name\":\"La Federaci\u00f3 d\u2019Entitats Excursionistes de Catalunya (FEEC), amb la col\u00b7laboraci\u00f3 de la Fundaci\u00f3 Barcelona Ol\u00edmpica, va commemorar, al Museu Ol\u00edmpic i de l\u2019Esport Joan Antoni Samaranch, el quarant\u00e8 aniversari de la primera expedici\u00f3 catalana que va pujar a l\u2019Annapurna\"}]},{\"@type\":\"WebSite\",\"@id\":\"https:\/\/www.museuolimpicbcn.cat\/ca\/#website\",\"url\":\"https:\/\/www.museuolimpicbcn.cat\/ca\/\",\"name\":\"Museu Ol\u00edmpic i de l&#039;Esport\",\"description\":\"Altre lloc Web del Museu Ol\u00edmpic i de l&#039;Esport llocs\",\"publisher\":{\"@id\":\"https:\/\/www.museuolimpicbcn.cat\/ca\/#organization\"},\"potentialAction\":[{\"@type\":\"SearchAction\",\"target\":{\"@type\":\"EntryPoint\",\"urlTemplate\":\"https:\/\/www.museuolimpicbcn.cat\/ca\/?s={search_term_string}\"},\"query-input\":{\"@type\":\"PropertyValueSpecification\",\"valueRequired\":true,\"valueName\":\"search_term_string\"}}],\"inLanguage\":\"ca\"},{\"@type\":\"Organization\",\"@id\":\"https:\/\/www.museuolimpicbcn.cat\/ca\/#organization\",\"name\":\"Museu Ol\u00edmpic i de l&#039;Esport\",\"url\":\"https:\/\/www.museuolimpicbcn.cat\/ca\/\",\"logo\":{\"@type\":\"ImageObject\",\"inLanguage\":\"ca\",\"@id\":\"https:\/\/www.museuolimpicbcn.cat\/ca\/#\/schema\/logo\/image\/\",\"url\":\"https:\/\/www.museuolimpicbcn.cat\/wp-content\/uploads\/sites\/2\/2018\/12\/logo-moe-header.svg\",\"contentUrl\":\"https:\/\/www.museuolimpicbcn.cat\/wp-content\/uploads\/sites\/2\/2018\/12\/logo-moe-header.svg\",\"caption\":\"Museu Ol\u00edmpic i de l&#039;Esport\"},\"image\":{\"@id\":\"https:\/\/www.museuolimpicbcn.cat\/ca\/#\/schema\/logo\/image\/\"}},{\"@type\":\"Person\",\"@id\":\"https:\/\/www.museuolimpicbcn.cat\/ca\/#\/schema\/person\/d05705664e87aa04c6ce53d48133fb39\",\"name\":\"useradmin\",\"url\":\"https:\/\/www.museuolimpicbcn.cat\/ca\/author\/useradmin\/\"}]}<\/script>\n<!-- \/ Yoast SEO plugin. -->","yoast_head_json":{"title":"La Federaci\u00f3 d\u2019Entitats Excursionistes de Catalunya (FEEC), amb la col\u00b7laboraci\u00f3 de la Fundaci\u00f3 Barcelona Ol\u00edmpica, va commemorar, al Museu Ol\u00edmpic i de l\u2019Esport Joan Antoni Samaranch, el quarant\u00e8 aniversari de la primera expedici\u00f3 catalana que va pujar a l\u2019Annapurna - Museu Ol\u00edmpic i de l&#039;Esport","robots":{"index":"index","follow":"follow","max-snippet":"max-snippet:-1","max-image-preview":"max-image-preview:large","max-video-preview":"max-video-preview:-1"},"canonical":"https:\/\/www.museuolimpicbcn.cat\/ca\/la-federacio-dentitats-excursionistes-de-catalunya-feec-amb-la-col\u00b7laboracio-de-la-fundacio-barcelona-olimpica-va-commemorar-al-museu-olimpic-i-de-lesport-joan-antoni-samar\/","og_locale":"ca_ES","og_type":"article","og_title":"La Federaci\u00f3 d\u2019Entitats Excursionistes de Catalunya (FEEC), amb la col\u00b7laboraci\u00f3 de la Fundaci\u00f3 Barcelona Ol\u00edmpica, va commemorar, al Museu Ol\u00edmpic i de l\u2019Esport Joan Antoni Samaranch, el quarant\u00e8 aniversari de la primera expedici\u00f3 catalana que va pujar a l\u2019Annapurna - Museu Ol\u00edmpic i de l&#039;Esport","og_description":"Els alpinistes Jordi Pons, Josep Manuel Anglada i Emili Civis van escalar el 29 d&rsquo;abril de 1974 el cim verge de l&rsquo;Annapurna Est (8.026 m - Nepal) i es van convertir en els primers alpinistes catalans, i tamb&eacute; de la resta de l&rsquo;Estat, juntament amb Xavi P&eacute;rez, Antoni Villena, Mari&agrave; Anglada, Manuel Mart&iacute;n, Enric Benavent i Eduard Blanchard, que assolien una muntanya de m&eacute;s de vuit mil metres. &nbsp;","og_url":"https:\/\/www.museuolimpicbcn.cat\/ca\/la-federacio-dentitats-excursionistes-de-catalunya-feec-amb-la-col\u00b7laboracio-de-la-fundacio-barcelona-olimpica-va-commemorar-al-museu-olimpic-i-de-lesport-joan-antoni-samar\/","og_site_name":"Museu Ol\u00edmpic i de l&#039;Esport","article_published_time":"2014-11-05T23:00:00+00:00","author":"useradmin","twitter_card":"summary_large_image","twitter_misc":{"Escrit per":"useradmin"},"schema":{"@context":"https:\/\/schema.org","@graph":[{"@type":"Article","@id":"https:\/\/www.museuolimpicbcn.cat\/ca\/la-federacio-dentitats-excursionistes-de-catalunya-feec-amb-la-col%c2%b7laboracio-de-la-fundacio-barcelona-olimpica-va-commemorar-al-museu-olimpic-i-de-lesport-joan-antoni-samar\/#article","isPartOf":{"@id":"https:\/\/www.museuolimpicbcn.cat\/ca\/la-federacio-dentitats-excursionistes-de-catalunya-feec-amb-la-col%c2%b7laboracio-de-la-fundacio-barcelona-olimpica-va-commemorar-al-museu-olimpic-i-de-lesport-joan-antoni-samar\/"},"author":{"name":"useradmin","@id":"https:\/\/www.museuolimpicbcn.cat\/ca\/#\/schema\/person\/d05705664e87aa04c6ce53d48133fb39"},"headline":"La Federaci\u00f3 d\u2019Entitats Excursionistes de Catalunya (FEEC), amb la col\u00b7laboraci\u00f3 de la Fundaci\u00f3 Barcelona Ol\u00edmpica, va commemorar, al Museu Ol\u00edmpic i de l\u2019Esport Joan Antoni Samaranch, el quarant\u00e8 aniversari de la primera expedici\u00f3 catalana que va pujar a l\u2019Annapurna","datePublished":"2014-11-05T23:00:00+00:00","dateModified":"2014-11-05T23:00:00+00:00","mainEntityOfPage":{"@id":"https:\/\/www.museuolimpicbcn.cat\/ca\/la-federacio-dentitats-excursionistes-de-catalunya-feec-amb-la-col%c2%b7laboracio-de-la-fundacio-barcelona-olimpica-va-commemorar-al-museu-olimpic-i-de-lesport-joan-antoni-samar\/"},"wordCount":101,"commentCount":0,"publisher":{"@id":"https:\/\/www.museuolimpicbcn.cat\/ca\/#organization"},"articleSection":["Uncategorized @ca"],"inLanguage":"ca","potentialAction":[{"@type":"CommentAction","name":"Comment","target":["https:\/\/www.museuolimpicbcn.cat\/ca\/la-federacio-dentitats-excursionistes-de-catalunya-feec-amb-la-col%c2%b7laboracio-de-la-fundacio-barcelona-olimpica-va-commemorar-al-museu-olimpic-i-de-lesport-joan-antoni-samar\/#respond"]}]},{"@type":"WebPage","@id":"https:\/\/www.museuolimpicbcn.cat\/ca\/la-federacio-dentitats-excursionistes-de-catalunya-feec-amb-la-col%c2%b7laboracio-de-la-fundacio-barcelona-olimpica-va-commemorar-al-museu-olimpic-i-de-lesport-joan-antoni-samar\/","url":"https:\/\/www.museuolimpicbcn.cat\/ca\/la-federacio-dentitats-excursionistes-de-catalunya-feec-amb-la-col%c2%b7laboracio-de-la-fundacio-barcelona-olimpica-va-commemorar-al-museu-olimpic-i-de-lesport-joan-antoni-samar\/","name":"La Federaci\u00f3 d\u2019Entitats Excursionistes de Catalunya (FEEC), amb la col\u00b7laboraci\u00f3 de la Fundaci\u00f3 Barcelona Ol\u00edmpica, va commemorar, al Museu Ol\u00edmpic i de l\u2019Esport Joan Antoni Samaranch, el quarant\u00e8 aniversari de la primera expedici\u00f3 catalana que va pujar a l\u2019Annapurna - Museu Ol\u00edmpic i de l&#039;Esport","isPartOf":{"@id":"https:\/\/www.museuolimpicbcn.cat\/ca\/#website"},"datePublished":"2014-11-05T23:00:00+00:00","dateModified":"2014-11-05T23:00:00+00:00","breadcrumb":{"@id":"https:\/\/www.museuolimpicbcn.cat\/ca\/la-federacio-dentitats-excursionistes-de-catalunya-feec-amb-la-col%c2%b7laboracio-de-la-fundacio-barcelona-olimpica-va-commemorar-al-museu-olimpic-i-de-lesport-joan-antoni-samar\/#breadcrumb"},"inLanguage":"ca","potentialAction":[{"@type":"ReadAction","target":["https:\/\/www.museuolimpicbcn.cat\/ca\/la-federacio-dentitats-excursionistes-de-catalunya-feec-amb-la-col%c2%b7laboracio-de-la-fundacio-barcelona-olimpica-va-commemorar-al-museu-olimpic-i-de-lesport-joan-antoni-samar\/"]}]},{"@type":"BreadcrumbList","@id":"https:\/\/www.museuolimpicbcn.cat\/ca\/la-federacio-dentitats-excursionistes-de-catalunya-feec-amb-la-col%c2%b7laboracio-de-la-fundacio-barcelona-olimpica-va-commemorar-al-museu-olimpic-i-de-lesport-joan-antoni-samar\/#breadcrumb","itemListElement":[{"@type":"ListItem","position":1,"name":"Inici","item":"https:\/\/www.museuolimpicbcn.cat\/es\/"},{"@type":"ListItem","position":2,"name":"La Federaci\u00f3 d\u2019Entitats Excursionistes de Catalunya (FEEC), amb la col\u00b7laboraci\u00f3 de la Fundaci\u00f3 Barcelona Ol\u00edmpica, va commemorar, al Museu Ol\u00edmpic i de l\u2019Esport Joan Antoni Samaranch, el quarant\u00e8 aniversari de la primera expedici\u00f3 catalana que va pujar a l\u2019Annapurna"}]},{"@type":"WebSite","@id":"https:\/\/www.museuolimpicbcn.cat\/ca\/#website","url":"https:\/\/www.museuolimpicbcn.cat\/ca\/","name":"Museu Ol\u00edmpic i de l&#039;Esport","description":"Altre lloc Web del Museu Ol\u00edmpic i de l&#039;Esport llocs","publisher":{"@id":"https:\/\/www.museuolimpicbcn.cat\/ca\/#organization"},"potentialAction":[{"@type":"SearchAction","target":{"@type":"EntryPoint","urlTemplate":"https:\/\/www.museuolimpicbcn.cat\/ca\/?s={search_term_string}"},"query-input":{"@type":"PropertyValueSpecification","valueRequired":true,"valueName":"search_term_string"}}],"inLanguage":"ca"},{"@type":"Organization","@id":"https:\/\/www.museuolimpicbcn.cat\/ca\/#organization","name":"Museu Ol\u00edmpic i de l&#039;Esport","url":"https:\/\/www.museuolimpicbcn.cat\/ca\/","logo":{"@type":"ImageObject","inLanguage":"ca","@id":"https:\/\/www.museuolimpicbcn.cat\/ca\/#\/schema\/logo\/image\/","url":"https:\/\/www.museuolimpicbcn.cat\/wp-content\/uploads\/sites\/2\/2018\/12\/logo-moe-header.svg","contentUrl":"https:\/\/www.museuolimpicbcn.cat\/wp-content\/uploads\/sites\/2\/2018\/12\/logo-moe-header.svg","caption":"Museu Ol\u00edmpic i de l&#039;Esport"},"image":{"@id":"https:\/\/www.museuolimpicbcn.cat\/ca\/#\/schema\/logo\/image\/"}},{"@type":"Person","@id":"https:\/\/www.museuolimpicbcn.cat\/ca\/#\/schema\/person\/d05705664e87aa04c6ce53d48133fb39","name":"useradmin","url":"https:\/\/www.museuolimpicbcn.cat\/ca\/author\/useradmin\/"}]}},"_links":{"self":[{"href":"https:\/\/www.museuolimpicbcn.cat\/ca\/wp-json\/wp\/v2\/posts\/11661"}],"collection":[{"href":"https:\/\/www.museuolimpicbcn.cat\/ca\/wp-json\/wp\/v2\/posts"}],"about":[{"href":"https:\/\/www.museuolimpicbcn.cat\/ca\/wp-json\/wp\/v2\/types\/post"}],"author":[{"embeddable":true,"href":"https:\/\/www.museuolimpicbcn.cat\/ca\/wp-json\/wp\/v2\/users\/1"}],"replies":[{"embeddable":true,"href":"https:\/\/www.museuolimpicbcn.cat\/ca\/wp-json\/wp\/v2\/comments?post=11661"}],"version-history":[{"count":0,"href":"https:\/\/www.museuolimpicbcn.cat\/ca\/wp-json\/wp\/v2\/posts\/11661\/revisions"}],"wp:attachment":[{"href":"https:\/\/www.museuolimpicbcn.cat\/ca\/wp-json\/wp\/v2\/media?parent=11661"}],"wp:term":[{"taxonomy":"category","embeddable":true,"href":"https:\/\/www.museuolimpicbcn.cat\/ca\/wp-json\/wp\/v2\/categories?post=11661"},{"taxonomy":"post_tag","embeddable":true,"href":"https:\/\/www.museuolimpicbcn.cat\/ca\/wp-json\/wp\/v2\/tags?post=11661"}],"curies":[{"name":"wp","href":"https:\/\/api.w.org\/{rel}","templated":true}]}}