{"id":11733,"date":"2014-11-26T00:00:00","date_gmt":"2014-11-25T23:00:00","guid":{"rendered":"http:\/\/dev.museuolimpicbcn.cat\/indescat-va-lliurar-els-premis-empresa-i-esport-a-la-innovacio-la-internacionalitzacio-i-el-partenariat-que-enguany-han-celebrat-la-segona-edicio\/"},"modified":"2014-11-26T00:00:00","modified_gmt":"2014-11-25T23:00:00","slug":"indescat-va-lliurar-els-premis-empresa-i-esport-a-la-innovacio-la-internacionalitzacio-i-el-partenariat-que-enguany-han-celebrat-la-segona-edicio","status":"publish","type":"post","link":"https:\/\/www.museuolimpicbcn.cat\/ca\/indescat-va-lliurar-els-premis-empresa-i-esport-a-la-innovacio-la-internacionalitzacio-i-el-partenariat-que-enguany-han-celebrat-la-segona-edicio\/","title":{"rendered":"INDESCAT va lliurar els Premis Empresa i Esport a la Innovaci\u00f3, la Internacionalitzaci\u00f3 i el Partenariat, que enguany han celebrat la segona edici\u00f3"},"content":{"rendered":"<p><strong>Premis Empresa i Esport 2014<\/strong><\/p>\n<p>El premi<strong> Empresa i Esport a la Innovaci&oacute;<\/strong> va ser atorgat a <strong>Bioiberica<\/strong>, empresa biotecnol&ograve;gica creada el 1975 especialitzada en la investigaci&oacute;, fabricaci&oacute; i comercializaci&oacute; de biomol&middot;l&egrave;cules per a la ind&uacute;stria farmac&egrave;utica, veterin&agrave;ria i agr&iacute;cola<\/p>\n<p>El premi&nbsp;<strong>Empresa i Esport a la Internacionalitzaci&oacute;<\/strong>, va ser per al <strong>Johan Cruyff Institute<\/strong>, un centre de formaci&oacute; amb seu a Barcelona que ha aconseguit internacionalitzar-se tant pel que fa als alumnes d&rsquo;arreu del m&oacute;n i que segueixen els cursos online o presencialment a la capital catalana, com obrint centres a l&rsquo;estranger i impartint classes a l&rsquo;estranger.<\/p>\n<p>El premi <strong>Empresa i Esport al Partenariat<\/strong> va ser atorgat al projecte &ldquo;<strong>Salut<\/strong>&rdquo;,&nbsp; liderat per <strong>Fluidra<\/strong>, empresa multinacional amb seu a Catalunya dedicada al desenvolupament d&rsquo;aplicacions per a l&rsquo;&uacute;s sostenible de l&rsquo;aigua, conjuntament amb la <strong>Universitat Aut&ograve;noma de Barcelona, l&#8217;Hospital Cl&iacute;nic de Barcelona i el Club Nataci&oacute; Atl&egrave;tic Barceloneta<\/strong>. Es tracta d&rsquo;un projecte de recerca en qu&egrave; participen un club esportiu, una empresa, una universitat i un hospital, en una col&middot;laboraci&oacute; que el jurat ha valorat ben positivament.<\/p>\n<p>El <strong>comit&egrave; avaluador dels Premis Empresa i Esport<\/strong> va estar format per dos representants d&#8217;INDESCAT, un representant de la Secretaria General de l&#8217;Esport, un representant del Departament d&#8217;Empresa i Ocupaci&oacute; &ndash; ACCI&Oacute;, i dos representants del m&oacute;n universitari vinculat a l&#8217;esport, la Fundaci&oacute; Blanquerna (Universitat Ramon Llull), i la Barcelona School of Management (Universitat Pompeu Fabra).<\/p>\n<p>&nbsp;<\/p>\n","protected":false},"excerpt":{"rendered":"<p>El cl&uacute;ster catal&agrave; de la ind&uacute;stria de l&rsquo;esport, <strong>INDESCAT<\/strong>, va lliurar per segon any consecutiu els Premis Empresa i Esport amb l&rsquo;objectiu de recon&egrave;ixer els tres projectes del sector esportiu m&eacute;s destacats en els &agrave;mbits de la innovaci&oacute;, la internacionalitzaci&oacute; i el partenariat. L&rsquo;acte va estar presidit&nbsp; per <strong>Joan Porcar<\/strong>&nbsp; president d&rsquo;INDESCAT; <strong>Ivan Tibau<\/strong>, secretari general de l&rsquo;Esport; <strong>N&uacute;ria Betriu,<\/strong> consellera delegada d&rsquo;ACCI&Oacute;;&nbsp; <strong>Xavier Amador,<\/strong> director de Relacions Institucionals de l&rsquo;&Agrave;rea de Qualitat de Vida, Igualtat i Esports de l&rsquo;Ajuntament de Barcelona i <strong>Gerard Esteva,<\/strong> president de la Uni&oacute; de Federacions Esportives de Catalunya.<\/p>\n","protected":false},"author":1,"featured_media":0,"comment_status":"open","ping_status":"open","sticky":false,"template":"","format":"standard","meta":{"_acf_changed":false,"_price":"","_stock":"","_tribe_ticket_header":"","_tribe_default_ticket_provider":"","_tribe_ticket_capacity":"0","_ticket_start_date":"","_ticket_end_date":"","_tribe_ticket_show_description":"","_tribe_ticket_show_not_going":false,"_tribe_ticket_use_global_stock":"","_tribe_ticket_global_stock_level":"","_global_stock_mode":"","_global_stock_cap":"","_tribe_rsvp_for_event":"","_tribe_ticket_going_count":"","_tribe_ticket_not_going_count":"","_tribe_tickets_list":"[]","_tribe_ticket_has_attendee_info_fields":false,"footnotes":""},"categories":[1],"tags":[],"class_list":["post-11733","post","type-post","status-publish","format-standard","hentry","category-uncategorized-ca"],"acf":[],"yoast_head":"<!-- This site is optimized with the Yoast SEO plugin v23.7 - https:\/\/yoast.com\/wordpress\/plugins\/seo\/ -->\n<title>INDESCAT va lliurar els Premis Empresa i Esport a la Innovaci\u00f3, la Internacionalitzaci\u00f3 i el Partenariat, que enguany han celebrat la segona edici\u00f3 - Museu Ol\u00edmpic i de l&#039;Esport<\/title>\n<meta name=\"robots\" content=\"index, follow, max-snippet:-1, max-image-preview:large, max-video-preview:-1\" \/>\n<link rel=\"canonical\" href=\"https:\/\/www.museuolimpicbcn.cat\/ca\/indescat-va-lliurar-els-premis-empresa-i-esport-a-la-innovacio-la-internacionalitzacio-i-el-partenariat-que-enguany-han-celebrat-la-segona-edicio\/\" \/>\n<meta property=\"og:locale\" content=\"ca_ES\" \/>\n<meta property=\"og:type\" content=\"article\" \/>\n<meta property=\"og:title\" content=\"INDESCAT va lliurar els Premis Empresa i Esport a la Innovaci\u00f3, la Internacionalitzaci\u00f3 i el Partenariat, que enguany han celebrat la segona edici\u00f3 - Museu Ol\u00edmpic i de l&#039;Esport\" \/>\n<meta property=\"og:description\" content=\"El cl&uacute;ster catal&agrave; de la ind&uacute;stria de l&rsquo;esport, INDESCAT, va lliurar per segon any consecutiu els Premis Empresa i Esport amb l&rsquo;objectiu de recon&egrave;ixer els tres projectes del sector esportiu m&eacute;s destacats en els &agrave;mbits de la innovaci&oacute;, la internacionalitzaci&oacute; i el partenariat. L&rsquo;acte va estar presidit&nbsp; per Joan Porcar&nbsp; president d&rsquo;INDESCAT; Ivan Tibau, secretari general de l&rsquo;Esport; N&uacute;ria Betriu, consellera delegada d&rsquo;ACCI&Oacute;;&nbsp; Xavier Amador, director de Relacions Institucionals de l&rsquo;&Agrave;rea de Qualitat de Vida, Igualtat i Esports de l&rsquo;Ajuntament de Barcelona i Gerard Esteva, president de la Uni&oacute; de Federacions Esportives de Catalunya.\" \/>\n<meta property=\"og:url\" content=\"https:\/\/www.museuolimpicbcn.cat\/ca\/indescat-va-lliurar-els-premis-empresa-i-esport-a-la-innovacio-la-internacionalitzacio-i-el-partenariat-que-enguany-han-celebrat-la-segona-edicio\/\" \/>\n<meta property=\"og:site_name\" content=\"Museu Ol\u00edmpic i de l&#039;Esport\" \/>\n<meta property=\"article:published_time\" content=\"2014-11-25T23:00:00+00:00\" \/>\n<meta name=\"author\" content=\"useradmin\" \/>\n<meta name=\"twitter:card\" content=\"summary_large_image\" \/>\n<meta name=\"twitter:label1\" content=\"Escrit per\" \/>\n\t<meta name=\"twitter:data1\" content=\"useradmin\" \/>\n\t<meta name=\"twitter:label2\" content=\"Temps estimat de lectura\" \/>\n\t<meta name=\"twitter:data2\" content=\"1 minut\" \/>\n<script type=\"application\/ld+json\" class=\"yoast-schema-graph\">{\"@context\":\"https:\/\/schema.org\",\"@graph\":[{\"@type\":\"Article\",\"@id\":\"https:\/\/www.museuolimpicbcn.cat\/ca\/indescat-va-lliurar-els-premis-empresa-i-esport-a-la-innovacio-la-internacionalitzacio-i-el-partenariat-que-enguany-han-celebrat-la-segona-edicio\/#article\",\"isPartOf\":{\"@id\":\"https:\/\/www.museuolimpicbcn.cat\/ca\/indescat-va-lliurar-els-premis-empresa-i-esport-a-la-innovacio-la-internacionalitzacio-i-el-partenariat-que-enguany-han-celebrat-la-segona-edicio\/\"},\"author\":{\"name\":\"useradmin\",\"@id\":\"https:\/\/www.museuolimpicbcn.cat\/ca\/#\/schema\/person\/d05705664e87aa04c6ce53d48133fb39\"},\"headline\":\"INDESCAT va lliurar els Premis Empresa i Esport a la Innovaci\u00f3, la Internacionalitzaci\u00f3 i el Partenariat, que enguany han celebrat la segona edici\u00f3\",\"datePublished\":\"2014-11-25T23:00:00+00:00\",\"dateModified\":\"2014-11-25T23:00:00+00:00\",\"mainEntityOfPage\":{\"@id\":\"https:\/\/www.museuolimpicbcn.cat\/ca\/indescat-va-lliurar-els-premis-empresa-i-esport-a-la-innovacio-la-internacionalitzacio-i-el-partenariat-que-enguany-han-celebrat-la-segona-edicio\/\"},\"wordCount\":312,\"commentCount\":0,\"publisher\":{\"@id\":\"https:\/\/www.museuolimpicbcn.cat\/ca\/#organization\"},\"articleSection\":[\"Uncategorized @ca\"],\"inLanguage\":\"ca\",\"potentialAction\":[{\"@type\":\"CommentAction\",\"name\":\"Comment\",\"target\":[\"https:\/\/www.museuolimpicbcn.cat\/ca\/indescat-va-lliurar-els-premis-empresa-i-esport-a-la-innovacio-la-internacionalitzacio-i-el-partenariat-que-enguany-han-celebrat-la-segona-edicio\/#respond\"]}]},{\"@type\":\"WebPage\",\"@id\":\"https:\/\/www.museuolimpicbcn.cat\/ca\/indescat-va-lliurar-els-premis-empresa-i-esport-a-la-innovacio-la-internacionalitzacio-i-el-partenariat-que-enguany-han-celebrat-la-segona-edicio\/\",\"url\":\"https:\/\/www.museuolimpicbcn.cat\/ca\/indescat-va-lliurar-els-premis-empresa-i-esport-a-la-innovacio-la-internacionalitzacio-i-el-partenariat-que-enguany-han-celebrat-la-segona-edicio\/\",\"name\":\"INDESCAT va lliurar els Premis Empresa i Esport a la Innovaci\u00f3, la Internacionalitzaci\u00f3 i el Partenariat, que enguany han celebrat la segona edici\u00f3 - Museu Ol\u00edmpic i de l&#039;Esport\",\"isPartOf\":{\"@id\":\"https:\/\/www.museuolimpicbcn.cat\/ca\/#website\"},\"datePublished\":\"2014-11-25T23:00:00+00:00\",\"dateModified\":\"2014-11-25T23:00:00+00:00\",\"breadcrumb\":{\"@id\":\"https:\/\/www.museuolimpicbcn.cat\/ca\/indescat-va-lliurar-els-premis-empresa-i-esport-a-la-innovacio-la-internacionalitzacio-i-el-partenariat-que-enguany-han-celebrat-la-segona-edicio\/#breadcrumb\"},\"inLanguage\":\"ca\",\"potentialAction\":[{\"@type\":\"ReadAction\",\"target\":[\"https:\/\/www.museuolimpicbcn.cat\/ca\/indescat-va-lliurar-els-premis-empresa-i-esport-a-la-innovacio-la-internacionalitzacio-i-el-partenariat-que-enguany-han-celebrat-la-segona-edicio\/\"]}]},{\"@type\":\"BreadcrumbList\",\"@id\":\"https:\/\/www.museuolimpicbcn.cat\/ca\/indescat-va-lliurar-els-premis-empresa-i-esport-a-la-innovacio-la-internacionalitzacio-i-el-partenariat-que-enguany-han-celebrat-la-segona-edicio\/#breadcrumb\",\"itemListElement\":[{\"@type\":\"ListItem\",\"position\":1,\"name\":\"Inici\",\"item\":\"https:\/\/www.museuolimpicbcn.cat\/es\/\"},{\"@type\":\"ListItem\",\"position\":2,\"name\":\"INDESCAT va lliurar els Premis Empresa i Esport a la Innovaci\u00f3, la Internacionalitzaci\u00f3 i el Partenariat, que enguany han celebrat la segona edici\u00f3\"}]},{\"@type\":\"WebSite\",\"@id\":\"https:\/\/www.museuolimpicbcn.cat\/ca\/#website\",\"url\":\"https:\/\/www.museuolimpicbcn.cat\/ca\/\",\"name\":\"Museu Ol\u00edmpic i de l&#039;Esport\",\"description\":\"Altre lloc Web del Museu Ol\u00edmpic i de l&#039;Esport llocs\",\"publisher\":{\"@id\":\"https:\/\/www.museuolimpicbcn.cat\/ca\/#organization\"},\"potentialAction\":[{\"@type\":\"SearchAction\",\"target\":{\"@type\":\"EntryPoint\",\"urlTemplate\":\"https:\/\/www.museuolimpicbcn.cat\/ca\/?s={search_term_string}\"},\"query-input\":{\"@type\":\"PropertyValueSpecification\",\"valueRequired\":true,\"valueName\":\"search_term_string\"}}],\"inLanguage\":\"ca\"},{\"@type\":\"Organization\",\"@id\":\"https:\/\/www.museuolimpicbcn.cat\/ca\/#organization\",\"name\":\"Museu Ol\u00edmpic i de l&#039;Esport\",\"url\":\"https:\/\/www.museuolimpicbcn.cat\/ca\/\",\"logo\":{\"@type\":\"ImageObject\",\"inLanguage\":\"ca\",\"@id\":\"https:\/\/www.museuolimpicbcn.cat\/ca\/#\/schema\/logo\/image\/\",\"url\":\"https:\/\/www.museuolimpicbcn.cat\/wp-content\/uploads\/sites\/2\/2018\/12\/logo-moe-header.svg\",\"contentUrl\":\"https:\/\/www.museuolimpicbcn.cat\/wp-content\/uploads\/sites\/2\/2018\/12\/logo-moe-header.svg\",\"caption\":\"Museu Ol\u00edmpic i de l&#039;Esport\"},\"image\":{\"@id\":\"https:\/\/www.museuolimpicbcn.cat\/ca\/#\/schema\/logo\/image\/\"}},{\"@type\":\"Person\",\"@id\":\"https:\/\/www.museuolimpicbcn.cat\/ca\/#\/schema\/person\/d05705664e87aa04c6ce53d48133fb39\",\"name\":\"useradmin\",\"url\":\"https:\/\/www.museuolimpicbcn.cat\/ca\/author\/useradmin\/\"}]}<\/script>\n<!-- \/ Yoast SEO plugin. -->","yoast_head_json":{"title":"INDESCAT va lliurar els Premis Empresa i Esport a la Innovaci\u00f3, la Internacionalitzaci\u00f3 i el Partenariat, que enguany han celebrat la segona edici\u00f3 - Museu Ol\u00edmpic i de l&#039;Esport","robots":{"index":"index","follow":"follow","max-snippet":"max-snippet:-1","max-image-preview":"max-image-preview:large","max-video-preview":"max-video-preview:-1"},"canonical":"https:\/\/www.museuolimpicbcn.cat\/ca\/indescat-va-lliurar-els-premis-empresa-i-esport-a-la-innovacio-la-internacionalitzacio-i-el-partenariat-que-enguany-han-celebrat-la-segona-edicio\/","og_locale":"ca_ES","og_type":"article","og_title":"INDESCAT va lliurar els Premis Empresa i Esport a la Innovaci\u00f3, la Internacionalitzaci\u00f3 i el Partenariat, que enguany han celebrat la segona edici\u00f3 - Museu Ol\u00edmpic i de l&#039;Esport","og_description":"El cl&uacute;ster catal&agrave; de la ind&uacute;stria de l&rsquo;esport, INDESCAT, va lliurar per segon any consecutiu els Premis Empresa i Esport amb l&rsquo;objectiu de recon&egrave;ixer els tres projectes del sector esportiu m&eacute;s destacats en els &agrave;mbits de la innovaci&oacute;, la internacionalitzaci&oacute; i el partenariat. L&rsquo;acte va estar presidit&nbsp; per Joan Porcar&nbsp; president d&rsquo;INDESCAT; Ivan Tibau, secretari general de l&rsquo;Esport; N&uacute;ria Betriu, consellera delegada d&rsquo;ACCI&Oacute;;&nbsp; Xavier Amador, director de Relacions Institucionals de l&rsquo;&Agrave;rea de Qualitat de Vida, Igualtat i Esports de l&rsquo;Ajuntament de Barcelona i Gerard Esteva, president de la Uni&oacute; de Federacions Esportives de Catalunya.","og_url":"https:\/\/www.museuolimpicbcn.cat\/ca\/indescat-va-lliurar-els-premis-empresa-i-esport-a-la-innovacio-la-internacionalitzacio-i-el-partenariat-que-enguany-han-celebrat-la-segona-edicio\/","og_site_name":"Museu Ol\u00edmpic i de l&#039;Esport","article_published_time":"2014-11-25T23:00:00+00:00","author":"useradmin","twitter_card":"summary_large_image","twitter_misc":{"Escrit per":"useradmin","Temps estimat de lectura":"1 minut"},"schema":{"@context":"https:\/\/schema.org","@graph":[{"@type":"Article","@id":"https:\/\/www.museuolimpicbcn.cat\/ca\/indescat-va-lliurar-els-premis-empresa-i-esport-a-la-innovacio-la-internacionalitzacio-i-el-partenariat-que-enguany-han-celebrat-la-segona-edicio\/#article","isPartOf":{"@id":"https:\/\/www.museuolimpicbcn.cat\/ca\/indescat-va-lliurar-els-premis-empresa-i-esport-a-la-innovacio-la-internacionalitzacio-i-el-partenariat-que-enguany-han-celebrat-la-segona-edicio\/"},"author":{"name":"useradmin","@id":"https:\/\/www.museuolimpicbcn.cat\/ca\/#\/schema\/person\/d05705664e87aa04c6ce53d48133fb39"},"headline":"INDESCAT va lliurar els Premis Empresa i Esport a la Innovaci\u00f3, la Internacionalitzaci\u00f3 i el Partenariat, que enguany han celebrat la segona edici\u00f3","datePublished":"2014-11-25T23:00:00+00:00","dateModified":"2014-11-25T23:00:00+00:00","mainEntityOfPage":{"@id":"https:\/\/www.museuolimpicbcn.cat\/ca\/indescat-va-lliurar-els-premis-empresa-i-esport-a-la-innovacio-la-internacionalitzacio-i-el-partenariat-que-enguany-han-celebrat-la-segona-edicio\/"},"wordCount":312,"commentCount":0,"publisher":{"@id":"https:\/\/www.museuolimpicbcn.cat\/ca\/#organization"},"articleSection":["Uncategorized @ca"],"inLanguage":"ca","potentialAction":[{"@type":"CommentAction","name":"Comment","target":["https:\/\/www.museuolimpicbcn.cat\/ca\/indescat-va-lliurar-els-premis-empresa-i-esport-a-la-innovacio-la-internacionalitzacio-i-el-partenariat-que-enguany-han-celebrat-la-segona-edicio\/#respond"]}]},{"@type":"WebPage","@id":"https:\/\/www.museuolimpicbcn.cat\/ca\/indescat-va-lliurar-els-premis-empresa-i-esport-a-la-innovacio-la-internacionalitzacio-i-el-partenariat-que-enguany-han-celebrat-la-segona-edicio\/","url":"https:\/\/www.museuolimpicbcn.cat\/ca\/indescat-va-lliurar-els-premis-empresa-i-esport-a-la-innovacio-la-internacionalitzacio-i-el-partenariat-que-enguany-han-celebrat-la-segona-edicio\/","name":"INDESCAT va lliurar els Premis Empresa i Esport a la Innovaci\u00f3, la Internacionalitzaci\u00f3 i el Partenariat, que enguany han celebrat la segona edici\u00f3 - Museu Ol\u00edmpic i de l&#039;Esport","isPartOf":{"@id":"https:\/\/www.museuolimpicbcn.cat\/ca\/#website"},"datePublished":"2014-11-25T23:00:00+00:00","dateModified":"2014-11-25T23:00:00+00:00","breadcrumb":{"@id":"https:\/\/www.museuolimpicbcn.cat\/ca\/indescat-va-lliurar-els-premis-empresa-i-esport-a-la-innovacio-la-internacionalitzacio-i-el-partenariat-que-enguany-han-celebrat-la-segona-edicio\/#breadcrumb"},"inLanguage":"ca","potentialAction":[{"@type":"ReadAction","target":["https:\/\/www.museuolimpicbcn.cat\/ca\/indescat-va-lliurar-els-premis-empresa-i-esport-a-la-innovacio-la-internacionalitzacio-i-el-partenariat-que-enguany-han-celebrat-la-segona-edicio\/"]}]},{"@type":"BreadcrumbList","@id":"https:\/\/www.museuolimpicbcn.cat\/ca\/indescat-va-lliurar-els-premis-empresa-i-esport-a-la-innovacio-la-internacionalitzacio-i-el-partenariat-que-enguany-han-celebrat-la-segona-edicio\/#breadcrumb","itemListElement":[{"@type":"ListItem","position":1,"name":"Inici","item":"https:\/\/www.museuolimpicbcn.cat\/es\/"},{"@type":"ListItem","position":2,"name":"INDESCAT va lliurar els Premis Empresa i Esport a la Innovaci\u00f3, la Internacionalitzaci\u00f3 i el Partenariat, que enguany han celebrat la segona edici\u00f3"}]},{"@type":"WebSite","@id":"https:\/\/www.museuolimpicbcn.cat\/ca\/#website","url":"https:\/\/www.museuolimpicbcn.cat\/ca\/","name":"Museu Ol\u00edmpic i de l&#039;Esport","description":"Altre lloc Web del Museu Ol\u00edmpic i de l&#039;Esport llocs","publisher":{"@id":"https:\/\/www.museuolimpicbcn.cat\/ca\/#organization"},"potentialAction":[{"@type":"SearchAction","target":{"@type":"EntryPoint","urlTemplate":"https:\/\/www.museuolimpicbcn.cat\/ca\/?s={search_term_string}"},"query-input":{"@type":"PropertyValueSpecification","valueRequired":true,"valueName":"search_term_string"}}],"inLanguage":"ca"},{"@type":"Organization","@id":"https:\/\/www.museuolimpicbcn.cat\/ca\/#organization","name":"Museu Ol\u00edmpic i de l&#039;Esport","url":"https:\/\/www.museuolimpicbcn.cat\/ca\/","logo":{"@type":"ImageObject","inLanguage":"ca","@id":"https:\/\/www.museuolimpicbcn.cat\/ca\/#\/schema\/logo\/image\/","url":"https:\/\/www.museuolimpicbcn.cat\/wp-content\/uploads\/sites\/2\/2018\/12\/logo-moe-header.svg","contentUrl":"https:\/\/www.museuolimpicbcn.cat\/wp-content\/uploads\/sites\/2\/2018\/12\/logo-moe-header.svg","caption":"Museu Ol\u00edmpic i de l&#039;Esport"},"image":{"@id":"https:\/\/www.museuolimpicbcn.cat\/ca\/#\/schema\/logo\/image\/"}},{"@type":"Person","@id":"https:\/\/www.museuolimpicbcn.cat\/ca\/#\/schema\/person\/d05705664e87aa04c6ce53d48133fb39","name":"useradmin","url":"https:\/\/www.museuolimpicbcn.cat\/ca\/author\/useradmin\/"}]}},"_links":{"self":[{"href":"https:\/\/www.museuolimpicbcn.cat\/ca\/wp-json\/wp\/v2\/posts\/11733"}],"collection":[{"href":"https:\/\/www.museuolimpicbcn.cat\/ca\/wp-json\/wp\/v2\/posts"}],"about":[{"href":"https:\/\/www.museuolimpicbcn.cat\/ca\/wp-json\/wp\/v2\/types\/post"}],"author":[{"embeddable":true,"href":"https:\/\/www.museuolimpicbcn.cat\/ca\/wp-json\/wp\/v2\/users\/1"}],"replies":[{"embeddable":true,"href":"https:\/\/www.museuolimpicbcn.cat\/ca\/wp-json\/wp\/v2\/comments?post=11733"}],"version-history":[{"count":0,"href":"https:\/\/www.museuolimpicbcn.cat\/ca\/wp-json\/wp\/v2\/posts\/11733\/revisions"}],"wp:attachment":[{"href":"https:\/\/www.museuolimpicbcn.cat\/ca\/wp-json\/wp\/v2\/media?parent=11733"}],"wp:term":[{"taxonomy":"category","embeddable":true,"href":"https:\/\/www.museuolimpicbcn.cat\/ca\/wp-json\/wp\/v2\/categories?post=11733"},{"taxonomy":"post_tag","embeddable":true,"href":"https:\/\/www.museuolimpicbcn.cat\/ca\/wp-json\/wp\/v2\/tags?post=11733"}],"curies":[{"name":"wp","href":"https:\/\/api.w.org\/{rel}","templated":true}]}}