{"id":12431,"date":"2015-10-13T00:00:00","date_gmt":"2015-10-12T22:00:00","guid":{"rendered":"http:\/\/dev.museuolimpicbcn.cat\/grigoris-georgious-guanyador-del-5e-concurs-internacional-dhumor-grafic-esportiu-ha-recollit-el-premi-de-ma-de-gerard-esteva-president-de-la-ufec-i-de-juli-pernas-director-de-la-fundacio\/"},"modified":"2015-10-13T00:00:00","modified_gmt":"2015-10-12T22:00:00","slug":"grigoris-georgious-guanyador-del-5e-concurs-internacional-dhumor-grafic-esportiu-ha-recollit-el-premi-de-ma-de-gerard-esteva-president-de-la-ufec-i-de-juli-pernas-director-de-la-fundacio","status":"publish","type":"post","link":"https:\/\/www.museuolimpicbcn.cat\/ca\/grigoris-georgious-guanyador-del-5e-concurs-internacional-dhumor-grafic-esportiu-ha-recollit-el-premi-de-ma-de-gerard-esteva-president-de-la-ufec-i-de-juli-pernas-director-de-la-fundacio\/","title":{"rendered":"Grigoris Georgious, guanyador del 5\u00e8 concurs internacional d\u2019Humor Gr\u00e0fic Esportiu ha recollit el premi de m\u00e0 de Gerard Esteva,  president de la UFEC, i de Juli Pernas, director de la Fundaci\u00f3 Barcelona Ol\u00edmpica"},"content":{"rendered":"<p>Les obres guanyadores, aix&iacute; com una selecci&oacute; dels millors dibuixos, es podran visitar a la sala d&rsquo;exposicions del Museu Ol&iacute;mpic i de l&rsquo;Esport Joan Antoni Samaranch fins &nbsp;l&rsquo;1 de novembre de 2015.<\/p>\n","protected":false},"excerpt":{"rendered":"<p>David Moner, president honor&iacute;fic de l&rsquo;UFEC i Marta Claris, gerent d&#8217;Esports de l&#8217;Ajuntament de Barcelona han estat els encarregats de donar els dos acc&egrave;ssits a Osvaldo DaCosta, i al representant del consolat d&#8217;Indon&egrave;sia en representaci&oacute; de Armen Hamonagan.<\/p>\n","protected":false},"author":1,"featured_media":0,"comment_status":"open","ping_status":"open","sticky":false,"template":"","format":"standard","meta":{"_acf_changed":false,"_price":"","_stock":"","_tribe_ticket_header":"","_tribe_default_ticket_provider":"","_tribe_ticket_capacity":"0","_ticket_start_date":"","_ticket_end_date":"","_tribe_ticket_show_description":"","_tribe_ticket_show_not_going":false,"_tribe_ticket_use_global_stock":"","_tribe_ticket_global_stock_level":"","_global_stock_mode":"","_global_stock_cap":"","_tribe_rsvp_for_event":"","_tribe_ticket_going_count":"","_tribe_ticket_not_going_count":"","_tribe_tickets_list":"[]","_tribe_ticket_has_attendee_info_fields":false,"footnotes":""},"categories":[1],"tags":[],"class_list":["post-12431","post","type-post","status-publish","format-standard","hentry","category-uncategorized-ca"],"acf":[],"yoast_head":"<!-- This site is optimized with the Yoast SEO plugin v23.7 - https:\/\/yoast.com\/wordpress\/plugins\/seo\/ -->\n<title>Grigoris Georgious, guanyador del 5\u00e8 concurs internacional d\u2019Humor Gr\u00e0fic Esportiu ha recollit el premi de m\u00e0 de Gerard Esteva, president de la UFEC, i de Juli Pernas, director de la Fundaci\u00f3 Barcelona Ol\u00edmpica - Museu Ol\u00edmpic i de l&#039;Esport<\/title>\n<meta name=\"robots\" content=\"index, follow, max-snippet:-1, max-image-preview:large, max-video-preview:-1\" \/>\n<link rel=\"canonical\" href=\"https:\/\/www.museuolimpicbcn.cat\/ca\/grigoris-georgious-guanyador-del-5e-concurs-internacional-dhumor-grafic-esportiu-ha-recollit-el-premi-de-ma-de-gerard-esteva-president-de-la-ufec-i-de-juli-pernas-director-de-la-fundacio\/\" \/>\n<meta property=\"og:locale\" content=\"ca_ES\" \/>\n<meta property=\"og:type\" content=\"article\" \/>\n<meta property=\"og:title\" content=\"Grigoris Georgious, guanyador del 5\u00e8 concurs internacional d\u2019Humor Gr\u00e0fic Esportiu ha recollit el premi de m\u00e0 de Gerard Esteva, president de la UFEC, i de Juli Pernas, director de la Fundaci\u00f3 Barcelona Ol\u00edmpica - Museu Ol\u00edmpic i de l&#039;Esport\" \/>\n<meta property=\"og:description\" content=\"David Moner, president honor&iacute;fic de l&rsquo;UFEC i Marta Claris, gerent d&#039;Esports de l&#039;Ajuntament de Barcelona han estat els encarregats de donar els dos acc&egrave;ssits a Osvaldo DaCosta, i al representant del consolat d&#039;Indon&egrave;sia en representaci&oacute; de Armen Hamonagan.\" \/>\n<meta property=\"og:url\" content=\"https:\/\/www.museuolimpicbcn.cat\/ca\/grigoris-georgious-guanyador-del-5e-concurs-internacional-dhumor-grafic-esportiu-ha-recollit-el-premi-de-ma-de-gerard-esteva-president-de-la-ufec-i-de-juli-pernas-director-de-la-fundacio\/\" \/>\n<meta property=\"og:site_name\" content=\"Museu Ol\u00edmpic i de l&#039;Esport\" \/>\n<meta property=\"article:published_time\" content=\"2015-10-12T22:00:00+00:00\" \/>\n<meta name=\"author\" content=\"useradmin\" \/>\n<meta name=\"twitter:card\" content=\"summary_large_image\" \/>\n<meta name=\"twitter:label1\" content=\"Escrit per\" \/>\n\t<meta name=\"twitter:data1\" content=\"useradmin\" \/>\n<script type=\"application\/ld+json\" class=\"yoast-schema-graph\">{\"@context\":\"https:\/\/schema.org\",\"@graph\":[{\"@type\":\"Article\",\"@id\":\"https:\/\/www.museuolimpicbcn.cat\/ca\/grigoris-georgious-guanyador-del-5e-concurs-internacional-dhumor-grafic-esportiu-ha-recollit-el-premi-de-ma-de-gerard-esteva-president-de-la-ufec-i-de-juli-pernas-director-de-la-fundacio\/#article\",\"isPartOf\":{\"@id\":\"https:\/\/www.museuolimpicbcn.cat\/ca\/grigoris-georgious-guanyador-del-5e-concurs-internacional-dhumor-grafic-esportiu-ha-recollit-el-premi-de-ma-de-gerard-esteva-president-de-la-ufec-i-de-juli-pernas-director-de-la-fundacio\/\"},\"author\":{\"name\":\"useradmin\",\"@id\":\"https:\/\/www.museuolimpicbcn.cat\/ca\/#\/schema\/person\/d05705664e87aa04c6ce53d48133fb39\"},\"headline\":\"Grigoris Georgious, guanyador del 5\u00e8 concurs internacional d\u2019Humor Gr\u00e0fic Esportiu ha recollit el premi de m\u00e0 de Gerard Esteva, president de la UFEC, i de Juli Pernas, director de la Fundaci\u00f3 Barcelona Ol\u00edmpica\",\"datePublished\":\"2015-10-12T22:00:00+00:00\",\"dateModified\":\"2015-10-12T22:00:00+00:00\",\"mainEntityOfPage\":{\"@id\":\"https:\/\/www.museuolimpicbcn.cat\/ca\/grigoris-georgious-guanyador-del-5e-concurs-internacional-dhumor-grafic-esportiu-ha-recollit-el-premi-de-ma-de-gerard-esteva-president-de-la-ufec-i-de-juli-pernas-director-de-la-fundacio\/\"},\"wordCount\":76,\"commentCount\":0,\"publisher\":{\"@id\":\"https:\/\/www.museuolimpicbcn.cat\/ca\/#organization\"},\"articleSection\":[\"Uncategorized @ca\"],\"inLanguage\":\"ca\",\"potentialAction\":[{\"@type\":\"CommentAction\",\"name\":\"Comment\",\"target\":[\"https:\/\/www.museuolimpicbcn.cat\/ca\/grigoris-georgious-guanyador-del-5e-concurs-internacional-dhumor-grafic-esportiu-ha-recollit-el-premi-de-ma-de-gerard-esteva-president-de-la-ufec-i-de-juli-pernas-director-de-la-fundacio\/#respond\"]}]},{\"@type\":\"WebPage\",\"@id\":\"https:\/\/www.museuolimpicbcn.cat\/ca\/grigoris-georgious-guanyador-del-5e-concurs-internacional-dhumor-grafic-esportiu-ha-recollit-el-premi-de-ma-de-gerard-esteva-president-de-la-ufec-i-de-juli-pernas-director-de-la-fundacio\/\",\"url\":\"https:\/\/www.museuolimpicbcn.cat\/ca\/grigoris-georgious-guanyador-del-5e-concurs-internacional-dhumor-grafic-esportiu-ha-recollit-el-premi-de-ma-de-gerard-esteva-president-de-la-ufec-i-de-juli-pernas-director-de-la-fundacio\/\",\"name\":\"Grigoris Georgious, guanyador del 5\u00e8 concurs internacional d\u2019Humor Gr\u00e0fic Esportiu ha recollit el premi de m\u00e0 de Gerard Esteva, president de la UFEC, i de Juli Pernas, director de la Fundaci\u00f3 Barcelona Ol\u00edmpica - Museu Ol\u00edmpic i de l&#039;Esport\",\"isPartOf\":{\"@id\":\"https:\/\/www.museuolimpicbcn.cat\/ca\/#website\"},\"datePublished\":\"2015-10-12T22:00:00+00:00\",\"dateModified\":\"2015-10-12T22:00:00+00:00\",\"breadcrumb\":{\"@id\":\"https:\/\/www.museuolimpicbcn.cat\/ca\/grigoris-georgious-guanyador-del-5e-concurs-internacional-dhumor-grafic-esportiu-ha-recollit-el-premi-de-ma-de-gerard-esteva-president-de-la-ufec-i-de-juli-pernas-director-de-la-fundacio\/#breadcrumb\"},\"inLanguage\":\"ca\",\"potentialAction\":[{\"@type\":\"ReadAction\",\"target\":[\"https:\/\/www.museuolimpicbcn.cat\/ca\/grigoris-georgious-guanyador-del-5e-concurs-internacional-dhumor-grafic-esportiu-ha-recollit-el-premi-de-ma-de-gerard-esteva-president-de-la-ufec-i-de-juli-pernas-director-de-la-fundacio\/\"]}]},{\"@type\":\"BreadcrumbList\",\"@id\":\"https:\/\/www.museuolimpicbcn.cat\/ca\/grigoris-georgious-guanyador-del-5e-concurs-internacional-dhumor-grafic-esportiu-ha-recollit-el-premi-de-ma-de-gerard-esteva-president-de-la-ufec-i-de-juli-pernas-director-de-la-fundacio\/#breadcrumb\",\"itemListElement\":[{\"@type\":\"ListItem\",\"position\":1,\"name\":\"Inici\",\"item\":\"https:\/\/www.museuolimpicbcn.cat\/es\/\"},{\"@type\":\"ListItem\",\"position\":2,\"name\":\"Grigoris Georgious, guanyador del 5\u00e8 concurs internacional d\u2019Humor Gr\u00e0fic Esportiu ha recollit el premi de m\u00e0 de Gerard Esteva, president de la UFEC, i de Juli Pernas, director de la Fundaci\u00f3 Barcelona Ol\u00edmpica\"}]},{\"@type\":\"WebSite\",\"@id\":\"https:\/\/www.museuolimpicbcn.cat\/ca\/#website\",\"url\":\"https:\/\/www.museuolimpicbcn.cat\/ca\/\",\"name\":\"Museu Ol\u00edmpic i de l&#039;Esport\",\"description\":\"Altre lloc Web del Museu Ol\u00edmpic i de l&#039;Esport llocs\",\"publisher\":{\"@id\":\"https:\/\/www.museuolimpicbcn.cat\/ca\/#organization\"},\"potentialAction\":[{\"@type\":\"SearchAction\",\"target\":{\"@type\":\"EntryPoint\",\"urlTemplate\":\"https:\/\/www.museuolimpicbcn.cat\/ca\/?s={search_term_string}\"},\"query-input\":{\"@type\":\"PropertyValueSpecification\",\"valueRequired\":true,\"valueName\":\"search_term_string\"}}],\"inLanguage\":\"ca\"},{\"@type\":\"Organization\",\"@id\":\"https:\/\/www.museuolimpicbcn.cat\/ca\/#organization\",\"name\":\"Museu Ol\u00edmpic i de l&#039;Esport\",\"url\":\"https:\/\/www.museuolimpicbcn.cat\/ca\/\",\"logo\":{\"@type\":\"ImageObject\",\"inLanguage\":\"ca\",\"@id\":\"https:\/\/www.museuolimpicbcn.cat\/ca\/#\/schema\/logo\/image\/\",\"url\":\"https:\/\/www.museuolimpicbcn.cat\/wp-content\/uploads\/sites\/2\/2018\/12\/logo-moe-header.svg\",\"contentUrl\":\"https:\/\/www.museuolimpicbcn.cat\/wp-content\/uploads\/sites\/2\/2018\/12\/logo-moe-header.svg\",\"caption\":\"Museu Ol\u00edmpic i de l&#039;Esport\"},\"image\":{\"@id\":\"https:\/\/www.museuolimpicbcn.cat\/ca\/#\/schema\/logo\/image\/\"}},{\"@type\":\"Person\",\"@id\":\"https:\/\/www.museuolimpicbcn.cat\/ca\/#\/schema\/person\/d05705664e87aa04c6ce53d48133fb39\",\"name\":\"useradmin\",\"url\":\"https:\/\/www.museuolimpicbcn.cat\/ca\/author\/useradmin\/\"}]}<\/script>\n<!-- \/ Yoast SEO plugin. -->","yoast_head_json":{"title":"Grigoris Georgious, guanyador del 5\u00e8 concurs internacional d\u2019Humor Gr\u00e0fic Esportiu ha recollit el premi de m\u00e0 de Gerard Esteva, president de la UFEC, i de Juli Pernas, director de la Fundaci\u00f3 Barcelona Ol\u00edmpica - Museu Ol\u00edmpic i de l&#039;Esport","robots":{"index":"index","follow":"follow","max-snippet":"max-snippet:-1","max-image-preview":"max-image-preview:large","max-video-preview":"max-video-preview:-1"},"canonical":"https:\/\/www.museuolimpicbcn.cat\/ca\/grigoris-georgious-guanyador-del-5e-concurs-internacional-dhumor-grafic-esportiu-ha-recollit-el-premi-de-ma-de-gerard-esteva-president-de-la-ufec-i-de-juli-pernas-director-de-la-fundacio\/","og_locale":"ca_ES","og_type":"article","og_title":"Grigoris Georgious, guanyador del 5\u00e8 concurs internacional d\u2019Humor Gr\u00e0fic Esportiu ha recollit el premi de m\u00e0 de Gerard Esteva, president de la UFEC, i de Juli Pernas, director de la Fundaci\u00f3 Barcelona Ol\u00edmpica - Museu Ol\u00edmpic i de l&#039;Esport","og_description":"David Moner, president honor&iacute;fic de l&rsquo;UFEC i Marta Claris, gerent d'Esports de l'Ajuntament de Barcelona han estat els encarregats de donar els dos acc&egrave;ssits a Osvaldo DaCosta, i al representant del consolat d'Indon&egrave;sia en representaci&oacute; de Armen Hamonagan.","og_url":"https:\/\/www.museuolimpicbcn.cat\/ca\/grigoris-georgious-guanyador-del-5e-concurs-internacional-dhumor-grafic-esportiu-ha-recollit-el-premi-de-ma-de-gerard-esteva-president-de-la-ufec-i-de-juli-pernas-director-de-la-fundacio\/","og_site_name":"Museu Ol\u00edmpic i de l&#039;Esport","article_published_time":"2015-10-12T22:00:00+00:00","author":"useradmin","twitter_card":"summary_large_image","twitter_misc":{"Escrit per":"useradmin"},"schema":{"@context":"https:\/\/schema.org","@graph":[{"@type":"Article","@id":"https:\/\/www.museuolimpicbcn.cat\/ca\/grigoris-georgious-guanyador-del-5e-concurs-internacional-dhumor-grafic-esportiu-ha-recollit-el-premi-de-ma-de-gerard-esteva-president-de-la-ufec-i-de-juli-pernas-director-de-la-fundacio\/#article","isPartOf":{"@id":"https:\/\/www.museuolimpicbcn.cat\/ca\/grigoris-georgious-guanyador-del-5e-concurs-internacional-dhumor-grafic-esportiu-ha-recollit-el-premi-de-ma-de-gerard-esteva-president-de-la-ufec-i-de-juli-pernas-director-de-la-fundacio\/"},"author":{"name":"useradmin","@id":"https:\/\/www.museuolimpicbcn.cat\/ca\/#\/schema\/person\/d05705664e87aa04c6ce53d48133fb39"},"headline":"Grigoris Georgious, guanyador del 5\u00e8 concurs internacional d\u2019Humor Gr\u00e0fic Esportiu ha recollit el premi de m\u00e0 de Gerard Esteva, president de la UFEC, i de Juli Pernas, director de la Fundaci\u00f3 Barcelona Ol\u00edmpica","datePublished":"2015-10-12T22:00:00+00:00","dateModified":"2015-10-12T22:00:00+00:00","mainEntityOfPage":{"@id":"https:\/\/www.museuolimpicbcn.cat\/ca\/grigoris-georgious-guanyador-del-5e-concurs-internacional-dhumor-grafic-esportiu-ha-recollit-el-premi-de-ma-de-gerard-esteva-president-de-la-ufec-i-de-juli-pernas-director-de-la-fundacio\/"},"wordCount":76,"commentCount":0,"publisher":{"@id":"https:\/\/www.museuolimpicbcn.cat\/ca\/#organization"},"articleSection":["Uncategorized @ca"],"inLanguage":"ca","potentialAction":[{"@type":"CommentAction","name":"Comment","target":["https:\/\/www.museuolimpicbcn.cat\/ca\/grigoris-georgious-guanyador-del-5e-concurs-internacional-dhumor-grafic-esportiu-ha-recollit-el-premi-de-ma-de-gerard-esteva-president-de-la-ufec-i-de-juli-pernas-director-de-la-fundacio\/#respond"]}]},{"@type":"WebPage","@id":"https:\/\/www.museuolimpicbcn.cat\/ca\/grigoris-georgious-guanyador-del-5e-concurs-internacional-dhumor-grafic-esportiu-ha-recollit-el-premi-de-ma-de-gerard-esteva-president-de-la-ufec-i-de-juli-pernas-director-de-la-fundacio\/","url":"https:\/\/www.museuolimpicbcn.cat\/ca\/grigoris-georgious-guanyador-del-5e-concurs-internacional-dhumor-grafic-esportiu-ha-recollit-el-premi-de-ma-de-gerard-esteva-president-de-la-ufec-i-de-juli-pernas-director-de-la-fundacio\/","name":"Grigoris Georgious, guanyador del 5\u00e8 concurs internacional d\u2019Humor Gr\u00e0fic Esportiu ha recollit el premi de m\u00e0 de Gerard Esteva, president de la UFEC, i de Juli Pernas, director de la Fundaci\u00f3 Barcelona Ol\u00edmpica - Museu Ol\u00edmpic i de l&#039;Esport","isPartOf":{"@id":"https:\/\/www.museuolimpicbcn.cat\/ca\/#website"},"datePublished":"2015-10-12T22:00:00+00:00","dateModified":"2015-10-12T22:00:00+00:00","breadcrumb":{"@id":"https:\/\/www.museuolimpicbcn.cat\/ca\/grigoris-georgious-guanyador-del-5e-concurs-internacional-dhumor-grafic-esportiu-ha-recollit-el-premi-de-ma-de-gerard-esteva-president-de-la-ufec-i-de-juli-pernas-director-de-la-fundacio\/#breadcrumb"},"inLanguage":"ca","potentialAction":[{"@type":"ReadAction","target":["https:\/\/www.museuolimpicbcn.cat\/ca\/grigoris-georgious-guanyador-del-5e-concurs-internacional-dhumor-grafic-esportiu-ha-recollit-el-premi-de-ma-de-gerard-esteva-president-de-la-ufec-i-de-juli-pernas-director-de-la-fundacio\/"]}]},{"@type":"BreadcrumbList","@id":"https:\/\/www.museuolimpicbcn.cat\/ca\/grigoris-georgious-guanyador-del-5e-concurs-internacional-dhumor-grafic-esportiu-ha-recollit-el-premi-de-ma-de-gerard-esteva-president-de-la-ufec-i-de-juli-pernas-director-de-la-fundacio\/#breadcrumb","itemListElement":[{"@type":"ListItem","position":1,"name":"Inici","item":"https:\/\/www.museuolimpicbcn.cat\/es\/"},{"@type":"ListItem","position":2,"name":"Grigoris Georgious, guanyador del 5\u00e8 concurs internacional d\u2019Humor Gr\u00e0fic Esportiu ha recollit el premi de m\u00e0 de Gerard Esteva, president de la UFEC, i de Juli Pernas, director de la Fundaci\u00f3 Barcelona Ol\u00edmpica"}]},{"@type":"WebSite","@id":"https:\/\/www.museuolimpicbcn.cat\/ca\/#website","url":"https:\/\/www.museuolimpicbcn.cat\/ca\/","name":"Museu Ol\u00edmpic i de l&#039;Esport","description":"Altre lloc Web del Museu Ol\u00edmpic i de l&#039;Esport llocs","publisher":{"@id":"https:\/\/www.museuolimpicbcn.cat\/ca\/#organization"},"potentialAction":[{"@type":"SearchAction","target":{"@type":"EntryPoint","urlTemplate":"https:\/\/www.museuolimpicbcn.cat\/ca\/?s={search_term_string}"},"query-input":{"@type":"PropertyValueSpecification","valueRequired":true,"valueName":"search_term_string"}}],"inLanguage":"ca"},{"@type":"Organization","@id":"https:\/\/www.museuolimpicbcn.cat\/ca\/#organization","name":"Museu Ol\u00edmpic i de l&#039;Esport","url":"https:\/\/www.museuolimpicbcn.cat\/ca\/","logo":{"@type":"ImageObject","inLanguage":"ca","@id":"https:\/\/www.museuolimpicbcn.cat\/ca\/#\/schema\/logo\/image\/","url":"https:\/\/www.museuolimpicbcn.cat\/wp-content\/uploads\/sites\/2\/2018\/12\/logo-moe-header.svg","contentUrl":"https:\/\/www.museuolimpicbcn.cat\/wp-content\/uploads\/sites\/2\/2018\/12\/logo-moe-header.svg","caption":"Museu Ol\u00edmpic i de l&#039;Esport"},"image":{"@id":"https:\/\/www.museuolimpicbcn.cat\/ca\/#\/schema\/logo\/image\/"}},{"@type":"Person","@id":"https:\/\/www.museuolimpicbcn.cat\/ca\/#\/schema\/person\/d05705664e87aa04c6ce53d48133fb39","name":"useradmin","url":"https:\/\/www.museuolimpicbcn.cat\/ca\/author\/useradmin\/"}]}},"_links":{"self":[{"href":"https:\/\/www.museuolimpicbcn.cat\/ca\/wp-json\/wp\/v2\/posts\/12431"}],"collection":[{"href":"https:\/\/www.museuolimpicbcn.cat\/ca\/wp-json\/wp\/v2\/posts"}],"about":[{"href":"https:\/\/www.museuolimpicbcn.cat\/ca\/wp-json\/wp\/v2\/types\/post"}],"author":[{"embeddable":true,"href":"https:\/\/www.museuolimpicbcn.cat\/ca\/wp-json\/wp\/v2\/users\/1"}],"replies":[{"embeddable":true,"href":"https:\/\/www.museuolimpicbcn.cat\/ca\/wp-json\/wp\/v2\/comments?post=12431"}],"version-history":[{"count":0,"href":"https:\/\/www.museuolimpicbcn.cat\/ca\/wp-json\/wp\/v2\/posts\/12431\/revisions"}],"wp:attachment":[{"href":"https:\/\/www.museuolimpicbcn.cat\/ca\/wp-json\/wp\/v2\/media?parent=12431"}],"wp:term":[{"taxonomy":"category","embeddable":true,"href":"https:\/\/www.museuolimpicbcn.cat\/ca\/wp-json\/wp\/v2\/categories?post=12431"},{"taxonomy":"post_tag","embeddable":true,"href":"https:\/\/www.museuolimpicbcn.cat\/ca\/wp-json\/wp\/v2\/tags?post=12431"}],"curies":[{"name":"wp","href":"https:\/\/api.w.org\/{rel}","templated":true}]}}