{"id":12452,"date":"2015-10-15T00:00:00","date_gmt":"2015-10-14T22:00:00","guid":{"rendered":"http:\/\/dev.museuolimpicbcn.cat\/les-xarxes-socials-han-cobert-la-jornada-de-mati-de-la-xi-edicio-del-forum-olimpic\/"},"modified":"2015-10-15T00:00:00","modified_gmt":"2015-10-14T22:00:00","slug":"les-xarxes-socials-han-cobert-la-jornada-de-mati-de-la-xi-edicio-del-forum-olimpic","status":"publish","type":"post","link":"https:\/\/www.museuolimpicbcn.cat\/ca\/les-xarxes-socials-han-cobert-la-jornada-de-mati-de-la-xi-edicio-del-forum-olimpic\/","title":{"rendered":"Les Xarxes Socials han cobert la jornada de mat\u00ed de la XI edici\u00f3 del F\u00f2rum Ol\u00edmpic."},"content":{"rendered":"<p>Despr&eacute;s de l&#8217;obertura de la jornada matinal del F&ograve;rum Ol&iacute;mpic, han arribat les pon&egrave;ncies d&#8217;Emilio Fern&agrave;ndez, professor de la UAB, que ens ha mostrat la realitat de les xarxes socials. Per la seva banda Jana Garcia, directora de projectes esportius i socials d&rsquo;ITIK, ha remarcat la versatilitat i varietat de xarxes i els seus usos dins del &ldquo;Social Sport&rdquo;. Per finalitzar la taula rodona composta pel periodista Jaume Soler, la responsable de comunicaci&oacute; de la UFEC, Ver&ograve;nica Caro, i Joan Mayol, representant de Fasttriatlon, ens ha marcat tres dels vessants d&#8217;&uacute;s de les xarxes socials.<\/p>\n<p>Veronica, de la Uni&oacute; de Federacions Esportives de Catalunya, ha destacat el seu &uacute;s de visibilitat per a aquells esports i federacions a les quals ells donen suport i a les quals els proporcionen una miqueta de visibilitat en els mitjans de comunicaci&oacute;. Per la seva banda, Joan Mayol ha explicat com a trav&eacute;s de les xarxes socials neix un club anomenat Fasttriatlon, que va iniciar la seva marxa gr&agrave;cies a Facebook sota la iniciativa d&#8217;Albert Parre&ntilde;o. Avui dia gr&agrave;cies a m&eacute;s dels seus 200 socis ja tenen seu social. Finalment, i per acabar la jornada, Jaume Soler ha explicat com ha canviat en l&#8217;&uacute;ltima d&egrave;cada la vida d&#8217;un periodista esportiu gr&agrave;cies, o malgrat, a les xarxes socials.<\/p>\n","protected":false},"excerpt":{"rendered":"<p>Rom&agrave; Cuy&agrave;s, exsecretari d&#8217;Estat per a l&#8217;Esport; Gerard Esteva, president de la UFEC, Santiago Siquier, representant territorial de la Generalitat i Marta Carranza, comissionada d&#8217;Esports de l&#8217;Ajuntament de Barcelona, han estat els encarregats d&#8217;obrir les jornades d&#8217;aquesta XI edici&oacute; del F&ograve;rum Ol&iacute;mpic.<\/p>\n<p>&nbsp;<\/p>\n","protected":false},"author":1,"featured_media":0,"comment_status":"open","ping_status":"open","sticky":false,"template":"","format":"standard","meta":{"_acf_changed":false,"_price":"","_stock":"","_tribe_ticket_header":"","_tribe_default_ticket_provider":"","_tribe_ticket_capacity":"0","_ticket_start_date":"","_ticket_end_date":"","_tribe_ticket_show_description":"","_tribe_ticket_show_not_going":false,"_tribe_ticket_use_global_stock":"","_tribe_ticket_global_stock_level":"","_global_stock_mode":"","_global_stock_cap":"","_tribe_rsvp_for_event":"","_tribe_ticket_going_count":"","_tribe_ticket_not_going_count":"","_tribe_tickets_list":"[]","_tribe_ticket_has_attendee_info_fields":false,"footnotes":""},"categories":[1],"tags":[],"class_list":["post-12452","post","type-post","status-publish","format-standard","hentry","category-uncategorized-ca"],"acf":[],"yoast_head":"<!-- This site is optimized with the Yoast SEO plugin v23.7 - https:\/\/yoast.com\/wordpress\/plugins\/seo\/ -->\n<title>Les Xarxes Socials han cobert la jornada de mat\u00ed de la XI edici\u00f3 del F\u00f2rum Ol\u00edmpic. - Museu Ol\u00edmpic i de l&#039;Esport<\/title>\n<meta name=\"robots\" content=\"index, follow, max-snippet:-1, max-image-preview:large, max-video-preview:-1\" \/>\n<link rel=\"canonical\" href=\"https:\/\/www.museuolimpicbcn.cat\/ca\/les-xarxes-socials-han-cobert-la-jornada-de-mati-de-la-xi-edicio-del-forum-olimpic\/\" \/>\n<meta property=\"og:locale\" content=\"ca_ES\" \/>\n<meta property=\"og:type\" content=\"article\" \/>\n<meta property=\"og:title\" content=\"Les Xarxes Socials han cobert la jornada de mat\u00ed de la XI edici\u00f3 del F\u00f2rum Ol\u00edmpic. - Museu Ol\u00edmpic i de l&#039;Esport\" \/>\n<meta property=\"og:description\" content=\"Rom&agrave; Cuy&agrave;s, exsecretari d&#039;Estat per a l&#039;Esport; Gerard Esteva, president de la UFEC, Santiago Siquier, representant territorial de la Generalitat i Marta Carranza, comissionada d&#039;Esports de l&#039;Ajuntament de Barcelona, han estat els encarregats d&#039;obrir les jornades d&#039;aquesta XI edici&oacute; del F&ograve;rum Ol&iacute;mpic. &nbsp;\" \/>\n<meta property=\"og:url\" content=\"https:\/\/www.museuolimpicbcn.cat\/ca\/les-xarxes-socials-han-cobert-la-jornada-de-mati-de-la-xi-edicio-del-forum-olimpic\/\" \/>\n<meta property=\"og:site_name\" content=\"Museu Ol\u00edmpic i de l&#039;Esport\" \/>\n<meta property=\"article:published_time\" content=\"2015-10-14T22:00:00+00:00\" \/>\n<meta name=\"author\" content=\"useradmin\" \/>\n<meta name=\"twitter:card\" content=\"summary_large_image\" \/>\n<meta name=\"twitter:label1\" content=\"Escrit per\" \/>\n\t<meta name=\"twitter:data1\" content=\"useradmin\" \/>\n\t<meta name=\"twitter:label2\" content=\"Temps estimat de lectura\" \/>\n\t<meta name=\"twitter:data2\" content=\"1 minut\" \/>\n<script type=\"application\/ld+json\" class=\"yoast-schema-graph\">{\"@context\":\"https:\/\/schema.org\",\"@graph\":[{\"@type\":\"Article\",\"@id\":\"https:\/\/www.museuolimpicbcn.cat\/ca\/les-xarxes-socials-han-cobert-la-jornada-de-mati-de-la-xi-edicio-del-forum-olimpic\/#article\",\"isPartOf\":{\"@id\":\"https:\/\/www.museuolimpicbcn.cat\/ca\/les-xarxes-socials-han-cobert-la-jornada-de-mati-de-la-xi-edicio-del-forum-olimpic\/\"},\"author\":{\"name\":\"useradmin\",\"@id\":\"https:\/\/www.museuolimpicbcn.cat\/ca\/#\/schema\/person\/d05705664e87aa04c6ce53d48133fb39\"},\"headline\":\"Les Xarxes Socials han cobert la jornada de mat\u00ed de la XI edici\u00f3 del F\u00f2rum Ol\u00edmpic.\",\"datePublished\":\"2015-10-14T22:00:00+00:00\",\"dateModified\":\"2015-10-14T22:00:00+00:00\",\"mainEntityOfPage\":{\"@id\":\"https:\/\/www.museuolimpicbcn.cat\/ca\/les-xarxes-socials-han-cobert-la-jornada-de-mati-de-la-xi-edicio-del-forum-olimpic\/\"},\"wordCount\":268,\"commentCount\":0,\"publisher\":{\"@id\":\"https:\/\/www.museuolimpicbcn.cat\/ca\/#organization\"},\"articleSection\":[\"Uncategorized @ca\"],\"inLanguage\":\"ca\",\"potentialAction\":[{\"@type\":\"CommentAction\",\"name\":\"Comment\",\"target\":[\"https:\/\/www.museuolimpicbcn.cat\/ca\/les-xarxes-socials-han-cobert-la-jornada-de-mati-de-la-xi-edicio-del-forum-olimpic\/#respond\"]}]},{\"@type\":\"WebPage\",\"@id\":\"https:\/\/www.museuolimpicbcn.cat\/ca\/les-xarxes-socials-han-cobert-la-jornada-de-mati-de-la-xi-edicio-del-forum-olimpic\/\",\"url\":\"https:\/\/www.museuolimpicbcn.cat\/ca\/les-xarxes-socials-han-cobert-la-jornada-de-mati-de-la-xi-edicio-del-forum-olimpic\/\",\"name\":\"Les Xarxes Socials han cobert la jornada de mat\u00ed de la XI edici\u00f3 del F\u00f2rum Ol\u00edmpic. - Museu Ol\u00edmpic i de l&#039;Esport\",\"isPartOf\":{\"@id\":\"https:\/\/www.museuolimpicbcn.cat\/ca\/#website\"},\"datePublished\":\"2015-10-14T22:00:00+00:00\",\"dateModified\":\"2015-10-14T22:00:00+00:00\",\"breadcrumb\":{\"@id\":\"https:\/\/www.museuolimpicbcn.cat\/ca\/les-xarxes-socials-han-cobert-la-jornada-de-mati-de-la-xi-edicio-del-forum-olimpic\/#breadcrumb\"},\"inLanguage\":\"ca\",\"potentialAction\":[{\"@type\":\"ReadAction\",\"target\":[\"https:\/\/www.museuolimpicbcn.cat\/ca\/les-xarxes-socials-han-cobert-la-jornada-de-mati-de-la-xi-edicio-del-forum-olimpic\/\"]}]},{\"@type\":\"BreadcrumbList\",\"@id\":\"https:\/\/www.museuolimpicbcn.cat\/ca\/les-xarxes-socials-han-cobert-la-jornada-de-mati-de-la-xi-edicio-del-forum-olimpic\/#breadcrumb\",\"itemListElement\":[{\"@type\":\"ListItem\",\"position\":1,\"name\":\"Inici\",\"item\":\"https:\/\/www.museuolimpicbcn.cat\/es\/\"},{\"@type\":\"ListItem\",\"position\":2,\"name\":\"Les Xarxes Socials han cobert la jornada de mat\u00ed de la XI edici\u00f3 del F\u00f2rum Ol\u00edmpic.\"}]},{\"@type\":\"WebSite\",\"@id\":\"https:\/\/www.museuolimpicbcn.cat\/ca\/#website\",\"url\":\"https:\/\/www.museuolimpicbcn.cat\/ca\/\",\"name\":\"Museu Ol\u00edmpic i de l&#039;Esport\",\"description\":\"Altre lloc Web del Museu Ol\u00edmpic i de l&#039;Esport llocs\",\"publisher\":{\"@id\":\"https:\/\/www.museuolimpicbcn.cat\/ca\/#organization\"},\"potentialAction\":[{\"@type\":\"SearchAction\",\"target\":{\"@type\":\"EntryPoint\",\"urlTemplate\":\"https:\/\/www.museuolimpicbcn.cat\/ca\/?s={search_term_string}\"},\"query-input\":{\"@type\":\"PropertyValueSpecification\",\"valueRequired\":true,\"valueName\":\"search_term_string\"}}],\"inLanguage\":\"ca\"},{\"@type\":\"Organization\",\"@id\":\"https:\/\/www.museuolimpicbcn.cat\/ca\/#organization\",\"name\":\"Museu Ol\u00edmpic i de l&#039;Esport\",\"url\":\"https:\/\/www.museuolimpicbcn.cat\/ca\/\",\"logo\":{\"@type\":\"ImageObject\",\"inLanguage\":\"ca\",\"@id\":\"https:\/\/www.museuolimpicbcn.cat\/ca\/#\/schema\/logo\/image\/\",\"url\":\"https:\/\/www.museuolimpicbcn.cat\/wp-content\/uploads\/sites\/2\/2018\/12\/logo-moe-header.svg\",\"contentUrl\":\"https:\/\/www.museuolimpicbcn.cat\/wp-content\/uploads\/sites\/2\/2018\/12\/logo-moe-header.svg\",\"caption\":\"Museu Ol\u00edmpic i de l&#039;Esport\"},\"image\":{\"@id\":\"https:\/\/www.museuolimpicbcn.cat\/ca\/#\/schema\/logo\/image\/\"}},{\"@type\":\"Person\",\"@id\":\"https:\/\/www.museuolimpicbcn.cat\/ca\/#\/schema\/person\/d05705664e87aa04c6ce53d48133fb39\",\"name\":\"useradmin\",\"url\":\"https:\/\/www.museuolimpicbcn.cat\/ca\/author\/useradmin\/\"}]}<\/script>\n<!-- \/ Yoast SEO plugin. -->","yoast_head_json":{"title":"Les Xarxes Socials han cobert la jornada de mat\u00ed de la XI edici\u00f3 del F\u00f2rum Ol\u00edmpic. - Museu Ol\u00edmpic i de l&#039;Esport","robots":{"index":"index","follow":"follow","max-snippet":"max-snippet:-1","max-image-preview":"max-image-preview:large","max-video-preview":"max-video-preview:-1"},"canonical":"https:\/\/www.museuolimpicbcn.cat\/ca\/les-xarxes-socials-han-cobert-la-jornada-de-mati-de-la-xi-edicio-del-forum-olimpic\/","og_locale":"ca_ES","og_type":"article","og_title":"Les Xarxes Socials han cobert la jornada de mat\u00ed de la XI edici\u00f3 del F\u00f2rum Ol\u00edmpic. - Museu Ol\u00edmpic i de l&#039;Esport","og_description":"Rom&agrave; Cuy&agrave;s, exsecretari d'Estat per a l'Esport; Gerard Esteva, president de la UFEC, Santiago Siquier, representant territorial de la Generalitat i Marta Carranza, comissionada d'Esports de l'Ajuntament de Barcelona, han estat els encarregats d'obrir les jornades d'aquesta XI edici&oacute; del F&ograve;rum Ol&iacute;mpic. &nbsp;","og_url":"https:\/\/www.museuolimpicbcn.cat\/ca\/les-xarxes-socials-han-cobert-la-jornada-de-mati-de-la-xi-edicio-del-forum-olimpic\/","og_site_name":"Museu Ol\u00edmpic i de l&#039;Esport","article_published_time":"2015-10-14T22:00:00+00:00","author":"useradmin","twitter_card":"summary_large_image","twitter_misc":{"Escrit per":"useradmin","Temps estimat de lectura":"1 minut"},"schema":{"@context":"https:\/\/schema.org","@graph":[{"@type":"Article","@id":"https:\/\/www.museuolimpicbcn.cat\/ca\/les-xarxes-socials-han-cobert-la-jornada-de-mati-de-la-xi-edicio-del-forum-olimpic\/#article","isPartOf":{"@id":"https:\/\/www.museuolimpicbcn.cat\/ca\/les-xarxes-socials-han-cobert-la-jornada-de-mati-de-la-xi-edicio-del-forum-olimpic\/"},"author":{"name":"useradmin","@id":"https:\/\/www.museuolimpicbcn.cat\/ca\/#\/schema\/person\/d05705664e87aa04c6ce53d48133fb39"},"headline":"Les Xarxes Socials han cobert la jornada de mat\u00ed de la XI edici\u00f3 del F\u00f2rum Ol\u00edmpic.","datePublished":"2015-10-14T22:00:00+00:00","dateModified":"2015-10-14T22:00:00+00:00","mainEntityOfPage":{"@id":"https:\/\/www.museuolimpicbcn.cat\/ca\/les-xarxes-socials-han-cobert-la-jornada-de-mati-de-la-xi-edicio-del-forum-olimpic\/"},"wordCount":268,"commentCount":0,"publisher":{"@id":"https:\/\/www.museuolimpicbcn.cat\/ca\/#organization"},"articleSection":["Uncategorized @ca"],"inLanguage":"ca","potentialAction":[{"@type":"CommentAction","name":"Comment","target":["https:\/\/www.museuolimpicbcn.cat\/ca\/les-xarxes-socials-han-cobert-la-jornada-de-mati-de-la-xi-edicio-del-forum-olimpic\/#respond"]}]},{"@type":"WebPage","@id":"https:\/\/www.museuolimpicbcn.cat\/ca\/les-xarxes-socials-han-cobert-la-jornada-de-mati-de-la-xi-edicio-del-forum-olimpic\/","url":"https:\/\/www.museuolimpicbcn.cat\/ca\/les-xarxes-socials-han-cobert-la-jornada-de-mati-de-la-xi-edicio-del-forum-olimpic\/","name":"Les Xarxes Socials han cobert la jornada de mat\u00ed de la XI edici\u00f3 del F\u00f2rum Ol\u00edmpic. - Museu Ol\u00edmpic i de l&#039;Esport","isPartOf":{"@id":"https:\/\/www.museuolimpicbcn.cat\/ca\/#website"},"datePublished":"2015-10-14T22:00:00+00:00","dateModified":"2015-10-14T22:00:00+00:00","breadcrumb":{"@id":"https:\/\/www.museuolimpicbcn.cat\/ca\/les-xarxes-socials-han-cobert-la-jornada-de-mati-de-la-xi-edicio-del-forum-olimpic\/#breadcrumb"},"inLanguage":"ca","potentialAction":[{"@type":"ReadAction","target":["https:\/\/www.museuolimpicbcn.cat\/ca\/les-xarxes-socials-han-cobert-la-jornada-de-mati-de-la-xi-edicio-del-forum-olimpic\/"]}]},{"@type":"BreadcrumbList","@id":"https:\/\/www.museuolimpicbcn.cat\/ca\/les-xarxes-socials-han-cobert-la-jornada-de-mati-de-la-xi-edicio-del-forum-olimpic\/#breadcrumb","itemListElement":[{"@type":"ListItem","position":1,"name":"Inici","item":"https:\/\/www.museuolimpicbcn.cat\/es\/"},{"@type":"ListItem","position":2,"name":"Les Xarxes Socials han cobert la jornada de mat\u00ed de la XI edici\u00f3 del F\u00f2rum Ol\u00edmpic."}]},{"@type":"WebSite","@id":"https:\/\/www.museuolimpicbcn.cat\/ca\/#website","url":"https:\/\/www.museuolimpicbcn.cat\/ca\/","name":"Museu Ol\u00edmpic i de l&#039;Esport","description":"Altre lloc Web del Museu Ol\u00edmpic i de l&#039;Esport llocs","publisher":{"@id":"https:\/\/www.museuolimpicbcn.cat\/ca\/#organization"},"potentialAction":[{"@type":"SearchAction","target":{"@type":"EntryPoint","urlTemplate":"https:\/\/www.museuolimpicbcn.cat\/ca\/?s={search_term_string}"},"query-input":{"@type":"PropertyValueSpecification","valueRequired":true,"valueName":"search_term_string"}}],"inLanguage":"ca"},{"@type":"Organization","@id":"https:\/\/www.museuolimpicbcn.cat\/ca\/#organization","name":"Museu Ol\u00edmpic i de l&#039;Esport","url":"https:\/\/www.museuolimpicbcn.cat\/ca\/","logo":{"@type":"ImageObject","inLanguage":"ca","@id":"https:\/\/www.museuolimpicbcn.cat\/ca\/#\/schema\/logo\/image\/","url":"https:\/\/www.museuolimpicbcn.cat\/wp-content\/uploads\/sites\/2\/2018\/12\/logo-moe-header.svg","contentUrl":"https:\/\/www.museuolimpicbcn.cat\/wp-content\/uploads\/sites\/2\/2018\/12\/logo-moe-header.svg","caption":"Museu Ol\u00edmpic i de l&#039;Esport"},"image":{"@id":"https:\/\/www.museuolimpicbcn.cat\/ca\/#\/schema\/logo\/image\/"}},{"@type":"Person","@id":"https:\/\/www.museuolimpicbcn.cat\/ca\/#\/schema\/person\/d05705664e87aa04c6ce53d48133fb39","name":"useradmin","url":"https:\/\/www.museuolimpicbcn.cat\/ca\/author\/useradmin\/"}]}},"_links":{"self":[{"href":"https:\/\/www.museuolimpicbcn.cat\/ca\/wp-json\/wp\/v2\/posts\/12452"}],"collection":[{"href":"https:\/\/www.museuolimpicbcn.cat\/ca\/wp-json\/wp\/v2\/posts"}],"about":[{"href":"https:\/\/www.museuolimpicbcn.cat\/ca\/wp-json\/wp\/v2\/types\/post"}],"author":[{"embeddable":true,"href":"https:\/\/www.museuolimpicbcn.cat\/ca\/wp-json\/wp\/v2\/users\/1"}],"replies":[{"embeddable":true,"href":"https:\/\/www.museuolimpicbcn.cat\/ca\/wp-json\/wp\/v2\/comments?post=12452"}],"version-history":[{"count":0,"href":"https:\/\/www.museuolimpicbcn.cat\/ca\/wp-json\/wp\/v2\/posts\/12452\/revisions"}],"wp:attachment":[{"href":"https:\/\/www.museuolimpicbcn.cat\/ca\/wp-json\/wp\/v2\/media?parent=12452"}],"wp:term":[{"taxonomy":"category","embeddable":true,"href":"https:\/\/www.museuolimpicbcn.cat\/ca\/wp-json\/wp\/v2\/categories?post=12452"},{"taxonomy":"post_tag","embeddable":true,"href":"https:\/\/www.museuolimpicbcn.cat\/ca\/wp-json\/wp\/v2\/tags?post=12452"}],"curies":[{"name":"wp","href":"https:\/\/api.w.org\/{rel}","templated":true}]}}