{"id":12730,"date":"2015-11-19T00:00:00","date_gmt":"2015-11-18T23:00:00","guid":{"rendered":"http:\/\/dev.museuolimpicbcn.cat\/maria-teresa-samaranch-i-david-moner-convidats-dexcepcio-de-laula-dhistoria-sobre-joan-antoni-samaranch-regidor-desports-de-lajuntament-de-barcelona-1955-1961\/"},"modified":"2015-11-19T00:00:00","modified_gmt":"2015-11-18T23:00:00","slug":"maria-teresa-samaranch-i-david-moner-convidats-dexcepcio-de-laula-dhistoria-sobre-joan-antoni-samaranch-regidor-desports-de-lajuntament-de-barcelona-1955-1961","status":"publish","type":"post","link":"https:\/\/www.museuolimpicbcn.cat\/ca\/maria-teresa-samaranch-i-david-moner-convidats-dexcepcio-de-laula-dhistoria-sobre-joan-antoni-samaranch-regidor-desports-de-lajuntament-de-barcelona-1955-1961\/","title":{"rendered":"Mar\u00eda Teresa Samaranch i David Moner convidats d&#8217;excepci\u00f3 de l&#8217;Aula d&#8217;Hist\u00f2ria sobre &#8216;Joan Antoni Samaranch regidor d&#8217;esports de l&#8217;Ajuntament de Barcelona 1955-1961&#8217;"},"content":{"rendered":"<p>Despr&eacute;s de la pon&egrave;ncia, Joan Manuel Surroca ha moderat una taula rodona composta per David Moner, president d&#8217;honor de la UFEC i amic de Samaranch, i els esportistes Tom&aacute;s Barris i Jordi Bonareu que van participar als JJMM del 1955.<\/p>\n<p>&nbsp;<\/p>\n","protected":false},"excerpt":{"rendered":"<p>Juli Pernas, director de la Fundaci&oacute; Barcelona Ol&iacute;mpica, ha estat l&#8217;encarregat de fer un breu resum del pas de J.A. Samaranch com a regidor d&#8217;esports. Destacant l&#8217;&iacute;mpetu i inter&egrave;s de Samaranch per llan&ccedil;ar Barcelona com a ciutat pionera en l&#8217;esport allotjant &nbsp;grans cites esportives com els Jocs del Mediterrani 1955.<\/p>\n<p>&nbsp;<\/p>\n","protected":false},"author":1,"featured_media":0,"comment_status":"open","ping_status":"open","sticky":false,"template":"","format":"standard","meta":{"_acf_changed":false,"_price":"","_stock":"","_tribe_ticket_header":"","_tribe_default_ticket_provider":"","_tribe_ticket_capacity":"0","_ticket_start_date":"","_ticket_end_date":"","_tribe_ticket_show_description":"","_tribe_ticket_show_not_going":false,"_tribe_ticket_use_global_stock":"","_tribe_ticket_global_stock_level":"","_global_stock_mode":"","_global_stock_cap":"","_tribe_rsvp_for_event":"","_tribe_ticket_going_count":"","_tribe_ticket_not_going_count":"","_tribe_tickets_list":"[]","_tribe_ticket_has_attendee_info_fields":false,"footnotes":""},"categories":[1],"tags":[],"class_list":["post-12730","post","type-post","status-publish","format-standard","hentry","category-uncategorized-ca"],"acf":[],"yoast_head":"<!-- This site is optimized with the Yoast SEO plugin v23.7 - https:\/\/yoast.com\/wordpress\/plugins\/seo\/ -->\n<title>Mar\u00eda Teresa Samaranch i David Moner convidats d&#039;excepci\u00f3 de l&#039;Aula d&#039;Hist\u00f2ria sobre &#039;Joan Antoni Samaranch regidor d&#039;esports de l&#039;Ajuntament de Barcelona 1955-1961&#039; - Museu Ol\u00edmpic i de l&#039;Esport<\/title>\n<meta name=\"robots\" content=\"index, follow, max-snippet:-1, max-image-preview:large, max-video-preview:-1\" \/>\n<link rel=\"canonical\" href=\"https:\/\/www.museuolimpicbcn.cat\/ca\/maria-teresa-samaranch-i-david-moner-convidats-dexcepcio-de-laula-dhistoria-sobre-joan-antoni-samaranch-regidor-desports-de-lajuntament-de-barcelona-1955-1961\/\" \/>\n<meta property=\"og:locale\" content=\"ca_ES\" \/>\n<meta property=\"og:type\" content=\"article\" \/>\n<meta property=\"og:title\" content=\"Mar\u00eda Teresa Samaranch i David Moner convidats d&#039;excepci\u00f3 de l&#039;Aula d&#039;Hist\u00f2ria sobre &#039;Joan Antoni Samaranch regidor d&#039;esports de l&#039;Ajuntament de Barcelona 1955-1961&#039; - Museu Ol\u00edmpic i de l&#039;Esport\" \/>\n<meta property=\"og:description\" content=\"Juli Pernas, director de la Fundaci&oacute; Barcelona Ol&iacute;mpica, ha estat l&#039;encarregat de fer un breu resum del pas de J.A. Samaranch com a regidor d&#039;esports. Destacant l&#039;&iacute;mpetu i inter&egrave;s de Samaranch per llan&ccedil;ar Barcelona com a ciutat pionera en l&#039;esport allotjant &nbsp;grans cites esportives com els Jocs del Mediterrani 1955. &nbsp;\" \/>\n<meta property=\"og:url\" content=\"https:\/\/www.museuolimpicbcn.cat\/ca\/maria-teresa-samaranch-i-david-moner-convidats-dexcepcio-de-laula-dhistoria-sobre-joan-antoni-samaranch-regidor-desports-de-lajuntament-de-barcelona-1955-1961\/\" \/>\n<meta property=\"og:site_name\" content=\"Museu Ol\u00edmpic i de l&#039;Esport\" \/>\n<meta property=\"article:published_time\" content=\"2015-11-18T23:00:00+00:00\" \/>\n<meta name=\"author\" content=\"useradmin\" \/>\n<meta name=\"twitter:card\" content=\"summary_large_image\" \/>\n<meta name=\"twitter:label1\" content=\"Escrit per\" \/>\n\t<meta name=\"twitter:data1\" content=\"useradmin\" \/>\n<script type=\"application\/ld+json\" class=\"yoast-schema-graph\">{\"@context\":\"https:\/\/schema.org\",\"@graph\":[{\"@type\":\"Article\",\"@id\":\"https:\/\/www.museuolimpicbcn.cat\/ca\/maria-teresa-samaranch-i-david-moner-convidats-dexcepcio-de-laula-dhistoria-sobre-joan-antoni-samaranch-regidor-desports-de-lajuntament-de-barcelona-1955-1961\/#article\",\"isPartOf\":{\"@id\":\"https:\/\/www.museuolimpicbcn.cat\/ca\/maria-teresa-samaranch-i-david-moner-convidats-dexcepcio-de-laula-dhistoria-sobre-joan-antoni-samaranch-regidor-desports-de-lajuntament-de-barcelona-1955-1961\/\"},\"author\":{\"name\":\"useradmin\",\"@id\":\"https:\/\/www.museuolimpicbcn.cat\/ca\/#\/schema\/person\/d05705664e87aa04c6ce53d48133fb39\"},\"headline\":\"Mar\u00eda Teresa Samaranch i David Moner convidats d&#8217;excepci\u00f3 de l&#8217;Aula d&#8217;Hist\u00f2ria sobre &#8216;Joan Antoni Samaranch regidor d&#8217;esports de l&#8217;Ajuntament de Barcelona 1955-1961&#8217;\",\"datePublished\":\"2015-11-18T23:00:00+00:00\",\"dateModified\":\"2015-11-18T23:00:00+00:00\",\"mainEntityOfPage\":{\"@id\":\"https:\/\/www.museuolimpicbcn.cat\/ca\/maria-teresa-samaranch-i-david-moner-convidats-dexcepcio-de-laula-dhistoria-sobre-joan-antoni-samaranch-regidor-desports-de-lajuntament-de-barcelona-1955-1961\/\"},\"wordCount\":71,\"commentCount\":0,\"publisher\":{\"@id\":\"https:\/\/www.museuolimpicbcn.cat\/ca\/#organization\"},\"articleSection\":[\"Uncategorized @ca\"],\"inLanguage\":\"ca\",\"potentialAction\":[{\"@type\":\"CommentAction\",\"name\":\"Comment\",\"target\":[\"https:\/\/www.museuolimpicbcn.cat\/ca\/maria-teresa-samaranch-i-david-moner-convidats-dexcepcio-de-laula-dhistoria-sobre-joan-antoni-samaranch-regidor-desports-de-lajuntament-de-barcelona-1955-1961\/#respond\"]}]},{\"@type\":\"WebPage\",\"@id\":\"https:\/\/www.museuolimpicbcn.cat\/ca\/maria-teresa-samaranch-i-david-moner-convidats-dexcepcio-de-laula-dhistoria-sobre-joan-antoni-samaranch-regidor-desports-de-lajuntament-de-barcelona-1955-1961\/\",\"url\":\"https:\/\/www.museuolimpicbcn.cat\/ca\/maria-teresa-samaranch-i-david-moner-convidats-dexcepcio-de-laula-dhistoria-sobre-joan-antoni-samaranch-regidor-desports-de-lajuntament-de-barcelona-1955-1961\/\",\"name\":\"Mar\u00eda Teresa Samaranch i David Moner convidats d'excepci\u00f3 de l'Aula d'Hist\u00f2ria sobre 'Joan Antoni Samaranch regidor d'esports de l'Ajuntament de Barcelona 1955-1961' - Museu Ol\u00edmpic i de l&#039;Esport\",\"isPartOf\":{\"@id\":\"https:\/\/www.museuolimpicbcn.cat\/ca\/#website\"},\"datePublished\":\"2015-11-18T23:00:00+00:00\",\"dateModified\":\"2015-11-18T23:00:00+00:00\",\"breadcrumb\":{\"@id\":\"https:\/\/www.museuolimpicbcn.cat\/ca\/maria-teresa-samaranch-i-david-moner-convidats-dexcepcio-de-laula-dhistoria-sobre-joan-antoni-samaranch-regidor-desports-de-lajuntament-de-barcelona-1955-1961\/#breadcrumb\"},\"inLanguage\":\"ca\",\"potentialAction\":[{\"@type\":\"ReadAction\",\"target\":[\"https:\/\/www.museuolimpicbcn.cat\/ca\/maria-teresa-samaranch-i-david-moner-convidats-dexcepcio-de-laula-dhistoria-sobre-joan-antoni-samaranch-regidor-desports-de-lajuntament-de-barcelona-1955-1961\/\"]}]},{\"@type\":\"BreadcrumbList\",\"@id\":\"https:\/\/www.museuolimpicbcn.cat\/ca\/maria-teresa-samaranch-i-david-moner-convidats-dexcepcio-de-laula-dhistoria-sobre-joan-antoni-samaranch-regidor-desports-de-lajuntament-de-barcelona-1955-1961\/#breadcrumb\",\"itemListElement\":[{\"@type\":\"ListItem\",\"position\":1,\"name\":\"Inici\",\"item\":\"https:\/\/www.museuolimpicbcn.cat\/es\/\"},{\"@type\":\"ListItem\",\"position\":2,\"name\":\"Mar\u00eda Teresa Samaranch i David Moner convidats d&#8217;excepci\u00f3 de l&#8217;Aula d&#8217;Hist\u00f2ria sobre &#8216;Joan Antoni Samaranch regidor d&#8217;esports de l&#8217;Ajuntament de Barcelona 1955-1961&#8217;\"}]},{\"@type\":\"WebSite\",\"@id\":\"https:\/\/www.museuolimpicbcn.cat\/ca\/#website\",\"url\":\"https:\/\/www.museuolimpicbcn.cat\/ca\/\",\"name\":\"Museu Ol\u00edmpic i de l&#039;Esport\",\"description\":\"Altre lloc Web del Museu Ol\u00edmpic i de l&#039;Esport llocs\",\"publisher\":{\"@id\":\"https:\/\/www.museuolimpicbcn.cat\/ca\/#organization\"},\"potentialAction\":[{\"@type\":\"SearchAction\",\"target\":{\"@type\":\"EntryPoint\",\"urlTemplate\":\"https:\/\/www.museuolimpicbcn.cat\/ca\/?s={search_term_string}\"},\"query-input\":{\"@type\":\"PropertyValueSpecification\",\"valueRequired\":true,\"valueName\":\"search_term_string\"}}],\"inLanguage\":\"ca\"},{\"@type\":\"Organization\",\"@id\":\"https:\/\/www.museuolimpicbcn.cat\/ca\/#organization\",\"name\":\"Museu Ol\u00edmpic i de l&#039;Esport\",\"url\":\"https:\/\/www.museuolimpicbcn.cat\/ca\/\",\"logo\":{\"@type\":\"ImageObject\",\"inLanguage\":\"ca\",\"@id\":\"https:\/\/www.museuolimpicbcn.cat\/ca\/#\/schema\/logo\/image\/\",\"url\":\"https:\/\/www.museuolimpicbcn.cat\/wp-content\/uploads\/sites\/2\/2018\/12\/logo-moe-header.svg\",\"contentUrl\":\"https:\/\/www.museuolimpicbcn.cat\/wp-content\/uploads\/sites\/2\/2018\/12\/logo-moe-header.svg\",\"caption\":\"Museu Ol\u00edmpic i de l&#039;Esport\"},\"image\":{\"@id\":\"https:\/\/www.museuolimpicbcn.cat\/ca\/#\/schema\/logo\/image\/\"}},{\"@type\":\"Person\",\"@id\":\"https:\/\/www.museuolimpicbcn.cat\/ca\/#\/schema\/person\/d05705664e87aa04c6ce53d48133fb39\",\"name\":\"useradmin\",\"url\":\"https:\/\/www.museuolimpicbcn.cat\/ca\/author\/useradmin\/\"}]}<\/script>\n<!-- \/ Yoast SEO plugin. -->","yoast_head_json":{"title":"Mar\u00eda Teresa Samaranch i David Moner convidats d'excepci\u00f3 de l'Aula d'Hist\u00f2ria sobre 'Joan Antoni Samaranch regidor d'esports de l'Ajuntament de Barcelona 1955-1961' - Museu Ol\u00edmpic i de l&#039;Esport","robots":{"index":"index","follow":"follow","max-snippet":"max-snippet:-1","max-image-preview":"max-image-preview:large","max-video-preview":"max-video-preview:-1"},"canonical":"https:\/\/www.museuolimpicbcn.cat\/ca\/maria-teresa-samaranch-i-david-moner-convidats-dexcepcio-de-laula-dhistoria-sobre-joan-antoni-samaranch-regidor-desports-de-lajuntament-de-barcelona-1955-1961\/","og_locale":"ca_ES","og_type":"article","og_title":"Mar\u00eda Teresa Samaranch i David Moner convidats d'excepci\u00f3 de l'Aula d'Hist\u00f2ria sobre 'Joan Antoni Samaranch regidor d'esports de l'Ajuntament de Barcelona 1955-1961' - Museu Ol\u00edmpic i de l&#039;Esport","og_description":"Juli Pernas, director de la Fundaci&oacute; Barcelona Ol&iacute;mpica, ha estat l'encarregat de fer un breu resum del pas de J.A. Samaranch com a regidor d'esports. Destacant l'&iacute;mpetu i inter&egrave;s de Samaranch per llan&ccedil;ar Barcelona com a ciutat pionera en l'esport allotjant &nbsp;grans cites esportives com els Jocs del Mediterrani 1955. &nbsp;","og_url":"https:\/\/www.museuolimpicbcn.cat\/ca\/maria-teresa-samaranch-i-david-moner-convidats-dexcepcio-de-laula-dhistoria-sobre-joan-antoni-samaranch-regidor-desports-de-lajuntament-de-barcelona-1955-1961\/","og_site_name":"Museu Ol\u00edmpic i de l&#039;Esport","article_published_time":"2015-11-18T23:00:00+00:00","author":"useradmin","twitter_card":"summary_large_image","twitter_misc":{"Escrit per":"useradmin"},"schema":{"@context":"https:\/\/schema.org","@graph":[{"@type":"Article","@id":"https:\/\/www.museuolimpicbcn.cat\/ca\/maria-teresa-samaranch-i-david-moner-convidats-dexcepcio-de-laula-dhistoria-sobre-joan-antoni-samaranch-regidor-desports-de-lajuntament-de-barcelona-1955-1961\/#article","isPartOf":{"@id":"https:\/\/www.museuolimpicbcn.cat\/ca\/maria-teresa-samaranch-i-david-moner-convidats-dexcepcio-de-laula-dhistoria-sobre-joan-antoni-samaranch-regidor-desports-de-lajuntament-de-barcelona-1955-1961\/"},"author":{"name":"useradmin","@id":"https:\/\/www.museuolimpicbcn.cat\/ca\/#\/schema\/person\/d05705664e87aa04c6ce53d48133fb39"},"headline":"Mar\u00eda Teresa Samaranch i David Moner convidats d&#8217;excepci\u00f3 de l&#8217;Aula d&#8217;Hist\u00f2ria sobre &#8216;Joan Antoni Samaranch regidor d&#8217;esports de l&#8217;Ajuntament de Barcelona 1955-1961&#8217;","datePublished":"2015-11-18T23:00:00+00:00","dateModified":"2015-11-18T23:00:00+00:00","mainEntityOfPage":{"@id":"https:\/\/www.museuolimpicbcn.cat\/ca\/maria-teresa-samaranch-i-david-moner-convidats-dexcepcio-de-laula-dhistoria-sobre-joan-antoni-samaranch-regidor-desports-de-lajuntament-de-barcelona-1955-1961\/"},"wordCount":71,"commentCount":0,"publisher":{"@id":"https:\/\/www.museuolimpicbcn.cat\/ca\/#organization"},"articleSection":["Uncategorized @ca"],"inLanguage":"ca","potentialAction":[{"@type":"CommentAction","name":"Comment","target":["https:\/\/www.museuolimpicbcn.cat\/ca\/maria-teresa-samaranch-i-david-moner-convidats-dexcepcio-de-laula-dhistoria-sobre-joan-antoni-samaranch-regidor-desports-de-lajuntament-de-barcelona-1955-1961\/#respond"]}]},{"@type":"WebPage","@id":"https:\/\/www.museuolimpicbcn.cat\/ca\/maria-teresa-samaranch-i-david-moner-convidats-dexcepcio-de-laula-dhistoria-sobre-joan-antoni-samaranch-regidor-desports-de-lajuntament-de-barcelona-1955-1961\/","url":"https:\/\/www.museuolimpicbcn.cat\/ca\/maria-teresa-samaranch-i-david-moner-convidats-dexcepcio-de-laula-dhistoria-sobre-joan-antoni-samaranch-regidor-desports-de-lajuntament-de-barcelona-1955-1961\/","name":"Mar\u00eda Teresa Samaranch i David Moner convidats d'excepci\u00f3 de l'Aula d'Hist\u00f2ria sobre 'Joan Antoni Samaranch regidor d'esports de l'Ajuntament de Barcelona 1955-1961' - Museu Ol\u00edmpic i de l&#039;Esport","isPartOf":{"@id":"https:\/\/www.museuolimpicbcn.cat\/ca\/#website"},"datePublished":"2015-11-18T23:00:00+00:00","dateModified":"2015-11-18T23:00:00+00:00","breadcrumb":{"@id":"https:\/\/www.museuolimpicbcn.cat\/ca\/maria-teresa-samaranch-i-david-moner-convidats-dexcepcio-de-laula-dhistoria-sobre-joan-antoni-samaranch-regidor-desports-de-lajuntament-de-barcelona-1955-1961\/#breadcrumb"},"inLanguage":"ca","potentialAction":[{"@type":"ReadAction","target":["https:\/\/www.museuolimpicbcn.cat\/ca\/maria-teresa-samaranch-i-david-moner-convidats-dexcepcio-de-laula-dhistoria-sobre-joan-antoni-samaranch-regidor-desports-de-lajuntament-de-barcelona-1955-1961\/"]}]},{"@type":"BreadcrumbList","@id":"https:\/\/www.museuolimpicbcn.cat\/ca\/maria-teresa-samaranch-i-david-moner-convidats-dexcepcio-de-laula-dhistoria-sobre-joan-antoni-samaranch-regidor-desports-de-lajuntament-de-barcelona-1955-1961\/#breadcrumb","itemListElement":[{"@type":"ListItem","position":1,"name":"Inici","item":"https:\/\/www.museuolimpicbcn.cat\/es\/"},{"@type":"ListItem","position":2,"name":"Mar\u00eda Teresa Samaranch i David Moner convidats d&#8217;excepci\u00f3 de l&#8217;Aula d&#8217;Hist\u00f2ria sobre &#8216;Joan Antoni Samaranch regidor d&#8217;esports de l&#8217;Ajuntament de Barcelona 1955-1961&#8217;"}]},{"@type":"WebSite","@id":"https:\/\/www.museuolimpicbcn.cat\/ca\/#website","url":"https:\/\/www.museuolimpicbcn.cat\/ca\/","name":"Museu Ol\u00edmpic i de l&#039;Esport","description":"Altre lloc Web del Museu Ol\u00edmpic i de l&#039;Esport llocs","publisher":{"@id":"https:\/\/www.museuolimpicbcn.cat\/ca\/#organization"},"potentialAction":[{"@type":"SearchAction","target":{"@type":"EntryPoint","urlTemplate":"https:\/\/www.museuolimpicbcn.cat\/ca\/?s={search_term_string}"},"query-input":{"@type":"PropertyValueSpecification","valueRequired":true,"valueName":"search_term_string"}}],"inLanguage":"ca"},{"@type":"Organization","@id":"https:\/\/www.museuolimpicbcn.cat\/ca\/#organization","name":"Museu Ol\u00edmpic i de l&#039;Esport","url":"https:\/\/www.museuolimpicbcn.cat\/ca\/","logo":{"@type":"ImageObject","inLanguage":"ca","@id":"https:\/\/www.museuolimpicbcn.cat\/ca\/#\/schema\/logo\/image\/","url":"https:\/\/www.museuolimpicbcn.cat\/wp-content\/uploads\/sites\/2\/2018\/12\/logo-moe-header.svg","contentUrl":"https:\/\/www.museuolimpicbcn.cat\/wp-content\/uploads\/sites\/2\/2018\/12\/logo-moe-header.svg","caption":"Museu Ol\u00edmpic i de l&#039;Esport"},"image":{"@id":"https:\/\/www.museuolimpicbcn.cat\/ca\/#\/schema\/logo\/image\/"}},{"@type":"Person","@id":"https:\/\/www.museuolimpicbcn.cat\/ca\/#\/schema\/person\/d05705664e87aa04c6ce53d48133fb39","name":"useradmin","url":"https:\/\/www.museuolimpicbcn.cat\/ca\/author\/useradmin\/"}]}},"_links":{"self":[{"href":"https:\/\/www.museuolimpicbcn.cat\/ca\/wp-json\/wp\/v2\/posts\/12730"}],"collection":[{"href":"https:\/\/www.museuolimpicbcn.cat\/ca\/wp-json\/wp\/v2\/posts"}],"about":[{"href":"https:\/\/www.museuolimpicbcn.cat\/ca\/wp-json\/wp\/v2\/types\/post"}],"author":[{"embeddable":true,"href":"https:\/\/www.museuolimpicbcn.cat\/ca\/wp-json\/wp\/v2\/users\/1"}],"replies":[{"embeddable":true,"href":"https:\/\/www.museuolimpicbcn.cat\/ca\/wp-json\/wp\/v2\/comments?post=12730"}],"version-history":[{"count":0,"href":"https:\/\/www.museuolimpicbcn.cat\/ca\/wp-json\/wp\/v2\/posts\/12730\/revisions"}],"wp:attachment":[{"href":"https:\/\/www.museuolimpicbcn.cat\/ca\/wp-json\/wp\/v2\/media?parent=12730"}],"wp:term":[{"taxonomy":"category","embeddable":true,"href":"https:\/\/www.museuolimpicbcn.cat\/ca\/wp-json\/wp\/v2\/categories?post=12730"},{"taxonomy":"post_tag","embeddable":true,"href":"https:\/\/www.museuolimpicbcn.cat\/ca\/wp-json\/wp\/v2\/tags?post=12730"}],"curies":[{"name":"wp","href":"https:\/\/api.w.org\/{rel}","templated":true}]}}