{"id":12850,"date":"2016-01-01T00:00:00","date_gmt":"2015-12-31T23:00:00","guid":{"rendered":"http:\/\/dev.museuolimpicbcn.cat\/lambit-de-neu-nou-espai-museologic-reformat-del-museu-olimpic-i-de-lesport\/"},"modified":"2016-01-01T00:00:00","modified_gmt":"2015-12-31T23:00:00","slug":"lambit-de-neu-nou-espai-museologic-reformat-del-museu-olimpic-i-de-lesport","status":"publish","type":"post","link":"https:\/\/www.museuolimpicbcn.cat\/ca\/lambit-de-neu-nou-espai-museologic-reformat-del-museu-olimpic-i-de-lesport\/","title":{"rendered":"L\u2019\u00e0mbit de neu, nou espai museol\u00f2gic reformat del Museu Ol\u00edmpic i de l\u2019Esport"},"content":{"rendered":"<p>El reformat espai dedicat als esports de neu recull aquest curt per&ograve; fruct&iacute;fer recorregut dels esportistes m&eacute;s destacats de la neu. Al costat de les diferents &nbsp;modalitats d&#8217;esqu&iacute; i els t&iacute;tols ol&iacute;mpics dels germans Paquito i Blanca Fern&aacute;ndez Ochoa, s&#8217;uneixen la nova generaci&oacute; de snowboarders on apareixen esportistes d&#8217;elit com Lucas Eguibar (boardercross), Queralt Castellet (halfpipe) o Jordi Font (boardercross). En aquesta mateixa zona, els visitants tamb&eacute; podran veure diferents objectes dels esportistes Laura Orgu&eacute; (esqu&iacute; de fons), Mireia Mir&oacute; (esqu&iacute; de muntanya) i &Aacute;ngel Janiquet (salts).<\/p>\n<p>A tots ells volem agrair el seu assessorament, col&middot;laboraci&oacute; i cessi&oacute; dels diferents materials. Destacar la col&middot;laboraci&oacute; amb el Museu de l&#8217;Esqu&iacute; Paquito Fern&aacute;ndez Ochoa (Cercedilla &ndash; Madrid), que ens han cedit diferent material per l&rsquo;espai. Agra&iuml;ment especial a la fam&iacute;lia Fern&aacute;ndez Ochoa.<\/p>\n","protected":false},"excerpt":{"rendered":"<p>En els &uacute;ltims anys els esports de neu estan causant furor. L&#8217;accessibilitat a les pistes, l&#8217;atractiu de l&#8217;esport i la seva cont&iacute;nua evoluci&oacute; fan que el nombre d&#8217;adeptes augmenti considerablement cada any.<\/p>\n","protected":false},"author":1,"featured_media":0,"comment_status":"open","ping_status":"open","sticky":false,"template":"","format":"standard","meta":{"_acf_changed":false,"_price":"","_stock":"","_tribe_ticket_header":"","_tribe_default_ticket_provider":"","_tribe_ticket_capacity":"0","_ticket_start_date":"","_ticket_end_date":"","_tribe_ticket_show_description":"","_tribe_ticket_show_not_going":false,"_tribe_ticket_use_global_stock":"","_tribe_ticket_global_stock_level":"","_global_stock_mode":"","_global_stock_cap":"","_tribe_rsvp_for_event":"","_tribe_ticket_going_count":"","_tribe_ticket_not_going_count":"","_tribe_tickets_list":"[]","_tribe_ticket_has_attendee_info_fields":false,"footnotes":""},"categories":[1],"tags":[],"class_list":["post-12850","post","type-post","status-publish","format-standard","hentry","category-uncategorized-ca"],"acf":[],"yoast_head":"<!-- This site is optimized with the Yoast SEO plugin v23.7 - https:\/\/yoast.com\/wordpress\/plugins\/seo\/ -->\n<title>L\u2019\u00e0mbit de neu, nou espai museol\u00f2gic reformat del Museu Ol\u00edmpic i de l\u2019Esport - Museu Ol\u00edmpic i de l&#039;Esport<\/title>\n<meta name=\"robots\" content=\"index, follow, max-snippet:-1, max-image-preview:large, max-video-preview:-1\" \/>\n<link rel=\"canonical\" href=\"https:\/\/www.museuolimpicbcn.cat\/ca\/lambit-de-neu-nou-espai-museologic-reformat-del-museu-olimpic-i-de-lesport\/\" \/>\n<meta property=\"og:locale\" content=\"ca_ES\" \/>\n<meta property=\"og:type\" content=\"article\" \/>\n<meta property=\"og:title\" content=\"L\u2019\u00e0mbit de neu, nou espai museol\u00f2gic reformat del Museu Ol\u00edmpic i de l\u2019Esport - Museu Ol\u00edmpic i de l&#039;Esport\" \/>\n<meta property=\"og:description\" content=\"En els &uacute;ltims anys els esports de neu estan causant furor. L&#039;accessibilitat a les pistes, l&#039;atractiu de l&#039;esport i la seva cont&iacute;nua evoluci&oacute; fan que el nombre d&#039;adeptes augmenti considerablement cada any.\" \/>\n<meta property=\"og:url\" content=\"https:\/\/www.museuolimpicbcn.cat\/ca\/lambit-de-neu-nou-espai-museologic-reformat-del-museu-olimpic-i-de-lesport\/\" \/>\n<meta property=\"og:site_name\" content=\"Museu Ol\u00edmpic i de l&#039;Esport\" \/>\n<meta property=\"article:published_time\" content=\"2015-12-31T23:00:00+00:00\" \/>\n<meta name=\"author\" content=\"useradmin\" \/>\n<meta name=\"twitter:card\" content=\"summary_large_image\" \/>\n<meta name=\"twitter:label1\" content=\"Escrit per\" \/>\n\t<meta name=\"twitter:data1\" content=\"useradmin\" \/>\n\t<meta name=\"twitter:label2\" content=\"Temps estimat de lectura\" \/>\n\t<meta name=\"twitter:data2\" content=\"1 minut\" \/>\n<script type=\"application\/ld+json\" class=\"yoast-schema-graph\">{\"@context\":\"https:\/\/schema.org\",\"@graph\":[{\"@type\":\"Article\",\"@id\":\"https:\/\/www.museuolimpicbcn.cat\/ca\/lambit-de-neu-nou-espai-museologic-reformat-del-museu-olimpic-i-de-lesport\/#article\",\"isPartOf\":{\"@id\":\"https:\/\/www.museuolimpicbcn.cat\/ca\/lambit-de-neu-nou-espai-museologic-reformat-del-museu-olimpic-i-de-lesport\/\"},\"author\":{\"name\":\"useradmin\",\"@id\":\"https:\/\/www.museuolimpicbcn.cat\/ca\/#\/schema\/person\/d05705664e87aa04c6ce53d48133fb39\"},\"headline\":\"L\u2019\u00e0mbit de neu, nou espai museol\u00f2gic reformat del Museu Ol\u00edmpic i de l\u2019Esport\",\"datePublished\":\"2015-12-31T23:00:00+00:00\",\"dateModified\":\"2015-12-31T23:00:00+00:00\",\"mainEntityOfPage\":{\"@id\":\"https:\/\/www.museuolimpicbcn.cat\/ca\/lambit-de-neu-nou-espai-museologic-reformat-del-museu-olimpic-i-de-lesport\/\"},\"wordCount\":185,\"commentCount\":0,\"publisher\":{\"@id\":\"https:\/\/www.museuolimpicbcn.cat\/ca\/#organization\"},\"articleSection\":[\"Uncategorized @ca\"],\"inLanguage\":\"ca\",\"potentialAction\":[{\"@type\":\"CommentAction\",\"name\":\"Comment\",\"target\":[\"https:\/\/www.museuolimpicbcn.cat\/ca\/lambit-de-neu-nou-espai-museologic-reformat-del-museu-olimpic-i-de-lesport\/#respond\"]}]},{\"@type\":\"WebPage\",\"@id\":\"https:\/\/www.museuolimpicbcn.cat\/ca\/lambit-de-neu-nou-espai-museologic-reformat-del-museu-olimpic-i-de-lesport\/\",\"url\":\"https:\/\/www.museuolimpicbcn.cat\/ca\/lambit-de-neu-nou-espai-museologic-reformat-del-museu-olimpic-i-de-lesport\/\",\"name\":\"L\u2019\u00e0mbit de neu, nou espai museol\u00f2gic reformat del Museu Ol\u00edmpic i de l\u2019Esport - Museu Ol\u00edmpic i de l&#039;Esport\",\"isPartOf\":{\"@id\":\"https:\/\/www.museuolimpicbcn.cat\/ca\/#website\"},\"datePublished\":\"2015-12-31T23:00:00+00:00\",\"dateModified\":\"2015-12-31T23:00:00+00:00\",\"breadcrumb\":{\"@id\":\"https:\/\/www.museuolimpicbcn.cat\/ca\/lambit-de-neu-nou-espai-museologic-reformat-del-museu-olimpic-i-de-lesport\/#breadcrumb\"},\"inLanguage\":\"ca\",\"potentialAction\":[{\"@type\":\"ReadAction\",\"target\":[\"https:\/\/www.museuolimpicbcn.cat\/ca\/lambit-de-neu-nou-espai-museologic-reformat-del-museu-olimpic-i-de-lesport\/\"]}]},{\"@type\":\"BreadcrumbList\",\"@id\":\"https:\/\/www.museuolimpicbcn.cat\/ca\/lambit-de-neu-nou-espai-museologic-reformat-del-museu-olimpic-i-de-lesport\/#breadcrumb\",\"itemListElement\":[{\"@type\":\"ListItem\",\"position\":1,\"name\":\"Inici\",\"item\":\"https:\/\/www.museuolimpicbcn.cat\/es\/\"},{\"@type\":\"ListItem\",\"position\":2,\"name\":\"L\u2019\u00e0mbit de neu, nou espai museol\u00f2gic reformat del Museu Ol\u00edmpic i de l\u2019Esport\"}]},{\"@type\":\"WebSite\",\"@id\":\"https:\/\/www.museuolimpicbcn.cat\/ca\/#website\",\"url\":\"https:\/\/www.museuolimpicbcn.cat\/ca\/\",\"name\":\"Museu Ol\u00edmpic i de l&#039;Esport\",\"description\":\"Altre lloc Web del Museu Ol\u00edmpic i de l&#039;Esport llocs\",\"publisher\":{\"@id\":\"https:\/\/www.museuolimpicbcn.cat\/ca\/#organization\"},\"potentialAction\":[{\"@type\":\"SearchAction\",\"target\":{\"@type\":\"EntryPoint\",\"urlTemplate\":\"https:\/\/www.museuolimpicbcn.cat\/ca\/?s={search_term_string}\"},\"query-input\":{\"@type\":\"PropertyValueSpecification\",\"valueRequired\":true,\"valueName\":\"search_term_string\"}}],\"inLanguage\":\"ca\"},{\"@type\":\"Organization\",\"@id\":\"https:\/\/www.museuolimpicbcn.cat\/ca\/#organization\",\"name\":\"Museu Ol\u00edmpic i de l&#039;Esport\",\"url\":\"https:\/\/www.museuolimpicbcn.cat\/ca\/\",\"logo\":{\"@type\":\"ImageObject\",\"inLanguage\":\"ca\",\"@id\":\"https:\/\/www.museuolimpicbcn.cat\/ca\/#\/schema\/logo\/image\/\",\"url\":\"https:\/\/www.museuolimpicbcn.cat\/wp-content\/uploads\/sites\/2\/2018\/12\/logo-moe-header.svg\",\"contentUrl\":\"https:\/\/www.museuolimpicbcn.cat\/wp-content\/uploads\/sites\/2\/2018\/12\/logo-moe-header.svg\",\"caption\":\"Museu Ol\u00edmpic i de l&#039;Esport\"},\"image\":{\"@id\":\"https:\/\/www.museuolimpicbcn.cat\/ca\/#\/schema\/logo\/image\/\"}},{\"@type\":\"Person\",\"@id\":\"https:\/\/www.museuolimpicbcn.cat\/ca\/#\/schema\/person\/d05705664e87aa04c6ce53d48133fb39\",\"name\":\"useradmin\",\"url\":\"https:\/\/www.museuolimpicbcn.cat\/ca\/author\/useradmin\/\"}]}<\/script>\n<!-- \/ Yoast SEO plugin. -->","yoast_head_json":{"title":"L\u2019\u00e0mbit de neu, nou espai museol\u00f2gic reformat del Museu Ol\u00edmpic i de l\u2019Esport - Museu Ol\u00edmpic i de l&#039;Esport","robots":{"index":"index","follow":"follow","max-snippet":"max-snippet:-1","max-image-preview":"max-image-preview:large","max-video-preview":"max-video-preview:-1"},"canonical":"https:\/\/www.museuolimpicbcn.cat\/ca\/lambit-de-neu-nou-espai-museologic-reformat-del-museu-olimpic-i-de-lesport\/","og_locale":"ca_ES","og_type":"article","og_title":"L\u2019\u00e0mbit de neu, nou espai museol\u00f2gic reformat del Museu Ol\u00edmpic i de l\u2019Esport - Museu Ol\u00edmpic i de l&#039;Esport","og_description":"En els &uacute;ltims anys els esports de neu estan causant furor. L'accessibilitat a les pistes, l'atractiu de l'esport i la seva cont&iacute;nua evoluci&oacute; fan que el nombre d'adeptes augmenti considerablement cada any.","og_url":"https:\/\/www.museuolimpicbcn.cat\/ca\/lambit-de-neu-nou-espai-museologic-reformat-del-museu-olimpic-i-de-lesport\/","og_site_name":"Museu Ol\u00edmpic i de l&#039;Esport","article_published_time":"2015-12-31T23:00:00+00:00","author":"useradmin","twitter_card":"summary_large_image","twitter_misc":{"Escrit per":"useradmin","Temps estimat de lectura":"1 minut"},"schema":{"@context":"https:\/\/schema.org","@graph":[{"@type":"Article","@id":"https:\/\/www.museuolimpicbcn.cat\/ca\/lambit-de-neu-nou-espai-museologic-reformat-del-museu-olimpic-i-de-lesport\/#article","isPartOf":{"@id":"https:\/\/www.museuolimpicbcn.cat\/ca\/lambit-de-neu-nou-espai-museologic-reformat-del-museu-olimpic-i-de-lesport\/"},"author":{"name":"useradmin","@id":"https:\/\/www.museuolimpicbcn.cat\/ca\/#\/schema\/person\/d05705664e87aa04c6ce53d48133fb39"},"headline":"L\u2019\u00e0mbit de neu, nou espai museol\u00f2gic reformat del Museu Ol\u00edmpic i de l\u2019Esport","datePublished":"2015-12-31T23:00:00+00:00","dateModified":"2015-12-31T23:00:00+00:00","mainEntityOfPage":{"@id":"https:\/\/www.museuolimpicbcn.cat\/ca\/lambit-de-neu-nou-espai-museologic-reformat-del-museu-olimpic-i-de-lesport\/"},"wordCount":185,"commentCount":0,"publisher":{"@id":"https:\/\/www.museuolimpicbcn.cat\/ca\/#organization"},"articleSection":["Uncategorized @ca"],"inLanguage":"ca","potentialAction":[{"@type":"CommentAction","name":"Comment","target":["https:\/\/www.museuolimpicbcn.cat\/ca\/lambit-de-neu-nou-espai-museologic-reformat-del-museu-olimpic-i-de-lesport\/#respond"]}]},{"@type":"WebPage","@id":"https:\/\/www.museuolimpicbcn.cat\/ca\/lambit-de-neu-nou-espai-museologic-reformat-del-museu-olimpic-i-de-lesport\/","url":"https:\/\/www.museuolimpicbcn.cat\/ca\/lambit-de-neu-nou-espai-museologic-reformat-del-museu-olimpic-i-de-lesport\/","name":"L\u2019\u00e0mbit de neu, nou espai museol\u00f2gic reformat del Museu Ol\u00edmpic i de l\u2019Esport - Museu Ol\u00edmpic i de l&#039;Esport","isPartOf":{"@id":"https:\/\/www.museuolimpicbcn.cat\/ca\/#website"},"datePublished":"2015-12-31T23:00:00+00:00","dateModified":"2015-12-31T23:00:00+00:00","breadcrumb":{"@id":"https:\/\/www.museuolimpicbcn.cat\/ca\/lambit-de-neu-nou-espai-museologic-reformat-del-museu-olimpic-i-de-lesport\/#breadcrumb"},"inLanguage":"ca","potentialAction":[{"@type":"ReadAction","target":["https:\/\/www.museuolimpicbcn.cat\/ca\/lambit-de-neu-nou-espai-museologic-reformat-del-museu-olimpic-i-de-lesport\/"]}]},{"@type":"BreadcrumbList","@id":"https:\/\/www.museuolimpicbcn.cat\/ca\/lambit-de-neu-nou-espai-museologic-reformat-del-museu-olimpic-i-de-lesport\/#breadcrumb","itemListElement":[{"@type":"ListItem","position":1,"name":"Inici","item":"https:\/\/www.museuolimpicbcn.cat\/es\/"},{"@type":"ListItem","position":2,"name":"L\u2019\u00e0mbit de neu, nou espai museol\u00f2gic reformat del Museu Ol\u00edmpic i de l\u2019Esport"}]},{"@type":"WebSite","@id":"https:\/\/www.museuolimpicbcn.cat\/ca\/#website","url":"https:\/\/www.museuolimpicbcn.cat\/ca\/","name":"Museu Ol\u00edmpic i de l&#039;Esport","description":"Altre lloc Web del Museu Ol\u00edmpic i de l&#039;Esport llocs","publisher":{"@id":"https:\/\/www.museuolimpicbcn.cat\/ca\/#organization"},"potentialAction":[{"@type":"SearchAction","target":{"@type":"EntryPoint","urlTemplate":"https:\/\/www.museuolimpicbcn.cat\/ca\/?s={search_term_string}"},"query-input":{"@type":"PropertyValueSpecification","valueRequired":true,"valueName":"search_term_string"}}],"inLanguage":"ca"},{"@type":"Organization","@id":"https:\/\/www.museuolimpicbcn.cat\/ca\/#organization","name":"Museu Ol\u00edmpic i de l&#039;Esport","url":"https:\/\/www.museuolimpicbcn.cat\/ca\/","logo":{"@type":"ImageObject","inLanguage":"ca","@id":"https:\/\/www.museuolimpicbcn.cat\/ca\/#\/schema\/logo\/image\/","url":"https:\/\/www.museuolimpicbcn.cat\/wp-content\/uploads\/sites\/2\/2018\/12\/logo-moe-header.svg","contentUrl":"https:\/\/www.museuolimpicbcn.cat\/wp-content\/uploads\/sites\/2\/2018\/12\/logo-moe-header.svg","caption":"Museu Ol\u00edmpic i de l&#039;Esport"},"image":{"@id":"https:\/\/www.museuolimpicbcn.cat\/ca\/#\/schema\/logo\/image\/"}},{"@type":"Person","@id":"https:\/\/www.museuolimpicbcn.cat\/ca\/#\/schema\/person\/d05705664e87aa04c6ce53d48133fb39","name":"useradmin","url":"https:\/\/www.museuolimpicbcn.cat\/ca\/author\/useradmin\/"}]}},"_links":{"self":[{"href":"https:\/\/www.museuolimpicbcn.cat\/ca\/wp-json\/wp\/v2\/posts\/12850"}],"collection":[{"href":"https:\/\/www.museuolimpicbcn.cat\/ca\/wp-json\/wp\/v2\/posts"}],"about":[{"href":"https:\/\/www.museuolimpicbcn.cat\/ca\/wp-json\/wp\/v2\/types\/post"}],"author":[{"embeddable":true,"href":"https:\/\/www.museuolimpicbcn.cat\/ca\/wp-json\/wp\/v2\/users\/1"}],"replies":[{"embeddable":true,"href":"https:\/\/www.museuolimpicbcn.cat\/ca\/wp-json\/wp\/v2\/comments?post=12850"}],"version-history":[{"count":0,"href":"https:\/\/www.museuolimpicbcn.cat\/ca\/wp-json\/wp\/v2\/posts\/12850\/revisions"}],"wp:attachment":[{"href":"https:\/\/www.museuolimpicbcn.cat\/ca\/wp-json\/wp\/v2\/media?parent=12850"}],"wp:term":[{"taxonomy":"category","embeddable":true,"href":"https:\/\/www.museuolimpicbcn.cat\/ca\/wp-json\/wp\/v2\/categories?post=12850"},{"taxonomy":"post_tag","embeddable":true,"href":"https:\/\/www.museuolimpicbcn.cat\/ca\/wp-json\/wp\/v2\/tags?post=12850"}],"curies":[{"name":"wp","href":"https:\/\/api.w.org\/{rel}","templated":true}]}}