{"id":14146,"date":"2017-02-03T00:00:00","date_gmt":"2017-02-02T23:00:00","guid":{"rendered":"http:\/\/dev.museuolimpicbcn.cat\/comenca-oficialment-la-commemoracio-del-25e-aniversari-de-barcelona92\/"},"modified":"2017-02-03T00:00:00","modified_gmt":"2017-02-02T23:00:00","slug":"comenca-oficialment-la-commemoracio-del-25e-aniversari-de-barcelona92","status":"publish","type":"post","link":"https:\/\/www.museuolimpicbcn.cat\/ca\/comenca-oficialment-la-commemoracio-del-25e-aniversari-de-barcelona92\/","title":{"rendered":"Comen\u00e7a oficialment la commemoraci\u00f3 del 25\u00e8 aniversari de Barcelona\u201992"},"content":{"rendered":"<p style=\"text-align: justify;\">Olga Viza va ser la mestra de cerim&ograve;nies a un Sal&oacute; de Cent on els records i la nost&agrave;lgia estava present entre els assistents. Totes les institucions vinculades als Jocs Ol&iacute;mpics i Paral&iacute;mpics van tenir el seu espai. Despr&eacute;s de la benvinguda de l&#8217;alcaldessa, Ada Colau, van prendre la paraula representants de totes les entitats implicades en els actes.<\/p>\n<p style=\"text-align: justify;\">Josep Mar&iacute;a Trias, qui fos el creador del logotip de Barcelona&rsquo;92 (ol&iacute;mpic i paral&iacute;mpic) ha estat l&#8217;encarregat de generar el logotip commemoratiu del 25&egrave; aniversari. Hum&agrave;, esportiu, popular i din&agrave;mic s&oacute;n els conceptes que segons Trias ha reutilitzat per a aquest logotip commemoratiu. Al servei del ciutad&agrave; s&#8217;ha realitzat la web oficial del 25&egrave; aniversari: http:\/\/www.barcelona.cat\/25anysolimpica on es podr&agrave; accedir a tota la informaci&oacute; d&#8217;actes, presentacions, jornades i activitats que es realitzin amb motiu d&#8217;aquest aniversari.<\/p>\n","protected":false},"excerpt":{"rendered":"<p>El Sal&oacute; de Cent de l&#8217;Ajuntament de Barcelona va acollir la commemoraci&oacute; del 25&egrave; aniversari dels Jocs Ol&iacute;mpics de Barcelona en un acte presidit per l&#8217;Alcaldessa de Barcelona, Ada Colau.&nbsp;<\/p>\n<p>&nbsp;<\/p>\n","protected":false},"author":1,"featured_media":0,"comment_status":"open","ping_status":"open","sticky":false,"template":"","format":"standard","meta":{"_acf_changed":false,"_price":"","_stock":"","_tribe_ticket_header":"","_tribe_default_ticket_provider":"","_tribe_ticket_capacity":"0","_ticket_start_date":"","_ticket_end_date":"","_tribe_ticket_show_description":"","_tribe_ticket_show_not_going":false,"_tribe_ticket_use_global_stock":"","_tribe_ticket_global_stock_level":"","_global_stock_mode":"","_global_stock_cap":"","_tribe_rsvp_for_event":"","_tribe_ticket_going_count":"","_tribe_ticket_not_going_count":"","_tribe_tickets_list":"[]","_tribe_ticket_has_attendee_info_fields":false,"footnotes":""},"categories":[1],"tags":[],"class_list":["post-14146","post","type-post","status-publish","format-standard","hentry","category-uncategorized-ca"],"acf":[],"yoast_head":"<!-- This site is optimized with the Yoast SEO plugin v23.7 - https:\/\/yoast.com\/wordpress\/plugins\/seo\/ -->\n<title>Comen\u00e7a oficialment la commemoraci\u00f3 del 25\u00e8 aniversari de Barcelona\u201992 - Museu Ol\u00edmpic i de l&#039;Esport<\/title>\n<meta name=\"robots\" content=\"index, follow, max-snippet:-1, max-image-preview:large, max-video-preview:-1\" \/>\n<link rel=\"canonical\" href=\"https:\/\/www.museuolimpicbcn.cat\/ca\/comenca-oficialment-la-commemoracio-del-25e-aniversari-de-barcelona92\/\" \/>\n<meta property=\"og:locale\" content=\"ca_ES\" \/>\n<meta property=\"og:type\" content=\"article\" \/>\n<meta property=\"og:title\" content=\"Comen\u00e7a oficialment la commemoraci\u00f3 del 25\u00e8 aniversari de Barcelona\u201992 - Museu Ol\u00edmpic i de l&#039;Esport\" \/>\n<meta property=\"og:description\" content=\"El Sal&oacute; de Cent de l&#039;Ajuntament de Barcelona va acollir la commemoraci&oacute; del 25&egrave; aniversari dels Jocs Ol&iacute;mpics de Barcelona en un acte presidit per l&#039;Alcaldessa de Barcelona, Ada Colau.&nbsp; &nbsp;\" \/>\n<meta property=\"og:url\" content=\"https:\/\/www.museuolimpicbcn.cat\/ca\/comenca-oficialment-la-commemoracio-del-25e-aniversari-de-barcelona92\/\" \/>\n<meta property=\"og:site_name\" content=\"Museu Ol\u00edmpic i de l&#039;Esport\" \/>\n<meta property=\"article:published_time\" content=\"2017-02-02T23:00:00+00:00\" \/>\n<meta name=\"author\" content=\"useradmin\" \/>\n<meta name=\"twitter:card\" content=\"summary_large_image\" \/>\n<meta name=\"twitter:label1\" content=\"Escrit per\" \/>\n\t<meta name=\"twitter:data1\" content=\"useradmin\" \/>\n\t<meta name=\"twitter:label2\" content=\"Temps estimat de lectura\" \/>\n\t<meta name=\"twitter:data2\" content=\"1 minut\" \/>\n<script type=\"application\/ld+json\" class=\"yoast-schema-graph\">{\"@context\":\"https:\/\/schema.org\",\"@graph\":[{\"@type\":\"Article\",\"@id\":\"https:\/\/www.museuolimpicbcn.cat\/ca\/comenca-oficialment-la-commemoracio-del-25e-aniversari-de-barcelona92\/#article\",\"isPartOf\":{\"@id\":\"https:\/\/www.museuolimpicbcn.cat\/ca\/comenca-oficialment-la-commemoracio-del-25e-aniversari-de-barcelona92\/\"},\"author\":{\"name\":\"useradmin\",\"@id\":\"https:\/\/www.museuolimpicbcn.cat\/ca\/#\/schema\/person\/d05705664e87aa04c6ce53d48133fb39\"},\"headline\":\"Comen\u00e7a oficialment la commemoraci\u00f3 del 25\u00e8 aniversari de Barcelona\u201992\",\"datePublished\":\"2017-02-02T23:00:00+00:00\",\"dateModified\":\"2017-02-02T23:00:00+00:00\",\"mainEntityOfPage\":{\"@id\":\"https:\/\/www.museuolimpicbcn.cat\/ca\/comenca-oficialment-la-commemoracio-del-25e-aniversari-de-barcelona92\/\"},\"wordCount\":174,\"commentCount\":0,\"publisher\":{\"@id\":\"https:\/\/www.museuolimpicbcn.cat\/ca\/#organization\"},\"articleSection\":[\"Uncategorized @ca\"],\"inLanguage\":\"ca\",\"potentialAction\":[{\"@type\":\"CommentAction\",\"name\":\"Comment\",\"target\":[\"https:\/\/www.museuolimpicbcn.cat\/ca\/comenca-oficialment-la-commemoracio-del-25e-aniversari-de-barcelona92\/#respond\"]}]},{\"@type\":\"WebPage\",\"@id\":\"https:\/\/www.museuolimpicbcn.cat\/ca\/comenca-oficialment-la-commemoracio-del-25e-aniversari-de-barcelona92\/\",\"url\":\"https:\/\/www.museuolimpicbcn.cat\/ca\/comenca-oficialment-la-commemoracio-del-25e-aniversari-de-barcelona92\/\",\"name\":\"Comen\u00e7a oficialment la commemoraci\u00f3 del 25\u00e8 aniversari de Barcelona\u201992 - Museu Ol\u00edmpic i de l&#039;Esport\",\"isPartOf\":{\"@id\":\"https:\/\/www.museuolimpicbcn.cat\/ca\/#website\"},\"datePublished\":\"2017-02-02T23:00:00+00:00\",\"dateModified\":\"2017-02-02T23:00:00+00:00\",\"breadcrumb\":{\"@id\":\"https:\/\/www.museuolimpicbcn.cat\/ca\/comenca-oficialment-la-commemoracio-del-25e-aniversari-de-barcelona92\/#breadcrumb\"},\"inLanguage\":\"ca\",\"potentialAction\":[{\"@type\":\"ReadAction\",\"target\":[\"https:\/\/www.museuolimpicbcn.cat\/ca\/comenca-oficialment-la-commemoracio-del-25e-aniversari-de-barcelona92\/\"]}]},{\"@type\":\"BreadcrumbList\",\"@id\":\"https:\/\/www.museuolimpicbcn.cat\/ca\/comenca-oficialment-la-commemoracio-del-25e-aniversari-de-barcelona92\/#breadcrumb\",\"itemListElement\":[{\"@type\":\"ListItem\",\"position\":1,\"name\":\"Inici\",\"item\":\"https:\/\/www.museuolimpicbcn.cat\/es\/\"},{\"@type\":\"ListItem\",\"position\":2,\"name\":\"Comen\u00e7a oficialment la commemoraci\u00f3 del 25\u00e8 aniversari de Barcelona\u201992\"}]},{\"@type\":\"WebSite\",\"@id\":\"https:\/\/www.museuolimpicbcn.cat\/ca\/#website\",\"url\":\"https:\/\/www.museuolimpicbcn.cat\/ca\/\",\"name\":\"Museu Ol\u00edmpic i de l&#039;Esport\",\"description\":\"Altre lloc Web del Museu Ol\u00edmpic i de l&#039;Esport llocs\",\"publisher\":{\"@id\":\"https:\/\/www.museuolimpicbcn.cat\/ca\/#organization\"},\"potentialAction\":[{\"@type\":\"SearchAction\",\"target\":{\"@type\":\"EntryPoint\",\"urlTemplate\":\"https:\/\/www.museuolimpicbcn.cat\/ca\/?s={search_term_string}\"},\"query-input\":{\"@type\":\"PropertyValueSpecification\",\"valueRequired\":true,\"valueName\":\"search_term_string\"}}],\"inLanguage\":\"ca\"},{\"@type\":\"Organization\",\"@id\":\"https:\/\/www.museuolimpicbcn.cat\/ca\/#organization\",\"name\":\"Museu Ol\u00edmpic i de l&#039;Esport\",\"url\":\"https:\/\/www.museuolimpicbcn.cat\/ca\/\",\"logo\":{\"@type\":\"ImageObject\",\"inLanguage\":\"ca\",\"@id\":\"https:\/\/www.museuolimpicbcn.cat\/ca\/#\/schema\/logo\/image\/\",\"url\":\"https:\/\/www.museuolimpicbcn.cat\/wp-content\/uploads\/sites\/2\/2018\/12\/logo-moe-header.svg\",\"contentUrl\":\"https:\/\/www.museuolimpicbcn.cat\/wp-content\/uploads\/sites\/2\/2018\/12\/logo-moe-header.svg\",\"caption\":\"Museu Ol\u00edmpic i de l&#039;Esport\"},\"image\":{\"@id\":\"https:\/\/www.museuolimpicbcn.cat\/ca\/#\/schema\/logo\/image\/\"}},{\"@type\":\"Person\",\"@id\":\"https:\/\/www.museuolimpicbcn.cat\/ca\/#\/schema\/person\/d05705664e87aa04c6ce53d48133fb39\",\"name\":\"useradmin\",\"url\":\"https:\/\/www.museuolimpicbcn.cat\/ca\/author\/useradmin\/\"}]}<\/script>\n<!-- \/ Yoast SEO plugin. -->","yoast_head_json":{"title":"Comen\u00e7a oficialment la commemoraci\u00f3 del 25\u00e8 aniversari de Barcelona\u201992 - Museu Ol\u00edmpic i de l&#039;Esport","robots":{"index":"index","follow":"follow","max-snippet":"max-snippet:-1","max-image-preview":"max-image-preview:large","max-video-preview":"max-video-preview:-1"},"canonical":"https:\/\/www.museuolimpicbcn.cat\/ca\/comenca-oficialment-la-commemoracio-del-25e-aniversari-de-barcelona92\/","og_locale":"ca_ES","og_type":"article","og_title":"Comen\u00e7a oficialment la commemoraci\u00f3 del 25\u00e8 aniversari de Barcelona\u201992 - Museu Ol\u00edmpic i de l&#039;Esport","og_description":"El Sal&oacute; de Cent de l'Ajuntament de Barcelona va acollir la commemoraci&oacute; del 25&egrave; aniversari dels Jocs Ol&iacute;mpics de Barcelona en un acte presidit per l'Alcaldessa de Barcelona, Ada Colau.&nbsp; &nbsp;","og_url":"https:\/\/www.museuolimpicbcn.cat\/ca\/comenca-oficialment-la-commemoracio-del-25e-aniversari-de-barcelona92\/","og_site_name":"Museu Ol\u00edmpic i de l&#039;Esport","article_published_time":"2017-02-02T23:00:00+00:00","author":"useradmin","twitter_card":"summary_large_image","twitter_misc":{"Escrit per":"useradmin","Temps estimat de lectura":"1 minut"},"schema":{"@context":"https:\/\/schema.org","@graph":[{"@type":"Article","@id":"https:\/\/www.museuolimpicbcn.cat\/ca\/comenca-oficialment-la-commemoracio-del-25e-aniversari-de-barcelona92\/#article","isPartOf":{"@id":"https:\/\/www.museuolimpicbcn.cat\/ca\/comenca-oficialment-la-commemoracio-del-25e-aniversari-de-barcelona92\/"},"author":{"name":"useradmin","@id":"https:\/\/www.museuolimpicbcn.cat\/ca\/#\/schema\/person\/d05705664e87aa04c6ce53d48133fb39"},"headline":"Comen\u00e7a oficialment la commemoraci\u00f3 del 25\u00e8 aniversari de Barcelona\u201992","datePublished":"2017-02-02T23:00:00+00:00","dateModified":"2017-02-02T23:00:00+00:00","mainEntityOfPage":{"@id":"https:\/\/www.museuolimpicbcn.cat\/ca\/comenca-oficialment-la-commemoracio-del-25e-aniversari-de-barcelona92\/"},"wordCount":174,"commentCount":0,"publisher":{"@id":"https:\/\/www.museuolimpicbcn.cat\/ca\/#organization"},"articleSection":["Uncategorized @ca"],"inLanguage":"ca","potentialAction":[{"@type":"CommentAction","name":"Comment","target":["https:\/\/www.museuolimpicbcn.cat\/ca\/comenca-oficialment-la-commemoracio-del-25e-aniversari-de-barcelona92\/#respond"]}]},{"@type":"WebPage","@id":"https:\/\/www.museuolimpicbcn.cat\/ca\/comenca-oficialment-la-commemoracio-del-25e-aniversari-de-barcelona92\/","url":"https:\/\/www.museuolimpicbcn.cat\/ca\/comenca-oficialment-la-commemoracio-del-25e-aniversari-de-barcelona92\/","name":"Comen\u00e7a oficialment la commemoraci\u00f3 del 25\u00e8 aniversari de Barcelona\u201992 - Museu Ol\u00edmpic i de l&#039;Esport","isPartOf":{"@id":"https:\/\/www.museuolimpicbcn.cat\/ca\/#website"},"datePublished":"2017-02-02T23:00:00+00:00","dateModified":"2017-02-02T23:00:00+00:00","breadcrumb":{"@id":"https:\/\/www.museuolimpicbcn.cat\/ca\/comenca-oficialment-la-commemoracio-del-25e-aniversari-de-barcelona92\/#breadcrumb"},"inLanguage":"ca","potentialAction":[{"@type":"ReadAction","target":["https:\/\/www.museuolimpicbcn.cat\/ca\/comenca-oficialment-la-commemoracio-del-25e-aniversari-de-barcelona92\/"]}]},{"@type":"BreadcrumbList","@id":"https:\/\/www.museuolimpicbcn.cat\/ca\/comenca-oficialment-la-commemoracio-del-25e-aniversari-de-barcelona92\/#breadcrumb","itemListElement":[{"@type":"ListItem","position":1,"name":"Inici","item":"https:\/\/www.museuolimpicbcn.cat\/es\/"},{"@type":"ListItem","position":2,"name":"Comen\u00e7a oficialment la commemoraci\u00f3 del 25\u00e8 aniversari de Barcelona\u201992"}]},{"@type":"WebSite","@id":"https:\/\/www.museuolimpicbcn.cat\/ca\/#website","url":"https:\/\/www.museuolimpicbcn.cat\/ca\/","name":"Museu Ol\u00edmpic i de l&#039;Esport","description":"Altre lloc Web del Museu Ol\u00edmpic i de l&#039;Esport llocs","publisher":{"@id":"https:\/\/www.museuolimpicbcn.cat\/ca\/#organization"},"potentialAction":[{"@type":"SearchAction","target":{"@type":"EntryPoint","urlTemplate":"https:\/\/www.museuolimpicbcn.cat\/ca\/?s={search_term_string}"},"query-input":{"@type":"PropertyValueSpecification","valueRequired":true,"valueName":"search_term_string"}}],"inLanguage":"ca"},{"@type":"Organization","@id":"https:\/\/www.museuolimpicbcn.cat\/ca\/#organization","name":"Museu Ol\u00edmpic i de l&#039;Esport","url":"https:\/\/www.museuolimpicbcn.cat\/ca\/","logo":{"@type":"ImageObject","inLanguage":"ca","@id":"https:\/\/www.museuolimpicbcn.cat\/ca\/#\/schema\/logo\/image\/","url":"https:\/\/www.museuolimpicbcn.cat\/wp-content\/uploads\/sites\/2\/2018\/12\/logo-moe-header.svg","contentUrl":"https:\/\/www.museuolimpicbcn.cat\/wp-content\/uploads\/sites\/2\/2018\/12\/logo-moe-header.svg","caption":"Museu Ol\u00edmpic i de l&#039;Esport"},"image":{"@id":"https:\/\/www.museuolimpicbcn.cat\/ca\/#\/schema\/logo\/image\/"}},{"@type":"Person","@id":"https:\/\/www.museuolimpicbcn.cat\/ca\/#\/schema\/person\/d05705664e87aa04c6ce53d48133fb39","name":"useradmin","url":"https:\/\/www.museuolimpicbcn.cat\/ca\/author\/useradmin\/"}]}},"_links":{"self":[{"href":"https:\/\/www.museuolimpicbcn.cat\/ca\/wp-json\/wp\/v2\/posts\/14146"}],"collection":[{"href":"https:\/\/www.museuolimpicbcn.cat\/ca\/wp-json\/wp\/v2\/posts"}],"about":[{"href":"https:\/\/www.museuolimpicbcn.cat\/ca\/wp-json\/wp\/v2\/types\/post"}],"author":[{"embeddable":true,"href":"https:\/\/www.museuolimpicbcn.cat\/ca\/wp-json\/wp\/v2\/users\/1"}],"replies":[{"embeddable":true,"href":"https:\/\/www.museuolimpicbcn.cat\/ca\/wp-json\/wp\/v2\/comments?post=14146"}],"version-history":[{"count":0,"href":"https:\/\/www.museuolimpicbcn.cat\/ca\/wp-json\/wp\/v2\/posts\/14146\/revisions"}],"wp:attachment":[{"href":"https:\/\/www.museuolimpicbcn.cat\/ca\/wp-json\/wp\/v2\/media?parent=14146"}],"wp:term":[{"taxonomy":"category","embeddable":true,"href":"https:\/\/www.museuolimpicbcn.cat\/ca\/wp-json\/wp\/v2\/categories?post=14146"},{"taxonomy":"post_tag","embeddable":true,"href":"https:\/\/www.museuolimpicbcn.cat\/ca\/wp-json\/wp\/v2\/tags?post=14146"}],"curies":[{"name":"wp","href":"https:\/\/api.w.org\/{rel}","templated":true}]}}