{"id":14177,"date":"2017-02-08T00:00:00","date_gmt":"2017-02-07T23:00:00","guid":{"rendered":"http:\/\/dev.museuolimpicbcn.cat\/eugeni-asencio-lescollit-per-al-jurament-olimpic-darbitres-i-jutges-dels-jocs-olimpics-de-barcelona92\/"},"modified":"2017-02-08T00:00:00","modified_gmt":"2017-02-07T23:00:00","slug":"eugeni-asencio-lescollit-per-al-jurament-olimpic-darbitres-i-jutges-dels-jocs-olimpics-de-barcelona92","status":"publish","type":"post","link":"https:\/\/www.museuolimpicbcn.cat\/ca\/eugeni-asencio-lescollit-per-al-jurament-olimpic-darbitres-i-jutges-dels-jocs-olimpics-de-barcelona92\/","title":{"rendered":"Eugeni Asencio, l\u2019escollit per al jurament ol\u00edmpic d&#8217;\u00e0rbitres i jutges dels Jocs Ol\u00edmpics de Barcelona\u201992."},"content":{"rendered":"<p>Eugeni recorda que va fer el jurament en catal&agrave; i l&#8217;orgull&oacute;s que es va sentir en aquell moment.<\/p>\n<p>&nbsp;<\/p>\n","protected":false},"excerpt":{"rendered":"<p>25 anys despr&eacute;s i amb 5 jocs ol&iacute;mpics a les seves esquenes com a &agrave;rbitre de waterpolo, Eugeni recorda aquest jurament com el moment m&eacute;s important de la seva carrera.<\/p>\n<p>&nbsp;<\/p>\n","protected":false},"author":1,"featured_media":0,"comment_status":"open","ping_status":"open","sticky":false,"template":"","format":"standard","meta":{"_acf_changed":false,"_price":"","_stock":"","_tribe_ticket_header":"","_tribe_default_ticket_provider":"","_tribe_ticket_capacity":"0","_ticket_start_date":"","_ticket_end_date":"","_tribe_ticket_show_description":"","_tribe_ticket_show_not_going":false,"_tribe_ticket_use_global_stock":"","_tribe_ticket_global_stock_level":"","_global_stock_mode":"","_global_stock_cap":"","_tribe_rsvp_for_event":"","_tribe_ticket_going_count":"","_tribe_ticket_not_going_count":"","_tribe_tickets_list":"[]","_tribe_ticket_has_attendee_info_fields":false,"footnotes":""},"categories":[1],"tags":[],"class_list":["post-14177","post","type-post","status-publish","format-standard","hentry","category-uncategorized-ca"],"acf":[],"yoast_head":"<!-- This site is optimized with the Yoast SEO plugin v23.7 - https:\/\/yoast.com\/wordpress\/plugins\/seo\/ -->\n<title>Eugeni Asencio, l\u2019escollit per al jurament ol\u00edmpic d&#039;\u00e0rbitres i jutges dels Jocs Ol\u00edmpics de Barcelona\u201992. - Museu Ol\u00edmpic i de l&#039;Esport<\/title>\n<meta name=\"robots\" content=\"index, follow, max-snippet:-1, max-image-preview:large, max-video-preview:-1\" \/>\n<link rel=\"canonical\" href=\"https:\/\/www.museuolimpicbcn.cat\/ca\/eugeni-asencio-lescollit-per-al-jurament-olimpic-darbitres-i-jutges-dels-jocs-olimpics-de-barcelona92\/\" \/>\n<meta property=\"og:locale\" content=\"ca_ES\" \/>\n<meta property=\"og:type\" content=\"article\" \/>\n<meta property=\"og:title\" content=\"Eugeni Asencio, l\u2019escollit per al jurament ol\u00edmpic d&#039;\u00e0rbitres i jutges dels Jocs Ol\u00edmpics de Barcelona\u201992. - Museu Ol\u00edmpic i de l&#039;Esport\" \/>\n<meta property=\"og:description\" content=\"25 anys despr&eacute;s i amb 5 jocs ol&iacute;mpics a les seves esquenes com a &agrave;rbitre de waterpolo, Eugeni recorda aquest jurament com el moment m&eacute;s important de la seva carrera. &nbsp;\" \/>\n<meta property=\"og:url\" content=\"https:\/\/www.museuolimpicbcn.cat\/ca\/eugeni-asencio-lescollit-per-al-jurament-olimpic-darbitres-i-jutges-dels-jocs-olimpics-de-barcelona92\/\" \/>\n<meta property=\"og:site_name\" content=\"Museu Ol\u00edmpic i de l&#039;Esport\" \/>\n<meta property=\"article:published_time\" content=\"2017-02-07T23:00:00+00:00\" \/>\n<meta name=\"author\" content=\"useradmin\" \/>\n<meta name=\"twitter:card\" content=\"summary_large_image\" \/>\n<meta name=\"twitter:label1\" content=\"Escrit per\" \/>\n\t<meta name=\"twitter:data1\" content=\"useradmin\" \/>\n<script type=\"application\/ld+json\" class=\"yoast-schema-graph\">{\"@context\":\"https:\/\/schema.org\",\"@graph\":[{\"@type\":\"Article\",\"@id\":\"https:\/\/www.museuolimpicbcn.cat\/ca\/eugeni-asencio-lescollit-per-al-jurament-olimpic-darbitres-i-jutges-dels-jocs-olimpics-de-barcelona92\/#article\",\"isPartOf\":{\"@id\":\"https:\/\/www.museuolimpicbcn.cat\/ca\/eugeni-asencio-lescollit-per-al-jurament-olimpic-darbitres-i-jutges-dels-jocs-olimpics-de-barcelona92\/\"},\"author\":{\"name\":\"useradmin\",\"@id\":\"https:\/\/www.museuolimpicbcn.cat\/ca\/#\/schema\/person\/d05705664e87aa04c6ce53d48133fb39\"},\"headline\":\"Eugeni Asencio, l\u2019escollit per al jurament ol\u00edmpic d&#8217;\u00e0rbitres i jutges dels Jocs Ol\u00edmpics de Barcelona\u201992.\",\"datePublished\":\"2017-02-07T23:00:00+00:00\",\"dateModified\":\"2017-02-07T23:00:00+00:00\",\"mainEntityOfPage\":{\"@id\":\"https:\/\/www.museuolimpicbcn.cat\/ca\/eugeni-asencio-lescollit-per-al-jurament-olimpic-darbitres-i-jutges-dels-jocs-olimpics-de-barcelona92\/\"},\"wordCount\":41,\"commentCount\":0,\"publisher\":{\"@id\":\"https:\/\/www.museuolimpicbcn.cat\/ca\/#organization\"},\"articleSection\":[\"Uncategorized @ca\"],\"inLanguage\":\"ca\",\"potentialAction\":[{\"@type\":\"CommentAction\",\"name\":\"Comment\",\"target\":[\"https:\/\/www.museuolimpicbcn.cat\/ca\/eugeni-asencio-lescollit-per-al-jurament-olimpic-darbitres-i-jutges-dels-jocs-olimpics-de-barcelona92\/#respond\"]}]},{\"@type\":\"WebPage\",\"@id\":\"https:\/\/www.museuolimpicbcn.cat\/ca\/eugeni-asencio-lescollit-per-al-jurament-olimpic-darbitres-i-jutges-dels-jocs-olimpics-de-barcelona92\/\",\"url\":\"https:\/\/www.museuolimpicbcn.cat\/ca\/eugeni-asencio-lescollit-per-al-jurament-olimpic-darbitres-i-jutges-dels-jocs-olimpics-de-barcelona92\/\",\"name\":\"Eugeni Asencio, l\u2019escollit per al jurament ol\u00edmpic d'\u00e0rbitres i jutges dels Jocs Ol\u00edmpics de Barcelona\u201992. - Museu Ol\u00edmpic i de l&#039;Esport\",\"isPartOf\":{\"@id\":\"https:\/\/www.museuolimpicbcn.cat\/ca\/#website\"},\"datePublished\":\"2017-02-07T23:00:00+00:00\",\"dateModified\":\"2017-02-07T23:00:00+00:00\",\"breadcrumb\":{\"@id\":\"https:\/\/www.museuolimpicbcn.cat\/ca\/eugeni-asencio-lescollit-per-al-jurament-olimpic-darbitres-i-jutges-dels-jocs-olimpics-de-barcelona92\/#breadcrumb\"},\"inLanguage\":\"ca\",\"potentialAction\":[{\"@type\":\"ReadAction\",\"target\":[\"https:\/\/www.museuolimpicbcn.cat\/ca\/eugeni-asencio-lescollit-per-al-jurament-olimpic-darbitres-i-jutges-dels-jocs-olimpics-de-barcelona92\/\"]}]},{\"@type\":\"BreadcrumbList\",\"@id\":\"https:\/\/www.museuolimpicbcn.cat\/ca\/eugeni-asencio-lescollit-per-al-jurament-olimpic-darbitres-i-jutges-dels-jocs-olimpics-de-barcelona92\/#breadcrumb\",\"itemListElement\":[{\"@type\":\"ListItem\",\"position\":1,\"name\":\"Inici\",\"item\":\"https:\/\/www.museuolimpicbcn.cat\/es\/\"},{\"@type\":\"ListItem\",\"position\":2,\"name\":\"Eugeni Asencio, l\u2019escollit per al jurament ol\u00edmpic d&#8217;\u00e0rbitres i jutges dels Jocs Ol\u00edmpics de Barcelona\u201992.\"}]},{\"@type\":\"WebSite\",\"@id\":\"https:\/\/www.museuolimpicbcn.cat\/ca\/#website\",\"url\":\"https:\/\/www.museuolimpicbcn.cat\/ca\/\",\"name\":\"Museu Ol\u00edmpic i de l&#039;Esport\",\"description\":\"Altre lloc Web del Museu Ol\u00edmpic i de l&#039;Esport llocs\",\"publisher\":{\"@id\":\"https:\/\/www.museuolimpicbcn.cat\/ca\/#organization\"},\"potentialAction\":[{\"@type\":\"SearchAction\",\"target\":{\"@type\":\"EntryPoint\",\"urlTemplate\":\"https:\/\/www.museuolimpicbcn.cat\/ca\/?s={search_term_string}\"},\"query-input\":{\"@type\":\"PropertyValueSpecification\",\"valueRequired\":true,\"valueName\":\"search_term_string\"}}],\"inLanguage\":\"ca\"},{\"@type\":\"Organization\",\"@id\":\"https:\/\/www.museuolimpicbcn.cat\/ca\/#organization\",\"name\":\"Museu Ol\u00edmpic i de l&#039;Esport\",\"url\":\"https:\/\/www.museuolimpicbcn.cat\/ca\/\",\"logo\":{\"@type\":\"ImageObject\",\"inLanguage\":\"ca\",\"@id\":\"https:\/\/www.museuolimpicbcn.cat\/ca\/#\/schema\/logo\/image\/\",\"url\":\"https:\/\/www.museuolimpicbcn.cat\/wp-content\/uploads\/sites\/2\/2018\/12\/logo-moe-header.svg\",\"contentUrl\":\"https:\/\/www.museuolimpicbcn.cat\/wp-content\/uploads\/sites\/2\/2018\/12\/logo-moe-header.svg\",\"caption\":\"Museu Ol\u00edmpic i de l&#039;Esport\"},\"image\":{\"@id\":\"https:\/\/www.museuolimpicbcn.cat\/ca\/#\/schema\/logo\/image\/\"}},{\"@type\":\"Person\",\"@id\":\"https:\/\/www.museuolimpicbcn.cat\/ca\/#\/schema\/person\/d05705664e87aa04c6ce53d48133fb39\",\"name\":\"useradmin\",\"url\":\"https:\/\/www.museuolimpicbcn.cat\/ca\/author\/useradmin\/\"}]}<\/script>\n<!-- \/ Yoast SEO plugin. -->","yoast_head_json":{"title":"Eugeni Asencio, l\u2019escollit per al jurament ol\u00edmpic d'\u00e0rbitres i jutges dels Jocs Ol\u00edmpics de Barcelona\u201992. - Museu Ol\u00edmpic i de l&#039;Esport","robots":{"index":"index","follow":"follow","max-snippet":"max-snippet:-1","max-image-preview":"max-image-preview:large","max-video-preview":"max-video-preview:-1"},"canonical":"https:\/\/www.museuolimpicbcn.cat\/ca\/eugeni-asencio-lescollit-per-al-jurament-olimpic-darbitres-i-jutges-dels-jocs-olimpics-de-barcelona92\/","og_locale":"ca_ES","og_type":"article","og_title":"Eugeni Asencio, l\u2019escollit per al jurament ol\u00edmpic d'\u00e0rbitres i jutges dels Jocs Ol\u00edmpics de Barcelona\u201992. - Museu Ol\u00edmpic i de l&#039;Esport","og_description":"25 anys despr&eacute;s i amb 5 jocs ol&iacute;mpics a les seves esquenes com a &agrave;rbitre de waterpolo, Eugeni recorda aquest jurament com el moment m&eacute;s important de la seva carrera. &nbsp;","og_url":"https:\/\/www.museuolimpicbcn.cat\/ca\/eugeni-asencio-lescollit-per-al-jurament-olimpic-darbitres-i-jutges-dels-jocs-olimpics-de-barcelona92\/","og_site_name":"Museu Ol\u00edmpic i de l&#039;Esport","article_published_time":"2017-02-07T23:00:00+00:00","author":"useradmin","twitter_card":"summary_large_image","twitter_misc":{"Escrit per":"useradmin"},"schema":{"@context":"https:\/\/schema.org","@graph":[{"@type":"Article","@id":"https:\/\/www.museuolimpicbcn.cat\/ca\/eugeni-asencio-lescollit-per-al-jurament-olimpic-darbitres-i-jutges-dels-jocs-olimpics-de-barcelona92\/#article","isPartOf":{"@id":"https:\/\/www.museuolimpicbcn.cat\/ca\/eugeni-asencio-lescollit-per-al-jurament-olimpic-darbitres-i-jutges-dels-jocs-olimpics-de-barcelona92\/"},"author":{"name":"useradmin","@id":"https:\/\/www.museuolimpicbcn.cat\/ca\/#\/schema\/person\/d05705664e87aa04c6ce53d48133fb39"},"headline":"Eugeni Asencio, l\u2019escollit per al jurament ol\u00edmpic d&#8217;\u00e0rbitres i jutges dels Jocs Ol\u00edmpics de Barcelona\u201992.","datePublished":"2017-02-07T23:00:00+00:00","dateModified":"2017-02-07T23:00:00+00:00","mainEntityOfPage":{"@id":"https:\/\/www.museuolimpicbcn.cat\/ca\/eugeni-asencio-lescollit-per-al-jurament-olimpic-darbitres-i-jutges-dels-jocs-olimpics-de-barcelona92\/"},"wordCount":41,"commentCount":0,"publisher":{"@id":"https:\/\/www.museuolimpicbcn.cat\/ca\/#organization"},"articleSection":["Uncategorized @ca"],"inLanguage":"ca","potentialAction":[{"@type":"CommentAction","name":"Comment","target":["https:\/\/www.museuolimpicbcn.cat\/ca\/eugeni-asencio-lescollit-per-al-jurament-olimpic-darbitres-i-jutges-dels-jocs-olimpics-de-barcelona92\/#respond"]}]},{"@type":"WebPage","@id":"https:\/\/www.museuolimpicbcn.cat\/ca\/eugeni-asencio-lescollit-per-al-jurament-olimpic-darbitres-i-jutges-dels-jocs-olimpics-de-barcelona92\/","url":"https:\/\/www.museuolimpicbcn.cat\/ca\/eugeni-asencio-lescollit-per-al-jurament-olimpic-darbitres-i-jutges-dels-jocs-olimpics-de-barcelona92\/","name":"Eugeni Asencio, l\u2019escollit per al jurament ol\u00edmpic d'\u00e0rbitres i jutges dels Jocs Ol\u00edmpics de Barcelona\u201992. - Museu Ol\u00edmpic i de l&#039;Esport","isPartOf":{"@id":"https:\/\/www.museuolimpicbcn.cat\/ca\/#website"},"datePublished":"2017-02-07T23:00:00+00:00","dateModified":"2017-02-07T23:00:00+00:00","breadcrumb":{"@id":"https:\/\/www.museuolimpicbcn.cat\/ca\/eugeni-asencio-lescollit-per-al-jurament-olimpic-darbitres-i-jutges-dels-jocs-olimpics-de-barcelona92\/#breadcrumb"},"inLanguage":"ca","potentialAction":[{"@type":"ReadAction","target":["https:\/\/www.museuolimpicbcn.cat\/ca\/eugeni-asencio-lescollit-per-al-jurament-olimpic-darbitres-i-jutges-dels-jocs-olimpics-de-barcelona92\/"]}]},{"@type":"BreadcrumbList","@id":"https:\/\/www.museuolimpicbcn.cat\/ca\/eugeni-asencio-lescollit-per-al-jurament-olimpic-darbitres-i-jutges-dels-jocs-olimpics-de-barcelona92\/#breadcrumb","itemListElement":[{"@type":"ListItem","position":1,"name":"Inici","item":"https:\/\/www.museuolimpicbcn.cat\/es\/"},{"@type":"ListItem","position":2,"name":"Eugeni Asencio, l\u2019escollit per al jurament ol\u00edmpic d&#8217;\u00e0rbitres i jutges dels Jocs Ol\u00edmpics de Barcelona\u201992."}]},{"@type":"WebSite","@id":"https:\/\/www.museuolimpicbcn.cat\/ca\/#website","url":"https:\/\/www.museuolimpicbcn.cat\/ca\/","name":"Museu Ol\u00edmpic i de l&#039;Esport","description":"Altre lloc Web del Museu Ol\u00edmpic i de l&#039;Esport llocs","publisher":{"@id":"https:\/\/www.museuolimpicbcn.cat\/ca\/#organization"},"potentialAction":[{"@type":"SearchAction","target":{"@type":"EntryPoint","urlTemplate":"https:\/\/www.museuolimpicbcn.cat\/ca\/?s={search_term_string}"},"query-input":{"@type":"PropertyValueSpecification","valueRequired":true,"valueName":"search_term_string"}}],"inLanguage":"ca"},{"@type":"Organization","@id":"https:\/\/www.museuolimpicbcn.cat\/ca\/#organization","name":"Museu Ol\u00edmpic i de l&#039;Esport","url":"https:\/\/www.museuolimpicbcn.cat\/ca\/","logo":{"@type":"ImageObject","inLanguage":"ca","@id":"https:\/\/www.museuolimpicbcn.cat\/ca\/#\/schema\/logo\/image\/","url":"https:\/\/www.museuolimpicbcn.cat\/wp-content\/uploads\/sites\/2\/2018\/12\/logo-moe-header.svg","contentUrl":"https:\/\/www.museuolimpicbcn.cat\/wp-content\/uploads\/sites\/2\/2018\/12\/logo-moe-header.svg","caption":"Museu Ol\u00edmpic i de l&#039;Esport"},"image":{"@id":"https:\/\/www.museuolimpicbcn.cat\/ca\/#\/schema\/logo\/image\/"}},{"@type":"Person","@id":"https:\/\/www.museuolimpicbcn.cat\/ca\/#\/schema\/person\/d05705664e87aa04c6ce53d48133fb39","name":"useradmin","url":"https:\/\/www.museuolimpicbcn.cat\/ca\/author\/useradmin\/"}]}},"_links":{"self":[{"href":"https:\/\/www.museuolimpicbcn.cat\/ca\/wp-json\/wp\/v2\/posts\/14177"}],"collection":[{"href":"https:\/\/www.museuolimpicbcn.cat\/ca\/wp-json\/wp\/v2\/posts"}],"about":[{"href":"https:\/\/www.museuolimpicbcn.cat\/ca\/wp-json\/wp\/v2\/types\/post"}],"author":[{"embeddable":true,"href":"https:\/\/www.museuolimpicbcn.cat\/ca\/wp-json\/wp\/v2\/users\/1"}],"replies":[{"embeddable":true,"href":"https:\/\/www.museuolimpicbcn.cat\/ca\/wp-json\/wp\/v2\/comments?post=14177"}],"version-history":[{"count":0,"href":"https:\/\/www.museuolimpicbcn.cat\/ca\/wp-json\/wp\/v2\/posts\/14177\/revisions"}],"wp:attachment":[{"href":"https:\/\/www.museuolimpicbcn.cat\/ca\/wp-json\/wp\/v2\/media?parent=14177"}],"wp:term":[{"taxonomy":"category","embeddable":true,"href":"https:\/\/www.museuolimpicbcn.cat\/ca\/wp-json\/wp\/v2\/categories?post=14177"},{"taxonomy":"post_tag","embeddable":true,"href":"https:\/\/www.museuolimpicbcn.cat\/ca\/wp-json\/wp\/v2\/tags?post=14177"}],"curies":[{"name":"wp","href":"https:\/\/api.w.org\/{rel}","templated":true}]}}