{"id":14493,"date":"2017-06-07T00:00:00","date_gmt":"2017-06-06T22:00:00","guid":{"rendered":"http:\/\/dev.museuolimpicbcn.cat\/la-fundacio-catalana-de-lesport-guardona-a-la-fundacio-barcelona-olimpica-per-la-seva-labor-en-la-difusio-de-valors-de-lesport\/"},"modified":"2017-06-07T00:00:00","modified_gmt":"2017-06-06T22:00:00","slug":"la-fundacio-catalana-de-lesport-guardona-a-la-fundacio-barcelona-olimpica-per-la-seva-labor-en-la-difusio-de-valors-de-lesport","status":"publish","type":"post","link":"https:\/\/www.museuolimpicbcn.cat\/ca\/la-fundacio-catalana-de-lesport-guardona-a-la-fundacio-barcelona-olimpica-per-la-seva-labor-en-la-difusio-de-valors-de-lesport\/","title":{"rendered":"La Fundaci\u00f3 Catalana de l\u2019Esport guardona a la Fundaci\u00f3 Barcelona Ol\u00edmpica per la seva labor en la difusi\u00f3 de valors de l&#8217;esport"},"content":{"rendered":"<p>Es van repartir un total de 21 premis en les 6 categories existents.<\/p>\n<p><strong>Igualtat d&rsquo;oportunitats<\/strong><strong><\/strong><\/p>\n<p>Associaci&oacute; Juvenil Karate Can Peixauet (Santa Coloma de Gramanet)<br \/>\nClub Rugby Tarragona (Tarragona)<br \/>\nClub de Gimn&agrave;stica La Mina &ndash; Gervasio Deferr (Sant Adri&agrave; del Bes&ograve;s)<br \/>\nAssociaci&oacute; Esportiva Babar &ndash; Fundaci&oacute; Pare Manel (Barcelona)<br \/>\nAssociaci&oacute; Sport To Live (Barcelona)<br \/>\nFUPAR (Terrassa)<\/p>\n<p><strong>Difusi&oacute; dels valors de l&rsquo;esport<\/strong><strong><\/strong><\/p>\n<p>Blanquerna &ndash; Universitat Ramon Llull (Barcelona)<br \/>\nEsportistes.cat (Vacarisses)<br \/>\nFundaci&oacute; Barcelona Ol&iacute;mpica (Barcelona)<\/p>\n<p><strong>Educaci&oacute; i esport de lleure<\/strong><strong><\/strong><\/p>\n<p>Consell Esportiu del Baix Llobregat (Sant Feliu de Llobregat)<br \/>\nServei d&rsquo;Esports de l&rsquo;Ajuntament de Granollers (Granollers)<br \/>\nSantCugatCreix (Sant Cugat del Vall&egrave;s)<\/p>\n<p><strong>Foment i difusi&oacute; dels h&agrave;bits<\/strong><\/p>\n<p>Federaci&oacute; Catalana d&rsquo;Esports de persones amb discapacitat f&iacute;sica (Barcelona)<br \/>\nAssociaci&oacute; Esportiva Nordic Walking Pirineus (Puigcerd&agrave;)<br \/>\nEsportianitza&rsquo;t (Tiana)<\/p>\n<p><strong>Esport catal&agrave; al m&oacute;n<\/strong><\/p>\n<p>CD Terrassa Hockey (Matadepera)<br \/>\nClub Patinatge Art&iacute;stic Olot (Olot)<br \/>\nFederaci&oacute; Catalana de Rugbi (Barcelona)<\/p>\n<p><strong>Categoria: Patrocini i Mecenatge<\/strong><strong><\/strong><\/p>\n<p>Fem a Quart (Quart)<br \/>\n#StargardtGo (Agramunt)<br \/>\nTenis Taula Ganxets de Reus (Reus)<\/p>\n","protected":false},"excerpt":{"rendered":"<p>L&#8217;Espai Endesa va ser l&#8217;escenari triat per la Fundaci&oacute; Catalana de l&#8217;Esport per a aquest primer acte de reconeixement dels &ldquo;Guardons de l&#8217;Esport&rdquo;.<\/p>\n<p>&nbsp;<\/p>\n","protected":false},"author":1,"featured_media":0,"comment_status":"open","ping_status":"open","sticky":false,"template":"","format":"standard","meta":{"_acf_changed":false,"_price":"","_stock":"","_tribe_ticket_header":"","_tribe_default_ticket_provider":"","_tribe_ticket_capacity":"0","_ticket_start_date":"","_ticket_end_date":"","_tribe_ticket_show_description":"","_tribe_ticket_show_not_going":false,"_tribe_ticket_use_global_stock":"","_tribe_ticket_global_stock_level":"","_global_stock_mode":"","_global_stock_cap":"","_tribe_rsvp_for_event":"","_tribe_ticket_going_count":"","_tribe_ticket_not_going_count":"","_tribe_tickets_list":"[]","_tribe_ticket_has_attendee_info_fields":false,"footnotes":""},"categories":[1],"tags":[],"class_list":["post-14493","post","type-post","status-publish","format-standard","hentry","category-uncategorized-ca"],"acf":[],"yoast_head":"<!-- This site is optimized with the Yoast SEO plugin v23.7 - https:\/\/yoast.com\/wordpress\/plugins\/seo\/ -->\n<title>La Fundaci\u00f3 Catalana de l\u2019Esport guardona a la Fundaci\u00f3 Barcelona Ol\u00edmpica per la seva labor en la difusi\u00f3 de valors de l&#039;esport - Museu Ol\u00edmpic i de l&#039;Esport<\/title>\n<meta name=\"robots\" content=\"index, follow, max-snippet:-1, max-image-preview:large, max-video-preview:-1\" \/>\n<link rel=\"canonical\" href=\"https:\/\/www.museuolimpicbcn.cat\/ca\/la-fundacio-catalana-de-lesport-guardona-a-la-fundacio-barcelona-olimpica-per-la-seva-labor-en-la-difusio-de-valors-de-lesport\/\" \/>\n<meta property=\"og:locale\" content=\"ca_ES\" \/>\n<meta property=\"og:type\" content=\"article\" \/>\n<meta property=\"og:title\" content=\"La Fundaci\u00f3 Catalana de l\u2019Esport guardona a la Fundaci\u00f3 Barcelona Ol\u00edmpica per la seva labor en la difusi\u00f3 de valors de l&#039;esport - Museu Ol\u00edmpic i de l&#039;Esport\" \/>\n<meta property=\"og:description\" content=\"L&#039;Espai Endesa va ser l&#039;escenari triat per la Fundaci&oacute; Catalana de l&#039;Esport per a aquest primer acte de reconeixement dels &ldquo;Guardons de l&#039;Esport&rdquo;. &nbsp;\" \/>\n<meta property=\"og:url\" content=\"https:\/\/www.museuolimpicbcn.cat\/ca\/la-fundacio-catalana-de-lesport-guardona-a-la-fundacio-barcelona-olimpica-per-la-seva-labor-en-la-difusio-de-valors-de-lesport\/\" \/>\n<meta property=\"og:site_name\" content=\"Museu Ol\u00edmpic i de l&#039;Esport\" \/>\n<meta property=\"article:published_time\" content=\"2017-06-06T22:00:00+00:00\" \/>\n<meta name=\"author\" content=\"useradmin\" \/>\n<meta name=\"twitter:card\" content=\"summary_large_image\" \/>\n<meta name=\"twitter:label1\" content=\"Escrit per\" \/>\n\t<meta name=\"twitter:data1\" content=\"useradmin\" \/>\n\t<meta name=\"twitter:label2\" content=\"Temps estimat de lectura\" \/>\n\t<meta name=\"twitter:data2\" content=\"1 minut\" \/>\n<script type=\"application\/ld+json\" class=\"yoast-schema-graph\">{\"@context\":\"https:\/\/schema.org\",\"@graph\":[{\"@type\":\"Article\",\"@id\":\"https:\/\/www.museuolimpicbcn.cat\/ca\/la-fundacio-catalana-de-lesport-guardona-a-la-fundacio-barcelona-olimpica-per-la-seva-labor-en-la-difusio-de-valors-de-lesport\/#article\",\"isPartOf\":{\"@id\":\"https:\/\/www.museuolimpicbcn.cat\/ca\/la-fundacio-catalana-de-lesport-guardona-a-la-fundacio-barcelona-olimpica-per-la-seva-labor-en-la-difusio-de-valors-de-lesport\/\"},\"author\":{\"name\":\"useradmin\",\"@id\":\"https:\/\/www.museuolimpicbcn.cat\/ca\/#\/schema\/person\/d05705664e87aa04c6ce53d48133fb39\"},\"headline\":\"La Fundaci\u00f3 Catalana de l\u2019Esport guardona a la Fundaci\u00f3 Barcelona Ol\u00edmpica per la seva labor en la difusi\u00f3 de valors de l&#8217;esport\",\"datePublished\":\"2017-06-06T22:00:00+00:00\",\"dateModified\":\"2017-06-06T22:00:00+00:00\",\"mainEntityOfPage\":{\"@id\":\"https:\/\/www.museuolimpicbcn.cat\/ca\/la-fundacio-catalana-de-lesport-guardona-a-la-fundacio-barcelona-olimpica-per-la-seva-labor-en-la-difusio-de-valors-de-lesport\/\"},\"wordCount\":219,\"commentCount\":0,\"publisher\":{\"@id\":\"https:\/\/www.museuolimpicbcn.cat\/ca\/#organization\"},\"articleSection\":[\"Uncategorized @ca\"],\"inLanguage\":\"ca\",\"potentialAction\":[{\"@type\":\"CommentAction\",\"name\":\"Comment\",\"target\":[\"https:\/\/www.museuolimpicbcn.cat\/ca\/la-fundacio-catalana-de-lesport-guardona-a-la-fundacio-barcelona-olimpica-per-la-seva-labor-en-la-difusio-de-valors-de-lesport\/#respond\"]}]},{\"@type\":\"WebPage\",\"@id\":\"https:\/\/www.museuolimpicbcn.cat\/ca\/la-fundacio-catalana-de-lesport-guardona-a-la-fundacio-barcelona-olimpica-per-la-seva-labor-en-la-difusio-de-valors-de-lesport\/\",\"url\":\"https:\/\/www.museuolimpicbcn.cat\/ca\/la-fundacio-catalana-de-lesport-guardona-a-la-fundacio-barcelona-olimpica-per-la-seva-labor-en-la-difusio-de-valors-de-lesport\/\",\"name\":\"La Fundaci\u00f3 Catalana de l\u2019Esport guardona a la Fundaci\u00f3 Barcelona Ol\u00edmpica per la seva labor en la difusi\u00f3 de valors de l'esport - Museu Ol\u00edmpic i de l&#039;Esport\",\"isPartOf\":{\"@id\":\"https:\/\/www.museuolimpicbcn.cat\/ca\/#website\"},\"datePublished\":\"2017-06-06T22:00:00+00:00\",\"dateModified\":\"2017-06-06T22:00:00+00:00\",\"breadcrumb\":{\"@id\":\"https:\/\/www.museuolimpicbcn.cat\/ca\/la-fundacio-catalana-de-lesport-guardona-a-la-fundacio-barcelona-olimpica-per-la-seva-labor-en-la-difusio-de-valors-de-lesport\/#breadcrumb\"},\"inLanguage\":\"ca\",\"potentialAction\":[{\"@type\":\"ReadAction\",\"target\":[\"https:\/\/www.museuolimpicbcn.cat\/ca\/la-fundacio-catalana-de-lesport-guardona-a-la-fundacio-barcelona-olimpica-per-la-seva-labor-en-la-difusio-de-valors-de-lesport\/\"]}]},{\"@type\":\"BreadcrumbList\",\"@id\":\"https:\/\/www.museuolimpicbcn.cat\/ca\/la-fundacio-catalana-de-lesport-guardona-a-la-fundacio-barcelona-olimpica-per-la-seva-labor-en-la-difusio-de-valors-de-lesport\/#breadcrumb\",\"itemListElement\":[{\"@type\":\"ListItem\",\"position\":1,\"name\":\"Inici\",\"item\":\"https:\/\/www.museuolimpicbcn.cat\/es\/\"},{\"@type\":\"ListItem\",\"position\":2,\"name\":\"La Fundaci\u00f3 Catalana de l\u2019Esport guardona a la Fundaci\u00f3 Barcelona Ol\u00edmpica per la seva labor en la difusi\u00f3 de valors de l&#8217;esport\"}]},{\"@type\":\"WebSite\",\"@id\":\"https:\/\/www.museuolimpicbcn.cat\/ca\/#website\",\"url\":\"https:\/\/www.museuolimpicbcn.cat\/ca\/\",\"name\":\"Museu Ol\u00edmpic i de l&#039;Esport\",\"description\":\"Altre lloc Web del Museu Ol\u00edmpic i de l&#039;Esport llocs\",\"publisher\":{\"@id\":\"https:\/\/www.museuolimpicbcn.cat\/ca\/#organization\"},\"potentialAction\":[{\"@type\":\"SearchAction\",\"target\":{\"@type\":\"EntryPoint\",\"urlTemplate\":\"https:\/\/www.museuolimpicbcn.cat\/ca\/?s={search_term_string}\"},\"query-input\":{\"@type\":\"PropertyValueSpecification\",\"valueRequired\":true,\"valueName\":\"search_term_string\"}}],\"inLanguage\":\"ca\"},{\"@type\":\"Organization\",\"@id\":\"https:\/\/www.museuolimpicbcn.cat\/ca\/#organization\",\"name\":\"Museu Ol\u00edmpic i de l&#039;Esport\",\"url\":\"https:\/\/www.museuolimpicbcn.cat\/ca\/\",\"logo\":{\"@type\":\"ImageObject\",\"inLanguage\":\"ca\",\"@id\":\"https:\/\/www.museuolimpicbcn.cat\/ca\/#\/schema\/logo\/image\/\",\"url\":\"https:\/\/www.museuolimpicbcn.cat\/wp-content\/uploads\/sites\/2\/2018\/12\/logo-moe-header.svg\",\"contentUrl\":\"https:\/\/www.museuolimpicbcn.cat\/wp-content\/uploads\/sites\/2\/2018\/12\/logo-moe-header.svg\",\"caption\":\"Museu Ol\u00edmpic i de l&#039;Esport\"},\"image\":{\"@id\":\"https:\/\/www.museuolimpicbcn.cat\/ca\/#\/schema\/logo\/image\/\"}},{\"@type\":\"Person\",\"@id\":\"https:\/\/www.museuolimpicbcn.cat\/ca\/#\/schema\/person\/d05705664e87aa04c6ce53d48133fb39\",\"name\":\"useradmin\",\"url\":\"https:\/\/www.museuolimpicbcn.cat\/ca\/author\/useradmin\/\"}]}<\/script>\n<!-- \/ Yoast SEO plugin. -->","yoast_head_json":{"title":"La Fundaci\u00f3 Catalana de l\u2019Esport guardona a la Fundaci\u00f3 Barcelona Ol\u00edmpica per la seva labor en la difusi\u00f3 de valors de l'esport - Museu Ol\u00edmpic i de l&#039;Esport","robots":{"index":"index","follow":"follow","max-snippet":"max-snippet:-1","max-image-preview":"max-image-preview:large","max-video-preview":"max-video-preview:-1"},"canonical":"https:\/\/www.museuolimpicbcn.cat\/ca\/la-fundacio-catalana-de-lesport-guardona-a-la-fundacio-barcelona-olimpica-per-la-seva-labor-en-la-difusio-de-valors-de-lesport\/","og_locale":"ca_ES","og_type":"article","og_title":"La Fundaci\u00f3 Catalana de l\u2019Esport guardona a la Fundaci\u00f3 Barcelona Ol\u00edmpica per la seva labor en la difusi\u00f3 de valors de l'esport - Museu Ol\u00edmpic i de l&#039;Esport","og_description":"L'Espai Endesa va ser l'escenari triat per la Fundaci&oacute; Catalana de l'Esport per a aquest primer acte de reconeixement dels &ldquo;Guardons de l'Esport&rdquo;. &nbsp;","og_url":"https:\/\/www.museuolimpicbcn.cat\/ca\/la-fundacio-catalana-de-lesport-guardona-a-la-fundacio-barcelona-olimpica-per-la-seva-labor-en-la-difusio-de-valors-de-lesport\/","og_site_name":"Museu Ol\u00edmpic i de l&#039;Esport","article_published_time":"2017-06-06T22:00:00+00:00","author":"useradmin","twitter_card":"summary_large_image","twitter_misc":{"Escrit per":"useradmin","Temps estimat de lectura":"1 minut"},"schema":{"@context":"https:\/\/schema.org","@graph":[{"@type":"Article","@id":"https:\/\/www.museuolimpicbcn.cat\/ca\/la-fundacio-catalana-de-lesport-guardona-a-la-fundacio-barcelona-olimpica-per-la-seva-labor-en-la-difusio-de-valors-de-lesport\/#article","isPartOf":{"@id":"https:\/\/www.museuolimpicbcn.cat\/ca\/la-fundacio-catalana-de-lesport-guardona-a-la-fundacio-barcelona-olimpica-per-la-seva-labor-en-la-difusio-de-valors-de-lesport\/"},"author":{"name":"useradmin","@id":"https:\/\/www.museuolimpicbcn.cat\/ca\/#\/schema\/person\/d05705664e87aa04c6ce53d48133fb39"},"headline":"La Fundaci\u00f3 Catalana de l\u2019Esport guardona a la Fundaci\u00f3 Barcelona Ol\u00edmpica per la seva labor en la difusi\u00f3 de valors de l&#8217;esport","datePublished":"2017-06-06T22:00:00+00:00","dateModified":"2017-06-06T22:00:00+00:00","mainEntityOfPage":{"@id":"https:\/\/www.museuolimpicbcn.cat\/ca\/la-fundacio-catalana-de-lesport-guardona-a-la-fundacio-barcelona-olimpica-per-la-seva-labor-en-la-difusio-de-valors-de-lesport\/"},"wordCount":219,"commentCount":0,"publisher":{"@id":"https:\/\/www.museuolimpicbcn.cat\/ca\/#organization"},"articleSection":["Uncategorized @ca"],"inLanguage":"ca","potentialAction":[{"@type":"CommentAction","name":"Comment","target":["https:\/\/www.museuolimpicbcn.cat\/ca\/la-fundacio-catalana-de-lesport-guardona-a-la-fundacio-barcelona-olimpica-per-la-seva-labor-en-la-difusio-de-valors-de-lesport\/#respond"]}]},{"@type":"WebPage","@id":"https:\/\/www.museuolimpicbcn.cat\/ca\/la-fundacio-catalana-de-lesport-guardona-a-la-fundacio-barcelona-olimpica-per-la-seva-labor-en-la-difusio-de-valors-de-lesport\/","url":"https:\/\/www.museuolimpicbcn.cat\/ca\/la-fundacio-catalana-de-lesport-guardona-a-la-fundacio-barcelona-olimpica-per-la-seva-labor-en-la-difusio-de-valors-de-lesport\/","name":"La Fundaci\u00f3 Catalana de l\u2019Esport guardona a la Fundaci\u00f3 Barcelona Ol\u00edmpica per la seva labor en la difusi\u00f3 de valors de l'esport - Museu Ol\u00edmpic i de l&#039;Esport","isPartOf":{"@id":"https:\/\/www.museuolimpicbcn.cat\/ca\/#website"},"datePublished":"2017-06-06T22:00:00+00:00","dateModified":"2017-06-06T22:00:00+00:00","breadcrumb":{"@id":"https:\/\/www.museuolimpicbcn.cat\/ca\/la-fundacio-catalana-de-lesport-guardona-a-la-fundacio-barcelona-olimpica-per-la-seva-labor-en-la-difusio-de-valors-de-lesport\/#breadcrumb"},"inLanguage":"ca","potentialAction":[{"@type":"ReadAction","target":["https:\/\/www.museuolimpicbcn.cat\/ca\/la-fundacio-catalana-de-lesport-guardona-a-la-fundacio-barcelona-olimpica-per-la-seva-labor-en-la-difusio-de-valors-de-lesport\/"]}]},{"@type":"BreadcrumbList","@id":"https:\/\/www.museuolimpicbcn.cat\/ca\/la-fundacio-catalana-de-lesport-guardona-a-la-fundacio-barcelona-olimpica-per-la-seva-labor-en-la-difusio-de-valors-de-lesport\/#breadcrumb","itemListElement":[{"@type":"ListItem","position":1,"name":"Inici","item":"https:\/\/www.museuolimpicbcn.cat\/es\/"},{"@type":"ListItem","position":2,"name":"La Fundaci\u00f3 Catalana de l\u2019Esport guardona a la Fundaci\u00f3 Barcelona Ol\u00edmpica per la seva labor en la difusi\u00f3 de valors de l&#8217;esport"}]},{"@type":"WebSite","@id":"https:\/\/www.museuolimpicbcn.cat\/ca\/#website","url":"https:\/\/www.museuolimpicbcn.cat\/ca\/","name":"Museu Ol\u00edmpic i de l&#039;Esport","description":"Altre lloc Web del Museu Ol\u00edmpic i de l&#039;Esport llocs","publisher":{"@id":"https:\/\/www.museuolimpicbcn.cat\/ca\/#organization"},"potentialAction":[{"@type":"SearchAction","target":{"@type":"EntryPoint","urlTemplate":"https:\/\/www.museuolimpicbcn.cat\/ca\/?s={search_term_string}"},"query-input":{"@type":"PropertyValueSpecification","valueRequired":true,"valueName":"search_term_string"}}],"inLanguage":"ca"},{"@type":"Organization","@id":"https:\/\/www.museuolimpicbcn.cat\/ca\/#organization","name":"Museu Ol\u00edmpic i de l&#039;Esport","url":"https:\/\/www.museuolimpicbcn.cat\/ca\/","logo":{"@type":"ImageObject","inLanguage":"ca","@id":"https:\/\/www.museuolimpicbcn.cat\/ca\/#\/schema\/logo\/image\/","url":"https:\/\/www.museuolimpicbcn.cat\/wp-content\/uploads\/sites\/2\/2018\/12\/logo-moe-header.svg","contentUrl":"https:\/\/www.museuolimpicbcn.cat\/wp-content\/uploads\/sites\/2\/2018\/12\/logo-moe-header.svg","caption":"Museu Ol\u00edmpic i de l&#039;Esport"},"image":{"@id":"https:\/\/www.museuolimpicbcn.cat\/ca\/#\/schema\/logo\/image\/"}},{"@type":"Person","@id":"https:\/\/www.museuolimpicbcn.cat\/ca\/#\/schema\/person\/d05705664e87aa04c6ce53d48133fb39","name":"useradmin","url":"https:\/\/www.museuolimpicbcn.cat\/ca\/author\/useradmin\/"}]}},"_links":{"self":[{"href":"https:\/\/www.museuolimpicbcn.cat\/ca\/wp-json\/wp\/v2\/posts\/14493"}],"collection":[{"href":"https:\/\/www.museuolimpicbcn.cat\/ca\/wp-json\/wp\/v2\/posts"}],"about":[{"href":"https:\/\/www.museuolimpicbcn.cat\/ca\/wp-json\/wp\/v2\/types\/post"}],"author":[{"embeddable":true,"href":"https:\/\/www.museuolimpicbcn.cat\/ca\/wp-json\/wp\/v2\/users\/1"}],"replies":[{"embeddable":true,"href":"https:\/\/www.museuolimpicbcn.cat\/ca\/wp-json\/wp\/v2\/comments?post=14493"}],"version-history":[{"count":0,"href":"https:\/\/www.museuolimpicbcn.cat\/ca\/wp-json\/wp\/v2\/posts\/14493\/revisions"}],"wp:attachment":[{"href":"https:\/\/www.museuolimpicbcn.cat\/ca\/wp-json\/wp\/v2\/media?parent=14493"}],"wp:term":[{"taxonomy":"category","embeddable":true,"href":"https:\/\/www.museuolimpicbcn.cat\/ca\/wp-json\/wp\/v2\/categories?post=14493"},{"taxonomy":"post_tag","embeddable":true,"href":"https:\/\/www.museuolimpicbcn.cat\/ca\/wp-json\/wp\/v2\/tags?post=14493"}],"curies":[{"name":"wp","href":"https:\/\/api.w.org\/{rel}","templated":true}]}}