{"id":14844,"date":"2017-09-21T00:00:00","date_gmt":"2017-09-20T22:00:00","guid":{"rendered":"http:\/\/dev.museuolimpicbcn.cat\/un-abans-i-un-despres-per-al-moviment-paralimpic\/"},"modified":"2017-09-21T00:00:00","modified_gmt":"2017-09-20T22:00:00","slug":"un-abans-i-un-despres-per-al-moviment-paralimpic","status":"publish","type":"post","link":"https:\/\/www.museuolimpicbcn.cat\/ca\/un-abans-i-un-despres-per-al-moviment-paralimpic\/","title":{"rendered":"Un abans i un despr\u00e9s per al moviment paral\u00edmpic"},"content":{"rendered":"<p>David Escud&eacute;, president de la Fundaci&oacute; Barcelona Ol&iacute;mpica, ha estat l&#8217;encarregat de donar la benvinguda als assistents d&#8217;aquesta taula rodona moderada pel periodista Joan Manuel Surroca.&nbsp;<\/p>\n<p>Manuel Fonseca va ser el director general d&#8217;Esports del Comit&egrave; Organitzador dels Jocs de Barcelona (COOB) i durant la taula rodona ha destacat que la consigna dels Jocs de Barcelona va ser que cap esportista, ol&iacute;mpic o paral&iacute;mpic, pogu&eacute;s tenir una queixa.<\/p>\n<p>Joan Coll,&nbsp;durant els Jocs de Barcelona&rsquo;92 va pert&agrave;nyer al Comit&egrave; Organitzador, on va ser Director de l&iexcl;&agrave;rea de Paral&iacute;mpics.<\/p>\n<p>Per la seva banda, Silvia Vives va participar com a esportista paral&iacute;mpica en els Jocs de Barcelona i ha destacat l&#8217;esfor&ccedil; que l&#8217;organitzaci&oacute; va realitzar per cobrir les necessitats dels paral&iacute;mpics en aquell moment.<\/p>\n","protected":false},"excerpt":{"rendered":"<p>La segona sessi&oacute; de l&#8217;Aula d&#8217;Hist&ograve;ria d&#8217;aquest any, commemoratiu del 25 aniversari dels Jocs de Barcelona&rsquo;92, ha estat dedicada al moviment paral&iacute;mpic i ha comptat amb la pres&egrave;ncia Manuel Fonseca, Silvia Vives i Joan Coll.<\/p>\n<p>&nbsp;<\/p>\n","protected":false},"author":1,"featured_media":0,"comment_status":"open","ping_status":"open","sticky":false,"template":"","format":"standard","meta":{"_acf_changed":false,"_price":"","_stock":"","_tribe_ticket_header":"","_tribe_default_ticket_provider":"","_tribe_ticket_capacity":"0","_ticket_start_date":"","_ticket_end_date":"","_tribe_ticket_show_description":"","_tribe_ticket_show_not_going":false,"_tribe_ticket_use_global_stock":"","_tribe_ticket_global_stock_level":"","_global_stock_mode":"","_global_stock_cap":"","_tribe_rsvp_for_event":"","_tribe_ticket_going_count":"","_tribe_ticket_not_going_count":"","_tribe_tickets_list":"[]","_tribe_ticket_has_attendee_info_fields":false,"footnotes":""},"categories":[1],"tags":[],"class_list":["post-14844","post","type-post","status-publish","format-standard","hentry","category-uncategorized-ca"],"acf":[],"yoast_head":"<!-- This site is optimized with the Yoast SEO plugin v23.7 - https:\/\/yoast.com\/wordpress\/plugins\/seo\/ -->\n<title>Un abans i un despr\u00e9s per al moviment paral\u00edmpic - Museu Ol\u00edmpic i de l&#039;Esport<\/title>\n<meta name=\"robots\" content=\"index, follow, max-snippet:-1, max-image-preview:large, max-video-preview:-1\" \/>\n<link rel=\"canonical\" href=\"https:\/\/www.museuolimpicbcn.cat\/ca\/un-abans-i-un-despres-per-al-moviment-paralimpic\/\" \/>\n<meta property=\"og:locale\" content=\"ca_ES\" \/>\n<meta property=\"og:type\" content=\"article\" \/>\n<meta property=\"og:title\" content=\"Un abans i un despr\u00e9s per al moviment paral\u00edmpic - Museu Ol\u00edmpic i de l&#039;Esport\" \/>\n<meta property=\"og:description\" content=\"La segona sessi&oacute; de l&#039;Aula d&#039;Hist&ograve;ria d&#039;aquest any, commemoratiu del 25 aniversari dels Jocs de Barcelona&rsquo;92, ha estat dedicada al moviment paral&iacute;mpic i ha comptat amb la pres&egrave;ncia Manuel Fonseca, Silvia Vives i Joan Coll. &nbsp;\" \/>\n<meta property=\"og:url\" content=\"https:\/\/www.museuolimpicbcn.cat\/ca\/un-abans-i-un-despres-per-al-moviment-paralimpic\/\" \/>\n<meta property=\"og:site_name\" content=\"Museu Ol\u00edmpic i de l&#039;Esport\" \/>\n<meta property=\"article:published_time\" content=\"2017-09-20T22:00:00+00:00\" \/>\n<meta name=\"author\" content=\"useradmin\" \/>\n<meta name=\"twitter:card\" content=\"summary_large_image\" \/>\n<meta name=\"twitter:label1\" content=\"Escrit per\" \/>\n\t<meta name=\"twitter:data1\" content=\"useradmin\" \/>\n\t<meta name=\"twitter:label2\" content=\"Temps estimat de lectura\" \/>\n\t<meta name=\"twitter:data2\" content=\"1 minut\" \/>\n<script type=\"application\/ld+json\" class=\"yoast-schema-graph\">{\"@context\":\"https:\/\/schema.org\",\"@graph\":[{\"@type\":\"Article\",\"@id\":\"https:\/\/www.museuolimpicbcn.cat\/ca\/un-abans-i-un-despres-per-al-moviment-paralimpic\/#article\",\"isPartOf\":{\"@id\":\"https:\/\/www.museuolimpicbcn.cat\/ca\/un-abans-i-un-despres-per-al-moviment-paralimpic\/\"},\"author\":{\"name\":\"useradmin\",\"@id\":\"https:\/\/www.museuolimpicbcn.cat\/ca\/#\/schema\/person\/d05705664e87aa04c6ce53d48133fb39\"},\"headline\":\"Un abans i un despr\u00e9s per al moviment paral\u00edmpic\",\"datePublished\":\"2017-09-20T22:00:00+00:00\",\"dateModified\":\"2017-09-20T22:00:00+00:00\",\"mainEntityOfPage\":{\"@id\":\"https:\/\/www.museuolimpicbcn.cat\/ca\/un-abans-i-un-despres-per-al-moviment-paralimpic\/\"},\"wordCount\":161,\"commentCount\":0,\"publisher\":{\"@id\":\"https:\/\/www.museuolimpicbcn.cat\/ca\/#organization\"},\"articleSection\":[\"Uncategorized @ca\"],\"inLanguage\":\"ca\",\"potentialAction\":[{\"@type\":\"CommentAction\",\"name\":\"Comment\",\"target\":[\"https:\/\/www.museuolimpicbcn.cat\/ca\/un-abans-i-un-despres-per-al-moviment-paralimpic\/#respond\"]}]},{\"@type\":\"WebPage\",\"@id\":\"https:\/\/www.museuolimpicbcn.cat\/ca\/un-abans-i-un-despres-per-al-moviment-paralimpic\/\",\"url\":\"https:\/\/www.museuolimpicbcn.cat\/ca\/un-abans-i-un-despres-per-al-moviment-paralimpic\/\",\"name\":\"Un abans i un despr\u00e9s per al moviment paral\u00edmpic - Museu Ol\u00edmpic i de l&#039;Esport\",\"isPartOf\":{\"@id\":\"https:\/\/www.museuolimpicbcn.cat\/ca\/#website\"},\"datePublished\":\"2017-09-20T22:00:00+00:00\",\"dateModified\":\"2017-09-20T22:00:00+00:00\",\"breadcrumb\":{\"@id\":\"https:\/\/www.museuolimpicbcn.cat\/ca\/un-abans-i-un-despres-per-al-moviment-paralimpic\/#breadcrumb\"},\"inLanguage\":\"ca\",\"potentialAction\":[{\"@type\":\"ReadAction\",\"target\":[\"https:\/\/www.museuolimpicbcn.cat\/ca\/un-abans-i-un-despres-per-al-moviment-paralimpic\/\"]}]},{\"@type\":\"BreadcrumbList\",\"@id\":\"https:\/\/www.museuolimpicbcn.cat\/ca\/un-abans-i-un-despres-per-al-moviment-paralimpic\/#breadcrumb\",\"itemListElement\":[{\"@type\":\"ListItem\",\"position\":1,\"name\":\"Inici\",\"item\":\"https:\/\/www.museuolimpicbcn.cat\/es\/\"},{\"@type\":\"ListItem\",\"position\":2,\"name\":\"Un abans i un despr\u00e9s per al moviment paral\u00edmpic\"}]},{\"@type\":\"WebSite\",\"@id\":\"https:\/\/www.museuolimpicbcn.cat\/ca\/#website\",\"url\":\"https:\/\/www.museuolimpicbcn.cat\/ca\/\",\"name\":\"Museu Ol\u00edmpic i de l&#039;Esport\",\"description\":\"Altre lloc Web del Museu Ol\u00edmpic i de l&#039;Esport llocs\",\"publisher\":{\"@id\":\"https:\/\/www.museuolimpicbcn.cat\/ca\/#organization\"},\"potentialAction\":[{\"@type\":\"SearchAction\",\"target\":{\"@type\":\"EntryPoint\",\"urlTemplate\":\"https:\/\/www.museuolimpicbcn.cat\/ca\/?s={search_term_string}\"},\"query-input\":{\"@type\":\"PropertyValueSpecification\",\"valueRequired\":true,\"valueName\":\"search_term_string\"}}],\"inLanguage\":\"ca\"},{\"@type\":\"Organization\",\"@id\":\"https:\/\/www.museuolimpicbcn.cat\/ca\/#organization\",\"name\":\"Museu Ol\u00edmpic i de l&#039;Esport\",\"url\":\"https:\/\/www.museuolimpicbcn.cat\/ca\/\",\"logo\":{\"@type\":\"ImageObject\",\"inLanguage\":\"ca\",\"@id\":\"https:\/\/www.museuolimpicbcn.cat\/ca\/#\/schema\/logo\/image\/\",\"url\":\"https:\/\/www.museuolimpicbcn.cat\/wp-content\/uploads\/sites\/2\/2018\/12\/logo-moe-header.svg\",\"contentUrl\":\"https:\/\/www.museuolimpicbcn.cat\/wp-content\/uploads\/sites\/2\/2018\/12\/logo-moe-header.svg\",\"caption\":\"Museu Ol\u00edmpic i de l&#039;Esport\"},\"image\":{\"@id\":\"https:\/\/www.museuolimpicbcn.cat\/ca\/#\/schema\/logo\/image\/\"}},{\"@type\":\"Person\",\"@id\":\"https:\/\/www.museuolimpicbcn.cat\/ca\/#\/schema\/person\/d05705664e87aa04c6ce53d48133fb39\",\"name\":\"useradmin\",\"url\":\"https:\/\/www.museuolimpicbcn.cat\/ca\/author\/useradmin\/\"}]}<\/script>\n<!-- \/ Yoast SEO plugin. -->","yoast_head_json":{"title":"Un abans i un despr\u00e9s per al moviment paral\u00edmpic - Museu Ol\u00edmpic i de l&#039;Esport","robots":{"index":"index","follow":"follow","max-snippet":"max-snippet:-1","max-image-preview":"max-image-preview:large","max-video-preview":"max-video-preview:-1"},"canonical":"https:\/\/www.museuolimpicbcn.cat\/ca\/un-abans-i-un-despres-per-al-moviment-paralimpic\/","og_locale":"ca_ES","og_type":"article","og_title":"Un abans i un despr\u00e9s per al moviment paral\u00edmpic - Museu Ol\u00edmpic i de l&#039;Esport","og_description":"La segona sessi&oacute; de l'Aula d'Hist&ograve;ria d'aquest any, commemoratiu del 25 aniversari dels Jocs de Barcelona&rsquo;92, ha estat dedicada al moviment paral&iacute;mpic i ha comptat amb la pres&egrave;ncia Manuel Fonseca, Silvia Vives i Joan Coll. &nbsp;","og_url":"https:\/\/www.museuolimpicbcn.cat\/ca\/un-abans-i-un-despres-per-al-moviment-paralimpic\/","og_site_name":"Museu Ol\u00edmpic i de l&#039;Esport","article_published_time":"2017-09-20T22:00:00+00:00","author":"useradmin","twitter_card":"summary_large_image","twitter_misc":{"Escrit per":"useradmin","Temps estimat de lectura":"1 minut"},"schema":{"@context":"https:\/\/schema.org","@graph":[{"@type":"Article","@id":"https:\/\/www.museuolimpicbcn.cat\/ca\/un-abans-i-un-despres-per-al-moviment-paralimpic\/#article","isPartOf":{"@id":"https:\/\/www.museuolimpicbcn.cat\/ca\/un-abans-i-un-despres-per-al-moviment-paralimpic\/"},"author":{"name":"useradmin","@id":"https:\/\/www.museuolimpicbcn.cat\/ca\/#\/schema\/person\/d05705664e87aa04c6ce53d48133fb39"},"headline":"Un abans i un despr\u00e9s per al moviment paral\u00edmpic","datePublished":"2017-09-20T22:00:00+00:00","dateModified":"2017-09-20T22:00:00+00:00","mainEntityOfPage":{"@id":"https:\/\/www.museuolimpicbcn.cat\/ca\/un-abans-i-un-despres-per-al-moviment-paralimpic\/"},"wordCount":161,"commentCount":0,"publisher":{"@id":"https:\/\/www.museuolimpicbcn.cat\/ca\/#organization"},"articleSection":["Uncategorized @ca"],"inLanguage":"ca","potentialAction":[{"@type":"CommentAction","name":"Comment","target":["https:\/\/www.museuolimpicbcn.cat\/ca\/un-abans-i-un-despres-per-al-moviment-paralimpic\/#respond"]}]},{"@type":"WebPage","@id":"https:\/\/www.museuolimpicbcn.cat\/ca\/un-abans-i-un-despres-per-al-moviment-paralimpic\/","url":"https:\/\/www.museuolimpicbcn.cat\/ca\/un-abans-i-un-despres-per-al-moviment-paralimpic\/","name":"Un abans i un despr\u00e9s per al moviment paral\u00edmpic - Museu Ol\u00edmpic i de l&#039;Esport","isPartOf":{"@id":"https:\/\/www.museuolimpicbcn.cat\/ca\/#website"},"datePublished":"2017-09-20T22:00:00+00:00","dateModified":"2017-09-20T22:00:00+00:00","breadcrumb":{"@id":"https:\/\/www.museuolimpicbcn.cat\/ca\/un-abans-i-un-despres-per-al-moviment-paralimpic\/#breadcrumb"},"inLanguage":"ca","potentialAction":[{"@type":"ReadAction","target":["https:\/\/www.museuolimpicbcn.cat\/ca\/un-abans-i-un-despres-per-al-moviment-paralimpic\/"]}]},{"@type":"BreadcrumbList","@id":"https:\/\/www.museuolimpicbcn.cat\/ca\/un-abans-i-un-despres-per-al-moviment-paralimpic\/#breadcrumb","itemListElement":[{"@type":"ListItem","position":1,"name":"Inici","item":"https:\/\/www.museuolimpicbcn.cat\/es\/"},{"@type":"ListItem","position":2,"name":"Un abans i un despr\u00e9s per al moviment paral\u00edmpic"}]},{"@type":"WebSite","@id":"https:\/\/www.museuolimpicbcn.cat\/ca\/#website","url":"https:\/\/www.museuolimpicbcn.cat\/ca\/","name":"Museu Ol\u00edmpic i de l&#039;Esport","description":"Altre lloc Web del Museu Ol\u00edmpic i de l&#039;Esport llocs","publisher":{"@id":"https:\/\/www.museuolimpicbcn.cat\/ca\/#organization"},"potentialAction":[{"@type":"SearchAction","target":{"@type":"EntryPoint","urlTemplate":"https:\/\/www.museuolimpicbcn.cat\/ca\/?s={search_term_string}"},"query-input":{"@type":"PropertyValueSpecification","valueRequired":true,"valueName":"search_term_string"}}],"inLanguage":"ca"},{"@type":"Organization","@id":"https:\/\/www.museuolimpicbcn.cat\/ca\/#organization","name":"Museu Ol\u00edmpic i de l&#039;Esport","url":"https:\/\/www.museuolimpicbcn.cat\/ca\/","logo":{"@type":"ImageObject","inLanguage":"ca","@id":"https:\/\/www.museuolimpicbcn.cat\/ca\/#\/schema\/logo\/image\/","url":"https:\/\/www.museuolimpicbcn.cat\/wp-content\/uploads\/sites\/2\/2018\/12\/logo-moe-header.svg","contentUrl":"https:\/\/www.museuolimpicbcn.cat\/wp-content\/uploads\/sites\/2\/2018\/12\/logo-moe-header.svg","caption":"Museu Ol\u00edmpic i de l&#039;Esport"},"image":{"@id":"https:\/\/www.museuolimpicbcn.cat\/ca\/#\/schema\/logo\/image\/"}},{"@type":"Person","@id":"https:\/\/www.museuolimpicbcn.cat\/ca\/#\/schema\/person\/d05705664e87aa04c6ce53d48133fb39","name":"useradmin","url":"https:\/\/www.museuolimpicbcn.cat\/ca\/author\/useradmin\/"}]}},"_links":{"self":[{"href":"https:\/\/www.museuolimpicbcn.cat\/ca\/wp-json\/wp\/v2\/posts\/14844"}],"collection":[{"href":"https:\/\/www.museuolimpicbcn.cat\/ca\/wp-json\/wp\/v2\/posts"}],"about":[{"href":"https:\/\/www.museuolimpicbcn.cat\/ca\/wp-json\/wp\/v2\/types\/post"}],"author":[{"embeddable":true,"href":"https:\/\/www.museuolimpicbcn.cat\/ca\/wp-json\/wp\/v2\/users\/1"}],"replies":[{"embeddable":true,"href":"https:\/\/www.museuolimpicbcn.cat\/ca\/wp-json\/wp\/v2\/comments?post=14844"}],"version-history":[{"count":0,"href":"https:\/\/www.museuolimpicbcn.cat\/ca\/wp-json\/wp\/v2\/posts\/14844\/revisions"}],"wp:attachment":[{"href":"https:\/\/www.museuolimpicbcn.cat\/ca\/wp-json\/wp\/v2\/media?parent=14844"}],"wp:term":[{"taxonomy":"category","embeddable":true,"href":"https:\/\/www.museuolimpicbcn.cat\/ca\/wp-json\/wp\/v2\/categories?post=14844"},{"taxonomy":"post_tag","embeddable":true,"href":"https:\/\/www.museuolimpicbcn.cat\/ca\/wp-json\/wp\/v2\/tags?post=14844"}],"curies":[{"name":"wp","href":"https:\/\/api.w.org\/{rel}","templated":true}]}}