{"id":14880,"date":"2017-10-05T00:00:00","date_gmt":"2017-10-04T22:00:00","guid":{"rendered":"http:\/\/dev.museuolimpicbcn.cat\/25-aniversari-barcelona-92-el-forum-olimpic-2017-tindra-un-caracter-mes-internacional-que-mai\/"},"modified":"2017-10-05T00:00:00","modified_gmt":"2017-10-04T22:00:00","slug":"25-aniversari-barcelona-92-el-forum-olimpic-2017-tindra-un-caracter-mes-internacional-que-mai","status":"publish","type":"post","link":"https:\/\/www.museuolimpicbcn.cat\/ca\/25-aniversari-barcelona-92-el-forum-olimpic-2017-tindra-un-caracter-mes-internacional-que-mai\/","title":{"rendered":"\u201825 aniversari Barcelona 92\u2019 El F\u00f2rum Ol\u00edmpic 2017 tindr\u00e0 un car\u00e0cter m\u00e9s internacional que mai."},"content":{"rendered":"<p style=\"text-align: center;\">FORMULARI D&#8217;INSCRIPCI&Oacute;<\/p>\n<\/p>\n<p style=\"text-align: justify;\">El 26 d&#8217;octubre, despr&eacute;s de la benvingut oficial per part del Comit&egrave; Organitzador del F&ograve;rum 2017, Pere Mir&oacute;, director general adjunt del CIO, contextualitzar&agrave; la situaci&oacute; actual de l&#8217;olimpisme amb una an&agrave;lisi del paper del Comit&egrave; Internacional Ol&iacute;mpic i les implicacions de l&#8217;Agenda 2020.L&#8217;Agenda 2020 plasma l&#8217;estrat&egrave;gia a seguir pel Comit&egrave; Ol&iacute;mpic Internacional en el futur del moviment ol&iacute;mpic.Pere Mir&oacute; (Manresa 1957) &eacute;s llicenciat en Ci&egrave;ncies de l&#8217;Activitat F&iacute;sica i l&#8217;Esport, va ser professor del INEFC de Barcelona, cap d&#8217;estudis i director d&#8217;aquest centre i posteriorment director del INEF de Catalunya fins a 1988. Va passar a ser director adjunt d&#8217;Esports del Comit&egrave; Organitzador de Barcelona&#8217;92 i va anar el primer sotsdirector esportiu, posteriorment va ocupar el c&agrave;rrec de sotsdirector general d&#8217;operacions dels JJOO Despr&eacute;s dels Jocs de Barcelona es va traslladar a Laussana amb aquest mateix c&agrave;rrec al CIO, on, al llarg dels anys, ha treballat en diferents llocs.Actualment, Pere Mir&oacute; &eacute;s director general adjunt del Comit&egrave; Internacional Ol&iacute;mpic (CIO) per a les relacions amb el Moviment Ol&iacute;mpic. A m&eacute;s de continuar com a director de Solidaritat Ol&iacute;mpica i del departament de relacions amb els comit&egrave;s ol&iacute;mpics nacionals.Despr&eacute;s de la pon&egrave;ncia de Pere Mir&oacute;, Washington Fajardo, arquitecte de l&#8217;Ajuntament de Rio de Janeiro, juntament amb un representant de T&ograve;quio 2020 (encara per determinar) aportaran la visi&oacute; de l&#8217;organitzaci&oacute; d&#8217;uns Jocs Ol&iacute;mpics sota les directrius de l&#8217;Agenda 2020. Totes les seves implicacions, necessitats i els avantatges de l&#8217;aplicaci&oacute; d&#8217;aquesta agenda a les ciutats calmis.Washington Fajardo: Fajardo va treballar amb projectes vinculats a problem&agrave;tiques urbanes i des de 2009 ha estat en la Governaci&oacute; de Rio de Janeiro com a sotssecretari de Patrimoni Cultural, Intervenci&oacute; Urbana, Arquitectura i Disseny. En 2012 es va convertir en president del IRPH. L&#8217;&ograve;rgan municipal &eacute;s responsable de cuidar els aspectes culturals, hist&ograve;rics i urbans del patrimoni de la ciutat, triada per la Unesco en 2012 com a Patrimoni Mundial, en la categoria Paisatge Cultural Urb&agrave;.La sessi&oacute; de la tarda obrir&agrave; amb la pon&egrave;ncia de Llu&iacute;s Millet, arquitecte responsable del departament d&#8217;Infraestructures del COOB&rsquo;92 i Enric Tru&ntilde;&oacute; regidor d&#8217;Esports a l&#8217;Ajuntament de Barcelona i de JJOO 1992.Llu&iacute;s Millet arquitecte especialista en urbanisme. Va ser director de l&#8217;&Agrave;rea d&#8217;Infraestructura i Urbanisme de la Candidatura Ol&iacute;mpica de Barcelona 1992 (1983 &ndash; 1986). Posteriorment va passar a ser director de la divisi&oacute; d&#8217;infraestructures del COOB92 (1986- 1992). Despr&eacute;s dels Jocs Ol&iacute;mpics es va incorporar com a director general de Museus i Biblioteques de l&#8217;Ajuntament de Barcelona (1992-1993). Actualment &eacute;s president del despatx Millet, Biosca i Associats SLP, empresa de serveis d&#8217;arquitectura que ha col&middot;laborat amb les candidatures ol&iacute;mpiques de Madrid 2012, Sevilla 2008 i Rio 2004; dels Jocs Ol&iacute;mpics d&#8217;Hivern Jaca 2010; El Campionat del M&oacute;n de Nataci&oacute; de Barcelona 2003 i Els Jocs Mediterranis d&#8217;Almeria 2005, entre uns altres.Enric Tru&ntilde;&oacute; va ser el regidor d&#8217;Esports de l&#8217;Ajuntament de Barcelona i com tal va assumir la responsabilitat de ser el regidor de Jocs Ol&iacute;mpics i la representaci&oacute; al Consell Rector de la Candidatura de Barcelona, del Comit&egrave; Executiu i de la Comissi&oacute; Permanent del Comit&egrave; Organitzador Ol&iacute;mpic de Barcelona 92. Va ser president de Barcelona Promoci&oacute; SA i membre del consell d&#8217;administraci&oacute; de l&#8217;Holding Ol&iacute;mpic.La segona part de la sessi&oacute; comptar&agrave; amb la intervenci&oacute; membres de ciutats organitzadores de Jocs Ol&iacute;mpics despr&eacute;s de Barcelona 92. Lillehammer&rsquo;94, Atenes&rsquo;04 i Londres&rsquo;12.Comptarem amb la pres&egrave;ncia de Anders Lindstad, professor de la universitat noruega Lillehammer University College; Kostas Georgiadis, professor de la universitat grega Universitat del Peloponeso i deg&agrave; de l&#8217;Acad&egrave;mia Ol&iacute;mpica Internacional i Simon Cooper, director d&#8217;Esports de l&#8217;Ajuntament de Londres. El segon dia, 27 d&#8217;octubre, estar&agrave; dedicat a l&#8217;her&egrave;ncia de Barcelona&rsquo;92. Una perspectiva, 25 anys despr&eacute;s de Barcelona&rsquo;92, sobre l&#8217;estat actual en 4 &agrave;rees fonamentals: gesti&oacute; d&#8217;instal&middot;lacions, turisme, paralimpismo i esportistes.La primera taula rodona estar&agrave; composta per Arseni d&oacute;na Palma, director del Canal Ol&iacute;mpic de Castelldefels; Miquel Noguer, Alcalde de Banyoles, i Daniel Nart, Regidor d&#8217;Esports de Terrasa.Aquests municipis van ser subseus durant els Jocs de Barcelona 92 &ndash; pirag&uuml;isme a Castelldefels, Hoquei herba en Terrasa i rem a Banyoles -. En l&#8217;actualitat, aquestes instal&middot;lacions heretades dels Jocs Ol&iacute;mpics de Barcelona 92, estan en ple funcionament i al servei del ciutad&agrave;.A continuaci&oacute; Carles Murillo, professor d&#8217;Economia de la Universitat Pompeu Fabra, exposar&agrave; com va influenciar els Jocs Ol&iacute;mpics de Barcelona 92 en el model de turisme actual de la ciutat. Els Jocs Ol&iacute;mpics van ser la millor carta de presentaci&oacute; de Barcelona al m&oacute;n.L&#8217;&uacute;ltim dels blocs del F&ograve;rum aborda l&#8217;&agrave;rea esportiva. La primera de les pon&egrave;ncies ser&agrave; a c&agrave;rrec del Miquel Sagarra, directiu del Comit&egrave; Paral&iacute;mpic Internacional, qui exposar&agrave; el gran salt que va donar l&#8217;esport paral&iacute;mpic gr&agrave;cies als Jocs de Barcelona.Miquel Sagarra (Sabadell 1953), va ser membre del Comit&egrave; de direcci&oacute; dels IX Jocs Paral&iacute;mpics de Barcelona 1992 i cap de la delegaci&oacute; espanyola durant els Jocs Paral&iacute;mpics. Ha format part de la Junta de Govern del Comit&egrave; Paral&iacute;mpic Internacional des del 2009 i actualment &eacute;s el Secretari General del Comit&egrave; Paral&iacute;mpic Espa&ntilde;ol, c&agrave;rrec que ostenta des de 1996.El F&ograve;rum Ol&iacute;mpic culminar&agrave; amb la visi&oacute; i la situaci&oacute; de l&#8217;esport i els esportistes espanyols. Per a aix&ograve; la taula rodona comptar&agrave; amb la pres&egrave;ncia de Ricardo Leiva, director d&#8217;Esports del Comit&egrave; Ol&iacute;mpic Espa&ntilde;ol i els medallistes ol&iacute;mpics Carolina Pascual, medalla de plata ol&iacute;mpica femenina (gimn&agrave;stica r&iacute;tmica) i Jordi Sans, 5 vegades ol&iacute;mpic en waterpolo, plata a Barcelona&rsquo;92 i or a Atlanta&rsquo;96. Entre els temes a tractar es parlar&agrave; de la import&agrave;ncia del Pla ADO i com han evolucionat part dels recursos que es posen a la disposici&oacute; dels esportistes d&#8217;alta competici&oacute;.<\/p>\n","protected":false},"excerpt":{"rendered":"<p>Amb motiu del 25 aniversari de Barcelona&rsquo;92 les jornades del F&ograve;rum volen  mostrar com en aquesta cambra de segle transcorregut Barcelona va  establir un canvi al m&oacute;n de l&#8217;olimpisme.Mundialment reconeguts, els  Jocs Ol&iacute;mpics de Barcelona van ser un &egrave;xit en organitzaci&oacute;,  desenvolupament, gesti&oacute; i resultats. A dia d&#8217;avui, aquests aspectes  segueixen sent referent per a aquells comit&egrave;s organitzadors d&#8217;uns Jocs  Ol&iacute;mpics.<\/p>\n","protected":false},"author":1,"featured_media":0,"comment_status":"open","ping_status":"open","sticky":false,"template":"","format":"standard","meta":{"_acf_changed":false,"_price":"","_stock":"","_tribe_ticket_header":"","_tribe_default_ticket_provider":"","_tribe_ticket_capacity":"0","_ticket_start_date":"","_ticket_end_date":"","_tribe_ticket_show_description":"","_tribe_ticket_show_not_going":false,"_tribe_ticket_use_global_stock":"","_tribe_ticket_global_stock_level":"","_global_stock_mode":"","_global_stock_cap":"","_tribe_rsvp_for_event":"","_tribe_ticket_going_count":"","_tribe_ticket_not_going_count":"","_tribe_tickets_list":"[]","_tribe_ticket_has_attendee_info_fields":false,"footnotes":""},"categories":[1],"tags":[],"class_list":["post-14880","post","type-post","status-publish","format-standard","hentry","category-uncategorized-ca"],"acf":[],"yoast_head":"<!-- This site is optimized with the Yoast SEO plugin v23.7 - https:\/\/yoast.com\/wordpress\/plugins\/seo\/ -->\n<title>\u201825 aniversari Barcelona 92\u2019 El F\u00f2rum Ol\u00edmpic 2017 tindr\u00e0 un car\u00e0cter m\u00e9s internacional que mai. - Museu Ol\u00edmpic i de l&#039;Esport<\/title>\n<meta name=\"robots\" content=\"index, follow, max-snippet:-1, max-image-preview:large, max-video-preview:-1\" \/>\n<link rel=\"canonical\" href=\"https:\/\/www.museuolimpicbcn.cat\/ca\/25-aniversari-barcelona-92-el-forum-olimpic-2017-tindra-un-caracter-mes-internacional-que-mai\/\" \/>\n<meta property=\"og:locale\" content=\"ca_ES\" \/>\n<meta property=\"og:type\" content=\"article\" \/>\n<meta property=\"og:title\" content=\"\u201825 aniversari Barcelona 92\u2019 El F\u00f2rum Ol\u00edmpic 2017 tindr\u00e0 un car\u00e0cter m\u00e9s internacional que mai. - Museu Ol\u00edmpic i de l&#039;Esport\" \/>\n<meta property=\"og:description\" content=\"Amb motiu del 25 aniversari de Barcelona&rsquo;92 les jornades del F&ograve;rum volen mostrar com en aquesta cambra de segle transcorregut Barcelona va establir un canvi al m&oacute;n de l&#039;olimpisme.Mundialment reconeguts, els Jocs Ol&iacute;mpics de Barcelona van ser un &egrave;xit en organitzaci&oacute;, desenvolupament, gesti&oacute; i resultats. A dia d&#039;avui, aquests aspectes segueixen sent referent per a aquells comit&egrave;s organitzadors d&#039;uns Jocs Ol&iacute;mpics.\" \/>\n<meta property=\"og:url\" content=\"https:\/\/www.museuolimpicbcn.cat\/ca\/25-aniversari-barcelona-92-el-forum-olimpic-2017-tindra-un-caracter-mes-internacional-que-mai\/\" \/>\n<meta property=\"og:site_name\" content=\"Museu Ol\u00edmpic i de l&#039;Esport\" \/>\n<meta property=\"article:published_time\" content=\"2017-10-04T22:00:00+00:00\" \/>\n<meta name=\"author\" content=\"useradmin\" \/>\n<meta name=\"twitter:card\" content=\"summary_large_image\" \/>\n<meta name=\"twitter:label1\" content=\"Escrit per\" \/>\n\t<meta name=\"twitter:data1\" content=\"useradmin\" \/>\n\t<meta name=\"twitter:label2\" content=\"Temps estimat de lectura\" \/>\n\t<meta name=\"twitter:data2\" content=\"6 minuts\" \/>\n<script type=\"application\/ld+json\" class=\"yoast-schema-graph\">{\"@context\":\"https:\/\/schema.org\",\"@graph\":[{\"@type\":\"Article\",\"@id\":\"https:\/\/www.museuolimpicbcn.cat\/ca\/25-aniversari-barcelona-92-el-forum-olimpic-2017-tindra-un-caracter-mes-internacional-que-mai\/#article\",\"isPartOf\":{\"@id\":\"https:\/\/www.museuolimpicbcn.cat\/ca\/25-aniversari-barcelona-92-el-forum-olimpic-2017-tindra-un-caracter-mes-internacional-que-mai\/\"},\"author\":{\"name\":\"useradmin\",\"@id\":\"https:\/\/www.museuolimpicbcn.cat\/ca\/#\/schema\/person\/d05705664e87aa04c6ce53d48133fb39\"},\"headline\":\"\u201825 aniversari Barcelona 92\u2019 El F\u00f2rum Ol\u00edmpic 2017 tindr\u00e0 un car\u00e0cter m\u00e9s internacional que mai.\",\"datePublished\":\"2017-10-04T22:00:00+00:00\",\"dateModified\":\"2017-10-04T22:00:00+00:00\",\"mainEntityOfPage\":{\"@id\":\"https:\/\/www.museuolimpicbcn.cat\/ca\/25-aniversari-barcelona-92-el-forum-olimpic-2017-tindra-un-caracter-mes-internacional-que-mai\/\"},\"wordCount\":1154,\"commentCount\":0,\"publisher\":{\"@id\":\"https:\/\/www.museuolimpicbcn.cat\/ca\/#organization\"},\"articleSection\":[\"Uncategorized @ca\"],\"inLanguage\":\"ca\",\"potentialAction\":[{\"@type\":\"CommentAction\",\"name\":\"Comment\",\"target\":[\"https:\/\/www.museuolimpicbcn.cat\/ca\/25-aniversari-barcelona-92-el-forum-olimpic-2017-tindra-un-caracter-mes-internacional-que-mai\/#respond\"]}]},{\"@type\":\"WebPage\",\"@id\":\"https:\/\/www.museuolimpicbcn.cat\/ca\/25-aniversari-barcelona-92-el-forum-olimpic-2017-tindra-un-caracter-mes-internacional-que-mai\/\",\"url\":\"https:\/\/www.museuolimpicbcn.cat\/ca\/25-aniversari-barcelona-92-el-forum-olimpic-2017-tindra-un-caracter-mes-internacional-que-mai\/\",\"name\":\"\u201825 aniversari Barcelona 92\u2019 El F\u00f2rum Ol\u00edmpic 2017 tindr\u00e0 un car\u00e0cter m\u00e9s internacional que mai. - Museu Ol\u00edmpic i de l&#039;Esport\",\"isPartOf\":{\"@id\":\"https:\/\/www.museuolimpicbcn.cat\/ca\/#website\"},\"datePublished\":\"2017-10-04T22:00:00+00:00\",\"dateModified\":\"2017-10-04T22:00:00+00:00\",\"breadcrumb\":{\"@id\":\"https:\/\/www.museuolimpicbcn.cat\/ca\/25-aniversari-barcelona-92-el-forum-olimpic-2017-tindra-un-caracter-mes-internacional-que-mai\/#breadcrumb\"},\"inLanguage\":\"ca\",\"potentialAction\":[{\"@type\":\"ReadAction\",\"target\":[\"https:\/\/www.museuolimpicbcn.cat\/ca\/25-aniversari-barcelona-92-el-forum-olimpic-2017-tindra-un-caracter-mes-internacional-que-mai\/\"]}]},{\"@type\":\"BreadcrumbList\",\"@id\":\"https:\/\/www.museuolimpicbcn.cat\/ca\/25-aniversari-barcelona-92-el-forum-olimpic-2017-tindra-un-caracter-mes-internacional-que-mai\/#breadcrumb\",\"itemListElement\":[{\"@type\":\"ListItem\",\"position\":1,\"name\":\"Inici\",\"item\":\"https:\/\/www.museuolimpicbcn.cat\/es\/\"},{\"@type\":\"ListItem\",\"position\":2,\"name\":\"\u201825 aniversari Barcelona 92\u2019 El F\u00f2rum Ol\u00edmpic 2017 tindr\u00e0 un car\u00e0cter m\u00e9s internacional que mai.\"}]},{\"@type\":\"WebSite\",\"@id\":\"https:\/\/www.museuolimpicbcn.cat\/ca\/#website\",\"url\":\"https:\/\/www.museuolimpicbcn.cat\/ca\/\",\"name\":\"Museu Ol\u00edmpic i de l&#039;Esport\",\"description\":\"Altre lloc Web del Museu Ol\u00edmpic i de l&#039;Esport llocs\",\"publisher\":{\"@id\":\"https:\/\/www.museuolimpicbcn.cat\/ca\/#organization\"},\"potentialAction\":[{\"@type\":\"SearchAction\",\"target\":{\"@type\":\"EntryPoint\",\"urlTemplate\":\"https:\/\/www.museuolimpicbcn.cat\/ca\/?s={search_term_string}\"},\"query-input\":{\"@type\":\"PropertyValueSpecification\",\"valueRequired\":true,\"valueName\":\"search_term_string\"}}],\"inLanguage\":\"ca\"},{\"@type\":\"Organization\",\"@id\":\"https:\/\/www.museuolimpicbcn.cat\/ca\/#organization\",\"name\":\"Museu Ol\u00edmpic i de l&#039;Esport\",\"url\":\"https:\/\/www.museuolimpicbcn.cat\/ca\/\",\"logo\":{\"@type\":\"ImageObject\",\"inLanguage\":\"ca\",\"@id\":\"https:\/\/www.museuolimpicbcn.cat\/ca\/#\/schema\/logo\/image\/\",\"url\":\"https:\/\/www.museuolimpicbcn.cat\/wp-content\/uploads\/sites\/2\/2018\/12\/logo-moe-header.svg\",\"contentUrl\":\"https:\/\/www.museuolimpicbcn.cat\/wp-content\/uploads\/sites\/2\/2018\/12\/logo-moe-header.svg\",\"caption\":\"Museu Ol\u00edmpic i de l&#039;Esport\"},\"image\":{\"@id\":\"https:\/\/www.museuolimpicbcn.cat\/ca\/#\/schema\/logo\/image\/\"}},{\"@type\":\"Person\",\"@id\":\"https:\/\/www.museuolimpicbcn.cat\/ca\/#\/schema\/person\/d05705664e87aa04c6ce53d48133fb39\",\"name\":\"useradmin\",\"url\":\"https:\/\/www.museuolimpicbcn.cat\/ca\/author\/useradmin\/\"}]}<\/script>\n<!-- \/ Yoast SEO plugin. -->","yoast_head_json":{"title":"\u201825 aniversari Barcelona 92\u2019 El F\u00f2rum Ol\u00edmpic 2017 tindr\u00e0 un car\u00e0cter m\u00e9s internacional que mai. - Museu Ol\u00edmpic i de l&#039;Esport","robots":{"index":"index","follow":"follow","max-snippet":"max-snippet:-1","max-image-preview":"max-image-preview:large","max-video-preview":"max-video-preview:-1"},"canonical":"https:\/\/www.museuolimpicbcn.cat\/ca\/25-aniversari-barcelona-92-el-forum-olimpic-2017-tindra-un-caracter-mes-internacional-que-mai\/","og_locale":"ca_ES","og_type":"article","og_title":"\u201825 aniversari Barcelona 92\u2019 El F\u00f2rum Ol\u00edmpic 2017 tindr\u00e0 un car\u00e0cter m\u00e9s internacional que mai. - Museu Ol\u00edmpic i de l&#039;Esport","og_description":"Amb motiu del 25 aniversari de Barcelona&rsquo;92 les jornades del F&ograve;rum volen mostrar com en aquesta cambra de segle transcorregut Barcelona va establir un canvi al m&oacute;n de l'olimpisme.Mundialment reconeguts, els Jocs Ol&iacute;mpics de Barcelona van ser un &egrave;xit en organitzaci&oacute;, desenvolupament, gesti&oacute; i resultats. A dia d'avui, aquests aspectes segueixen sent referent per a aquells comit&egrave;s organitzadors d'uns Jocs Ol&iacute;mpics.","og_url":"https:\/\/www.museuolimpicbcn.cat\/ca\/25-aniversari-barcelona-92-el-forum-olimpic-2017-tindra-un-caracter-mes-internacional-que-mai\/","og_site_name":"Museu Ol\u00edmpic i de l&#039;Esport","article_published_time":"2017-10-04T22:00:00+00:00","author":"useradmin","twitter_card":"summary_large_image","twitter_misc":{"Escrit per":"useradmin","Temps estimat de lectura":"6 minuts"},"schema":{"@context":"https:\/\/schema.org","@graph":[{"@type":"Article","@id":"https:\/\/www.museuolimpicbcn.cat\/ca\/25-aniversari-barcelona-92-el-forum-olimpic-2017-tindra-un-caracter-mes-internacional-que-mai\/#article","isPartOf":{"@id":"https:\/\/www.museuolimpicbcn.cat\/ca\/25-aniversari-barcelona-92-el-forum-olimpic-2017-tindra-un-caracter-mes-internacional-que-mai\/"},"author":{"name":"useradmin","@id":"https:\/\/www.museuolimpicbcn.cat\/ca\/#\/schema\/person\/d05705664e87aa04c6ce53d48133fb39"},"headline":"\u201825 aniversari Barcelona 92\u2019 El F\u00f2rum Ol\u00edmpic 2017 tindr\u00e0 un car\u00e0cter m\u00e9s internacional que mai.","datePublished":"2017-10-04T22:00:00+00:00","dateModified":"2017-10-04T22:00:00+00:00","mainEntityOfPage":{"@id":"https:\/\/www.museuolimpicbcn.cat\/ca\/25-aniversari-barcelona-92-el-forum-olimpic-2017-tindra-un-caracter-mes-internacional-que-mai\/"},"wordCount":1154,"commentCount":0,"publisher":{"@id":"https:\/\/www.museuolimpicbcn.cat\/ca\/#organization"},"articleSection":["Uncategorized @ca"],"inLanguage":"ca","potentialAction":[{"@type":"CommentAction","name":"Comment","target":["https:\/\/www.museuolimpicbcn.cat\/ca\/25-aniversari-barcelona-92-el-forum-olimpic-2017-tindra-un-caracter-mes-internacional-que-mai\/#respond"]}]},{"@type":"WebPage","@id":"https:\/\/www.museuolimpicbcn.cat\/ca\/25-aniversari-barcelona-92-el-forum-olimpic-2017-tindra-un-caracter-mes-internacional-que-mai\/","url":"https:\/\/www.museuolimpicbcn.cat\/ca\/25-aniversari-barcelona-92-el-forum-olimpic-2017-tindra-un-caracter-mes-internacional-que-mai\/","name":"\u201825 aniversari Barcelona 92\u2019 El F\u00f2rum Ol\u00edmpic 2017 tindr\u00e0 un car\u00e0cter m\u00e9s internacional que mai. - Museu Ol\u00edmpic i de l&#039;Esport","isPartOf":{"@id":"https:\/\/www.museuolimpicbcn.cat\/ca\/#website"},"datePublished":"2017-10-04T22:00:00+00:00","dateModified":"2017-10-04T22:00:00+00:00","breadcrumb":{"@id":"https:\/\/www.museuolimpicbcn.cat\/ca\/25-aniversari-barcelona-92-el-forum-olimpic-2017-tindra-un-caracter-mes-internacional-que-mai\/#breadcrumb"},"inLanguage":"ca","potentialAction":[{"@type":"ReadAction","target":["https:\/\/www.museuolimpicbcn.cat\/ca\/25-aniversari-barcelona-92-el-forum-olimpic-2017-tindra-un-caracter-mes-internacional-que-mai\/"]}]},{"@type":"BreadcrumbList","@id":"https:\/\/www.museuolimpicbcn.cat\/ca\/25-aniversari-barcelona-92-el-forum-olimpic-2017-tindra-un-caracter-mes-internacional-que-mai\/#breadcrumb","itemListElement":[{"@type":"ListItem","position":1,"name":"Inici","item":"https:\/\/www.museuolimpicbcn.cat\/es\/"},{"@type":"ListItem","position":2,"name":"\u201825 aniversari Barcelona 92\u2019 El F\u00f2rum Ol\u00edmpic 2017 tindr\u00e0 un car\u00e0cter m\u00e9s internacional que mai."}]},{"@type":"WebSite","@id":"https:\/\/www.museuolimpicbcn.cat\/ca\/#website","url":"https:\/\/www.museuolimpicbcn.cat\/ca\/","name":"Museu Ol\u00edmpic i de l&#039;Esport","description":"Altre lloc Web del Museu Ol\u00edmpic i de l&#039;Esport llocs","publisher":{"@id":"https:\/\/www.museuolimpicbcn.cat\/ca\/#organization"},"potentialAction":[{"@type":"SearchAction","target":{"@type":"EntryPoint","urlTemplate":"https:\/\/www.museuolimpicbcn.cat\/ca\/?s={search_term_string}"},"query-input":{"@type":"PropertyValueSpecification","valueRequired":true,"valueName":"search_term_string"}}],"inLanguage":"ca"},{"@type":"Organization","@id":"https:\/\/www.museuolimpicbcn.cat\/ca\/#organization","name":"Museu Ol\u00edmpic i de l&#039;Esport","url":"https:\/\/www.museuolimpicbcn.cat\/ca\/","logo":{"@type":"ImageObject","inLanguage":"ca","@id":"https:\/\/www.museuolimpicbcn.cat\/ca\/#\/schema\/logo\/image\/","url":"https:\/\/www.museuolimpicbcn.cat\/wp-content\/uploads\/sites\/2\/2018\/12\/logo-moe-header.svg","contentUrl":"https:\/\/www.museuolimpicbcn.cat\/wp-content\/uploads\/sites\/2\/2018\/12\/logo-moe-header.svg","caption":"Museu Ol\u00edmpic i de l&#039;Esport"},"image":{"@id":"https:\/\/www.museuolimpicbcn.cat\/ca\/#\/schema\/logo\/image\/"}},{"@type":"Person","@id":"https:\/\/www.museuolimpicbcn.cat\/ca\/#\/schema\/person\/d05705664e87aa04c6ce53d48133fb39","name":"useradmin","url":"https:\/\/www.museuolimpicbcn.cat\/ca\/author\/useradmin\/"}]}},"_links":{"self":[{"href":"https:\/\/www.museuolimpicbcn.cat\/ca\/wp-json\/wp\/v2\/posts\/14880"}],"collection":[{"href":"https:\/\/www.museuolimpicbcn.cat\/ca\/wp-json\/wp\/v2\/posts"}],"about":[{"href":"https:\/\/www.museuolimpicbcn.cat\/ca\/wp-json\/wp\/v2\/types\/post"}],"author":[{"embeddable":true,"href":"https:\/\/www.museuolimpicbcn.cat\/ca\/wp-json\/wp\/v2\/users\/1"}],"replies":[{"embeddable":true,"href":"https:\/\/www.museuolimpicbcn.cat\/ca\/wp-json\/wp\/v2\/comments?post=14880"}],"version-history":[{"count":0,"href":"https:\/\/www.museuolimpicbcn.cat\/ca\/wp-json\/wp\/v2\/posts\/14880\/revisions"}],"wp:attachment":[{"href":"https:\/\/www.museuolimpicbcn.cat\/ca\/wp-json\/wp\/v2\/media?parent=14880"}],"wp:term":[{"taxonomy":"category","embeddable":true,"href":"https:\/\/www.museuolimpicbcn.cat\/ca\/wp-json\/wp\/v2\/categories?post=14880"},{"taxonomy":"post_tag","embeddable":true,"href":"https:\/\/www.museuolimpicbcn.cat\/ca\/wp-json\/wp\/v2\/tags?post=14880"}],"curies":[{"name":"wp","href":"https:\/\/api.w.org\/{rel}","templated":true}]}}