{"id":14921,"date":"2017-10-24T00:00:00","date_gmt":"2017-10-23T22:00:00","guid":{"rendered":"http:\/\/dev.museuolimpicbcn.cat\/dema-ultim-dia-dinscripcio-forum-olimpic-25-aniversari-barcelona-92\/"},"modified":"2017-10-24T00:00:00","modified_gmt":"2017-10-23T22:00:00","slug":"dema-ultim-dia-dinscripcio-forum-olimpic-25-aniversari-barcelona-92","status":"publish","type":"post","link":"https:\/\/www.museuolimpicbcn.cat\/ca\/dema-ultim-dia-dinscripcio-forum-olimpic-25-aniversari-barcelona-92\/","title":{"rendered":"Dem\u00e0 \u00f9ltim dia d&#8217;inscripci\u00f3. F\u00f2rum Ol\u00edmpic: 25 aniversari Barcelona &#8217;92"},"content":{"rendered":"<p style=\"text-align: justify;\"><strong>FORMULARI D&#8217;INSCRIPCI&Oacute;<\/strong><\/p>\n<p style=\"text-align: justify;\">El F&ograve;rum donar&agrave; comen&ccedil;ament el 26 d&#8217;octubre amb la pon&egrave;ncia de Pere Mir&oacute;, director general adjunt del Comit&egrave; Internacional Ol&iacute;mpic (CIO) i director de Solidaritat Ol&iacute;mpica, qui ens detallar&agrave; la situaci&oacute; actual del CIO i de l&#8217;Olimpisme, la famosa Agenda 2020 &mdash;que estableix entre moltes altres coses les bases de les ciutats candidates a albergar uns Jocs&mdash; i el futur dels Jocs Ol&iacute;mpics.<\/p>\n<p style=\"text-align: justify;\">Comptarem amb la pres&egrave;ncia de Washington Fajardo, arquitecte de l&#8217;Ajuntament de Rio de Janeiro. Fins al moment, Rio de Janeiro ha estat l&#8217;&uacute;nica seu que ha seguit les directrius establertes des de l&#8217;Agenda 2020. Els Jocs Ol&iacute;mpics al servei de la ciutat i la ciutadania s&oacute;n alguns dels aspectes que Fajardo explicar&agrave; com es van dur a terme. Els JJOO van permetre regenerar el centre de la ciutat carioca, amb un urbanisme modern i uns serveis de transport que disminu&iuml;a la pres&egrave;ncia de vehicles privats.<\/p>\n<p style=\"text-align: justify;\">Enric Tru&ntilde;&oacute;, regidor d&#8217;Esports en 1992 i Llu&iacute;s Millet, arquitecte responsable de les infraestructures ol&iacute;mpiques presentaran el model de ciutat que es va iniciar en el 92, el desenvolupament durant aquests 25 anys i establiran algunes de les l&iacute;nies que hauria de prendre Barcelona tenint en compte les necessitats actuals.<\/p>\n<p style=\"text-align: justify;\">Els models de les ciutats ol&iacute;mpiques de Lillehammer, Atenes i Londres tamb&eacute; tindran pres&egrave;ncia en aquest F&ograve;rum. Tres ciutats que van adaptar a les seves necessitats part del model de sostenibilitat s&ograve;cio-econ&ograve;mic de Barcelona. Anders Lindstad, professor de la universitat noruega de Lillehammer exposar&agrave; com els Jocs de Lillehammer&rsquo;94 van deixar una gran her&egrave;ncia cultural i social, conscienciant a la poblaci&oacute; de la import&agrave;ncia de l&#8217;esport. Per la seva banda, Kostas Georgiadis, deg&agrave; de l&#8217;Acad&egrave;mia Ol&iacute;mpica Internacional, explicar&agrave; com els Jocs del 2004 van suposar un gran benefici en serveis per als ciutadans d&#8217;Atenes: metro, carreteres, aeroports i grans p&egrave;rdues econ&ograve;miques per a la ciutat tenint en compte la mala planificaci&oacute; de l&#8217;&uacute;s de les instal&middot;lacions esportives despr&eacute;s dels Jocs.<\/p>\n<p style=\"text-align: justify;\">Finalment, Simon Cooper, director d&#8217;Esports de l&#8217;Ajuntament de Londres ens mostrar&agrave; com el llegat dels Jocs de Londres 2012 ha creat una cultura d&#8217;esport entre els ciutadans, generant una consci&egrave;ncia i accions espec&iacute;fiques vinculades amb les necessitats per a la pr&agrave;ctica d&#8217;aquest.&nbsp;<\/p>\n<p style=\"text-align: justify;\">La jornada del divendres 27 d&#8217;octubre comptar&agrave; amb la taula rodona composada per Arseni da Palma, director del Canal Ol&iacute;mpic de Castelldefels, Miquel Noguer, alcalde de Banyoles, i Daniel Nart, Regidor d&#8217;Esports de Terrassa.<\/p>\n<p style=\"text-align: justify;\">Aquests municipis van ser subseus durant els Jocs de Barcelona&rsquo;92 i van heretar unes infraestructures esportives que, en l&#8217;actualitat, estan en ple funcionament i estan al servei del ciutad&agrave;.<\/p>\n<p style=\"text-align: justify;\">Carles Murillo, economista, ens acostar&agrave; a l&#8217;actualitat del turisme; com la tend&egrave;ncia que es va iniciar en els Jocs de Barcelona l&#8217;any 92 s&#8217;ha convertit en un dels motors econ&ograve;mics de la ciutat. Murillo exposar&agrave; els pros i contra del turisme a Barcelona.<\/p>\n<p style=\"text-align: justify;\">En el 88 es va establir el Pla d&#8217;Ajuda a l&#8217;Esportista Ol&iacute;mpic i Paral&iacute;mpic (Pla ADO i ADOP), a trav&eacute;s del qual s&#8217;establien unes beques per a esportistes Ol&iacute;mpics i Paral&iacute;mpics amb la finalitat d&#8217;ajudar al seu rendiment amb vista a fer un bon paper durant els Jocs. Actualment, aquests programes ADO i ADOP segueixen en actiu i dels beneficis i l&#8217;evoluci&oacute; ens parlaran Miquel Sagarra, Secretari General del Comit&egrave; Paral&iacute;mpic Espa&ntilde;ol, Ricardo Leiva, director d&#8217;Esports del Comit&egrave; Ol&iacute;mpic Espanyol i els medallistes ol&iacute;mpics Carolina Pascual i Jordi Sans.&nbsp;<\/p>\n<\/p>\n<p style=\"text-align: justify;\">&nbsp;<\/p>\n","protected":false},"excerpt":{"rendered":"<p>F&ograve;rum Ol&iacute;mpic: 25 Aniversari Barcelona&rsquo;92, 26 i 27 d&#8217;octubre a l&rsquo;INEFC de Barcelona.&nbsp;<\/p>\n<p>Vinculat amb el 25 aniversari dels Jocs Ol&iacute;mpics de Barcelona&rsquo;92, en aquest nova edici&oacute; del F&ograve;rum Ol&iacute;mpic comptarem amb experts internacionals del m&oacute;n de l&#8217;economia, pol&iacute;tica, arquitectura, esport, etc. que tractaran l&#8217;actualitat d&#8217;aquells models &mdash;econ&ograve;mics, gesti&oacute;, turisme, finan&ccedil;ament, socials, competici&oacute;, etc.&mdash; que van ser pioners a Barcelona&rsquo;92 i que avui dia s&#8217;han anat adaptant a Barcelona i s&oacute;n referents per a altres ciutats.<\/p>\n","protected":false},"author":1,"featured_media":0,"comment_status":"open","ping_status":"open","sticky":false,"template":"","format":"standard","meta":{"_acf_changed":false,"_price":"","_stock":"","_tribe_ticket_header":"","_tribe_default_ticket_provider":"","_tribe_ticket_capacity":"0","_ticket_start_date":"","_ticket_end_date":"","_tribe_ticket_show_description":"","_tribe_ticket_show_not_going":false,"_tribe_ticket_use_global_stock":"","_tribe_ticket_global_stock_level":"","_global_stock_mode":"","_global_stock_cap":"","_tribe_rsvp_for_event":"","_tribe_ticket_going_count":"","_tribe_ticket_not_going_count":"","_tribe_tickets_list":"[]","_tribe_ticket_has_attendee_info_fields":false,"footnotes":""},"categories":[1],"tags":[],"class_list":["post-14921","post","type-post","status-publish","format-standard","hentry","category-uncategorized-ca"],"acf":[],"yoast_head":"<!-- This site is optimized with the Yoast SEO plugin v23.7 - https:\/\/yoast.com\/wordpress\/plugins\/seo\/ -->\n<title>Dem\u00e0 \u00f9ltim dia d&#039;inscripci\u00f3. F\u00f2rum Ol\u00edmpic: 25 aniversari Barcelona &#039;92 - Museu Ol\u00edmpic i de l&#039;Esport<\/title>\n<meta name=\"robots\" content=\"index, follow, max-snippet:-1, max-image-preview:large, max-video-preview:-1\" \/>\n<link rel=\"canonical\" href=\"https:\/\/www.museuolimpicbcn.cat\/ca\/dema-ultim-dia-dinscripcio-forum-olimpic-25-aniversari-barcelona-92\/\" \/>\n<meta property=\"og:locale\" content=\"ca_ES\" \/>\n<meta property=\"og:type\" content=\"article\" \/>\n<meta property=\"og:title\" content=\"Dem\u00e0 \u00f9ltim dia d&#039;inscripci\u00f3. F\u00f2rum Ol\u00edmpic: 25 aniversari Barcelona &#039;92 - Museu Ol\u00edmpic i de l&#039;Esport\" \/>\n<meta property=\"og:description\" content=\"F&ograve;rum Ol&iacute;mpic: 25 Aniversari Barcelona&rsquo;92, 26 i 27 d&#039;octubre a l&rsquo;INEFC de Barcelona.&nbsp; Vinculat amb el 25 aniversari dels Jocs Ol&iacute;mpics de Barcelona&rsquo;92, en aquest nova edici&oacute; del F&ograve;rum Ol&iacute;mpic comptarem amb experts internacionals del m&oacute;n de l&#039;economia, pol&iacute;tica, arquitectura, esport, etc. que tractaran l&#039;actualitat d&#039;aquells models &mdash;econ&ograve;mics, gesti&oacute;, turisme, finan&ccedil;ament, socials, competici&oacute;, etc.&mdash; que van ser pioners a Barcelona&rsquo;92 i que avui dia s&#039;han anat adaptant a Barcelona i s&oacute;n referents per a altres ciutats.\" \/>\n<meta property=\"og:url\" content=\"https:\/\/www.museuolimpicbcn.cat\/ca\/dema-ultim-dia-dinscripcio-forum-olimpic-25-aniversari-barcelona-92\/\" \/>\n<meta property=\"og:site_name\" content=\"Museu Ol\u00edmpic i de l&#039;Esport\" \/>\n<meta property=\"article:published_time\" content=\"2017-10-23T22:00:00+00:00\" \/>\n<meta name=\"author\" content=\"useradmin\" \/>\n<meta name=\"twitter:card\" content=\"summary_large_image\" \/>\n<meta name=\"twitter:label1\" content=\"Escrit per\" \/>\n\t<meta name=\"twitter:data1\" content=\"useradmin\" \/>\n\t<meta name=\"twitter:label2\" content=\"Temps estimat de lectura\" \/>\n\t<meta name=\"twitter:data2\" content=\"3 minuts\" \/>\n<script type=\"application\/ld+json\" class=\"yoast-schema-graph\">{\"@context\":\"https:\/\/schema.org\",\"@graph\":[{\"@type\":\"Article\",\"@id\":\"https:\/\/www.museuolimpicbcn.cat\/ca\/dema-ultim-dia-dinscripcio-forum-olimpic-25-aniversari-barcelona-92\/#article\",\"isPartOf\":{\"@id\":\"https:\/\/www.museuolimpicbcn.cat\/ca\/dema-ultim-dia-dinscripcio-forum-olimpic-25-aniversari-barcelona-92\/\"},\"author\":{\"name\":\"useradmin\",\"@id\":\"https:\/\/www.museuolimpicbcn.cat\/ca\/#\/schema\/person\/d05705664e87aa04c6ce53d48133fb39\"},\"headline\":\"Dem\u00e0 \u00f9ltim dia d&#8217;inscripci\u00f3. F\u00f2rum Ol\u00edmpic: 25 aniversari Barcelona &#8217;92\",\"datePublished\":\"2017-10-23T22:00:00+00:00\",\"dateModified\":\"2017-10-23T22:00:00+00:00\",\"mainEntityOfPage\":{\"@id\":\"https:\/\/www.museuolimpicbcn.cat\/ca\/dema-ultim-dia-dinscripcio-forum-olimpic-25-aniversari-barcelona-92\/\"},\"wordCount\":675,\"commentCount\":0,\"publisher\":{\"@id\":\"https:\/\/www.museuolimpicbcn.cat\/ca\/#organization\"},\"articleSection\":[\"Uncategorized @ca\"],\"inLanguage\":\"ca\",\"potentialAction\":[{\"@type\":\"CommentAction\",\"name\":\"Comment\",\"target\":[\"https:\/\/www.museuolimpicbcn.cat\/ca\/dema-ultim-dia-dinscripcio-forum-olimpic-25-aniversari-barcelona-92\/#respond\"]}]},{\"@type\":\"WebPage\",\"@id\":\"https:\/\/www.museuolimpicbcn.cat\/ca\/dema-ultim-dia-dinscripcio-forum-olimpic-25-aniversari-barcelona-92\/\",\"url\":\"https:\/\/www.museuolimpicbcn.cat\/ca\/dema-ultim-dia-dinscripcio-forum-olimpic-25-aniversari-barcelona-92\/\",\"name\":\"Dem\u00e0 \u00f9ltim dia d'inscripci\u00f3. F\u00f2rum Ol\u00edmpic: 25 aniversari Barcelona '92 - Museu Ol\u00edmpic i de l&#039;Esport\",\"isPartOf\":{\"@id\":\"https:\/\/www.museuolimpicbcn.cat\/ca\/#website\"},\"datePublished\":\"2017-10-23T22:00:00+00:00\",\"dateModified\":\"2017-10-23T22:00:00+00:00\",\"breadcrumb\":{\"@id\":\"https:\/\/www.museuolimpicbcn.cat\/ca\/dema-ultim-dia-dinscripcio-forum-olimpic-25-aniversari-barcelona-92\/#breadcrumb\"},\"inLanguage\":\"ca\",\"potentialAction\":[{\"@type\":\"ReadAction\",\"target\":[\"https:\/\/www.museuolimpicbcn.cat\/ca\/dema-ultim-dia-dinscripcio-forum-olimpic-25-aniversari-barcelona-92\/\"]}]},{\"@type\":\"BreadcrumbList\",\"@id\":\"https:\/\/www.museuolimpicbcn.cat\/ca\/dema-ultim-dia-dinscripcio-forum-olimpic-25-aniversari-barcelona-92\/#breadcrumb\",\"itemListElement\":[{\"@type\":\"ListItem\",\"position\":1,\"name\":\"Inici\",\"item\":\"https:\/\/www.museuolimpicbcn.cat\/es\/\"},{\"@type\":\"ListItem\",\"position\":2,\"name\":\"Dem\u00e0 \u00f9ltim dia d&#8217;inscripci\u00f3. F\u00f2rum Ol\u00edmpic: 25 aniversari Barcelona &#8217;92\"}]},{\"@type\":\"WebSite\",\"@id\":\"https:\/\/www.museuolimpicbcn.cat\/ca\/#website\",\"url\":\"https:\/\/www.museuolimpicbcn.cat\/ca\/\",\"name\":\"Museu Ol\u00edmpic i de l&#039;Esport\",\"description\":\"Altre lloc Web del Museu Ol\u00edmpic i de l&#039;Esport llocs\",\"publisher\":{\"@id\":\"https:\/\/www.museuolimpicbcn.cat\/ca\/#organization\"},\"potentialAction\":[{\"@type\":\"SearchAction\",\"target\":{\"@type\":\"EntryPoint\",\"urlTemplate\":\"https:\/\/www.museuolimpicbcn.cat\/ca\/?s={search_term_string}\"},\"query-input\":{\"@type\":\"PropertyValueSpecification\",\"valueRequired\":true,\"valueName\":\"search_term_string\"}}],\"inLanguage\":\"ca\"},{\"@type\":\"Organization\",\"@id\":\"https:\/\/www.museuolimpicbcn.cat\/ca\/#organization\",\"name\":\"Museu Ol\u00edmpic i de l&#039;Esport\",\"url\":\"https:\/\/www.museuolimpicbcn.cat\/ca\/\",\"logo\":{\"@type\":\"ImageObject\",\"inLanguage\":\"ca\",\"@id\":\"https:\/\/www.museuolimpicbcn.cat\/ca\/#\/schema\/logo\/image\/\",\"url\":\"https:\/\/www.museuolimpicbcn.cat\/wp-content\/uploads\/sites\/2\/2018\/12\/logo-moe-header.svg\",\"contentUrl\":\"https:\/\/www.museuolimpicbcn.cat\/wp-content\/uploads\/sites\/2\/2018\/12\/logo-moe-header.svg\",\"caption\":\"Museu Ol\u00edmpic i de l&#039;Esport\"},\"image\":{\"@id\":\"https:\/\/www.museuolimpicbcn.cat\/ca\/#\/schema\/logo\/image\/\"}},{\"@type\":\"Person\",\"@id\":\"https:\/\/www.museuolimpicbcn.cat\/ca\/#\/schema\/person\/d05705664e87aa04c6ce53d48133fb39\",\"name\":\"useradmin\",\"url\":\"https:\/\/www.museuolimpicbcn.cat\/ca\/author\/useradmin\/\"}]}<\/script>\n<!-- \/ Yoast SEO plugin. -->","yoast_head_json":{"title":"Dem\u00e0 \u00f9ltim dia d'inscripci\u00f3. F\u00f2rum Ol\u00edmpic: 25 aniversari Barcelona '92 - Museu Ol\u00edmpic i de l&#039;Esport","robots":{"index":"index","follow":"follow","max-snippet":"max-snippet:-1","max-image-preview":"max-image-preview:large","max-video-preview":"max-video-preview:-1"},"canonical":"https:\/\/www.museuolimpicbcn.cat\/ca\/dema-ultim-dia-dinscripcio-forum-olimpic-25-aniversari-barcelona-92\/","og_locale":"ca_ES","og_type":"article","og_title":"Dem\u00e0 \u00f9ltim dia d'inscripci\u00f3. F\u00f2rum Ol\u00edmpic: 25 aniversari Barcelona '92 - Museu Ol\u00edmpic i de l&#039;Esport","og_description":"F&ograve;rum Ol&iacute;mpic: 25 Aniversari Barcelona&rsquo;92, 26 i 27 d'octubre a l&rsquo;INEFC de Barcelona.&nbsp; Vinculat amb el 25 aniversari dels Jocs Ol&iacute;mpics de Barcelona&rsquo;92, en aquest nova edici&oacute; del F&ograve;rum Ol&iacute;mpic comptarem amb experts internacionals del m&oacute;n de l'economia, pol&iacute;tica, arquitectura, esport, etc. que tractaran l'actualitat d'aquells models &mdash;econ&ograve;mics, gesti&oacute;, turisme, finan&ccedil;ament, socials, competici&oacute;, etc.&mdash; que van ser pioners a Barcelona&rsquo;92 i que avui dia s'han anat adaptant a Barcelona i s&oacute;n referents per a altres ciutats.","og_url":"https:\/\/www.museuolimpicbcn.cat\/ca\/dema-ultim-dia-dinscripcio-forum-olimpic-25-aniversari-barcelona-92\/","og_site_name":"Museu Ol\u00edmpic i de l&#039;Esport","article_published_time":"2017-10-23T22:00:00+00:00","author":"useradmin","twitter_card":"summary_large_image","twitter_misc":{"Escrit per":"useradmin","Temps estimat de lectura":"3 minuts"},"schema":{"@context":"https:\/\/schema.org","@graph":[{"@type":"Article","@id":"https:\/\/www.museuolimpicbcn.cat\/ca\/dema-ultim-dia-dinscripcio-forum-olimpic-25-aniversari-barcelona-92\/#article","isPartOf":{"@id":"https:\/\/www.museuolimpicbcn.cat\/ca\/dema-ultim-dia-dinscripcio-forum-olimpic-25-aniversari-barcelona-92\/"},"author":{"name":"useradmin","@id":"https:\/\/www.museuolimpicbcn.cat\/ca\/#\/schema\/person\/d05705664e87aa04c6ce53d48133fb39"},"headline":"Dem\u00e0 \u00f9ltim dia d&#8217;inscripci\u00f3. F\u00f2rum Ol\u00edmpic: 25 aniversari Barcelona &#8217;92","datePublished":"2017-10-23T22:00:00+00:00","dateModified":"2017-10-23T22:00:00+00:00","mainEntityOfPage":{"@id":"https:\/\/www.museuolimpicbcn.cat\/ca\/dema-ultim-dia-dinscripcio-forum-olimpic-25-aniversari-barcelona-92\/"},"wordCount":675,"commentCount":0,"publisher":{"@id":"https:\/\/www.museuolimpicbcn.cat\/ca\/#organization"},"articleSection":["Uncategorized @ca"],"inLanguage":"ca","potentialAction":[{"@type":"CommentAction","name":"Comment","target":["https:\/\/www.museuolimpicbcn.cat\/ca\/dema-ultim-dia-dinscripcio-forum-olimpic-25-aniversari-barcelona-92\/#respond"]}]},{"@type":"WebPage","@id":"https:\/\/www.museuolimpicbcn.cat\/ca\/dema-ultim-dia-dinscripcio-forum-olimpic-25-aniversari-barcelona-92\/","url":"https:\/\/www.museuolimpicbcn.cat\/ca\/dema-ultim-dia-dinscripcio-forum-olimpic-25-aniversari-barcelona-92\/","name":"Dem\u00e0 \u00f9ltim dia d'inscripci\u00f3. F\u00f2rum Ol\u00edmpic: 25 aniversari Barcelona '92 - Museu Ol\u00edmpic i de l&#039;Esport","isPartOf":{"@id":"https:\/\/www.museuolimpicbcn.cat\/ca\/#website"},"datePublished":"2017-10-23T22:00:00+00:00","dateModified":"2017-10-23T22:00:00+00:00","breadcrumb":{"@id":"https:\/\/www.museuolimpicbcn.cat\/ca\/dema-ultim-dia-dinscripcio-forum-olimpic-25-aniversari-barcelona-92\/#breadcrumb"},"inLanguage":"ca","potentialAction":[{"@type":"ReadAction","target":["https:\/\/www.museuolimpicbcn.cat\/ca\/dema-ultim-dia-dinscripcio-forum-olimpic-25-aniversari-barcelona-92\/"]}]},{"@type":"BreadcrumbList","@id":"https:\/\/www.museuolimpicbcn.cat\/ca\/dema-ultim-dia-dinscripcio-forum-olimpic-25-aniversari-barcelona-92\/#breadcrumb","itemListElement":[{"@type":"ListItem","position":1,"name":"Inici","item":"https:\/\/www.museuolimpicbcn.cat\/es\/"},{"@type":"ListItem","position":2,"name":"Dem\u00e0 \u00f9ltim dia d&#8217;inscripci\u00f3. F\u00f2rum Ol\u00edmpic: 25 aniversari Barcelona &#8217;92"}]},{"@type":"WebSite","@id":"https:\/\/www.museuolimpicbcn.cat\/ca\/#website","url":"https:\/\/www.museuolimpicbcn.cat\/ca\/","name":"Museu Ol\u00edmpic i de l&#039;Esport","description":"Altre lloc Web del Museu Ol\u00edmpic i de l&#039;Esport llocs","publisher":{"@id":"https:\/\/www.museuolimpicbcn.cat\/ca\/#organization"},"potentialAction":[{"@type":"SearchAction","target":{"@type":"EntryPoint","urlTemplate":"https:\/\/www.museuolimpicbcn.cat\/ca\/?s={search_term_string}"},"query-input":{"@type":"PropertyValueSpecification","valueRequired":true,"valueName":"search_term_string"}}],"inLanguage":"ca"},{"@type":"Organization","@id":"https:\/\/www.museuolimpicbcn.cat\/ca\/#organization","name":"Museu Ol\u00edmpic i de l&#039;Esport","url":"https:\/\/www.museuolimpicbcn.cat\/ca\/","logo":{"@type":"ImageObject","inLanguage":"ca","@id":"https:\/\/www.museuolimpicbcn.cat\/ca\/#\/schema\/logo\/image\/","url":"https:\/\/www.museuolimpicbcn.cat\/wp-content\/uploads\/sites\/2\/2018\/12\/logo-moe-header.svg","contentUrl":"https:\/\/www.museuolimpicbcn.cat\/wp-content\/uploads\/sites\/2\/2018\/12\/logo-moe-header.svg","caption":"Museu Ol\u00edmpic i de l&#039;Esport"},"image":{"@id":"https:\/\/www.museuolimpicbcn.cat\/ca\/#\/schema\/logo\/image\/"}},{"@type":"Person","@id":"https:\/\/www.museuolimpicbcn.cat\/ca\/#\/schema\/person\/d05705664e87aa04c6ce53d48133fb39","name":"useradmin","url":"https:\/\/www.museuolimpicbcn.cat\/ca\/author\/useradmin\/"}]}},"_links":{"self":[{"href":"https:\/\/www.museuolimpicbcn.cat\/ca\/wp-json\/wp\/v2\/posts\/14921"}],"collection":[{"href":"https:\/\/www.museuolimpicbcn.cat\/ca\/wp-json\/wp\/v2\/posts"}],"about":[{"href":"https:\/\/www.museuolimpicbcn.cat\/ca\/wp-json\/wp\/v2\/types\/post"}],"author":[{"embeddable":true,"href":"https:\/\/www.museuolimpicbcn.cat\/ca\/wp-json\/wp\/v2\/users\/1"}],"replies":[{"embeddable":true,"href":"https:\/\/www.museuolimpicbcn.cat\/ca\/wp-json\/wp\/v2\/comments?post=14921"}],"version-history":[{"count":0,"href":"https:\/\/www.museuolimpicbcn.cat\/ca\/wp-json\/wp\/v2\/posts\/14921\/revisions"}],"wp:attachment":[{"href":"https:\/\/www.museuolimpicbcn.cat\/ca\/wp-json\/wp\/v2\/media?parent=14921"}],"wp:term":[{"taxonomy":"category","embeddable":true,"href":"https:\/\/www.museuolimpicbcn.cat\/ca\/wp-json\/wp\/v2\/categories?post=14921"},{"taxonomy":"post_tag","embeddable":true,"href":"https:\/\/www.museuolimpicbcn.cat\/ca\/wp-json\/wp\/v2\/tags?post=14921"}],"curies":[{"name":"wp","href":"https:\/\/api.w.org\/{rel}","templated":true}]}}