{"id":14923,"date":"2017-10-26T00:00:00","date_gmt":"2017-10-25T22:00:00","guid":{"rendered":"http:\/\/dev.museuolimpicbcn.cat\/pere-miro-director-adjunt-del-cio-obre-la-jornada-del-xii-forum-olimpic-dedicat-al-25-aniversari-de-barcelona92\/"},"modified":"2017-10-26T00:00:00","modified_gmt":"2017-10-25T22:00:00","slug":"pere-miro-director-adjunt-del-cio-obre-la-jornada-del-xii-forum-olimpic-dedicat-al-25-aniversari-de-barcelona92","status":"publish","type":"post","link":"https:\/\/www.museuolimpicbcn.cat\/ca\/pere-miro-director-adjunt-del-cio-obre-la-jornada-del-xii-forum-olimpic-dedicat-al-25-aniversari-de-barcelona92\/","title":{"rendered":"Pere Mir\u00f3, director adjunt del CIO, obre la jornada del XII F\u00f2rum Ol\u00edmpic dedicat al 25 aniversari de Barcelona\u201992"},"content":{"rendered":"<p>Pere Mir&oacute; ha destacat la import&agrave;ncia de l&#8217;Agenda 2020 que estableix l&#8217;estrat&egrave;gia a seguir pel Comit&egrave; Internacional Ol&iacute;mpic per al futur del moviment ol&iacute;mpic. L&#8217;Agenda 2020 va ser adoptada pel CIO al desembre del 2014 i estableix directrius i objectius dels Jocs Ol&iacute;mpics. Aspectes tals com que els Jocs han de ser &uacute;tils per a l&#8217;esport i la societat, la sostenibilitat i el medi ambient, i l&rsquo;&uacute;s de les instal&middot;lacions una vegada finalitzats els Jocs s&oacute;n alguns dels punts m&eacute;s importants que Pere Mir&oacute; ha destacat en la seva pon&egrave;ncia.<\/p>\n<p>A continuaci&oacute; Washington Fajardo, arquitecte de Rio de Janeiro, ens ha explicat com des de l&#8217;Ajuntament de Rio es tenia com a objectiu millorar i mantenir el patrimoni hist&ograve;ric de la ciutat, com estableix l&#8217;Agenda 2020. Per aix&ograve;, es van donar grans facilitats als propietaris perqu&egrave; restauressin les seves cases posant en valor un tresor cultural. Aquesta acci&oacute; es va inspirar en la campanya &ldquo;Barcelona, posa&rsquo;t guapa&rdquo; que l&#8217;Ajuntament de Barcelona va llan&ccedil;ar a la meitat dels anys 80.<\/p>\n<p>Mantenint aquesta l&iacute;nia, Enric Tru&ntilde;&oacute;, regidor d&#8217;esports de l&#8217;Ajuntament de Barcelona i dels JJOO 1992, ha explicat com amb la finalitat de conscienciar al ciutad&agrave;, es van engegar campanyes com &ldquo;Esport per a tots&rdquo; o la de voluntaris pels JJOO; aix&ograve; va implicar que la ciutadania s&#8217;involucr&eacute;s i adopt&eacute;s els JJOO com a seus i la import&agrave;ncia de l&#8217;esport. Aquest sentiment segueix vigent a Barcelona avui dia.<\/p>\n<p>Llu&iacute;s Millet, arquitecte responsable del departament d&#8217;Infraestructures del COOB&rsquo;92, ha descobert algunes de les grans pautes en la reestructuraci&oacute; de Barcelona i de les infraestructures, un ardu treball que es va fer mirant m&eacute;s enll&agrave; del &rsquo;92.<\/p>\n<p>La jornada de dijous 26 d&#8217;octubre ha concl&ograve;s amb la taula rodona de ciutats ol&iacute;mpiques on Anders Lindstad, professor de la Universitat noruega &ldquo;Lillehammer University College&rdquo;, Kostas Georgiadis, professor de la universitat grega &ldquo;Peloponeso University&rdquo; i delegat de l&#8217;Acad&egrave;mia Ol&iacute;mpica Internacional i Simon Cooper, director d&#8217;esports de l&rsquo;Ajuntament de Londres, coordinats per Josep Roca, responsable de projectes de Barcelona Activa, han tractat aquells aspectes positius i negatius de l&#8217;organitzaci&oacute; dels Jocs i com s&#8217;estan tractant avui dia per solucionar o potenciar les seves conseq&uuml;&egrave;ncies.<\/p>\n<p>Dem&agrave;, a les 10h a l&#8217;INEFC de Barcelona, comen&ccedil;arem amb la taula rodona de &#8220;Gesti&oacute; actual de subseus del 92&#8221; amb la pres&egrave;ncia de&nbsp;Arseni da Palma, director del Canal Ol&iacute;mpic de Castelldefels; Miquel Noguer, Alcalde de Banyoles i Daniel Nart, regidor d&#8217;Esports de Terrassa.&nbsp;<\/p>\n<p>&nbsp;<\/p>\n<p>&nbsp;<\/p>\n","protected":false},"excerpt":{"rendered":"<p>La benvinguda oficial va ser a c&agrave;rrec de David Escud&eacute;, president de la Fundaci&oacute; Barcelona Ol&iacute;mpica i comissionat d&#8217;Esports de l&#8217;Ajuntament de Barcelona; Jordi Sol&agrave;, director de l&rsquo;INEF Catalunya; Gerard Figueras, Secretari General de l&#8217;Esport de Catalunya; Victoria Cabezas, Secret&agrave;ria General del COE i Gerard Esteva, president de la UFEC.<\/p>\n<p>&nbsp;<\/p>\n","protected":false},"author":1,"featured_media":0,"comment_status":"open","ping_status":"open","sticky":false,"template":"","format":"standard","meta":{"_acf_changed":false,"_price":"","_stock":"","_tribe_ticket_header":"","_tribe_default_ticket_provider":"","_tribe_ticket_capacity":"0","_ticket_start_date":"","_ticket_end_date":"","_tribe_ticket_show_description":"","_tribe_ticket_show_not_going":false,"_tribe_ticket_use_global_stock":"","_tribe_ticket_global_stock_level":"","_global_stock_mode":"","_global_stock_cap":"","_tribe_rsvp_for_event":"","_tribe_ticket_going_count":"","_tribe_ticket_not_going_count":"","_tribe_tickets_list":"[]","_tribe_ticket_has_attendee_info_fields":false,"footnotes":""},"categories":[1],"tags":[],"class_list":["post-14923","post","type-post","status-publish","format-standard","hentry","category-uncategorized-ca"],"acf":[],"yoast_head":"<!-- This site is optimized with the Yoast SEO plugin v23.7 - https:\/\/yoast.com\/wordpress\/plugins\/seo\/ -->\n<title>Pere Mir\u00f3, director adjunt del CIO, obre la jornada del XII F\u00f2rum Ol\u00edmpic dedicat al 25 aniversari de Barcelona\u201992 - Museu Ol\u00edmpic i de l&#039;Esport<\/title>\n<meta name=\"robots\" content=\"index, follow, max-snippet:-1, max-image-preview:large, max-video-preview:-1\" \/>\n<link rel=\"canonical\" href=\"https:\/\/www.museuolimpicbcn.cat\/ca\/pere-miro-director-adjunt-del-cio-obre-la-jornada-del-xii-forum-olimpic-dedicat-al-25-aniversari-de-barcelona92\/\" \/>\n<meta property=\"og:locale\" content=\"ca_ES\" \/>\n<meta property=\"og:type\" content=\"article\" \/>\n<meta property=\"og:title\" content=\"Pere Mir\u00f3, director adjunt del CIO, obre la jornada del XII F\u00f2rum Ol\u00edmpic dedicat al 25 aniversari de Barcelona\u201992 - Museu Ol\u00edmpic i de l&#039;Esport\" \/>\n<meta property=\"og:description\" content=\"La benvinguda oficial va ser a c&agrave;rrec de David Escud&eacute;, president de la Fundaci&oacute; Barcelona Ol&iacute;mpica i comissionat d&#039;Esports de l&#039;Ajuntament de Barcelona; Jordi Sol&agrave;, director de l&rsquo;INEF Catalunya; Gerard Figueras, Secretari General de l&#039;Esport de Catalunya; Victoria Cabezas, Secret&agrave;ria General del COE i Gerard Esteva, president de la UFEC. &nbsp;\" \/>\n<meta property=\"og:url\" content=\"https:\/\/www.museuolimpicbcn.cat\/ca\/pere-miro-director-adjunt-del-cio-obre-la-jornada-del-xii-forum-olimpic-dedicat-al-25-aniversari-de-barcelona92\/\" \/>\n<meta property=\"og:site_name\" content=\"Museu Ol\u00edmpic i de l&#039;Esport\" \/>\n<meta property=\"article:published_time\" content=\"2017-10-25T22:00:00+00:00\" \/>\n<meta name=\"author\" content=\"useradmin\" \/>\n<meta name=\"twitter:card\" content=\"summary_large_image\" \/>\n<meta name=\"twitter:label1\" content=\"Escrit per\" \/>\n\t<meta name=\"twitter:data1\" content=\"useradmin\" \/>\n\t<meta name=\"twitter:label2\" content=\"Temps estimat de lectura\" \/>\n\t<meta name=\"twitter:data2\" content=\"2 minuts\" \/>\n<script type=\"application\/ld+json\" class=\"yoast-schema-graph\">{\"@context\":\"https:\/\/schema.org\",\"@graph\":[{\"@type\":\"Article\",\"@id\":\"https:\/\/www.museuolimpicbcn.cat\/ca\/pere-miro-director-adjunt-del-cio-obre-la-jornada-del-xii-forum-olimpic-dedicat-al-25-aniversari-de-barcelona92\/#article\",\"isPartOf\":{\"@id\":\"https:\/\/www.museuolimpicbcn.cat\/ca\/pere-miro-director-adjunt-del-cio-obre-la-jornada-del-xii-forum-olimpic-dedicat-al-25-aniversari-de-barcelona92\/\"},\"author\":{\"name\":\"useradmin\",\"@id\":\"https:\/\/www.museuolimpicbcn.cat\/ca\/#\/schema\/person\/d05705664e87aa04c6ce53d48133fb39\"},\"headline\":\"Pere Mir\u00f3, director adjunt del CIO, obre la jornada del XII F\u00f2rum Ol\u00edmpic dedicat al 25 aniversari de Barcelona\u201992\",\"datePublished\":\"2017-10-25T22:00:00+00:00\",\"dateModified\":\"2017-10-25T22:00:00+00:00\",\"mainEntityOfPage\":{\"@id\":\"https:\/\/www.museuolimpicbcn.cat\/ca\/pere-miro-director-adjunt-del-cio-obre-la-jornada-del-xii-forum-olimpic-dedicat-al-25-aniversari-de-barcelona92\/\"},\"wordCount\":502,\"commentCount\":0,\"publisher\":{\"@id\":\"https:\/\/www.museuolimpicbcn.cat\/ca\/#organization\"},\"articleSection\":[\"Uncategorized @ca\"],\"inLanguage\":\"ca\",\"potentialAction\":[{\"@type\":\"CommentAction\",\"name\":\"Comment\",\"target\":[\"https:\/\/www.museuolimpicbcn.cat\/ca\/pere-miro-director-adjunt-del-cio-obre-la-jornada-del-xii-forum-olimpic-dedicat-al-25-aniversari-de-barcelona92\/#respond\"]}]},{\"@type\":\"WebPage\",\"@id\":\"https:\/\/www.museuolimpicbcn.cat\/ca\/pere-miro-director-adjunt-del-cio-obre-la-jornada-del-xii-forum-olimpic-dedicat-al-25-aniversari-de-barcelona92\/\",\"url\":\"https:\/\/www.museuolimpicbcn.cat\/ca\/pere-miro-director-adjunt-del-cio-obre-la-jornada-del-xii-forum-olimpic-dedicat-al-25-aniversari-de-barcelona92\/\",\"name\":\"Pere Mir\u00f3, director adjunt del CIO, obre la jornada del XII F\u00f2rum Ol\u00edmpic dedicat al 25 aniversari de Barcelona\u201992 - Museu Ol\u00edmpic i de l&#039;Esport\",\"isPartOf\":{\"@id\":\"https:\/\/www.museuolimpicbcn.cat\/ca\/#website\"},\"datePublished\":\"2017-10-25T22:00:00+00:00\",\"dateModified\":\"2017-10-25T22:00:00+00:00\",\"breadcrumb\":{\"@id\":\"https:\/\/www.museuolimpicbcn.cat\/ca\/pere-miro-director-adjunt-del-cio-obre-la-jornada-del-xii-forum-olimpic-dedicat-al-25-aniversari-de-barcelona92\/#breadcrumb\"},\"inLanguage\":\"ca\",\"potentialAction\":[{\"@type\":\"ReadAction\",\"target\":[\"https:\/\/www.museuolimpicbcn.cat\/ca\/pere-miro-director-adjunt-del-cio-obre-la-jornada-del-xii-forum-olimpic-dedicat-al-25-aniversari-de-barcelona92\/\"]}]},{\"@type\":\"BreadcrumbList\",\"@id\":\"https:\/\/www.museuolimpicbcn.cat\/ca\/pere-miro-director-adjunt-del-cio-obre-la-jornada-del-xii-forum-olimpic-dedicat-al-25-aniversari-de-barcelona92\/#breadcrumb\",\"itemListElement\":[{\"@type\":\"ListItem\",\"position\":1,\"name\":\"Inici\",\"item\":\"https:\/\/www.museuolimpicbcn.cat\/es\/\"},{\"@type\":\"ListItem\",\"position\":2,\"name\":\"Pere Mir\u00f3, director adjunt del CIO, obre la jornada del XII F\u00f2rum Ol\u00edmpic dedicat al 25 aniversari de Barcelona\u201992\"}]},{\"@type\":\"WebSite\",\"@id\":\"https:\/\/www.museuolimpicbcn.cat\/ca\/#website\",\"url\":\"https:\/\/www.museuolimpicbcn.cat\/ca\/\",\"name\":\"Museu Ol\u00edmpic i de l&#039;Esport\",\"description\":\"Altre lloc Web del Museu Ol\u00edmpic i de l&#039;Esport llocs\",\"publisher\":{\"@id\":\"https:\/\/www.museuolimpicbcn.cat\/ca\/#organization\"},\"potentialAction\":[{\"@type\":\"SearchAction\",\"target\":{\"@type\":\"EntryPoint\",\"urlTemplate\":\"https:\/\/www.museuolimpicbcn.cat\/ca\/?s={search_term_string}\"},\"query-input\":{\"@type\":\"PropertyValueSpecification\",\"valueRequired\":true,\"valueName\":\"search_term_string\"}}],\"inLanguage\":\"ca\"},{\"@type\":\"Organization\",\"@id\":\"https:\/\/www.museuolimpicbcn.cat\/ca\/#organization\",\"name\":\"Museu Ol\u00edmpic i de l&#039;Esport\",\"url\":\"https:\/\/www.museuolimpicbcn.cat\/ca\/\",\"logo\":{\"@type\":\"ImageObject\",\"inLanguage\":\"ca\",\"@id\":\"https:\/\/www.museuolimpicbcn.cat\/ca\/#\/schema\/logo\/image\/\",\"url\":\"https:\/\/www.museuolimpicbcn.cat\/wp-content\/uploads\/sites\/2\/2018\/12\/logo-moe-header.svg\",\"contentUrl\":\"https:\/\/www.museuolimpicbcn.cat\/wp-content\/uploads\/sites\/2\/2018\/12\/logo-moe-header.svg\",\"caption\":\"Museu Ol\u00edmpic i de l&#039;Esport\"},\"image\":{\"@id\":\"https:\/\/www.museuolimpicbcn.cat\/ca\/#\/schema\/logo\/image\/\"}},{\"@type\":\"Person\",\"@id\":\"https:\/\/www.museuolimpicbcn.cat\/ca\/#\/schema\/person\/d05705664e87aa04c6ce53d48133fb39\",\"name\":\"useradmin\",\"url\":\"https:\/\/www.museuolimpicbcn.cat\/ca\/author\/useradmin\/\"}]}<\/script>\n<!-- \/ Yoast SEO plugin. -->","yoast_head_json":{"title":"Pere Mir\u00f3, director adjunt del CIO, obre la jornada del XII F\u00f2rum Ol\u00edmpic dedicat al 25 aniversari de Barcelona\u201992 - Museu Ol\u00edmpic i de l&#039;Esport","robots":{"index":"index","follow":"follow","max-snippet":"max-snippet:-1","max-image-preview":"max-image-preview:large","max-video-preview":"max-video-preview:-1"},"canonical":"https:\/\/www.museuolimpicbcn.cat\/ca\/pere-miro-director-adjunt-del-cio-obre-la-jornada-del-xii-forum-olimpic-dedicat-al-25-aniversari-de-barcelona92\/","og_locale":"ca_ES","og_type":"article","og_title":"Pere Mir\u00f3, director adjunt del CIO, obre la jornada del XII F\u00f2rum Ol\u00edmpic dedicat al 25 aniversari de Barcelona\u201992 - Museu Ol\u00edmpic i de l&#039;Esport","og_description":"La benvinguda oficial va ser a c&agrave;rrec de David Escud&eacute;, president de la Fundaci&oacute; Barcelona Ol&iacute;mpica i comissionat d'Esports de l'Ajuntament de Barcelona; Jordi Sol&agrave;, director de l&rsquo;INEF Catalunya; Gerard Figueras, Secretari General de l'Esport de Catalunya; Victoria Cabezas, Secret&agrave;ria General del COE i Gerard Esteva, president de la UFEC. &nbsp;","og_url":"https:\/\/www.museuolimpicbcn.cat\/ca\/pere-miro-director-adjunt-del-cio-obre-la-jornada-del-xii-forum-olimpic-dedicat-al-25-aniversari-de-barcelona92\/","og_site_name":"Museu Ol\u00edmpic i de l&#039;Esport","article_published_time":"2017-10-25T22:00:00+00:00","author":"useradmin","twitter_card":"summary_large_image","twitter_misc":{"Escrit per":"useradmin","Temps estimat de lectura":"2 minuts"},"schema":{"@context":"https:\/\/schema.org","@graph":[{"@type":"Article","@id":"https:\/\/www.museuolimpicbcn.cat\/ca\/pere-miro-director-adjunt-del-cio-obre-la-jornada-del-xii-forum-olimpic-dedicat-al-25-aniversari-de-barcelona92\/#article","isPartOf":{"@id":"https:\/\/www.museuolimpicbcn.cat\/ca\/pere-miro-director-adjunt-del-cio-obre-la-jornada-del-xii-forum-olimpic-dedicat-al-25-aniversari-de-barcelona92\/"},"author":{"name":"useradmin","@id":"https:\/\/www.museuolimpicbcn.cat\/ca\/#\/schema\/person\/d05705664e87aa04c6ce53d48133fb39"},"headline":"Pere Mir\u00f3, director adjunt del CIO, obre la jornada del XII F\u00f2rum Ol\u00edmpic dedicat al 25 aniversari de Barcelona\u201992","datePublished":"2017-10-25T22:00:00+00:00","dateModified":"2017-10-25T22:00:00+00:00","mainEntityOfPage":{"@id":"https:\/\/www.museuolimpicbcn.cat\/ca\/pere-miro-director-adjunt-del-cio-obre-la-jornada-del-xii-forum-olimpic-dedicat-al-25-aniversari-de-barcelona92\/"},"wordCount":502,"commentCount":0,"publisher":{"@id":"https:\/\/www.museuolimpicbcn.cat\/ca\/#organization"},"articleSection":["Uncategorized @ca"],"inLanguage":"ca","potentialAction":[{"@type":"CommentAction","name":"Comment","target":["https:\/\/www.museuolimpicbcn.cat\/ca\/pere-miro-director-adjunt-del-cio-obre-la-jornada-del-xii-forum-olimpic-dedicat-al-25-aniversari-de-barcelona92\/#respond"]}]},{"@type":"WebPage","@id":"https:\/\/www.museuolimpicbcn.cat\/ca\/pere-miro-director-adjunt-del-cio-obre-la-jornada-del-xii-forum-olimpic-dedicat-al-25-aniversari-de-barcelona92\/","url":"https:\/\/www.museuolimpicbcn.cat\/ca\/pere-miro-director-adjunt-del-cio-obre-la-jornada-del-xii-forum-olimpic-dedicat-al-25-aniversari-de-barcelona92\/","name":"Pere Mir\u00f3, director adjunt del CIO, obre la jornada del XII F\u00f2rum Ol\u00edmpic dedicat al 25 aniversari de Barcelona\u201992 - Museu Ol\u00edmpic i de l&#039;Esport","isPartOf":{"@id":"https:\/\/www.museuolimpicbcn.cat\/ca\/#website"},"datePublished":"2017-10-25T22:00:00+00:00","dateModified":"2017-10-25T22:00:00+00:00","breadcrumb":{"@id":"https:\/\/www.museuolimpicbcn.cat\/ca\/pere-miro-director-adjunt-del-cio-obre-la-jornada-del-xii-forum-olimpic-dedicat-al-25-aniversari-de-barcelona92\/#breadcrumb"},"inLanguage":"ca","potentialAction":[{"@type":"ReadAction","target":["https:\/\/www.museuolimpicbcn.cat\/ca\/pere-miro-director-adjunt-del-cio-obre-la-jornada-del-xii-forum-olimpic-dedicat-al-25-aniversari-de-barcelona92\/"]}]},{"@type":"BreadcrumbList","@id":"https:\/\/www.museuolimpicbcn.cat\/ca\/pere-miro-director-adjunt-del-cio-obre-la-jornada-del-xii-forum-olimpic-dedicat-al-25-aniversari-de-barcelona92\/#breadcrumb","itemListElement":[{"@type":"ListItem","position":1,"name":"Inici","item":"https:\/\/www.museuolimpicbcn.cat\/es\/"},{"@type":"ListItem","position":2,"name":"Pere Mir\u00f3, director adjunt del CIO, obre la jornada del XII F\u00f2rum Ol\u00edmpic dedicat al 25 aniversari de Barcelona\u201992"}]},{"@type":"WebSite","@id":"https:\/\/www.museuolimpicbcn.cat\/ca\/#website","url":"https:\/\/www.museuolimpicbcn.cat\/ca\/","name":"Museu Ol\u00edmpic i de l&#039;Esport","description":"Altre lloc Web del Museu Ol\u00edmpic i de l&#039;Esport llocs","publisher":{"@id":"https:\/\/www.museuolimpicbcn.cat\/ca\/#organization"},"potentialAction":[{"@type":"SearchAction","target":{"@type":"EntryPoint","urlTemplate":"https:\/\/www.museuolimpicbcn.cat\/ca\/?s={search_term_string}"},"query-input":{"@type":"PropertyValueSpecification","valueRequired":true,"valueName":"search_term_string"}}],"inLanguage":"ca"},{"@type":"Organization","@id":"https:\/\/www.museuolimpicbcn.cat\/ca\/#organization","name":"Museu Ol\u00edmpic i de l&#039;Esport","url":"https:\/\/www.museuolimpicbcn.cat\/ca\/","logo":{"@type":"ImageObject","inLanguage":"ca","@id":"https:\/\/www.museuolimpicbcn.cat\/ca\/#\/schema\/logo\/image\/","url":"https:\/\/www.museuolimpicbcn.cat\/wp-content\/uploads\/sites\/2\/2018\/12\/logo-moe-header.svg","contentUrl":"https:\/\/www.museuolimpicbcn.cat\/wp-content\/uploads\/sites\/2\/2018\/12\/logo-moe-header.svg","caption":"Museu Ol\u00edmpic i de l&#039;Esport"},"image":{"@id":"https:\/\/www.museuolimpicbcn.cat\/ca\/#\/schema\/logo\/image\/"}},{"@type":"Person","@id":"https:\/\/www.museuolimpicbcn.cat\/ca\/#\/schema\/person\/d05705664e87aa04c6ce53d48133fb39","name":"useradmin","url":"https:\/\/www.museuolimpicbcn.cat\/ca\/author\/useradmin\/"}]}},"_links":{"self":[{"href":"https:\/\/www.museuolimpicbcn.cat\/ca\/wp-json\/wp\/v2\/posts\/14923"}],"collection":[{"href":"https:\/\/www.museuolimpicbcn.cat\/ca\/wp-json\/wp\/v2\/posts"}],"about":[{"href":"https:\/\/www.museuolimpicbcn.cat\/ca\/wp-json\/wp\/v2\/types\/post"}],"author":[{"embeddable":true,"href":"https:\/\/www.museuolimpicbcn.cat\/ca\/wp-json\/wp\/v2\/users\/1"}],"replies":[{"embeddable":true,"href":"https:\/\/www.museuolimpicbcn.cat\/ca\/wp-json\/wp\/v2\/comments?post=14923"}],"version-history":[{"count":0,"href":"https:\/\/www.museuolimpicbcn.cat\/ca\/wp-json\/wp\/v2\/posts\/14923\/revisions"}],"wp:attachment":[{"href":"https:\/\/www.museuolimpicbcn.cat\/ca\/wp-json\/wp\/v2\/media?parent=14923"}],"wp:term":[{"taxonomy":"category","embeddable":true,"href":"https:\/\/www.museuolimpicbcn.cat\/ca\/wp-json\/wp\/v2\/categories?post=14923"},{"taxonomy":"post_tag","embeddable":true,"href":"https:\/\/www.museuolimpicbcn.cat\/ca\/wp-json\/wp\/v2\/tags?post=14923"}],"curies":[{"name":"wp","href":"https:\/\/api.w.org\/{rel}","templated":true}]}}