{"id":15168,"date":"2018-01-24T00:00:00","date_gmt":"2018-01-23T23:00:00","guid":{"rendered":"http:\/\/dev.museuolimpicbcn.cat\/soohorang-i-bandabi-mascotes-dels-jocs-olimpics-dhivern-ja-estan-en-el-museu-olimpic\/"},"modified":"2021-05-10T14:15:41","modified_gmt":"2021-05-10T12:15:41","slug":"soohorang-i-bandabi-mascotes-dels-jocs-olimpics-dhivern-ja-estan-en-el-museu-olimpic","status":"publish","type":"post","link":"https:\/\/www.museuolimpicbcn.cat\/ca\/soohorang-i-bandabi-mascotes-dels-jocs-olimpics-dhivern-ja-estan-en-el-museu-olimpic\/","title":{"rendered":"Soohorang i Bandabi, mascotes dels Jocs Ol\u00edmpics d&#8217;Hivern ja estan en el Museu Ol\u00edmpic."},"content":{"rendered":"<p>Els JJOO d&#8217;hivern de Pyeongchag donaran comen&ccedil;ament el 9 de febrer i comptar&agrave; amb 12 esportistes: <strong>Queralt Castellet, Lucas Egu&iacute;bar, Regino Hern&aacute;ndez <\/strong>i<strong> Laro Herrera<\/strong> (Surf de neu); <strong>Juan del Campo i Quim Salarich&nbsp;<\/strong>(Esqu&iacute; Alp&iacute;<strong>); Imanol Rojo <\/strong>i<strong> Mart&iacute; Vigo<\/strong> (Esqu&iacute; de Fons), <strong>Ander Mirambell<\/strong> (Skeleton); <strong>Javier Fern&aacute;ndez <\/strong>i <strong>Felipe Montoya <\/strong>(Patinatge art&iacute;stic individual) i <strong>Sara Hurtado <\/strong>i<strong> Kirrill Khalyavin<\/strong> (patinatge art&iacute;stic, parelles).<\/p>\n<p>&nbsp;<\/p>\n","protected":false},"excerpt":{"rendered":"<p>Les mascotes, ol&iacute;mpica i paral&iacute;mpica, han arribat directament des de Corea del Sud. Agrair al Comit&egrave; Organitzador dels Jocs Ol&iacute;mpics d&#8217;Hivern de Pyengchang la donaci&oacute; de les mascotes oficials a la Fundaci&oacute; Barcelona Ol&iacute;mpica.<\/p>\n<p>&nbsp;<\/p>\n","protected":false},"author":1,"featured_media":15172,"comment_status":"open","ping_status":"open","sticky":false,"template":"","format":"standard","meta":{"_acf_changed":false,"_price":"","_stock":"","_tribe_ticket_header":"","_tribe_default_ticket_provider":"","_tribe_ticket_capacity":"0","_ticket_start_date":"","_ticket_end_date":"","_tribe_ticket_show_description":"","_tribe_ticket_show_not_going":false,"_tribe_ticket_use_global_stock":"","_tribe_ticket_global_stock_level":"","_global_stock_mode":"","_global_stock_cap":"","_tribe_rsvp_for_event":"","_tribe_ticket_going_count":"","_tribe_ticket_not_going_count":"","_tribe_tickets_list":"[]","_tribe_ticket_has_attendee_info_fields":false,"footnotes":""},"categories":[1],"tags":[],"class_list":["post-15168","post","type-post","status-publish","format-standard","has-post-thumbnail","hentry","category-uncategorized-ca"],"acf":[],"yoast_head":"<!-- This site is optimized with the Yoast SEO plugin v23.7 - https:\/\/yoast.com\/wordpress\/plugins\/seo\/ -->\n<title>Soohorang i Bandabi, mascotes dels Jocs Ol\u00edmpics d&#039;Hivern ja estan en el Museu Ol\u00edmpic. - Museu Ol\u00edmpic i de l&#039;Esport<\/title>\n<meta name=\"robots\" content=\"index, follow, max-snippet:-1, max-image-preview:large, max-video-preview:-1\" \/>\n<link rel=\"canonical\" href=\"https:\/\/www.museuolimpicbcn.cat\/ca\/soohorang-i-bandabi-mascotes-dels-jocs-olimpics-dhivern-ja-estan-en-el-museu-olimpic\/\" \/>\n<meta property=\"og:locale\" content=\"ca_ES\" \/>\n<meta property=\"og:type\" content=\"article\" \/>\n<meta property=\"og:title\" content=\"Soohorang i Bandabi, mascotes dels Jocs Ol\u00edmpics d&#039;Hivern ja estan en el Museu Ol\u00edmpic. - Museu Ol\u00edmpic i de l&#039;Esport\" \/>\n<meta property=\"og:description\" content=\"Les mascotes, ol&iacute;mpica i paral&iacute;mpica, han arribat directament des de Corea del Sud. Agrair al Comit&egrave; Organitzador dels Jocs Ol&iacute;mpics d&#039;Hivern de Pyengchang la donaci&oacute; de les mascotes oficials a la Fundaci&oacute; Barcelona Ol&iacute;mpica. &nbsp;\" \/>\n<meta property=\"og:url\" content=\"https:\/\/www.museuolimpicbcn.cat\/ca\/soohorang-i-bandabi-mascotes-dels-jocs-olimpics-dhivern-ja-estan-en-el-museu-olimpic\/\" \/>\n<meta property=\"og:site_name\" content=\"Museu Ol\u00edmpic i de l&#039;Esport\" \/>\n<meta property=\"article:published_time\" content=\"2018-01-23T23:00:00+00:00\" \/>\n<meta property=\"article:modified_time\" content=\"2021-05-10T12:15:41+00:00\" \/>\n<meta property=\"og:image\" content=\"https:\/\/www.museuolimpicbcn.cat\/wp-content\/uploads\/sites\/2\/2019\/03\/Mascotas_8.JPG\" \/>\n\t<meta property=\"og:image:width\" content=\"600\" \/>\n\t<meta property=\"og:image:height\" content=\"394\" \/>\n\t<meta property=\"og:image:type\" content=\"image\/jpeg\" \/>\n<meta name=\"author\" content=\"useradmin\" \/>\n<meta name=\"twitter:card\" content=\"summary_large_image\" \/>\n<meta name=\"twitter:label1\" content=\"Escrit per\" \/>\n\t<meta name=\"twitter:data1\" content=\"useradmin\" \/>\n<script type=\"application\/ld+json\" class=\"yoast-schema-graph\">{\"@context\":\"https:\/\/schema.org\",\"@graph\":[{\"@type\":\"Article\",\"@id\":\"https:\/\/www.museuolimpicbcn.cat\/ca\/soohorang-i-bandabi-mascotes-dels-jocs-olimpics-dhivern-ja-estan-en-el-museu-olimpic\/#article\",\"isPartOf\":{\"@id\":\"https:\/\/www.museuolimpicbcn.cat\/ca\/soohorang-i-bandabi-mascotes-dels-jocs-olimpics-dhivern-ja-estan-en-el-museu-olimpic\/\"},\"author\":{\"name\":\"useradmin\",\"@id\":\"https:\/\/www.museuolimpicbcn.cat\/ca\/#\/schema\/person\/d05705664e87aa04c6ce53d48133fb39\"},\"headline\":\"Soohorang i Bandabi, mascotes dels Jocs Ol\u00edmpics d&#8217;Hivern ja estan en el Museu Ol\u00edmpic.\",\"datePublished\":\"2018-01-23T23:00:00+00:00\",\"dateModified\":\"2021-05-10T12:15:41+00:00\",\"mainEntityOfPage\":{\"@id\":\"https:\/\/www.museuolimpicbcn.cat\/ca\/soohorang-i-bandabi-mascotes-dels-jocs-olimpics-dhivern-ja-estan-en-el-museu-olimpic\/\"},\"wordCount\":97,\"commentCount\":0,\"publisher\":{\"@id\":\"https:\/\/www.museuolimpicbcn.cat\/ca\/#organization\"},\"image\":{\"@id\":\"https:\/\/www.museuolimpicbcn.cat\/ca\/soohorang-i-bandabi-mascotes-dels-jocs-olimpics-dhivern-ja-estan-en-el-museu-olimpic\/#primaryimage\"},\"thumbnailUrl\":\"https:\/\/www.museuolimpicbcn.cat\/wp-content\/uploads\/sites\/2\/2019\/03\/Mascotas_8.JPG\",\"articleSection\":[\"Uncategorized @ca\"],\"inLanguage\":\"ca\",\"potentialAction\":[{\"@type\":\"CommentAction\",\"name\":\"Comment\",\"target\":[\"https:\/\/www.museuolimpicbcn.cat\/ca\/soohorang-i-bandabi-mascotes-dels-jocs-olimpics-dhivern-ja-estan-en-el-museu-olimpic\/#respond\"]}]},{\"@type\":\"WebPage\",\"@id\":\"https:\/\/www.museuolimpicbcn.cat\/ca\/soohorang-i-bandabi-mascotes-dels-jocs-olimpics-dhivern-ja-estan-en-el-museu-olimpic\/\",\"url\":\"https:\/\/www.museuolimpicbcn.cat\/ca\/soohorang-i-bandabi-mascotes-dels-jocs-olimpics-dhivern-ja-estan-en-el-museu-olimpic\/\",\"name\":\"Soohorang i Bandabi, mascotes dels Jocs Ol\u00edmpics d'Hivern ja estan en el Museu Ol\u00edmpic. - Museu Ol\u00edmpic i de l&#039;Esport\",\"isPartOf\":{\"@id\":\"https:\/\/www.museuolimpicbcn.cat\/ca\/#website\"},\"primaryImageOfPage\":{\"@id\":\"https:\/\/www.museuolimpicbcn.cat\/ca\/soohorang-i-bandabi-mascotes-dels-jocs-olimpics-dhivern-ja-estan-en-el-museu-olimpic\/#primaryimage\"},\"image\":{\"@id\":\"https:\/\/www.museuolimpicbcn.cat\/ca\/soohorang-i-bandabi-mascotes-dels-jocs-olimpics-dhivern-ja-estan-en-el-museu-olimpic\/#primaryimage\"},\"thumbnailUrl\":\"https:\/\/www.museuolimpicbcn.cat\/wp-content\/uploads\/sites\/2\/2019\/03\/Mascotas_8.JPG\",\"datePublished\":\"2018-01-23T23:00:00+00:00\",\"dateModified\":\"2021-05-10T12:15:41+00:00\",\"breadcrumb\":{\"@id\":\"https:\/\/www.museuolimpicbcn.cat\/ca\/soohorang-i-bandabi-mascotes-dels-jocs-olimpics-dhivern-ja-estan-en-el-museu-olimpic\/#breadcrumb\"},\"inLanguage\":\"ca\",\"potentialAction\":[{\"@type\":\"ReadAction\",\"target\":[\"https:\/\/www.museuolimpicbcn.cat\/ca\/soohorang-i-bandabi-mascotes-dels-jocs-olimpics-dhivern-ja-estan-en-el-museu-olimpic\/\"]}]},{\"@type\":\"ImageObject\",\"inLanguage\":\"ca\",\"@id\":\"https:\/\/www.museuolimpicbcn.cat\/ca\/soohorang-i-bandabi-mascotes-dels-jocs-olimpics-dhivern-ja-estan-en-el-museu-olimpic\/#primaryimage\",\"url\":\"https:\/\/www.museuolimpicbcn.cat\/wp-content\/uploads\/sites\/2\/2019\/03\/Mascotas_8.JPG\",\"contentUrl\":\"https:\/\/www.museuolimpicbcn.cat\/wp-content\/uploads\/sites\/2\/2019\/03\/Mascotas_8.JPG\",\"width\":600,\"height\":394},{\"@type\":\"BreadcrumbList\",\"@id\":\"https:\/\/www.museuolimpicbcn.cat\/ca\/soohorang-i-bandabi-mascotes-dels-jocs-olimpics-dhivern-ja-estan-en-el-museu-olimpic\/#breadcrumb\",\"itemListElement\":[{\"@type\":\"ListItem\",\"position\":1,\"name\":\"Inici\",\"item\":\"https:\/\/www.museuolimpicbcn.cat\/es\/\"},{\"@type\":\"ListItem\",\"position\":2,\"name\":\"Soohorang i Bandabi, mascotes dels Jocs Ol\u00edmpics d&#8217;Hivern ja estan en el Museu Ol\u00edmpic.\"}]},{\"@type\":\"WebSite\",\"@id\":\"https:\/\/www.museuolimpicbcn.cat\/ca\/#website\",\"url\":\"https:\/\/www.museuolimpicbcn.cat\/ca\/\",\"name\":\"Museu Ol\u00edmpic i de l&#039;Esport\",\"description\":\"Altre lloc Web del Museu Ol\u00edmpic i de l&#039;Esport llocs\",\"publisher\":{\"@id\":\"https:\/\/www.museuolimpicbcn.cat\/ca\/#organization\"},\"potentialAction\":[{\"@type\":\"SearchAction\",\"target\":{\"@type\":\"EntryPoint\",\"urlTemplate\":\"https:\/\/www.museuolimpicbcn.cat\/ca\/?s={search_term_string}\"},\"query-input\":{\"@type\":\"PropertyValueSpecification\",\"valueRequired\":true,\"valueName\":\"search_term_string\"}}],\"inLanguage\":\"ca\"},{\"@type\":\"Organization\",\"@id\":\"https:\/\/www.museuolimpicbcn.cat\/ca\/#organization\",\"name\":\"Museu Ol\u00edmpic i de l&#039;Esport\",\"url\":\"https:\/\/www.museuolimpicbcn.cat\/ca\/\",\"logo\":{\"@type\":\"ImageObject\",\"inLanguage\":\"ca\",\"@id\":\"https:\/\/www.museuolimpicbcn.cat\/ca\/#\/schema\/logo\/image\/\",\"url\":\"https:\/\/www.museuolimpicbcn.cat\/wp-content\/uploads\/sites\/2\/2018\/12\/logo-moe-header.svg\",\"contentUrl\":\"https:\/\/www.museuolimpicbcn.cat\/wp-content\/uploads\/sites\/2\/2018\/12\/logo-moe-header.svg\",\"caption\":\"Museu Ol\u00edmpic i de l&#039;Esport\"},\"image\":{\"@id\":\"https:\/\/www.museuolimpicbcn.cat\/ca\/#\/schema\/logo\/image\/\"}},{\"@type\":\"Person\",\"@id\":\"https:\/\/www.museuolimpicbcn.cat\/ca\/#\/schema\/person\/d05705664e87aa04c6ce53d48133fb39\",\"name\":\"useradmin\",\"url\":\"https:\/\/www.museuolimpicbcn.cat\/ca\/author\/useradmin\/\"}]}<\/script>\n<!-- \/ Yoast SEO plugin. -->","yoast_head_json":{"title":"Soohorang i Bandabi, mascotes dels Jocs Ol\u00edmpics d'Hivern ja estan en el Museu Ol\u00edmpic. - Museu Ol\u00edmpic i de l&#039;Esport","robots":{"index":"index","follow":"follow","max-snippet":"max-snippet:-1","max-image-preview":"max-image-preview:large","max-video-preview":"max-video-preview:-1"},"canonical":"https:\/\/www.museuolimpicbcn.cat\/ca\/soohorang-i-bandabi-mascotes-dels-jocs-olimpics-dhivern-ja-estan-en-el-museu-olimpic\/","og_locale":"ca_ES","og_type":"article","og_title":"Soohorang i Bandabi, mascotes dels Jocs Ol\u00edmpics d'Hivern ja estan en el Museu Ol\u00edmpic. - Museu Ol\u00edmpic i de l&#039;Esport","og_description":"Les mascotes, ol&iacute;mpica i paral&iacute;mpica, han arribat directament des de Corea del Sud. Agrair al Comit&egrave; Organitzador dels Jocs Ol&iacute;mpics d'Hivern de Pyengchang la donaci&oacute; de les mascotes oficials a la Fundaci&oacute; Barcelona Ol&iacute;mpica. &nbsp;","og_url":"https:\/\/www.museuolimpicbcn.cat\/ca\/soohorang-i-bandabi-mascotes-dels-jocs-olimpics-dhivern-ja-estan-en-el-museu-olimpic\/","og_site_name":"Museu Ol\u00edmpic i de l&#039;Esport","article_published_time":"2018-01-23T23:00:00+00:00","article_modified_time":"2021-05-10T12:15:41+00:00","og_image":[{"width":600,"height":394,"url":"https:\/\/www.museuolimpicbcn.cat\/wp-content\/uploads\/sites\/2\/2019\/03\/Mascotas_8.JPG","type":"image\/jpeg"}],"author":"useradmin","twitter_card":"summary_large_image","twitter_misc":{"Escrit per":"useradmin"},"schema":{"@context":"https:\/\/schema.org","@graph":[{"@type":"Article","@id":"https:\/\/www.museuolimpicbcn.cat\/ca\/soohorang-i-bandabi-mascotes-dels-jocs-olimpics-dhivern-ja-estan-en-el-museu-olimpic\/#article","isPartOf":{"@id":"https:\/\/www.museuolimpicbcn.cat\/ca\/soohorang-i-bandabi-mascotes-dels-jocs-olimpics-dhivern-ja-estan-en-el-museu-olimpic\/"},"author":{"name":"useradmin","@id":"https:\/\/www.museuolimpicbcn.cat\/ca\/#\/schema\/person\/d05705664e87aa04c6ce53d48133fb39"},"headline":"Soohorang i Bandabi, mascotes dels Jocs Ol\u00edmpics d&#8217;Hivern ja estan en el Museu Ol\u00edmpic.","datePublished":"2018-01-23T23:00:00+00:00","dateModified":"2021-05-10T12:15:41+00:00","mainEntityOfPage":{"@id":"https:\/\/www.museuolimpicbcn.cat\/ca\/soohorang-i-bandabi-mascotes-dels-jocs-olimpics-dhivern-ja-estan-en-el-museu-olimpic\/"},"wordCount":97,"commentCount":0,"publisher":{"@id":"https:\/\/www.museuolimpicbcn.cat\/ca\/#organization"},"image":{"@id":"https:\/\/www.museuolimpicbcn.cat\/ca\/soohorang-i-bandabi-mascotes-dels-jocs-olimpics-dhivern-ja-estan-en-el-museu-olimpic\/#primaryimage"},"thumbnailUrl":"https:\/\/www.museuolimpicbcn.cat\/wp-content\/uploads\/sites\/2\/2019\/03\/Mascotas_8.JPG","articleSection":["Uncategorized @ca"],"inLanguage":"ca","potentialAction":[{"@type":"CommentAction","name":"Comment","target":["https:\/\/www.museuolimpicbcn.cat\/ca\/soohorang-i-bandabi-mascotes-dels-jocs-olimpics-dhivern-ja-estan-en-el-museu-olimpic\/#respond"]}]},{"@type":"WebPage","@id":"https:\/\/www.museuolimpicbcn.cat\/ca\/soohorang-i-bandabi-mascotes-dels-jocs-olimpics-dhivern-ja-estan-en-el-museu-olimpic\/","url":"https:\/\/www.museuolimpicbcn.cat\/ca\/soohorang-i-bandabi-mascotes-dels-jocs-olimpics-dhivern-ja-estan-en-el-museu-olimpic\/","name":"Soohorang i Bandabi, mascotes dels Jocs Ol\u00edmpics d'Hivern ja estan en el Museu Ol\u00edmpic. - Museu Ol\u00edmpic i de l&#039;Esport","isPartOf":{"@id":"https:\/\/www.museuolimpicbcn.cat\/ca\/#website"},"primaryImageOfPage":{"@id":"https:\/\/www.museuolimpicbcn.cat\/ca\/soohorang-i-bandabi-mascotes-dels-jocs-olimpics-dhivern-ja-estan-en-el-museu-olimpic\/#primaryimage"},"image":{"@id":"https:\/\/www.museuolimpicbcn.cat\/ca\/soohorang-i-bandabi-mascotes-dels-jocs-olimpics-dhivern-ja-estan-en-el-museu-olimpic\/#primaryimage"},"thumbnailUrl":"https:\/\/www.museuolimpicbcn.cat\/wp-content\/uploads\/sites\/2\/2019\/03\/Mascotas_8.JPG","datePublished":"2018-01-23T23:00:00+00:00","dateModified":"2021-05-10T12:15:41+00:00","breadcrumb":{"@id":"https:\/\/www.museuolimpicbcn.cat\/ca\/soohorang-i-bandabi-mascotes-dels-jocs-olimpics-dhivern-ja-estan-en-el-museu-olimpic\/#breadcrumb"},"inLanguage":"ca","potentialAction":[{"@type":"ReadAction","target":["https:\/\/www.museuolimpicbcn.cat\/ca\/soohorang-i-bandabi-mascotes-dels-jocs-olimpics-dhivern-ja-estan-en-el-museu-olimpic\/"]}]},{"@type":"ImageObject","inLanguage":"ca","@id":"https:\/\/www.museuolimpicbcn.cat\/ca\/soohorang-i-bandabi-mascotes-dels-jocs-olimpics-dhivern-ja-estan-en-el-museu-olimpic\/#primaryimage","url":"https:\/\/www.museuolimpicbcn.cat\/wp-content\/uploads\/sites\/2\/2019\/03\/Mascotas_8.JPG","contentUrl":"https:\/\/www.museuolimpicbcn.cat\/wp-content\/uploads\/sites\/2\/2019\/03\/Mascotas_8.JPG","width":600,"height":394},{"@type":"BreadcrumbList","@id":"https:\/\/www.museuolimpicbcn.cat\/ca\/soohorang-i-bandabi-mascotes-dels-jocs-olimpics-dhivern-ja-estan-en-el-museu-olimpic\/#breadcrumb","itemListElement":[{"@type":"ListItem","position":1,"name":"Inici","item":"https:\/\/www.museuolimpicbcn.cat\/es\/"},{"@type":"ListItem","position":2,"name":"Soohorang i Bandabi, mascotes dels Jocs Ol\u00edmpics d&#8217;Hivern ja estan en el Museu Ol\u00edmpic."}]},{"@type":"WebSite","@id":"https:\/\/www.museuolimpicbcn.cat\/ca\/#website","url":"https:\/\/www.museuolimpicbcn.cat\/ca\/","name":"Museu Ol\u00edmpic i de l&#039;Esport","description":"Altre lloc Web del Museu Ol\u00edmpic i de l&#039;Esport llocs","publisher":{"@id":"https:\/\/www.museuolimpicbcn.cat\/ca\/#organization"},"potentialAction":[{"@type":"SearchAction","target":{"@type":"EntryPoint","urlTemplate":"https:\/\/www.museuolimpicbcn.cat\/ca\/?s={search_term_string}"},"query-input":{"@type":"PropertyValueSpecification","valueRequired":true,"valueName":"search_term_string"}}],"inLanguage":"ca"},{"@type":"Organization","@id":"https:\/\/www.museuolimpicbcn.cat\/ca\/#organization","name":"Museu Ol\u00edmpic i de l&#039;Esport","url":"https:\/\/www.museuolimpicbcn.cat\/ca\/","logo":{"@type":"ImageObject","inLanguage":"ca","@id":"https:\/\/www.museuolimpicbcn.cat\/ca\/#\/schema\/logo\/image\/","url":"https:\/\/www.museuolimpicbcn.cat\/wp-content\/uploads\/sites\/2\/2018\/12\/logo-moe-header.svg","contentUrl":"https:\/\/www.museuolimpicbcn.cat\/wp-content\/uploads\/sites\/2\/2018\/12\/logo-moe-header.svg","caption":"Museu Ol\u00edmpic i de l&#039;Esport"},"image":{"@id":"https:\/\/www.museuolimpicbcn.cat\/ca\/#\/schema\/logo\/image\/"}},{"@type":"Person","@id":"https:\/\/www.museuolimpicbcn.cat\/ca\/#\/schema\/person\/d05705664e87aa04c6ce53d48133fb39","name":"useradmin","url":"https:\/\/www.museuolimpicbcn.cat\/ca\/author\/useradmin\/"}]}},"_links":{"self":[{"href":"https:\/\/www.museuolimpicbcn.cat\/ca\/wp-json\/wp\/v2\/posts\/15168"}],"collection":[{"href":"https:\/\/www.museuolimpicbcn.cat\/ca\/wp-json\/wp\/v2\/posts"}],"about":[{"href":"https:\/\/www.museuolimpicbcn.cat\/ca\/wp-json\/wp\/v2\/types\/post"}],"author":[{"embeddable":true,"href":"https:\/\/www.museuolimpicbcn.cat\/ca\/wp-json\/wp\/v2\/users\/1"}],"replies":[{"embeddable":true,"href":"https:\/\/www.museuolimpicbcn.cat\/ca\/wp-json\/wp\/v2\/comments?post=15168"}],"version-history":[{"count":1,"href":"https:\/\/www.museuolimpicbcn.cat\/ca\/wp-json\/wp\/v2\/posts\/15168\/revisions"}],"predecessor-version":[{"id":28103,"href":"https:\/\/www.museuolimpicbcn.cat\/ca\/wp-json\/wp\/v2\/posts\/15168\/revisions\/28103"}],"wp:featuredmedia":[{"embeddable":true,"href":"https:\/\/www.museuolimpicbcn.cat\/ca\/wp-json\/wp\/v2\/media\/15172"}],"wp:attachment":[{"href":"https:\/\/www.museuolimpicbcn.cat\/ca\/wp-json\/wp\/v2\/media?parent=15168"}],"wp:term":[{"taxonomy":"category","embeddable":true,"href":"https:\/\/www.museuolimpicbcn.cat\/ca\/wp-json\/wp\/v2\/categories?post=15168"},{"taxonomy":"post_tag","embeddable":true,"href":"https:\/\/www.museuolimpicbcn.cat\/ca\/wp-json\/wp\/v2\/tags?post=15168"}],"curies":[{"name":"wp","href":"https:\/\/api.w.org\/{rel}","templated":true}]}}