{"id":15287,"date":"2018-03-21T00:00:00","date_gmt":"2018-03-20T23:00:00","guid":{"rendered":"http:\/\/dev.museuolimpicbcn.cat\/inauguracio-oficial-de-lexposicio-ciutat-de-neu-i-gel-beijing\/"},"modified":"2021-05-10T13:07:57","modified_gmt":"2021-05-10T11:07:57","slug":"inauguracio-oficial-de-lexposicio-ciutat-de-neu-i-gel-beijing","status":"publish","type":"post","link":"https:\/\/www.museuolimpicbcn.cat\/ca\/inauguracio-oficial-de-lexposicio-ciutat-de-neu-i-gel-beijing\/","title":{"rendered":"Inauguraci\u00f3 oficial de l&#8217;exposici\u00f3 &#8216;Ciutat de neu i gel. Beijing&#8217;"},"content":{"rendered":"<p>Entre els assistents a l&#8217;acte es trobava la Sra. Lin Nan, C&ograve;nsol General de la Xina a Barcelona i la Sra. Liu Yin, sotsdirectora d&rsquo;OCDF, qui va fer lliurament a la Fundaci&oacute; Barcelona Ol&iacute;mpica de les publicacions &ldquo;Olympic City Forever 1896-2012&rdquo; i &ldquo;Winter olympic cities&rdquo; que passaran a formar part del fons documental del Centre d&#8217;Estudis Ol&iacute;mpics.<\/p>\n<p>L&#8217;exposici&oacute; &ldquo;Ciutat de neu i gel. Beijing&rdquo; commemora els deu anys de la celebraci&oacute; dels xxix Jocs Ol&iacute;mpics d&#8217;Estiu a la ciutat xinesa de Beijing l&#8217;any 2008 i pret&eacute;n difondre la celebraci&oacute; dels xxix Jocs Ol&iacute;mpics d&#8217;Hivern a la mateixa ciutat l&#8217;any 2022.<\/p>\n<p>L&#8217;exposici&oacute; podr&agrave; ser visitada en el Museu Ol&iacute;mpic i de l&rsquo;Esport Joan Antoni Samaranch fins al 27 de maig.<\/p>\n<p>&nbsp;<\/p>\n","protected":false},"excerpt":{"rendered":"<p>Marta Carranza, presidenta de la Fundaci&oacute; Barcelona Ol&iacute;mpica, acompanyada de la fam&iacute;lia Samaranch ha estat l&#8217;encarregada d&#8217;inaugurar oficialment l&#8217;exposici&oacute; &ldquo;Ciutat de neu i gel. Beijing&rdquo; organitzada per la Fundaci&oacute; per al Desenvolupament de la Ciutat Ol&iacute;mpica de Beijing i la Fundaci&oacute; Samaranch, amb la col&middot;laboraci&oacute; de la Fundaci&oacute; Barcelona Ol&iacute;mpica.<\/p>\n","protected":false},"author":1,"featured_media":15305,"comment_status":"open","ping_status":"open","sticky":false,"template":"","format":"standard","meta":{"_acf_changed":false,"_price":"","_stock":"","_tribe_ticket_header":"","_tribe_default_ticket_provider":"","_tribe_ticket_capacity":"0","_ticket_start_date":"","_ticket_end_date":"","_tribe_ticket_show_description":"","_tribe_ticket_show_not_going":false,"_tribe_ticket_use_global_stock":"","_tribe_ticket_global_stock_level":"","_global_stock_mode":"","_global_stock_cap":"","_tribe_rsvp_for_event":"","_tribe_ticket_going_count":"","_tribe_ticket_not_going_count":"","_tribe_tickets_list":"[]","_tribe_ticket_has_attendee_info_fields":false,"footnotes":""},"categories":[1],"tags":[],"class_list":["post-15287","post","type-post","status-publish","format-standard","has-post-thumbnail","hentry","category-uncategorized-ca"],"acf":[],"yoast_head":"<!-- This site is optimized with the Yoast SEO plugin v23.7 - https:\/\/yoast.com\/wordpress\/plugins\/seo\/ -->\n<title>Inauguraci\u00f3 oficial de l&#039;exposici\u00f3 &#039;Ciutat de neu i gel. Beijing&#039; - Museu Ol\u00edmpic i de l&#039;Esport<\/title>\n<meta name=\"robots\" content=\"index, follow, max-snippet:-1, max-image-preview:large, max-video-preview:-1\" \/>\n<link rel=\"canonical\" href=\"https:\/\/www.museuolimpicbcn.cat\/ca\/inauguracio-oficial-de-lexposicio-ciutat-de-neu-i-gel-beijing\/\" \/>\n<meta property=\"og:locale\" content=\"ca_ES\" \/>\n<meta property=\"og:type\" content=\"article\" \/>\n<meta property=\"og:title\" content=\"Inauguraci\u00f3 oficial de l&#039;exposici\u00f3 &#039;Ciutat de neu i gel. Beijing&#039; - Museu Ol\u00edmpic i de l&#039;Esport\" \/>\n<meta property=\"og:description\" content=\"Marta Carranza, presidenta de la Fundaci&oacute; Barcelona Ol&iacute;mpica, acompanyada de la fam&iacute;lia Samaranch ha estat l&#039;encarregada d&#039;inaugurar oficialment l&#039;exposici&oacute; &ldquo;Ciutat de neu i gel. Beijing&rdquo; organitzada per la Fundaci&oacute; per al Desenvolupament de la Ciutat Ol&iacute;mpica de Beijing i la Fundaci&oacute; Samaranch, amb la col&middot;laboraci&oacute; de la Fundaci&oacute; Barcelona Ol&iacute;mpica.\" \/>\n<meta property=\"og:url\" content=\"https:\/\/www.museuolimpicbcn.cat\/ca\/inauguracio-oficial-de-lexposicio-ciutat-de-neu-i-gel-beijing\/\" \/>\n<meta property=\"og:site_name\" content=\"Museu Ol\u00edmpic i de l&#039;Esport\" \/>\n<meta property=\"article:published_time\" content=\"2018-03-20T23:00:00+00:00\" \/>\n<meta property=\"article:modified_time\" content=\"2021-05-10T11:07:57+00:00\" \/>\n<meta property=\"og:image\" content=\"https:\/\/www.museuolimpicbcn.cat\/wp-content\/uploads\/sites\/2\/2019\/03\/Museu_Olimpic_1.JPG\" \/>\n\t<meta property=\"og:image:width\" content=\"600\" \/>\n\t<meta property=\"og:image:height\" content=\"450\" \/>\n\t<meta property=\"og:image:type\" content=\"image\/jpeg\" \/>\n<meta name=\"author\" content=\"useradmin\" \/>\n<meta name=\"twitter:card\" content=\"summary_large_image\" \/>\n<meta name=\"twitter:label1\" content=\"Escrit per\" \/>\n\t<meta name=\"twitter:data1\" content=\"useradmin\" \/>\n\t<meta name=\"twitter:label2\" content=\"Temps estimat de lectura\" \/>\n\t<meta name=\"twitter:data2\" content=\"1 minut\" \/>\n<script type=\"application\/ld+json\" class=\"yoast-schema-graph\">{\"@context\":\"https:\/\/schema.org\",\"@graph\":[{\"@type\":\"Article\",\"@id\":\"https:\/\/www.museuolimpicbcn.cat\/ca\/inauguracio-oficial-de-lexposicio-ciutat-de-neu-i-gel-beijing\/#article\",\"isPartOf\":{\"@id\":\"https:\/\/www.museuolimpicbcn.cat\/ca\/inauguracio-oficial-de-lexposicio-ciutat-de-neu-i-gel-beijing\/\"},\"author\":{\"name\":\"useradmin\",\"@id\":\"https:\/\/www.museuolimpicbcn.cat\/ca\/#\/schema\/person\/d05705664e87aa04c6ce53d48133fb39\"},\"headline\":\"Inauguraci\u00f3 oficial de l&#8217;exposici\u00f3 &#8216;Ciutat de neu i gel. Beijing&#8217;\",\"datePublished\":\"2018-03-20T23:00:00+00:00\",\"dateModified\":\"2021-05-10T11:07:57+00:00\",\"mainEntityOfPage\":{\"@id\":\"https:\/\/www.museuolimpicbcn.cat\/ca\/inauguracio-oficial-de-lexposicio-ciutat-de-neu-i-gel-beijing\/\"},\"wordCount\":157,\"commentCount\":0,\"publisher\":{\"@id\":\"https:\/\/www.museuolimpicbcn.cat\/ca\/#organization\"},\"image\":{\"@id\":\"https:\/\/www.museuolimpicbcn.cat\/ca\/inauguracio-oficial-de-lexposicio-ciutat-de-neu-i-gel-beijing\/#primaryimage\"},\"thumbnailUrl\":\"https:\/\/www.museuolimpicbcn.cat\/wp-content\/uploads\/sites\/2\/2019\/03\/Museu_Olimpic_1.JPG\",\"articleSection\":[\"Uncategorized @ca\"],\"inLanguage\":\"ca\",\"potentialAction\":[{\"@type\":\"CommentAction\",\"name\":\"Comment\",\"target\":[\"https:\/\/www.museuolimpicbcn.cat\/ca\/inauguracio-oficial-de-lexposicio-ciutat-de-neu-i-gel-beijing\/#respond\"]}]},{\"@type\":\"WebPage\",\"@id\":\"https:\/\/www.museuolimpicbcn.cat\/ca\/inauguracio-oficial-de-lexposicio-ciutat-de-neu-i-gel-beijing\/\",\"url\":\"https:\/\/www.museuolimpicbcn.cat\/ca\/inauguracio-oficial-de-lexposicio-ciutat-de-neu-i-gel-beijing\/\",\"name\":\"Inauguraci\u00f3 oficial de l'exposici\u00f3 'Ciutat de neu i gel. Beijing' - Museu Ol\u00edmpic i de l&#039;Esport\",\"isPartOf\":{\"@id\":\"https:\/\/www.museuolimpicbcn.cat\/ca\/#website\"},\"primaryImageOfPage\":{\"@id\":\"https:\/\/www.museuolimpicbcn.cat\/ca\/inauguracio-oficial-de-lexposicio-ciutat-de-neu-i-gel-beijing\/#primaryimage\"},\"image\":{\"@id\":\"https:\/\/www.museuolimpicbcn.cat\/ca\/inauguracio-oficial-de-lexposicio-ciutat-de-neu-i-gel-beijing\/#primaryimage\"},\"thumbnailUrl\":\"https:\/\/www.museuolimpicbcn.cat\/wp-content\/uploads\/sites\/2\/2019\/03\/Museu_Olimpic_1.JPG\",\"datePublished\":\"2018-03-20T23:00:00+00:00\",\"dateModified\":\"2021-05-10T11:07:57+00:00\",\"breadcrumb\":{\"@id\":\"https:\/\/www.museuolimpicbcn.cat\/ca\/inauguracio-oficial-de-lexposicio-ciutat-de-neu-i-gel-beijing\/#breadcrumb\"},\"inLanguage\":\"ca\",\"potentialAction\":[{\"@type\":\"ReadAction\",\"target\":[\"https:\/\/www.museuolimpicbcn.cat\/ca\/inauguracio-oficial-de-lexposicio-ciutat-de-neu-i-gel-beijing\/\"]}]},{\"@type\":\"ImageObject\",\"inLanguage\":\"ca\",\"@id\":\"https:\/\/www.museuolimpicbcn.cat\/ca\/inauguracio-oficial-de-lexposicio-ciutat-de-neu-i-gel-beijing\/#primaryimage\",\"url\":\"https:\/\/www.museuolimpicbcn.cat\/wp-content\/uploads\/sites\/2\/2019\/03\/Museu_Olimpic_1.JPG\",\"contentUrl\":\"https:\/\/www.museuolimpicbcn.cat\/wp-content\/uploads\/sites\/2\/2019\/03\/Museu_Olimpic_1.JPG\",\"width\":600,\"height\":450},{\"@type\":\"BreadcrumbList\",\"@id\":\"https:\/\/www.museuolimpicbcn.cat\/ca\/inauguracio-oficial-de-lexposicio-ciutat-de-neu-i-gel-beijing\/#breadcrumb\",\"itemListElement\":[{\"@type\":\"ListItem\",\"position\":1,\"name\":\"Inici\",\"item\":\"https:\/\/www.museuolimpicbcn.cat\/es\/\"},{\"@type\":\"ListItem\",\"position\":2,\"name\":\"Inauguraci\u00f3 oficial de l&#8217;exposici\u00f3 &#8216;Ciutat de neu i gel. Beijing&#8217;\"}]},{\"@type\":\"WebSite\",\"@id\":\"https:\/\/www.museuolimpicbcn.cat\/ca\/#website\",\"url\":\"https:\/\/www.museuolimpicbcn.cat\/ca\/\",\"name\":\"Museu Ol\u00edmpic i de l&#039;Esport\",\"description\":\"Altre lloc Web del Museu Ol\u00edmpic i de l&#039;Esport llocs\",\"publisher\":{\"@id\":\"https:\/\/www.museuolimpicbcn.cat\/ca\/#organization\"},\"potentialAction\":[{\"@type\":\"SearchAction\",\"target\":{\"@type\":\"EntryPoint\",\"urlTemplate\":\"https:\/\/www.museuolimpicbcn.cat\/ca\/?s={search_term_string}\"},\"query-input\":{\"@type\":\"PropertyValueSpecification\",\"valueRequired\":true,\"valueName\":\"search_term_string\"}}],\"inLanguage\":\"ca\"},{\"@type\":\"Organization\",\"@id\":\"https:\/\/www.museuolimpicbcn.cat\/ca\/#organization\",\"name\":\"Museu Ol\u00edmpic i de l&#039;Esport\",\"url\":\"https:\/\/www.museuolimpicbcn.cat\/ca\/\",\"logo\":{\"@type\":\"ImageObject\",\"inLanguage\":\"ca\",\"@id\":\"https:\/\/www.museuolimpicbcn.cat\/ca\/#\/schema\/logo\/image\/\",\"url\":\"https:\/\/www.museuolimpicbcn.cat\/wp-content\/uploads\/sites\/2\/2018\/12\/logo-moe-header.svg\",\"contentUrl\":\"https:\/\/www.museuolimpicbcn.cat\/wp-content\/uploads\/sites\/2\/2018\/12\/logo-moe-header.svg\",\"caption\":\"Museu Ol\u00edmpic i de l&#039;Esport\"},\"image\":{\"@id\":\"https:\/\/www.museuolimpicbcn.cat\/ca\/#\/schema\/logo\/image\/\"}},{\"@type\":\"Person\",\"@id\":\"https:\/\/www.museuolimpicbcn.cat\/ca\/#\/schema\/person\/d05705664e87aa04c6ce53d48133fb39\",\"name\":\"useradmin\",\"url\":\"https:\/\/www.museuolimpicbcn.cat\/ca\/author\/useradmin\/\"}]}<\/script>\n<!-- \/ Yoast SEO plugin. -->","yoast_head_json":{"title":"Inauguraci\u00f3 oficial de l'exposici\u00f3 'Ciutat de neu i gel. Beijing' - Museu Ol\u00edmpic i de l&#039;Esport","robots":{"index":"index","follow":"follow","max-snippet":"max-snippet:-1","max-image-preview":"max-image-preview:large","max-video-preview":"max-video-preview:-1"},"canonical":"https:\/\/www.museuolimpicbcn.cat\/ca\/inauguracio-oficial-de-lexposicio-ciutat-de-neu-i-gel-beijing\/","og_locale":"ca_ES","og_type":"article","og_title":"Inauguraci\u00f3 oficial de l'exposici\u00f3 'Ciutat de neu i gel. Beijing' - Museu Ol\u00edmpic i de l&#039;Esport","og_description":"Marta Carranza, presidenta de la Fundaci&oacute; Barcelona Ol&iacute;mpica, acompanyada de la fam&iacute;lia Samaranch ha estat l'encarregada d'inaugurar oficialment l'exposici&oacute; &ldquo;Ciutat de neu i gel. Beijing&rdquo; organitzada per la Fundaci&oacute; per al Desenvolupament de la Ciutat Ol&iacute;mpica de Beijing i la Fundaci&oacute; Samaranch, amb la col&middot;laboraci&oacute; de la Fundaci&oacute; Barcelona Ol&iacute;mpica.","og_url":"https:\/\/www.museuolimpicbcn.cat\/ca\/inauguracio-oficial-de-lexposicio-ciutat-de-neu-i-gel-beijing\/","og_site_name":"Museu Ol\u00edmpic i de l&#039;Esport","article_published_time":"2018-03-20T23:00:00+00:00","article_modified_time":"2021-05-10T11:07:57+00:00","og_image":[{"width":600,"height":450,"url":"https:\/\/www.museuolimpicbcn.cat\/wp-content\/uploads\/sites\/2\/2019\/03\/Museu_Olimpic_1.JPG","type":"image\/jpeg"}],"author":"useradmin","twitter_card":"summary_large_image","twitter_misc":{"Escrit per":"useradmin","Temps estimat de lectura":"1 minut"},"schema":{"@context":"https:\/\/schema.org","@graph":[{"@type":"Article","@id":"https:\/\/www.museuolimpicbcn.cat\/ca\/inauguracio-oficial-de-lexposicio-ciutat-de-neu-i-gel-beijing\/#article","isPartOf":{"@id":"https:\/\/www.museuolimpicbcn.cat\/ca\/inauguracio-oficial-de-lexposicio-ciutat-de-neu-i-gel-beijing\/"},"author":{"name":"useradmin","@id":"https:\/\/www.museuolimpicbcn.cat\/ca\/#\/schema\/person\/d05705664e87aa04c6ce53d48133fb39"},"headline":"Inauguraci\u00f3 oficial de l&#8217;exposici\u00f3 &#8216;Ciutat de neu i gel. Beijing&#8217;","datePublished":"2018-03-20T23:00:00+00:00","dateModified":"2021-05-10T11:07:57+00:00","mainEntityOfPage":{"@id":"https:\/\/www.museuolimpicbcn.cat\/ca\/inauguracio-oficial-de-lexposicio-ciutat-de-neu-i-gel-beijing\/"},"wordCount":157,"commentCount":0,"publisher":{"@id":"https:\/\/www.museuolimpicbcn.cat\/ca\/#organization"},"image":{"@id":"https:\/\/www.museuolimpicbcn.cat\/ca\/inauguracio-oficial-de-lexposicio-ciutat-de-neu-i-gel-beijing\/#primaryimage"},"thumbnailUrl":"https:\/\/www.museuolimpicbcn.cat\/wp-content\/uploads\/sites\/2\/2019\/03\/Museu_Olimpic_1.JPG","articleSection":["Uncategorized @ca"],"inLanguage":"ca","potentialAction":[{"@type":"CommentAction","name":"Comment","target":["https:\/\/www.museuolimpicbcn.cat\/ca\/inauguracio-oficial-de-lexposicio-ciutat-de-neu-i-gel-beijing\/#respond"]}]},{"@type":"WebPage","@id":"https:\/\/www.museuolimpicbcn.cat\/ca\/inauguracio-oficial-de-lexposicio-ciutat-de-neu-i-gel-beijing\/","url":"https:\/\/www.museuolimpicbcn.cat\/ca\/inauguracio-oficial-de-lexposicio-ciutat-de-neu-i-gel-beijing\/","name":"Inauguraci\u00f3 oficial de l'exposici\u00f3 'Ciutat de neu i gel. Beijing' - Museu Ol\u00edmpic i de l&#039;Esport","isPartOf":{"@id":"https:\/\/www.museuolimpicbcn.cat\/ca\/#website"},"primaryImageOfPage":{"@id":"https:\/\/www.museuolimpicbcn.cat\/ca\/inauguracio-oficial-de-lexposicio-ciutat-de-neu-i-gel-beijing\/#primaryimage"},"image":{"@id":"https:\/\/www.museuolimpicbcn.cat\/ca\/inauguracio-oficial-de-lexposicio-ciutat-de-neu-i-gel-beijing\/#primaryimage"},"thumbnailUrl":"https:\/\/www.museuolimpicbcn.cat\/wp-content\/uploads\/sites\/2\/2019\/03\/Museu_Olimpic_1.JPG","datePublished":"2018-03-20T23:00:00+00:00","dateModified":"2021-05-10T11:07:57+00:00","breadcrumb":{"@id":"https:\/\/www.museuolimpicbcn.cat\/ca\/inauguracio-oficial-de-lexposicio-ciutat-de-neu-i-gel-beijing\/#breadcrumb"},"inLanguage":"ca","potentialAction":[{"@type":"ReadAction","target":["https:\/\/www.museuolimpicbcn.cat\/ca\/inauguracio-oficial-de-lexposicio-ciutat-de-neu-i-gel-beijing\/"]}]},{"@type":"ImageObject","inLanguage":"ca","@id":"https:\/\/www.museuolimpicbcn.cat\/ca\/inauguracio-oficial-de-lexposicio-ciutat-de-neu-i-gel-beijing\/#primaryimage","url":"https:\/\/www.museuolimpicbcn.cat\/wp-content\/uploads\/sites\/2\/2019\/03\/Museu_Olimpic_1.JPG","contentUrl":"https:\/\/www.museuolimpicbcn.cat\/wp-content\/uploads\/sites\/2\/2019\/03\/Museu_Olimpic_1.JPG","width":600,"height":450},{"@type":"BreadcrumbList","@id":"https:\/\/www.museuolimpicbcn.cat\/ca\/inauguracio-oficial-de-lexposicio-ciutat-de-neu-i-gel-beijing\/#breadcrumb","itemListElement":[{"@type":"ListItem","position":1,"name":"Inici","item":"https:\/\/www.museuolimpicbcn.cat\/es\/"},{"@type":"ListItem","position":2,"name":"Inauguraci\u00f3 oficial de l&#8217;exposici\u00f3 &#8216;Ciutat de neu i gel. Beijing&#8217;"}]},{"@type":"WebSite","@id":"https:\/\/www.museuolimpicbcn.cat\/ca\/#website","url":"https:\/\/www.museuolimpicbcn.cat\/ca\/","name":"Museu Ol\u00edmpic i de l&#039;Esport","description":"Altre lloc Web del Museu Ol\u00edmpic i de l&#039;Esport llocs","publisher":{"@id":"https:\/\/www.museuolimpicbcn.cat\/ca\/#organization"},"potentialAction":[{"@type":"SearchAction","target":{"@type":"EntryPoint","urlTemplate":"https:\/\/www.museuolimpicbcn.cat\/ca\/?s={search_term_string}"},"query-input":{"@type":"PropertyValueSpecification","valueRequired":true,"valueName":"search_term_string"}}],"inLanguage":"ca"},{"@type":"Organization","@id":"https:\/\/www.museuolimpicbcn.cat\/ca\/#organization","name":"Museu Ol\u00edmpic i de l&#039;Esport","url":"https:\/\/www.museuolimpicbcn.cat\/ca\/","logo":{"@type":"ImageObject","inLanguage":"ca","@id":"https:\/\/www.museuolimpicbcn.cat\/ca\/#\/schema\/logo\/image\/","url":"https:\/\/www.museuolimpicbcn.cat\/wp-content\/uploads\/sites\/2\/2018\/12\/logo-moe-header.svg","contentUrl":"https:\/\/www.museuolimpicbcn.cat\/wp-content\/uploads\/sites\/2\/2018\/12\/logo-moe-header.svg","caption":"Museu Ol\u00edmpic i de l&#039;Esport"},"image":{"@id":"https:\/\/www.museuolimpicbcn.cat\/ca\/#\/schema\/logo\/image\/"}},{"@type":"Person","@id":"https:\/\/www.museuolimpicbcn.cat\/ca\/#\/schema\/person\/d05705664e87aa04c6ce53d48133fb39","name":"useradmin","url":"https:\/\/www.museuolimpicbcn.cat\/ca\/author\/useradmin\/"}]}},"_links":{"self":[{"href":"https:\/\/www.museuolimpicbcn.cat\/ca\/wp-json\/wp\/v2\/posts\/15287"}],"collection":[{"href":"https:\/\/www.museuolimpicbcn.cat\/ca\/wp-json\/wp\/v2\/posts"}],"about":[{"href":"https:\/\/www.museuolimpicbcn.cat\/ca\/wp-json\/wp\/v2\/types\/post"}],"author":[{"embeddable":true,"href":"https:\/\/www.museuolimpicbcn.cat\/ca\/wp-json\/wp\/v2\/users\/1"}],"replies":[{"embeddable":true,"href":"https:\/\/www.museuolimpicbcn.cat\/ca\/wp-json\/wp\/v2\/comments?post=15287"}],"version-history":[{"count":1,"href":"https:\/\/www.museuolimpicbcn.cat\/ca\/wp-json\/wp\/v2\/posts\/15287\/revisions"}],"predecessor-version":[{"id":28098,"href":"https:\/\/www.museuolimpicbcn.cat\/ca\/wp-json\/wp\/v2\/posts\/15287\/revisions\/28098"}],"wp:featuredmedia":[{"embeddable":true,"href":"https:\/\/www.museuolimpicbcn.cat\/ca\/wp-json\/wp\/v2\/media\/15305"}],"wp:attachment":[{"href":"https:\/\/www.museuolimpicbcn.cat\/ca\/wp-json\/wp\/v2\/media?parent=15287"}],"wp:term":[{"taxonomy":"category","embeddable":true,"href":"https:\/\/www.museuolimpicbcn.cat\/ca\/wp-json\/wp\/v2\/categories?post=15287"},{"taxonomy":"post_tag","embeddable":true,"href":"https:\/\/www.museuolimpicbcn.cat\/ca\/wp-json\/wp\/v2\/tags?post=15287"}],"curies":[{"name":"wp","href":"https:\/\/api.w.org\/{rel}","templated":true}]}}