{"id":15799,"date":"2018-11-05T00:00:00","date_gmt":"2018-11-04T23:00:00","guid":{"rendered":"http:\/\/dev.museuolimpicbcn.cat\/18-obres-passen-a-la-final-de-la-ix-edicio-del-premi-internacional-fundacio-barcelona-olimpica-art-sobre-parper\/"},"modified":"2021-05-06T11:14:36","modified_gmt":"2021-05-06T09:14:36","slug":"18-obres-passen-a-la-final-de-la-ix-edicio-del-premi-internacional-fundacio-barcelona-olimpica-art-sobre-parper","status":"publish","type":"post","link":"https:\/\/www.museuolimpicbcn.cat\/ca\/18-obres-passen-a-la-final-de-la-ix-edicio-del-premi-internacional-fundacio-barcelona-olimpica-art-sobre-parper\/","title":{"rendered":"18 obres passen a la final de la IX edici\u00f3 del Premi Internacional Fundaci\u00f3 Barcelona Ol\u00edmpica Art sobre parper"},"content":{"rendered":"<p>El jurat ha decidit que en l&#8217;edici\u00f3 2019 els finalistes siguin:<\/p>\n<p>Rafael Jos\u00e9 da Silva: Noite de boxe &#8211; Collage<br \/>\nJordi Torrent: Pedals &#8211; Oli<br \/>\nNuria Fern\u00e1ndez: Salt de trampol\u00ed &#8211; Acr\u00edlic<br \/>\nBeatriz Marcos: Resistencia &#8211; Oli<br \/>\nGuillermo Masedo: Estudio de piscinas ol\u00edmpicas &#8211; Acr\u00edlic sobre paper pegat a taula<br \/>\nYula Ivanovna: Nataci\u00f3 &#8211; Mixta<br \/>\nTeresa Diego: Cintes &#8211; Tinta sobre paper japon\u00e8s<br \/>\nLuis Feo: Sin t\u00edtulo &#8211; Grafit i pintura<br \/>\nGonzalo Rodr\u00edguez: Temps de reacci\u00f3 &#8211; Oli<br \/>\nLeticia Gaspar: Birlibirloque &#8211; Acr\u00edlic<br \/>\nAdri\u00e1n Jorques: Huellas de unas olimpiadas &#8211; Frottage<br \/>\nFrancisco Mart\u00ednez: Al\u00e8 &#8211; Llapis grafit<br \/>\nVictoria Esgueva: Vela en azules &#8211; Mixta<br \/>\nJose Mar\u00eda:\u00a0 Remeros bajo el Puente &#8211; Aquarel\u00b7la<br \/>\nJuan Saturio: Esqu\u00ed Alpino &#8211; Aquarel\u00b7la<br \/>\nEugenio Vega: Le match apr\u00e8s la pluie &#8211; Aquarel\u00b7la, tinta i collage<br \/>\nCoia Iba\u00f1ez: \u03b5\u03b9\u03c1\u03ae\u03bd\u03b7 &#8211; Mixta acr\u00edlic<br \/>\nClara M\u00e1rmol: Inicio \u2013 Mixta<\/p>\n","protected":false},"excerpt":{"rendered":"<p>En aquesta 9a edici&oacute;, el jurat ha valorat les 50 obres presentades d&#8217;autors de 8 nacionalitats diferents, entre les quals destaquen obres provinents de Llatinoam&egrave;rica: Argentina, Col&ograve;mbia i Cuba.<\/p>\n","protected":false},"author":1,"featured_media":15803,"comment_status":"open","ping_status":"open","sticky":false,"template":"","format":"standard","meta":{"_acf_changed":false,"_price":"","_stock":"","_tribe_ticket_header":"","_tribe_default_ticket_provider":"","_tribe_ticket_capacity":"0","_ticket_start_date":"","_ticket_end_date":"","_tribe_ticket_show_description":"","_tribe_ticket_show_not_going":false,"_tribe_ticket_use_global_stock":"","_tribe_ticket_global_stock_level":"","_global_stock_mode":"","_global_stock_cap":"","_tribe_rsvp_for_event":"","_tribe_ticket_going_count":"","_tribe_ticket_not_going_count":"","_tribe_tickets_list":"[]","_tribe_ticket_has_attendee_info_fields":false,"footnotes":""},"categories":[1],"tags":[],"class_list":["post-15799","post","type-post","status-publish","format-standard","has-post-thumbnail","hentry","category-uncategorized-ca"],"acf":[],"yoast_head":"<!-- This site is optimized with the Yoast SEO plugin v23.7 - https:\/\/yoast.com\/wordpress\/plugins\/seo\/ -->\n<title>18 obres passen a la final de la IX edici\u00f3 del Premi Internacional Fundaci\u00f3 Barcelona Ol\u00edmpica Art sobre parper - Museu Ol\u00edmpic i de l&#039;Esport<\/title>\n<meta name=\"robots\" content=\"index, follow, max-snippet:-1, max-image-preview:large, max-video-preview:-1\" \/>\n<link rel=\"canonical\" href=\"https:\/\/www.museuolimpicbcn.cat\/ca\/18-obres-passen-a-la-final-de-la-ix-edicio-del-premi-internacional-fundacio-barcelona-olimpica-art-sobre-parper\/\" \/>\n<meta property=\"og:locale\" content=\"ca_ES\" \/>\n<meta property=\"og:type\" content=\"article\" \/>\n<meta property=\"og:title\" content=\"18 obres passen a la final de la IX edici\u00f3 del Premi Internacional Fundaci\u00f3 Barcelona Ol\u00edmpica Art sobre parper - Museu Ol\u00edmpic i de l&#039;Esport\" \/>\n<meta property=\"og:description\" content=\"En aquesta 9a edici&oacute;, el jurat ha valorat les 50 obres presentades d&#039;autors de 8 nacionalitats diferents, entre les quals destaquen obres provinents de Llatinoam&egrave;rica: Argentina, Col&ograve;mbia i Cuba.\" \/>\n<meta property=\"og:url\" content=\"https:\/\/www.museuolimpicbcn.cat\/ca\/18-obres-passen-a-la-final-de-la-ix-edicio-del-premi-internacional-fundacio-barcelona-olimpica-art-sobre-parper\/\" \/>\n<meta property=\"og:site_name\" content=\"Museu Ol\u00edmpic i de l&#039;Esport\" \/>\n<meta property=\"article:published_time\" content=\"2018-11-04T23:00:00+00:00\" \/>\n<meta property=\"article:modified_time\" content=\"2021-05-06T09:14:36+00:00\" \/>\n<meta property=\"og:image\" content=\"https:\/\/www.museuolimpicbcn.cat\/wp-content\/uploads\/sites\/2\/2019\/03\/ART_SOBRE_PAPEL-2019_MUSEU_OLIMPICIMG_9264.JPG\" \/>\n\t<meta property=\"og:image:width\" content=\"600\" \/>\n\t<meta property=\"og:image:height\" content=\"259\" \/>\n\t<meta property=\"og:image:type\" content=\"image\/jpeg\" \/>\n<meta name=\"author\" content=\"useradmin\" \/>\n<meta name=\"twitter:card\" content=\"summary_large_image\" \/>\n<meta name=\"twitter:label1\" content=\"Escrit per\" \/>\n\t<meta name=\"twitter:data1\" content=\"useradmin\" \/>\n\t<meta name=\"twitter:label2\" content=\"Temps estimat de lectura\" \/>\n\t<meta name=\"twitter:data2\" content=\"1 minut\" \/>\n<script type=\"application\/ld+json\" class=\"yoast-schema-graph\">{\"@context\":\"https:\/\/schema.org\",\"@graph\":[{\"@type\":\"Article\",\"@id\":\"https:\/\/www.museuolimpicbcn.cat\/ca\/18-obres-passen-a-la-final-de-la-ix-edicio-del-premi-internacional-fundacio-barcelona-olimpica-art-sobre-parper\/#article\",\"isPartOf\":{\"@id\":\"https:\/\/www.museuolimpicbcn.cat\/ca\/18-obres-passen-a-la-final-de-la-ix-edicio-del-premi-internacional-fundacio-barcelona-olimpica-art-sobre-parper\/\"},\"author\":{\"name\":\"useradmin\",\"@id\":\"https:\/\/www.museuolimpicbcn.cat\/ca\/#\/schema\/person\/d05705664e87aa04c6ce53d48133fb39\"},\"headline\":\"18 obres passen a la final de la IX edici\u00f3 del Premi Internacional Fundaci\u00f3 Barcelona Ol\u00edmpica Art sobre parper\",\"datePublished\":\"2018-11-04T23:00:00+00:00\",\"dateModified\":\"2021-05-06T09:14:36+00:00\",\"mainEntityOfPage\":{\"@id\":\"https:\/\/www.museuolimpicbcn.cat\/ca\/18-obres-passen-a-la-final-de-la-ix-edicio-del-premi-internacional-fundacio-barcelona-olimpica-art-sobre-parper\/\"},\"wordCount\":175,\"commentCount\":0,\"publisher\":{\"@id\":\"https:\/\/www.museuolimpicbcn.cat\/ca\/#organization\"},\"image\":{\"@id\":\"https:\/\/www.museuolimpicbcn.cat\/ca\/18-obres-passen-a-la-final-de-la-ix-edicio-del-premi-internacional-fundacio-barcelona-olimpica-art-sobre-parper\/#primaryimage\"},\"thumbnailUrl\":\"https:\/\/www.museuolimpicbcn.cat\/wp-content\/uploads\/sites\/2\/2019\/03\/ART_SOBRE_PAPEL-2019_MUSEU_OLIMPICIMG_9264.JPG\",\"articleSection\":[\"Uncategorized @ca\"],\"inLanguage\":\"ca\",\"potentialAction\":[{\"@type\":\"CommentAction\",\"name\":\"Comment\",\"target\":[\"https:\/\/www.museuolimpicbcn.cat\/ca\/18-obres-passen-a-la-final-de-la-ix-edicio-del-premi-internacional-fundacio-barcelona-olimpica-art-sobre-parper\/#respond\"]}]},{\"@type\":\"WebPage\",\"@id\":\"https:\/\/www.museuolimpicbcn.cat\/ca\/18-obres-passen-a-la-final-de-la-ix-edicio-del-premi-internacional-fundacio-barcelona-olimpica-art-sobre-parper\/\",\"url\":\"https:\/\/www.museuolimpicbcn.cat\/ca\/18-obres-passen-a-la-final-de-la-ix-edicio-del-premi-internacional-fundacio-barcelona-olimpica-art-sobre-parper\/\",\"name\":\"18 obres passen a la final de la IX edici\u00f3 del Premi Internacional Fundaci\u00f3 Barcelona Ol\u00edmpica Art sobre parper - Museu Ol\u00edmpic i de l&#039;Esport\",\"isPartOf\":{\"@id\":\"https:\/\/www.museuolimpicbcn.cat\/ca\/#website\"},\"primaryImageOfPage\":{\"@id\":\"https:\/\/www.museuolimpicbcn.cat\/ca\/18-obres-passen-a-la-final-de-la-ix-edicio-del-premi-internacional-fundacio-barcelona-olimpica-art-sobre-parper\/#primaryimage\"},\"image\":{\"@id\":\"https:\/\/www.museuolimpicbcn.cat\/ca\/18-obres-passen-a-la-final-de-la-ix-edicio-del-premi-internacional-fundacio-barcelona-olimpica-art-sobre-parper\/#primaryimage\"},\"thumbnailUrl\":\"https:\/\/www.museuolimpicbcn.cat\/wp-content\/uploads\/sites\/2\/2019\/03\/ART_SOBRE_PAPEL-2019_MUSEU_OLIMPICIMG_9264.JPG\",\"datePublished\":\"2018-11-04T23:00:00+00:00\",\"dateModified\":\"2021-05-06T09:14:36+00:00\",\"breadcrumb\":{\"@id\":\"https:\/\/www.museuolimpicbcn.cat\/ca\/18-obres-passen-a-la-final-de-la-ix-edicio-del-premi-internacional-fundacio-barcelona-olimpica-art-sobre-parper\/#breadcrumb\"},\"inLanguage\":\"ca\",\"potentialAction\":[{\"@type\":\"ReadAction\",\"target\":[\"https:\/\/www.museuolimpicbcn.cat\/ca\/18-obres-passen-a-la-final-de-la-ix-edicio-del-premi-internacional-fundacio-barcelona-olimpica-art-sobre-parper\/\"]}]},{\"@type\":\"ImageObject\",\"inLanguage\":\"ca\",\"@id\":\"https:\/\/www.museuolimpicbcn.cat\/ca\/18-obres-passen-a-la-final-de-la-ix-edicio-del-premi-internacional-fundacio-barcelona-olimpica-art-sobre-parper\/#primaryimage\",\"url\":\"https:\/\/www.museuolimpicbcn.cat\/wp-content\/uploads\/sites\/2\/2019\/03\/ART_SOBRE_PAPEL-2019_MUSEU_OLIMPICIMG_9264.JPG\",\"contentUrl\":\"https:\/\/www.museuolimpicbcn.cat\/wp-content\/uploads\/sites\/2\/2019\/03\/ART_SOBRE_PAPEL-2019_MUSEU_OLIMPICIMG_9264.JPG\",\"width\":600,\"height\":259},{\"@type\":\"BreadcrumbList\",\"@id\":\"https:\/\/www.museuolimpicbcn.cat\/ca\/18-obres-passen-a-la-final-de-la-ix-edicio-del-premi-internacional-fundacio-barcelona-olimpica-art-sobre-parper\/#breadcrumb\",\"itemListElement\":[{\"@type\":\"ListItem\",\"position\":1,\"name\":\"Inici\",\"item\":\"https:\/\/www.museuolimpicbcn.cat\/es\/\"},{\"@type\":\"ListItem\",\"position\":2,\"name\":\"18 obres passen a la final de la IX edici\u00f3 del Premi Internacional Fundaci\u00f3 Barcelona Ol\u00edmpica Art sobre parper\"}]},{\"@type\":\"WebSite\",\"@id\":\"https:\/\/www.museuolimpicbcn.cat\/ca\/#website\",\"url\":\"https:\/\/www.museuolimpicbcn.cat\/ca\/\",\"name\":\"Museu Ol\u00edmpic i de l&#039;Esport\",\"description\":\"Altre lloc Web del Museu Ol\u00edmpic i de l&#039;Esport llocs\",\"publisher\":{\"@id\":\"https:\/\/www.museuolimpicbcn.cat\/ca\/#organization\"},\"potentialAction\":[{\"@type\":\"SearchAction\",\"target\":{\"@type\":\"EntryPoint\",\"urlTemplate\":\"https:\/\/www.museuolimpicbcn.cat\/ca\/?s={search_term_string}\"},\"query-input\":{\"@type\":\"PropertyValueSpecification\",\"valueRequired\":true,\"valueName\":\"search_term_string\"}}],\"inLanguage\":\"ca\"},{\"@type\":\"Organization\",\"@id\":\"https:\/\/www.museuolimpicbcn.cat\/ca\/#organization\",\"name\":\"Museu Ol\u00edmpic i de l&#039;Esport\",\"url\":\"https:\/\/www.museuolimpicbcn.cat\/ca\/\",\"logo\":{\"@type\":\"ImageObject\",\"inLanguage\":\"ca\",\"@id\":\"https:\/\/www.museuolimpicbcn.cat\/ca\/#\/schema\/logo\/image\/\",\"url\":\"https:\/\/www.museuolimpicbcn.cat\/wp-content\/uploads\/sites\/2\/2018\/12\/logo-moe-header.svg\",\"contentUrl\":\"https:\/\/www.museuolimpicbcn.cat\/wp-content\/uploads\/sites\/2\/2018\/12\/logo-moe-header.svg\",\"caption\":\"Museu Ol\u00edmpic i de l&#039;Esport\"},\"image\":{\"@id\":\"https:\/\/www.museuolimpicbcn.cat\/ca\/#\/schema\/logo\/image\/\"}},{\"@type\":\"Person\",\"@id\":\"https:\/\/www.museuolimpicbcn.cat\/ca\/#\/schema\/person\/d05705664e87aa04c6ce53d48133fb39\",\"name\":\"useradmin\",\"url\":\"https:\/\/www.museuolimpicbcn.cat\/ca\/author\/useradmin\/\"}]}<\/script>\n<!-- \/ Yoast SEO plugin. -->","yoast_head_json":{"title":"18 obres passen a la final de la IX edici\u00f3 del Premi Internacional Fundaci\u00f3 Barcelona Ol\u00edmpica Art sobre parper - Museu Ol\u00edmpic i de l&#039;Esport","robots":{"index":"index","follow":"follow","max-snippet":"max-snippet:-1","max-image-preview":"max-image-preview:large","max-video-preview":"max-video-preview:-1"},"canonical":"https:\/\/www.museuolimpicbcn.cat\/ca\/18-obres-passen-a-la-final-de-la-ix-edicio-del-premi-internacional-fundacio-barcelona-olimpica-art-sobre-parper\/","og_locale":"ca_ES","og_type":"article","og_title":"18 obres passen a la final de la IX edici\u00f3 del Premi Internacional Fundaci\u00f3 Barcelona Ol\u00edmpica Art sobre parper - Museu Ol\u00edmpic i de l&#039;Esport","og_description":"En aquesta 9a edici&oacute;, el jurat ha valorat les 50 obres presentades d'autors de 8 nacionalitats diferents, entre les quals destaquen obres provinents de Llatinoam&egrave;rica: Argentina, Col&ograve;mbia i Cuba.","og_url":"https:\/\/www.museuolimpicbcn.cat\/ca\/18-obres-passen-a-la-final-de-la-ix-edicio-del-premi-internacional-fundacio-barcelona-olimpica-art-sobre-parper\/","og_site_name":"Museu Ol\u00edmpic i de l&#039;Esport","article_published_time":"2018-11-04T23:00:00+00:00","article_modified_time":"2021-05-06T09:14:36+00:00","og_image":[{"width":600,"height":259,"url":"https:\/\/www.museuolimpicbcn.cat\/wp-content\/uploads\/sites\/2\/2019\/03\/ART_SOBRE_PAPEL-2019_MUSEU_OLIMPICIMG_9264.JPG","type":"image\/jpeg"}],"author":"useradmin","twitter_card":"summary_large_image","twitter_misc":{"Escrit per":"useradmin","Temps estimat de lectura":"1 minut"},"schema":{"@context":"https:\/\/schema.org","@graph":[{"@type":"Article","@id":"https:\/\/www.museuolimpicbcn.cat\/ca\/18-obres-passen-a-la-final-de-la-ix-edicio-del-premi-internacional-fundacio-barcelona-olimpica-art-sobre-parper\/#article","isPartOf":{"@id":"https:\/\/www.museuolimpicbcn.cat\/ca\/18-obres-passen-a-la-final-de-la-ix-edicio-del-premi-internacional-fundacio-barcelona-olimpica-art-sobre-parper\/"},"author":{"name":"useradmin","@id":"https:\/\/www.museuolimpicbcn.cat\/ca\/#\/schema\/person\/d05705664e87aa04c6ce53d48133fb39"},"headline":"18 obres passen a la final de la IX edici\u00f3 del Premi Internacional Fundaci\u00f3 Barcelona Ol\u00edmpica Art sobre parper","datePublished":"2018-11-04T23:00:00+00:00","dateModified":"2021-05-06T09:14:36+00:00","mainEntityOfPage":{"@id":"https:\/\/www.museuolimpicbcn.cat\/ca\/18-obres-passen-a-la-final-de-la-ix-edicio-del-premi-internacional-fundacio-barcelona-olimpica-art-sobre-parper\/"},"wordCount":175,"commentCount":0,"publisher":{"@id":"https:\/\/www.museuolimpicbcn.cat\/ca\/#organization"},"image":{"@id":"https:\/\/www.museuolimpicbcn.cat\/ca\/18-obres-passen-a-la-final-de-la-ix-edicio-del-premi-internacional-fundacio-barcelona-olimpica-art-sobre-parper\/#primaryimage"},"thumbnailUrl":"https:\/\/www.museuolimpicbcn.cat\/wp-content\/uploads\/sites\/2\/2019\/03\/ART_SOBRE_PAPEL-2019_MUSEU_OLIMPICIMG_9264.JPG","articleSection":["Uncategorized @ca"],"inLanguage":"ca","potentialAction":[{"@type":"CommentAction","name":"Comment","target":["https:\/\/www.museuolimpicbcn.cat\/ca\/18-obres-passen-a-la-final-de-la-ix-edicio-del-premi-internacional-fundacio-barcelona-olimpica-art-sobre-parper\/#respond"]}]},{"@type":"WebPage","@id":"https:\/\/www.museuolimpicbcn.cat\/ca\/18-obres-passen-a-la-final-de-la-ix-edicio-del-premi-internacional-fundacio-barcelona-olimpica-art-sobre-parper\/","url":"https:\/\/www.museuolimpicbcn.cat\/ca\/18-obres-passen-a-la-final-de-la-ix-edicio-del-premi-internacional-fundacio-barcelona-olimpica-art-sobre-parper\/","name":"18 obres passen a la final de la IX edici\u00f3 del Premi Internacional Fundaci\u00f3 Barcelona Ol\u00edmpica Art sobre parper - Museu Ol\u00edmpic i de l&#039;Esport","isPartOf":{"@id":"https:\/\/www.museuolimpicbcn.cat\/ca\/#website"},"primaryImageOfPage":{"@id":"https:\/\/www.museuolimpicbcn.cat\/ca\/18-obres-passen-a-la-final-de-la-ix-edicio-del-premi-internacional-fundacio-barcelona-olimpica-art-sobre-parper\/#primaryimage"},"image":{"@id":"https:\/\/www.museuolimpicbcn.cat\/ca\/18-obres-passen-a-la-final-de-la-ix-edicio-del-premi-internacional-fundacio-barcelona-olimpica-art-sobre-parper\/#primaryimage"},"thumbnailUrl":"https:\/\/www.museuolimpicbcn.cat\/wp-content\/uploads\/sites\/2\/2019\/03\/ART_SOBRE_PAPEL-2019_MUSEU_OLIMPICIMG_9264.JPG","datePublished":"2018-11-04T23:00:00+00:00","dateModified":"2021-05-06T09:14:36+00:00","breadcrumb":{"@id":"https:\/\/www.museuolimpicbcn.cat\/ca\/18-obres-passen-a-la-final-de-la-ix-edicio-del-premi-internacional-fundacio-barcelona-olimpica-art-sobre-parper\/#breadcrumb"},"inLanguage":"ca","potentialAction":[{"@type":"ReadAction","target":["https:\/\/www.museuolimpicbcn.cat\/ca\/18-obres-passen-a-la-final-de-la-ix-edicio-del-premi-internacional-fundacio-barcelona-olimpica-art-sobre-parper\/"]}]},{"@type":"ImageObject","inLanguage":"ca","@id":"https:\/\/www.museuolimpicbcn.cat\/ca\/18-obres-passen-a-la-final-de-la-ix-edicio-del-premi-internacional-fundacio-barcelona-olimpica-art-sobre-parper\/#primaryimage","url":"https:\/\/www.museuolimpicbcn.cat\/wp-content\/uploads\/sites\/2\/2019\/03\/ART_SOBRE_PAPEL-2019_MUSEU_OLIMPICIMG_9264.JPG","contentUrl":"https:\/\/www.museuolimpicbcn.cat\/wp-content\/uploads\/sites\/2\/2019\/03\/ART_SOBRE_PAPEL-2019_MUSEU_OLIMPICIMG_9264.JPG","width":600,"height":259},{"@type":"BreadcrumbList","@id":"https:\/\/www.museuolimpicbcn.cat\/ca\/18-obres-passen-a-la-final-de-la-ix-edicio-del-premi-internacional-fundacio-barcelona-olimpica-art-sobre-parper\/#breadcrumb","itemListElement":[{"@type":"ListItem","position":1,"name":"Inici","item":"https:\/\/www.museuolimpicbcn.cat\/es\/"},{"@type":"ListItem","position":2,"name":"18 obres passen a la final de la IX edici\u00f3 del Premi Internacional Fundaci\u00f3 Barcelona Ol\u00edmpica Art sobre parper"}]},{"@type":"WebSite","@id":"https:\/\/www.museuolimpicbcn.cat\/ca\/#website","url":"https:\/\/www.museuolimpicbcn.cat\/ca\/","name":"Museu Ol\u00edmpic i de l&#039;Esport","description":"Altre lloc Web del Museu Ol\u00edmpic i de l&#039;Esport llocs","publisher":{"@id":"https:\/\/www.museuolimpicbcn.cat\/ca\/#organization"},"potentialAction":[{"@type":"SearchAction","target":{"@type":"EntryPoint","urlTemplate":"https:\/\/www.museuolimpicbcn.cat\/ca\/?s={search_term_string}"},"query-input":{"@type":"PropertyValueSpecification","valueRequired":true,"valueName":"search_term_string"}}],"inLanguage":"ca"},{"@type":"Organization","@id":"https:\/\/www.museuolimpicbcn.cat\/ca\/#organization","name":"Museu Ol\u00edmpic i de l&#039;Esport","url":"https:\/\/www.museuolimpicbcn.cat\/ca\/","logo":{"@type":"ImageObject","inLanguage":"ca","@id":"https:\/\/www.museuolimpicbcn.cat\/ca\/#\/schema\/logo\/image\/","url":"https:\/\/www.museuolimpicbcn.cat\/wp-content\/uploads\/sites\/2\/2018\/12\/logo-moe-header.svg","contentUrl":"https:\/\/www.museuolimpicbcn.cat\/wp-content\/uploads\/sites\/2\/2018\/12\/logo-moe-header.svg","caption":"Museu Ol\u00edmpic i de l&#039;Esport"},"image":{"@id":"https:\/\/www.museuolimpicbcn.cat\/ca\/#\/schema\/logo\/image\/"}},{"@type":"Person","@id":"https:\/\/www.museuolimpicbcn.cat\/ca\/#\/schema\/person\/d05705664e87aa04c6ce53d48133fb39","name":"useradmin","url":"https:\/\/www.museuolimpicbcn.cat\/ca\/author\/useradmin\/"}]}},"_links":{"self":[{"href":"https:\/\/www.museuolimpicbcn.cat\/ca\/wp-json\/wp\/v2\/posts\/15799"}],"collection":[{"href":"https:\/\/www.museuolimpicbcn.cat\/ca\/wp-json\/wp\/v2\/posts"}],"about":[{"href":"https:\/\/www.museuolimpicbcn.cat\/ca\/wp-json\/wp\/v2\/types\/post"}],"author":[{"embeddable":true,"href":"https:\/\/www.museuolimpicbcn.cat\/ca\/wp-json\/wp\/v2\/users\/1"}],"replies":[{"embeddable":true,"href":"https:\/\/www.museuolimpicbcn.cat\/ca\/wp-json\/wp\/v2\/comments?post=15799"}],"version-history":[{"count":1,"href":"https:\/\/www.museuolimpicbcn.cat\/ca\/wp-json\/wp\/v2\/posts\/15799\/revisions"}],"predecessor-version":[{"id":28057,"href":"https:\/\/www.museuolimpicbcn.cat\/ca\/wp-json\/wp\/v2\/posts\/15799\/revisions\/28057"}],"wp:featuredmedia":[{"embeddable":true,"href":"https:\/\/www.museuolimpicbcn.cat\/ca\/wp-json\/wp\/v2\/media\/15803"}],"wp:attachment":[{"href":"https:\/\/www.museuolimpicbcn.cat\/ca\/wp-json\/wp\/v2\/media?parent=15799"}],"wp:term":[{"taxonomy":"category","embeddable":true,"href":"https:\/\/www.museuolimpicbcn.cat\/ca\/wp-json\/wp\/v2\/categories?post=15799"},{"taxonomy":"post_tag","embeddable":true,"href":"https:\/\/www.museuolimpicbcn.cat\/ca\/wp-json\/wp\/v2\/tags?post=15799"}],"curies":[{"name":"wp","href":"https:\/\/api.w.org\/{rel}","templated":true}]}}