{"id":15835,"date":"2018-12-13T00:00:00","date_gmt":"2018-12-12T23:00:00","guid":{"rendered":"http:\/\/dev.museuolimpicbcn.cat\/inauguracio-de-lexposicio-ara-fa-40-anys-linici-de-la-politica-esportiva-a-barcelona\/"},"modified":"2021-05-06T11:11:39","modified_gmt":"2021-05-06T09:11:39","slug":"inauguracio-de-lexposicio-ara-fa-40-anys-linici-de-la-politica-esportiva-a-barcelona","status":"publish","type":"post","link":"https:\/\/www.museuolimpicbcn.cat\/ca\/inauguracio-de-lexposicio-ara-fa-40-anys-linici-de-la-politica-esportiva-a-barcelona\/","title":{"rendered":"Inauguraci\u00f3 de l&#8217;exposici\u00f3 \u2018Ara fa 40 anys. L&#8217;inici de la pol\u00edtica esportiva a Barcelona\u2019"},"content":{"rendered":"<p>Aquesta exposici\u00f3 ha estat emmarcada dins de la confer\u00e8ncia de 40 anys de pol\u00edtiques esportives municipals, dins del cicle de confer\u00e8ncies sobre el valor de l&#8217;esport al segleXXI, i que ha comptat amb la pres\u00e8ncia d&#8217;Enric Tru\u00f1\u00f3, exregidor de l&#8217;Ajuntament de Barcelona; Joan Carles Burriel, responsable de la primera campanya d&#8217;activitat f\u00edsica per a la tercera edat; Sixte Abadia, Investigador del grup de recerca i innovaci\u00f3 sobre esport i societat de la Universitat Blanquerna; Laia Palau, referent del b\u00e0squet que s&#8217;ha format dins del sistema de la ciutat de Barcelona; i Jordi Fandi\u00f1o, periodista esportiu de TV3.<\/p>\n<p><strong>Ara fa 40 anys. L\u2019inici de la pol\u00edtica esportiva a Barcelona<\/strong><\/p>\n<p>Durant el per\u00edode 1979-1986 l\u2019Ajuntament de Barcelona du a terme una important tasca de democratitzaci\u00f3 de l\u2019esport per mitj\u00e0 d\u2019unes pol\u00edtiques esportives encara ben recognoscibles, avui en dia, a la ciutat.<\/p>\n<p>A partir del testimoniatge d\u2019alguns dels principals art\u00edfexs d\u2019aquestes pol\u00edtiques com Enric Tru\u00f1\u00f3, Paco Segura, Juli Pernas, N\u00faria Puig, Lolo Ibern, Marta Carranza,\u00a0 Jordi Vallverd\u00fa, Josep Llu\u00eds Vilaseca, Rom\u00e0 Cuy\u00e0s i Narc\u00eds Serra, aquesta exposici\u00f3 mostra la realitat esportiva de la ciutat durant aquests primers anys de democr\u00e0cia i els principals eixos d\u2019actuaci\u00f3 del consistori en mat\u00e8ria esportiva.<\/p>\n<p>L\u2019exposici\u00f3 podr\u00e0 ser visitada en el\u00a0Museu\u00a0Ol\u00edmpic\u00a0i de\u00a0l\u2019Esport\u00a0Joan Antoni Samaranch des del 13 de desembre fins al 8 de mar\u00e7 del 2019.<\/p>\n<p>&nbsp;<\/p>\n","protected":false},"excerpt":{"rendered":"<p>Marta Carranza, presidenta de la Fundaci&oacute; Barcelona Ol&iacute;mpica i comissionada d&#8217;esports de l&#8217;Ajuntament de Barcelona ha estat l&#8217;encarregada d&#8217;inaugurar l&#8217;exposici&oacute; dedicada a l&#8217;inici de la pol&iacute;tica esportiva de la ciutat.&nbsp;<\/p>\n<p>&nbsp;<\/p>\n","protected":false},"author":1,"featured_media":15869,"comment_status":"open","ping_status":"open","sticky":false,"template":"","format":"standard","meta":{"_acf_changed":false,"_price":"","_stock":"","_tribe_ticket_header":"","_tribe_default_ticket_provider":"","_tribe_ticket_capacity":"0","_ticket_start_date":"","_ticket_end_date":"","_tribe_ticket_show_description":"","_tribe_ticket_show_not_going":false,"_tribe_ticket_use_global_stock":"","_tribe_ticket_global_stock_level":"","_global_stock_mode":"","_global_stock_cap":"","_tribe_rsvp_for_event":"","_tribe_ticket_going_count":"","_tribe_ticket_not_going_count":"","_tribe_tickets_list":"[]","_tribe_ticket_has_attendee_info_fields":false,"footnotes":""},"categories":[1],"tags":[],"class_list":["post-15835","post","type-post","status-publish","format-standard","has-post-thumbnail","hentry","category-uncategorized-ca"],"acf":[],"yoast_head":"<!-- This site is optimized with the Yoast SEO plugin v23.7 - https:\/\/yoast.com\/wordpress\/plugins\/seo\/ -->\n<title>Inauguraci\u00f3 de l&#039;exposici\u00f3 \u2018Ara fa 40 anys. L&#039;inici de la pol\u00edtica esportiva a Barcelona\u2019 - Museu Ol\u00edmpic i de l&#039;Esport<\/title>\n<meta name=\"robots\" content=\"index, follow, max-snippet:-1, max-image-preview:large, max-video-preview:-1\" \/>\n<link rel=\"canonical\" href=\"https:\/\/www.museuolimpicbcn.cat\/ca\/inauguracio-de-lexposicio-ara-fa-40-anys-linici-de-la-politica-esportiva-a-barcelona\/\" \/>\n<meta property=\"og:locale\" content=\"ca_ES\" \/>\n<meta property=\"og:type\" content=\"article\" \/>\n<meta property=\"og:title\" content=\"Inauguraci\u00f3 de l&#039;exposici\u00f3 \u2018Ara fa 40 anys. L&#039;inici de la pol\u00edtica esportiva a Barcelona\u2019 - Museu Ol\u00edmpic i de l&#039;Esport\" \/>\n<meta property=\"og:description\" content=\"Marta Carranza, presidenta de la Fundaci&oacute; Barcelona Ol&iacute;mpica i comissionada d&#039;esports de l&#039;Ajuntament de Barcelona ha estat l&#039;encarregada d&#039;inaugurar l&#039;exposici&oacute; dedicada a l&#039;inici de la pol&iacute;tica esportiva de la ciutat.&nbsp; &nbsp;\" \/>\n<meta property=\"og:url\" content=\"https:\/\/www.museuolimpicbcn.cat\/ca\/inauguracio-de-lexposicio-ara-fa-40-anys-linici-de-la-politica-esportiva-a-barcelona\/\" \/>\n<meta property=\"og:site_name\" content=\"Museu Ol\u00edmpic i de l&#039;Esport\" \/>\n<meta property=\"article:published_time\" content=\"2018-12-12T23:00:00+00:00\" \/>\n<meta property=\"article:modified_time\" content=\"2021-05-06T09:11:39+00:00\" \/>\n<meta property=\"og:image\" content=\"https:\/\/www.museuolimpicbcn.cat\/wp-content\/uploads\/sites\/2\/2019\/03\/ICUB_40anys_660x300px.jpg\" \/>\n\t<meta property=\"og:image:width\" content=\"660\" \/>\n\t<meta property=\"og:image:height\" content=\"300\" \/>\n\t<meta property=\"og:image:type\" content=\"image\/jpeg\" \/>\n<meta name=\"author\" content=\"useradmin\" \/>\n<meta name=\"twitter:card\" content=\"summary_large_image\" \/>\n<meta name=\"twitter:label1\" content=\"Escrit per\" \/>\n\t<meta name=\"twitter:data1\" content=\"useradmin\" \/>\n\t<meta name=\"twitter:label2\" content=\"Temps estimat de lectura\" \/>\n\t<meta name=\"twitter:data2\" content=\"1 minut\" \/>\n<script type=\"application\/ld+json\" class=\"yoast-schema-graph\">{\"@context\":\"https:\/\/schema.org\",\"@graph\":[{\"@type\":\"Article\",\"@id\":\"https:\/\/www.museuolimpicbcn.cat\/ca\/inauguracio-de-lexposicio-ara-fa-40-anys-linici-de-la-politica-esportiva-a-barcelona\/#article\",\"isPartOf\":{\"@id\":\"https:\/\/www.museuolimpicbcn.cat\/ca\/inauguracio-de-lexposicio-ara-fa-40-anys-linici-de-la-politica-esportiva-a-barcelona\/\"},\"author\":{\"name\":\"useradmin\",\"@id\":\"https:\/\/www.museuolimpicbcn.cat\/ca\/#\/schema\/person\/d05705664e87aa04c6ce53d48133fb39\"},\"headline\":\"Inauguraci\u00f3 de l&#8217;exposici\u00f3 \u2018Ara fa 40 anys. L&#8217;inici de la pol\u00edtica esportiva a Barcelona\u2019\",\"datePublished\":\"2018-12-12T23:00:00+00:00\",\"dateModified\":\"2021-05-06T09:11:39+00:00\",\"mainEntityOfPage\":{\"@id\":\"https:\/\/www.museuolimpicbcn.cat\/ca\/inauguracio-de-lexposicio-ara-fa-40-anys-linici-de-la-politica-esportiva-a-barcelona\/\"},\"wordCount\":261,\"commentCount\":0,\"publisher\":{\"@id\":\"https:\/\/www.museuolimpicbcn.cat\/ca\/#organization\"},\"image\":{\"@id\":\"https:\/\/www.museuolimpicbcn.cat\/ca\/inauguracio-de-lexposicio-ara-fa-40-anys-linici-de-la-politica-esportiva-a-barcelona\/#primaryimage\"},\"thumbnailUrl\":\"https:\/\/www.museuolimpicbcn.cat\/wp-content\/uploads\/sites\/2\/2019\/03\/ICUB_40anys_660x300px.jpg\",\"articleSection\":[\"Uncategorized @ca\"],\"inLanguage\":\"ca\",\"potentialAction\":[{\"@type\":\"CommentAction\",\"name\":\"Comment\",\"target\":[\"https:\/\/www.museuolimpicbcn.cat\/ca\/inauguracio-de-lexposicio-ara-fa-40-anys-linici-de-la-politica-esportiva-a-barcelona\/#respond\"]}]},{\"@type\":\"WebPage\",\"@id\":\"https:\/\/www.museuolimpicbcn.cat\/ca\/inauguracio-de-lexposicio-ara-fa-40-anys-linici-de-la-politica-esportiva-a-barcelona\/\",\"url\":\"https:\/\/www.museuolimpicbcn.cat\/ca\/inauguracio-de-lexposicio-ara-fa-40-anys-linici-de-la-politica-esportiva-a-barcelona\/\",\"name\":\"Inauguraci\u00f3 de l'exposici\u00f3 \u2018Ara fa 40 anys. L'inici de la pol\u00edtica esportiva a Barcelona\u2019 - Museu Ol\u00edmpic i de l&#039;Esport\",\"isPartOf\":{\"@id\":\"https:\/\/www.museuolimpicbcn.cat\/ca\/#website\"},\"primaryImageOfPage\":{\"@id\":\"https:\/\/www.museuolimpicbcn.cat\/ca\/inauguracio-de-lexposicio-ara-fa-40-anys-linici-de-la-politica-esportiva-a-barcelona\/#primaryimage\"},\"image\":{\"@id\":\"https:\/\/www.museuolimpicbcn.cat\/ca\/inauguracio-de-lexposicio-ara-fa-40-anys-linici-de-la-politica-esportiva-a-barcelona\/#primaryimage\"},\"thumbnailUrl\":\"https:\/\/www.museuolimpicbcn.cat\/wp-content\/uploads\/sites\/2\/2019\/03\/ICUB_40anys_660x300px.jpg\",\"datePublished\":\"2018-12-12T23:00:00+00:00\",\"dateModified\":\"2021-05-06T09:11:39+00:00\",\"breadcrumb\":{\"@id\":\"https:\/\/www.museuolimpicbcn.cat\/ca\/inauguracio-de-lexposicio-ara-fa-40-anys-linici-de-la-politica-esportiva-a-barcelona\/#breadcrumb\"},\"inLanguage\":\"ca\",\"potentialAction\":[{\"@type\":\"ReadAction\",\"target\":[\"https:\/\/www.museuolimpicbcn.cat\/ca\/inauguracio-de-lexposicio-ara-fa-40-anys-linici-de-la-politica-esportiva-a-barcelona\/\"]}]},{\"@type\":\"ImageObject\",\"inLanguage\":\"ca\",\"@id\":\"https:\/\/www.museuolimpicbcn.cat\/ca\/inauguracio-de-lexposicio-ara-fa-40-anys-linici-de-la-politica-esportiva-a-barcelona\/#primaryimage\",\"url\":\"https:\/\/www.museuolimpicbcn.cat\/wp-content\/uploads\/sites\/2\/2019\/03\/ICUB_40anys_660x300px.jpg\",\"contentUrl\":\"https:\/\/www.museuolimpicbcn.cat\/wp-content\/uploads\/sites\/2\/2019\/03\/ICUB_40anys_660x300px.jpg\",\"width\":660,\"height\":300},{\"@type\":\"BreadcrumbList\",\"@id\":\"https:\/\/www.museuolimpicbcn.cat\/ca\/inauguracio-de-lexposicio-ara-fa-40-anys-linici-de-la-politica-esportiva-a-barcelona\/#breadcrumb\",\"itemListElement\":[{\"@type\":\"ListItem\",\"position\":1,\"name\":\"Inici\",\"item\":\"https:\/\/www.museuolimpicbcn.cat\/es\/\"},{\"@type\":\"ListItem\",\"position\":2,\"name\":\"Inauguraci\u00f3 de l&#8217;exposici\u00f3 \u2018Ara fa 40 anys. L&#8217;inici de la pol\u00edtica esportiva a Barcelona\u2019\"}]},{\"@type\":\"WebSite\",\"@id\":\"https:\/\/www.museuolimpicbcn.cat\/ca\/#website\",\"url\":\"https:\/\/www.museuolimpicbcn.cat\/ca\/\",\"name\":\"Museu Ol\u00edmpic i de l&#039;Esport\",\"description\":\"Altre lloc Web del Museu Ol\u00edmpic i de l&#039;Esport llocs\",\"publisher\":{\"@id\":\"https:\/\/www.museuolimpicbcn.cat\/ca\/#organization\"},\"potentialAction\":[{\"@type\":\"SearchAction\",\"target\":{\"@type\":\"EntryPoint\",\"urlTemplate\":\"https:\/\/www.museuolimpicbcn.cat\/ca\/?s={search_term_string}\"},\"query-input\":{\"@type\":\"PropertyValueSpecification\",\"valueRequired\":true,\"valueName\":\"search_term_string\"}}],\"inLanguage\":\"ca\"},{\"@type\":\"Organization\",\"@id\":\"https:\/\/www.museuolimpicbcn.cat\/ca\/#organization\",\"name\":\"Museu Ol\u00edmpic i de l&#039;Esport\",\"url\":\"https:\/\/www.museuolimpicbcn.cat\/ca\/\",\"logo\":{\"@type\":\"ImageObject\",\"inLanguage\":\"ca\",\"@id\":\"https:\/\/www.museuolimpicbcn.cat\/ca\/#\/schema\/logo\/image\/\",\"url\":\"https:\/\/www.museuolimpicbcn.cat\/wp-content\/uploads\/sites\/2\/2018\/12\/logo-moe-header.svg\",\"contentUrl\":\"https:\/\/www.museuolimpicbcn.cat\/wp-content\/uploads\/sites\/2\/2018\/12\/logo-moe-header.svg\",\"caption\":\"Museu Ol\u00edmpic i de l&#039;Esport\"},\"image\":{\"@id\":\"https:\/\/www.museuolimpicbcn.cat\/ca\/#\/schema\/logo\/image\/\"}},{\"@type\":\"Person\",\"@id\":\"https:\/\/www.museuolimpicbcn.cat\/ca\/#\/schema\/person\/d05705664e87aa04c6ce53d48133fb39\",\"name\":\"useradmin\",\"url\":\"https:\/\/www.museuolimpicbcn.cat\/ca\/author\/useradmin\/\"}]}<\/script>\n<!-- \/ Yoast SEO plugin. -->","yoast_head_json":{"title":"Inauguraci\u00f3 de l'exposici\u00f3 \u2018Ara fa 40 anys. L'inici de la pol\u00edtica esportiva a Barcelona\u2019 - Museu Ol\u00edmpic i de l&#039;Esport","robots":{"index":"index","follow":"follow","max-snippet":"max-snippet:-1","max-image-preview":"max-image-preview:large","max-video-preview":"max-video-preview:-1"},"canonical":"https:\/\/www.museuolimpicbcn.cat\/ca\/inauguracio-de-lexposicio-ara-fa-40-anys-linici-de-la-politica-esportiva-a-barcelona\/","og_locale":"ca_ES","og_type":"article","og_title":"Inauguraci\u00f3 de l'exposici\u00f3 \u2018Ara fa 40 anys. L'inici de la pol\u00edtica esportiva a Barcelona\u2019 - Museu Ol\u00edmpic i de l&#039;Esport","og_description":"Marta Carranza, presidenta de la Fundaci&oacute; Barcelona Ol&iacute;mpica i comissionada d'esports de l'Ajuntament de Barcelona ha estat l'encarregada d'inaugurar l'exposici&oacute; dedicada a l'inici de la pol&iacute;tica esportiva de la ciutat.&nbsp; &nbsp;","og_url":"https:\/\/www.museuolimpicbcn.cat\/ca\/inauguracio-de-lexposicio-ara-fa-40-anys-linici-de-la-politica-esportiva-a-barcelona\/","og_site_name":"Museu Ol\u00edmpic i de l&#039;Esport","article_published_time":"2018-12-12T23:00:00+00:00","article_modified_time":"2021-05-06T09:11:39+00:00","og_image":[{"width":660,"height":300,"url":"https:\/\/www.museuolimpicbcn.cat\/wp-content\/uploads\/sites\/2\/2019\/03\/ICUB_40anys_660x300px.jpg","type":"image\/jpeg"}],"author":"useradmin","twitter_card":"summary_large_image","twitter_misc":{"Escrit per":"useradmin","Temps estimat de lectura":"1 minut"},"schema":{"@context":"https:\/\/schema.org","@graph":[{"@type":"Article","@id":"https:\/\/www.museuolimpicbcn.cat\/ca\/inauguracio-de-lexposicio-ara-fa-40-anys-linici-de-la-politica-esportiva-a-barcelona\/#article","isPartOf":{"@id":"https:\/\/www.museuolimpicbcn.cat\/ca\/inauguracio-de-lexposicio-ara-fa-40-anys-linici-de-la-politica-esportiva-a-barcelona\/"},"author":{"name":"useradmin","@id":"https:\/\/www.museuolimpicbcn.cat\/ca\/#\/schema\/person\/d05705664e87aa04c6ce53d48133fb39"},"headline":"Inauguraci\u00f3 de l&#8217;exposici\u00f3 \u2018Ara fa 40 anys. L&#8217;inici de la pol\u00edtica esportiva a Barcelona\u2019","datePublished":"2018-12-12T23:00:00+00:00","dateModified":"2021-05-06T09:11:39+00:00","mainEntityOfPage":{"@id":"https:\/\/www.museuolimpicbcn.cat\/ca\/inauguracio-de-lexposicio-ara-fa-40-anys-linici-de-la-politica-esportiva-a-barcelona\/"},"wordCount":261,"commentCount":0,"publisher":{"@id":"https:\/\/www.museuolimpicbcn.cat\/ca\/#organization"},"image":{"@id":"https:\/\/www.museuolimpicbcn.cat\/ca\/inauguracio-de-lexposicio-ara-fa-40-anys-linici-de-la-politica-esportiva-a-barcelona\/#primaryimage"},"thumbnailUrl":"https:\/\/www.museuolimpicbcn.cat\/wp-content\/uploads\/sites\/2\/2019\/03\/ICUB_40anys_660x300px.jpg","articleSection":["Uncategorized @ca"],"inLanguage":"ca","potentialAction":[{"@type":"CommentAction","name":"Comment","target":["https:\/\/www.museuolimpicbcn.cat\/ca\/inauguracio-de-lexposicio-ara-fa-40-anys-linici-de-la-politica-esportiva-a-barcelona\/#respond"]}]},{"@type":"WebPage","@id":"https:\/\/www.museuolimpicbcn.cat\/ca\/inauguracio-de-lexposicio-ara-fa-40-anys-linici-de-la-politica-esportiva-a-barcelona\/","url":"https:\/\/www.museuolimpicbcn.cat\/ca\/inauguracio-de-lexposicio-ara-fa-40-anys-linici-de-la-politica-esportiva-a-barcelona\/","name":"Inauguraci\u00f3 de l'exposici\u00f3 \u2018Ara fa 40 anys. L'inici de la pol\u00edtica esportiva a Barcelona\u2019 - Museu Ol\u00edmpic i de l&#039;Esport","isPartOf":{"@id":"https:\/\/www.museuolimpicbcn.cat\/ca\/#website"},"primaryImageOfPage":{"@id":"https:\/\/www.museuolimpicbcn.cat\/ca\/inauguracio-de-lexposicio-ara-fa-40-anys-linici-de-la-politica-esportiva-a-barcelona\/#primaryimage"},"image":{"@id":"https:\/\/www.museuolimpicbcn.cat\/ca\/inauguracio-de-lexposicio-ara-fa-40-anys-linici-de-la-politica-esportiva-a-barcelona\/#primaryimage"},"thumbnailUrl":"https:\/\/www.museuolimpicbcn.cat\/wp-content\/uploads\/sites\/2\/2019\/03\/ICUB_40anys_660x300px.jpg","datePublished":"2018-12-12T23:00:00+00:00","dateModified":"2021-05-06T09:11:39+00:00","breadcrumb":{"@id":"https:\/\/www.museuolimpicbcn.cat\/ca\/inauguracio-de-lexposicio-ara-fa-40-anys-linici-de-la-politica-esportiva-a-barcelona\/#breadcrumb"},"inLanguage":"ca","potentialAction":[{"@type":"ReadAction","target":["https:\/\/www.museuolimpicbcn.cat\/ca\/inauguracio-de-lexposicio-ara-fa-40-anys-linici-de-la-politica-esportiva-a-barcelona\/"]}]},{"@type":"ImageObject","inLanguage":"ca","@id":"https:\/\/www.museuolimpicbcn.cat\/ca\/inauguracio-de-lexposicio-ara-fa-40-anys-linici-de-la-politica-esportiva-a-barcelona\/#primaryimage","url":"https:\/\/www.museuolimpicbcn.cat\/wp-content\/uploads\/sites\/2\/2019\/03\/ICUB_40anys_660x300px.jpg","contentUrl":"https:\/\/www.museuolimpicbcn.cat\/wp-content\/uploads\/sites\/2\/2019\/03\/ICUB_40anys_660x300px.jpg","width":660,"height":300},{"@type":"BreadcrumbList","@id":"https:\/\/www.museuolimpicbcn.cat\/ca\/inauguracio-de-lexposicio-ara-fa-40-anys-linici-de-la-politica-esportiva-a-barcelona\/#breadcrumb","itemListElement":[{"@type":"ListItem","position":1,"name":"Inici","item":"https:\/\/www.museuolimpicbcn.cat\/es\/"},{"@type":"ListItem","position":2,"name":"Inauguraci\u00f3 de l&#8217;exposici\u00f3 \u2018Ara fa 40 anys. L&#8217;inici de la pol\u00edtica esportiva a Barcelona\u2019"}]},{"@type":"WebSite","@id":"https:\/\/www.museuolimpicbcn.cat\/ca\/#website","url":"https:\/\/www.museuolimpicbcn.cat\/ca\/","name":"Museu Ol\u00edmpic i de l&#039;Esport","description":"Altre lloc Web del Museu Ol\u00edmpic i de l&#039;Esport llocs","publisher":{"@id":"https:\/\/www.museuolimpicbcn.cat\/ca\/#organization"},"potentialAction":[{"@type":"SearchAction","target":{"@type":"EntryPoint","urlTemplate":"https:\/\/www.museuolimpicbcn.cat\/ca\/?s={search_term_string}"},"query-input":{"@type":"PropertyValueSpecification","valueRequired":true,"valueName":"search_term_string"}}],"inLanguage":"ca"},{"@type":"Organization","@id":"https:\/\/www.museuolimpicbcn.cat\/ca\/#organization","name":"Museu Ol\u00edmpic i de l&#039;Esport","url":"https:\/\/www.museuolimpicbcn.cat\/ca\/","logo":{"@type":"ImageObject","inLanguage":"ca","@id":"https:\/\/www.museuolimpicbcn.cat\/ca\/#\/schema\/logo\/image\/","url":"https:\/\/www.museuolimpicbcn.cat\/wp-content\/uploads\/sites\/2\/2018\/12\/logo-moe-header.svg","contentUrl":"https:\/\/www.museuolimpicbcn.cat\/wp-content\/uploads\/sites\/2\/2018\/12\/logo-moe-header.svg","caption":"Museu Ol\u00edmpic i de l&#039;Esport"},"image":{"@id":"https:\/\/www.museuolimpicbcn.cat\/ca\/#\/schema\/logo\/image\/"}},{"@type":"Person","@id":"https:\/\/www.museuolimpicbcn.cat\/ca\/#\/schema\/person\/d05705664e87aa04c6ce53d48133fb39","name":"useradmin","url":"https:\/\/www.museuolimpicbcn.cat\/ca\/author\/useradmin\/"}]}},"_links":{"self":[{"href":"https:\/\/www.museuolimpicbcn.cat\/ca\/wp-json\/wp\/v2\/posts\/15835"}],"collection":[{"href":"https:\/\/www.museuolimpicbcn.cat\/ca\/wp-json\/wp\/v2\/posts"}],"about":[{"href":"https:\/\/www.museuolimpicbcn.cat\/ca\/wp-json\/wp\/v2\/types\/post"}],"author":[{"embeddable":true,"href":"https:\/\/www.museuolimpicbcn.cat\/ca\/wp-json\/wp\/v2\/users\/1"}],"replies":[{"embeddable":true,"href":"https:\/\/www.museuolimpicbcn.cat\/ca\/wp-json\/wp\/v2\/comments?post=15835"}],"version-history":[{"count":1,"href":"https:\/\/www.museuolimpicbcn.cat\/ca\/wp-json\/wp\/v2\/posts\/15835\/revisions"}],"predecessor-version":[{"id":28056,"href":"https:\/\/www.museuolimpicbcn.cat\/ca\/wp-json\/wp\/v2\/posts\/15835\/revisions\/28056"}],"wp:featuredmedia":[{"embeddable":true,"href":"https:\/\/www.museuolimpicbcn.cat\/ca\/wp-json\/wp\/v2\/media\/15869"}],"wp:attachment":[{"href":"https:\/\/www.museuolimpicbcn.cat\/ca\/wp-json\/wp\/v2\/media?parent=15835"}],"wp:term":[{"taxonomy":"category","embeddable":true,"href":"https:\/\/www.museuolimpicbcn.cat\/ca\/wp-json\/wp\/v2\/categories?post=15835"},{"taxonomy":"post_tag","embeddable":true,"href":"https:\/\/www.museuolimpicbcn.cat\/ca\/wp-json\/wp\/v2\/tags?post=15835"}],"curies":[{"name":"wp","href":"https:\/\/api.w.org\/{rel}","templated":true}]}}