{"id":24209,"date":"2019-12-17T20:33:44","date_gmt":"2019-12-17T19:33:44","guid":{"rendered":"https:\/\/www.museuolimpicbcn.cat\/125-aniversari-del-comite-internacional-olimpic\/"},"modified":"2019-12-17T20:54:29","modified_gmt":"2019-12-17T19:54:29","slug":"125-aniversari-del-comite-internacional-olimpic","status":"publish","type":"post","link":"https:\/\/www.museuolimpicbcn.cat\/ca\/125-aniversari-del-comite-internacional-olimpic\/","title":{"rendered":"125 aniversari del Comit\u00e8 Internacional Ol\u00edmpic"},"content":{"rendered":"<p>David Escud\u00e9, president de la Fundaci\u00f3 Barcelona Ol\u00edmpica i regidor d&#8217;Esports de l&#8217;Ajuntament de Barcelona; i Pere Vil\u00e0, representant territorial de l&#8217;Esport i l&#8217;Activitat F\u00edsica a Barcelona i Comarques de la Catalunya, van inaugurar l&#8217;acte commemoratiu que la Fundaci\u00f3 Barcelona Ol\u00edmpica (FBO) ha realitzat amb motiu del 125 aniversari de la creaci\u00f3 del CIO.<\/p>\n<p>Mitjan\u00e7ant audiovisuals hem pogut descobrir el bagatge del Comit\u00e8 Internacional Ol\u00edmpic durant aquests 125 anys i la relaci\u00f3 de Pierre de Coubertin amb la ciutat de Barcelona.<\/p>\n<p>A continuaci\u00f3, hem pogut gaudir de la taula rodona composta per Maria Teresa Samaranch, membre de la ISU (International Skating Union) i membre del patronat de la FBO; Leandre Negre, expresident de la IHF (International Hockey Federation); Isabel Fern\u00e1ndez, campiona ol\u00edmpica i vicepresidenta primera del COE; i Jordi Sans, campi\u00f3 ol\u00edmpic i director de la UFEC que de la m\u00e0 del moderador i periodista Joan Manuel Surroca, ens han explicat la import\u00e0ncia de l&#8217;esport en la societat actual.<\/p>\n<p>Per concloure l&#8217;acte, Alejandro Blanco, president del Comit\u00e8 Ol\u00edmpic Espanyol, ha intervingut per a recordar-nos la import\u00e0ncia de l&#8217;esport, l&#8217;olimpisme i els valors que comporten.<\/p>\n","protected":false},"excerpt":{"rendered":"<p>David Escud\u00e9, president de la Fundaci\u00f3 Barcelona Ol\u00edmpica i regidor d&#8217;Esports de l&#8217;Ajuntament de Barcelona; i Pere Vil\u00e0, representant territorial de l&#8217;Esport i l&#8217;Activitat F\u00edsica a Barcelona i Comarques de la Catalunya, van inaugurar l&#8217;acte commemoratiu que la Fundaci\u00f3 Barcelona Ol\u00edmpica (FBO) ha realitzat amb motiu del 125 aniversari de la creaci\u00f3 del CIO. Mitjan\u00e7ant [&hellip;]<\/p>\n","protected":false},"author":11,"featured_media":24174,"comment_status":"open","ping_status":"open","sticky":false,"template":"","format":"standard","meta":{"_acf_changed":false,"_price":"","_stock":"","_tribe_ticket_header":"","_tribe_default_ticket_provider":"","_tribe_ticket_capacity":"0","_ticket_start_date":"","_ticket_end_date":"","_tribe_ticket_show_description":"","_tribe_ticket_show_not_going":false,"_tribe_ticket_use_global_stock":"","_tribe_ticket_global_stock_level":"","_global_stock_mode":"","_global_stock_cap":"","_tribe_rsvp_for_event":"","_tribe_ticket_going_count":"","_tribe_ticket_not_going_count":"","_tribe_tickets_list":"[]","_tribe_ticket_has_attendee_info_fields":false,"footnotes":""},"categories":[1],"tags":[],"class_list":["post-24209","post","type-post","status-publish","format-standard","has-post-thumbnail","hentry","category-uncategorized-ca"],"acf":[],"yoast_head":"<!-- This site is optimized with the Yoast SEO plugin v23.7 - https:\/\/yoast.com\/wordpress\/plugins\/seo\/ -->\n<title>125 aniversari del Comit\u00e8 Internacional Ol\u00edmpic - Museu Ol\u00edmpic i de l&#039;Esport<\/title>\n<meta name=\"robots\" content=\"index, follow, max-snippet:-1, max-image-preview:large, max-video-preview:-1\" \/>\n<link rel=\"canonical\" href=\"https:\/\/www.museuolimpicbcn.cat\/ca\/125-aniversari-del-comite-internacional-olimpic\/\" \/>\n<meta property=\"og:locale\" content=\"ca_ES\" \/>\n<meta property=\"og:type\" content=\"article\" \/>\n<meta property=\"og:title\" content=\"125 aniversari del Comit\u00e8 Internacional Ol\u00edmpic - Museu Ol\u00edmpic i de l&#039;Esport\" \/>\n<meta property=\"og:description\" content=\"David Escud\u00e9, president de la Fundaci\u00f3 Barcelona Ol\u00edmpica i regidor d&#8217;Esports de l&#8217;Ajuntament de Barcelona; i Pere Vil\u00e0, representant territorial de l&#8217;Esport i l&#8217;Activitat F\u00edsica a Barcelona i Comarques de la Catalunya, van inaugurar l&#8217;acte commemoratiu que la Fundaci\u00f3 Barcelona Ol\u00edmpica (FBO) ha realitzat amb motiu del 125 aniversari de la creaci\u00f3 del CIO. Mitjan\u00e7ant [&hellip;]\" \/>\n<meta property=\"og:url\" content=\"https:\/\/www.museuolimpicbcn.cat\/ca\/125-aniversari-del-comite-internacional-olimpic\/\" \/>\n<meta property=\"og:site_name\" content=\"Museu Ol\u00edmpic i de l&#039;Esport\" \/>\n<meta property=\"article:published_time\" content=\"2019-12-17T19:33:44+00:00\" \/>\n<meta property=\"article:modified_time\" content=\"2019-12-17T19:54:29+00:00\" \/>\n<meta property=\"og:image\" content=\"https:\/\/www.museuolimpicbcn.cat\/wp-content\/uploads\/sites\/2\/2019\/12\/IOC125Aniversary-MuseuOlimpic-Samaranch-Escude-Alejandro-Blanco.jpg\" \/>\n\t<meta property=\"og:image:width\" content=\"5381\" \/>\n\t<meta property=\"og:image:height\" content=\"3135\" \/>\n\t<meta property=\"og:image:type\" content=\"image\/jpeg\" \/>\n<meta name=\"author\" content=\"Ibone\" \/>\n<meta name=\"twitter:card\" content=\"summary_large_image\" \/>\n<meta name=\"twitter:label1\" content=\"Escrit per\" \/>\n\t<meta name=\"twitter:data1\" content=\"Ibone\" \/>\n\t<meta name=\"twitter:label2\" content=\"Temps estimat de lectura\" \/>\n\t<meta name=\"twitter:data2\" content=\"1 minut\" \/>\n<script type=\"application\/ld+json\" class=\"yoast-schema-graph\">{\"@context\":\"https:\/\/schema.org\",\"@graph\":[{\"@type\":\"Article\",\"@id\":\"https:\/\/www.museuolimpicbcn.cat\/ca\/125-aniversari-del-comite-internacional-olimpic\/#article\",\"isPartOf\":{\"@id\":\"https:\/\/www.museuolimpicbcn.cat\/ca\/125-aniversari-del-comite-internacional-olimpic\/\"},\"author\":{\"name\":\"Ibone\",\"@id\":\"https:\/\/www.museuolimpicbcn.cat\/ca\/#\/schema\/person\/b792834a53f193977df425a499287aa9\"},\"headline\":\"125 aniversari del Comit\u00e8 Internacional Ol\u00edmpic\",\"datePublished\":\"2019-12-17T19:33:44+00:00\",\"dateModified\":\"2019-12-17T19:54:29+00:00\",\"mainEntityOfPage\":{\"@id\":\"https:\/\/www.museuolimpicbcn.cat\/ca\/125-aniversari-del-comite-internacional-olimpic\/\"},\"wordCount\":199,\"commentCount\":0,\"publisher\":{\"@id\":\"https:\/\/www.museuolimpicbcn.cat\/ca\/#organization\"},\"image\":{\"@id\":\"https:\/\/www.museuolimpicbcn.cat\/ca\/125-aniversari-del-comite-internacional-olimpic\/#primaryimage\"},\"thumbnailUrl\":\"https:\/\/www.museuolimpicbcn.cat\/wp-content\/uploads\/sites\/2\/2019\/12\/IOC125Aniversary-MuseuOlimpic-Samaranch-Escude-Alejandro-Blanco.jpg\",\"articleSection\":[\"Uncategorized @ca\"],\"inLanguage\":\"ca\",\"potentialAction\":[{\"@type\":\"CommentAction\",\"name\":\"Comment\",\"target\":[\"https:\/\/www.museuolimpicbcn.cat\/ca\/125-aniversari-del-comite-internacional-olimpic\/#respond\"]}]},{\"@type\":\"WebPage\",\"@id\":\"https:\/\/www.museuolimpicbcn.cat\/ca\/125-aniversari-del-comite-internacional-olimpic\/\",\"url\":\"https:\/\/www.museuolimpicbcn.cat\/ca\/125-aniversari-del-comite-internacional-olimpic\/\",\"name\":\"125 aniversari del Comit\u00e8 Internacional Ol\u00edmpic - Museu Ol\u00edmpic i de l&#039;Esport\",\"isPartOf\":{\"@id\":\"https:\/\/www.museuolimpicbcn.cat\/ca\/#website\"},\"primaryImageOfPage\":{\"@id\":\"https:\/\/www.museuolimpicbcn.cat\/ca\/125-aniversari-del-comite-internacional-olimpic\/#primaryimage\"},\"image\":{\"@id\":\"https:\/\/www.museuolimpicbcn.cat\/ca\/125-aniversari-del-comite-internacional-olimpic\/#primaryimage\"},\"thumbnailUrl\":\"https:\/\/www.museuolimpicbcn.cat\/wp-content\/uploads\/sites\/2\/2019\/12\/IOC125Aniversary-MuseuOlimpic-Samaranch-Escude-Alejandro-Blanco.jpg\",\"datePublished\":\"2019-12-17T19:33:44+00:00\",\"dateModified\":\"2019-12-17T19:54:29+00:00\",\"breadcrumb\":{\"@id\":\"https:\/\/www.museuolimpicbcn.cat\/ca\/125-aniversari-del-comite-internacional-olimpic\/#breadcrumb\"},\"inLanguage\":\"ca\",\"potentialAction\":[{\"@type\":\"ReadAction\",\"target\":[\"https:\/\/www.museuolimpicbcn.cat\/ca\/125-aniversari-del-comite-internacional-olimpic\/\"]}]},{\"@type\":\"ImageObject\",\"inLanguage\":\"ca\",\"@id\":\"https:\/\/www.museuolimpicbcn.cat\/ca\/125-aniversari-del-comite-internacional-olimpic\/#primaryimage\",\"url\":\"https:\/\/www.museuolimpicbcn.cat\/wp-content\/uploads\/sites\/2\/2019\/12\/IOC125Aniversary-MuseuOlimpic-Samaranch-Escude-Alejandro-Blanco.jpg\",\"contentUrl\":\"https:\/\/www.museuolimpicbcn.cat\/wp-content\/uploads\/sites\/2\/2019\/12\/IOC125Aniversary-MuseuOlimpic-Samaranch-Escude-Alejandro-Blanco.jpg\",\"width\":5381,\"height\":3135,\"caption\":\"Joan Manuel Surroca - Jordi Sans . Maria Teresa Samaranch - David Escud\u00e9 - Alejandro Blanco - Isabel Fern\u00e1ndez - Leandre Negre - Pere Vil\u00e0\"},{\"@type\":\"BreadcrumbList\",\"@id\":\"https:\/\/www.museuolimpicbcn.cat\/ca\/125-aniversari-del-comite-internacional-olimpic\/#breadcrumb\",\"itemListElement\":[{\"@type\":\"ListItem\",\"position\":1,\"name\":\"Inici\",\"item\":\"https:\/\/www.museuolimpicbcn.cat\/es\/\"},{\"@type\":\"ListItem\",\"position\":2,\"name\":\"125 aniversari del Comit\u00e8 Internacional Ol\u00edmpic\"}]},{\"@type\":\"WebSite\",\"@id\":\"https:\/\/www.museuolimpicbcn.cat\/ca\/#website\",\"url\":\"https:\/\/www.museuolimpicbcn.cat\/ca\/\",\"name\":\"Museu Ol\u00edmpic i de l&#039;Esport\",\"description\":\"Altre lloc Web del Museu Ol\u00edmpic i de l&#039;Esport llocs\",\"publisher\":{\"@id\":\"https:\/\/www.museuolimpicbcn.cat\/ca\/#organization\"},\"potentialAction\":[{\"@type\":\"SearchAction\",\"target\":{\"@type\":\"EntryPoint\",\"urlTemplate\":\"https:\/\/www.museuolimpicbcn.cat\/ca\/?s={search_term_string}\"},\"query-input\":{\"@type\":\"PropertyValueSpecification\",\"valueRequired\":true,\"valueName\":\"search_term_string\"}}],\"inLanguage\":\"ca\"},{\"@type\":\"Organization\",\"@id\":\"https:\/\/www.museuolimpicbcn.cat\/ca\/#organization\",\"name\":\"Museu Ol\u00edmpic i de l&#039;Esport\",\"url\":\"https:\/\/www.museuolimpicbcn.cat\/ca\/\",\"logo\":{\"@type\":\"ImageObject\",\"inLanguage\":\"ca\",\"@id\":\"https:\/\/www.museuolimpicbcn.cat\/ca\/#\/schema\/logo\/image\/\",\"url\":\"https:\/\/www.museuolimpicbcn.cat\/wp-content\/uploads\/sites\/2\/2018\/12\/logo-moe-header.svg\",\"contentUrl\":\"https:\/\/www.museuolimpicbcn.cat\/wp-content\/uploads\/sites\/2\/2018\/12\/logo-moe-header.svg\",\"caption\":\"Museu Ol\u00edmpic i de l&#039;Esport\"},\"image\":{\"@id\":\"https:\/\/www.museuolimpicbcn.cat\/ca\/#\/schema\/logo\/image\/\"}},{\"@type\":\"Person\",\"@id\":\"https:\/\/www.museuolimpicbcn.cat\/ca\/#\/schema\/person\/b792834a53f193977df425a499287aa9\",\"name\":\"Ibone\",\"url\":\"https:\/\/www.museuolimpicbcn.cat\/ca\/author\/fbolimpica\/\"}]}<\/script>\n<!-- \/ Yoast SEO plugin. -->","yoast_head_json":{"title":"125 aniversari del Comit\u00e8 Internacional Ol\u00edmpic - Museu Ol\u00edmpic i de l&#039;Esport","robots":{"index":"index","follow":"follow","max-snippet":"max-snippet:-1","max-image-preview":"max-image-preview:large","max-video-preview":"max-video-preview:-1"},"canonical":"https:\/\/www.museuolimpicbcn.cat\/ca\/125-aniversari-del-comite-internacional-olimpic\/","og_locale":"ca_ES","og_type":"article","og_title":"125 aniversari del Comit\u00e8 Internacional Ol\u00edmpic - Museu Ol\u00edmpic i de l&#039;Esport","og_description":"David Escud\u00e9, president de la Fundaci\u00f3 Barcelona Ol\u00edmpica i regidor d&#8217;Esports de l&#8217;Ajuntament de Barcelona; i Pere Vil\u00e0, representant territorial de l&#8217;Esport i l&#8217;Activitat F\u00edsica a Barcelona i Comarques de la Catalunya, van inaugurar l&#8217;acte commemoratiu que la Fundaci\u00f3 Barcelona Ol\u00edmpica (FBO) ha realitzat amb motiu del 125 aniversari de la creaci\u00f3 del CIO. Mitjan\u00e7ant [&hellip;]","og_url":"https:\/\/www.museuolimpicbcn.cat\/ca\/125-aniversari-del-comite-internacional-olimpic\/","og_site_name":"Museu Ol\u00edmpic i de l&#039;Esport","article_published_time":"2019-12-17T19:33:44+00:00","article_modified_time":"2019-12-17T19:54:29+00:00","og_image":[{"width":5381,"height":3135,"url":"https:\/\/www.museuolimpicbcn.cat\/wp-content\/uploads\/sites\/2\/2019\/12\/IOC125Aniversary-MuseuOlimpic-Samaranch-Escude-Alejandro-Blanco.jpg","type":"image\/jpeg"}],"author":"Ibone","twitter_card":"summary_large_image","twitter_misc":{"Escrit per":"Ibone","Temps estimat de lectura":"1 minut"},"schema":{"@context":"https:\/\/schema.org","@graph":[{"@type":"Article","@id":"https:\/\/www.museuolimpicbcn.cat\/ca\/125-aniversari-del-comite-internacional-olimpic\/#article","isPartOf":{"@id":"https:\/\/www.museuolimpicbcn.cat\/ca\/125-aniversari-del-comite-internacional-olimpic\/"},"author":{"name":"Ibone","@id":"https:\/\/www.museuolimpicbcn.cat\/ca\/#\/schema\/person\/b792834a53f193977df425a499287aa9"},"headline":"125 aniversari del Comit\u00e8 Internacional Ol\u00edmpic","datePublished":"2019-12-17T19:33:44+00:00","dateModified":"2019-12-17T19:54:29+00:00","mainEntityOfPage":{"@id":"https:\/\/www.museuolimpicbcn.cat\/ca\/125-aniversari-del-comite-internacional-olimpic\/"},"wordCount":199,"commentCount":0,"publisher":{"@id":"https:\/\/www.museuolimpicbcn.cat\/ca\/#organization"},"image":{"@id":"https:\/\/www.museuolimpicbcn.cat\/ca\/125-aniversari-del-comite-internacional-olimpic\/#primaryimage"},"thumbnailUrl":"https:\/\/www.museuolimpicbcn.cat\/wp-content\/uploads\/sites\/2\/2019\/12\/IOC125Aniversary-MuseuOlimpic-Samaranch-Escude-Alejandro-Blanco.jpg","articleSection":["Uncategorized @ca"],"inLanguage":"ca","potentialAction":[{"@type":"CommentAction","name":"Comment","target":["https:\/\/www.museuolimpicbcn.cat\/ca\/125-aniversari-del-comite-internacional-olimpic\/#respond"]}]},{"@type":"WebPage","@id":"https:\/\/www.museuolimpicbcn.cat\/ca\/125-aniversari-del-comite-internacional-olimpic\/","url":"https:\/\/www.museuolimpicbcn.cat\/ca\/125-aniversari-del-comite-internacional-olimpic\/","name":"125 aniversari del Comit\u00e8 Internacional Ol\u00edmpic - Museu Ol\u00edmpic i de l&#039;Esport","isPartOf":{"@id":"https:\/\/www.museuolimpicbcn.cat\/ca\/#website"},"primaryImageOfPage":{"@id":"https:\/\/www.museuolimpicbcn.cat\/ca\/125-aniversari-del-comite-internacional-olimpic\/#primaryimage"},"image":{"@id":"https:\/\/www.museuolimpicbcn.cat\/ca\/125-aniversari-del-comite-internacional-olimpic\/#primaryimage"},"thumbnailUrl":"https:\/\/www.museuolimpicbcn.cat\/wp-content\/uploads\/sites\/2\/2019\/12\/IOC125Aniversary-MuseuOlimpic-Samaranch-Escude-Alejandro-Blanco.jpg","datePublished":"2019-12-17T19:33:44+00:00","dateModified":"2019-12-17T19:54:29+00:00","breadcrumb":{"@id":"https:\/\/www.museuolimpicbcn.cat\/ca\/125-aniversari-del-comite-internacional-olimpic\/#breadcrumb"},"inLanguage":"ca","potentialAction":[{"@type":"ReadAction","target":["https:\/\/www.museuolimpicbcn.cat\/ca\/125-aniversari-del-comite-internacional-olimpic\/"]}]},{"@type":"ImageObject","inLanguage":"ca","@id":"https:\/\/www.museuolimpicbcn.cat\/ca\/125-aniversari-del-comite-internacional-olimpic\/#primaryimage","url":"https:\/\/www.museuolimpicbcn.cat\/wp-content\/uploads\/sites\/2\/2019\/12\/IOC125Aniversary-MuseuOlimpic-Samaranch-Escude-Alejandro-Blanco.jpg","contentUrl":"https:\/\/www.museuolimpicbcn.cat\/wp-content\/uploads\/sites\/2\/2019\/12\/IOC125Aniversary-MuseuOlimpic-Samaranch-Escude-Alejandro-Blanco.jpg","width":5381,"height":3135,"caption":"Joan Manuel Surroca - Jordi Sans . Maria Teresa Samaranch - David Escud\u00e9 - Alejandro Blanco - Isabel Fern\u00e1ndez - Leandre Negre - Pere Vil\u00e0"},{"@type":"BreadcrumbList","@id":"https:\/\/www.museuolimpicbcn.cat\/ca\/125-aniversari-del-comite-internacional-olimpic\/#breadcrumb","itemListElement":[{"@type":"ListItem","position":1,"name":"Inici","item":"https:\/\/www.museuolimpicbcn.cat\/es\/"},{"@type":"ListItem","position":2,"name":"125 aniversari del Comit\u00e8 Internacional Ol\u00edmpic"}]},{"@type":"WebSite","@id":"https:\/\/www.museuolimpicbcn.cat\/ca\/#website","url":"https:\/\/www.museuolimpicbcn.cat\/ca\/","name":"Museu Ol\u00edmpic i de l&#039;Esport","description":"Altre lloc Web del Museu Ol\u00edmpic i de l&#039;Esport llocs","publisher":{"@id":"https:\/\/www.museuolimpicbcn.cat\/ca\/#organization"},"potentialAction":[{"@type":"SearchAction","target":{"@type":"EntryPoint","urlTemplate":"https:\/\/www.museuolimpicbcn.cat\/ca\/?s={search_term_string}"},"query-input":{"@type":"PropertyValueSpecification","valueRequired":true,"valueName":"search_term_string"}}],"inLanguage":"ca"},{"@type":"Organization","@id":"https:\/\/www.museuolimpicbcn.cat\/ca\/#organization","name":"Museu Ol\u00edmpic i de l&#039;Esport","url":"https:\/\/www.museuolimpicbcn.cat\/ca\/","logo":{"@type":"ImageObject","inLanguage":"ca","@id":"https:\/\/www.museuolimpicbcn.cat\/ca\/#\/schema\/logo\/image\/","url":"https:\/\/www.museuolimpicbcn.cat\/wp-content\/uploads\/sites\/2\/2018\/12\/logo-moe-header.svg","contentUrl":"https:\/\/www.museuolimpicbcn.cat\/wp-content\/uploads\/sites\/2\/2018\/12\/logo-moe-header.svg","caption":"Museu Ol\u00edmpic i de l&#039;Esport"},"image":{"@id":"https:\/\/www.museuolimpicbcn.cat\/ca\/#\/schema\/logo\/image\/"}},{"@type":"Person","@id":"https:\/\/www.museuolimpicbcn.cat\/ca\/#\/schema\/person\/b792834a53f193977df425a499287aa9","name":"Ibone","url":"https:\/\/www.museuolimpicbcn.cat\/ca\/author\/fbolimpica\/"}]}},"_links":{"self":[{"href":"https:\/\/www.museuolimpicbcn.cat\/ca\/wp-json\/wp\/v2\/posts\/24209"}],"collection":[{"href":"https:\/\/www.museuolimpicbcn.cat\/ca\/wp-json\/wp\/v2\/posts"}],"about":[{"href":"https:\/\/www.museuolimpicbcn.cat\/ca\/wp-json\/wp\/v2\/types\/post"}],"author":[{"embeddable":true,"href":"https:\/\/www.museuolimpicbcn.cat\/ca\/wp-json\/wp\/v2\/users\/11"}],"replies":[{"embeddable":true,"href":"https:\/\/www.museuolimpicbcn.cat\/ca\/wp-json\/wp\/v2\/comments?post=24209"}],"version-history":[{"count":2,"href":"https:\/\/www.museuolimpicbcn.cat\/ca\/wp-json\/wp\/v2\/posts\/24209\/revisions"}],"predecessor-version":[{"id":24212,"href":"https:\/\/www.museuolimpicbcn.cat\/ca\/wp-json\/wp\/v2\/posts\/24209\/revisions\/24212"}],"wp:featuredmedia":[{"embeddable":true,"href":"https:\/\/www.museuolimpicbcn.cat\/ca\/wp-json\/wp\/v2\/media\/24174"}],"wp:attachment":[{"href":"https:\/\/www.museuolimpicbcn.cat\/ca\/wp-json\/wp\/v2\/media?parent=24209"}],"wp:term":[{"taxonomy":"category","embeddable":true,"href":"https:\/\/www.museuolimpicbcn.cat\/ca\/wp-json\/wp\/v2\/categories?post=24209"},{"taxonomy":"post_tag","embeddable":true,"href":"https:\/\/www.museuolimpicbcn.cat\/ca\/wp-json\/wp\/v2\/tags?post=24209"}],"curies":[{"name":"wp","href":"https:\/\/api.w.org\/{rel}","templated":true}]}}