{"id":24643,"date":"2020-02-06T20:23:22","date_gmt":"2020-02-06T19:23:22","guid":{"rendered":"https:\/\/www.museuolimpicbcn.cat\/100-anys-de-la-primera-edicio-de-la-jean-bouin\/"},"modified":"2020-02-06T20:23:22","modified_gmt":"2020-02-06T19:23:22","slug":"100-anys-de-la-primera-edicio-de-la-jean-bouin","status":"publish","type":"post","link":"https:\/\/www.museuolimpicbcn.cat\/ca\/100-anys-de-la-primera-edicio-de-la-jean-bouin\/","title":{"rendered":"100 anys de la primera edici\u00f3 de la Jean Bouin"},"content":{"rendered":"<p>Juli Pernas, director de la Fundaci\u00f3 Barcelona Ol\u00edmpica i David Llorens, sots-director del diari esportiu <em>Mundo Deportivo <\/em>han donat la benvinguda a la commemoraci\u00f3 dels 100 anys de la primera edici\u00f3 de la Jean Bouin, competici\u00f3 d&#8217;atletisme m\u00e9s veterana del pa\u00eds al marge dels Campionats oficials de Catalunya i d&#8217;Espanya de pista i de cross.<\/p>\n<p>Per la seva part, Jaume Grau, promotor hist\u00f2ric de la prova, ens ha explicat l&#8217;origen i desenvolupament d&#8217;aquests 100 anys d&#8217;hist\u00f2ria. La Jean Bouin va n\u00e9ixer l&#8217;1 de febrer de 1920 per iniciativa d&#8217;un grup de periodistes \u2014Josep Antoni Trabal, Llu\u00eds Mel\u00e9ndez i Rossend Calvet\u2014 amants de l&#8217;atletisme. Aquesta vinculaci\u00f3 amb el m\u00f3n del periodisme va fer que la prova sempre estigu\u00e9s vinculada a mitjans de comunicaci\u00f3. En 1926 va prendre per primera vegada les regnes de l&#8217;organitzaci\u00f3 del diari el <em>Mundo Deportivo <\/em>i despr\u00e9s de repetir diverses vegades, en 1941 pren definitivament les regnes de l&#8217;organitzaci\u00f3 fins al dia d&#8217;avui com la Jean Bouin Mundo Deportivo Gran Premi Allianz.<\/p>\n<p>Cal destacar que enguany la Jean Bouin compleix 96 edicions, ja que en diverses ocasions entre 1936 i 1939 va ser interrompuda a causa de la Guerra Civil espanyola i, puntualment, tamb\u00e9 va ser suspesa en els anys 1955 i 1967. D&#8217;altra banda, l&#8217;any 1957 es van celebrar dues edicions.<\/p>\n<p>En la taula rodona moderada per Josep Maria Rub\u00ed i composta per Josep Mar\u00eda Antentas, vicepresident de la Federaci\u00f3 Catalana d\u2019Atletisme i els atletes Carmen Valero, Reyes Est\u00e9vez i Encarna Escudero s&#8217;ha destacat la import\u00e0ncia d&#8217;una carrera com la Jean Bouin, que acull categories escolars i federats de totes les categories: juvenil, j\u00fanior, promesa, s\u00e8nior etc., la qual cosa la converteix en la gran \u201cfesta\u201d de l&#8217;atletisme. Com ha destacat Reyes Est\u00e9vez: \u201cno et pots considerar un atleta si no has corregut mai la Jean Bouin. \u00c9s una carrera que tots hem fet en algun moment de les nostres vides, i una de les quals millors records es t\u00e9.\u201d<\/p>\n","protected":false},"excerpt":{"rendered":"<p>Juli Pernas, director de la Fundaci\u00f3 Barcelona Ol\u00edmpica i David Llorens, sots-director del diari esportiu Mundo Deportivo han donat la benvinguda a la commemoraci\u00f3 dels 100 anys de la primera edici\u00f3 de la Jean Bouin, competici\u00f3 d&#8217;atletisme m\u00e9s veterana del pa\u00eds al marge dels Campionats oficials de Catalunya i d&#8217;Espanya de pista i de cross. [&hellip;]<\/p>\n","protected":false},"author":11,"featured_media":24635,"comment_status":"closed","ping_status":"closed","sticky":false,"template":"","format":"standard","meta":{"_acf_changed":false,"_price":"","_stock":"","_tribe_ticket_header":"","_tribe_default_ticket_provider":"","_tribe_ticket_capacity":"0","_ticket_start_date":"","_ticket_end_date":"","_tribe_ticket_show_description":"","_tribe_ticket_show_not_going":false,"_tribe_ticket_use_global_stock":"","_tribe_ticket_global_stock_level":"","_global_stock_mode":"","_global_stock_cap":"","_tribe_rsvp_for_event":"","_tribe_ticket_going_count":"","_tribe_ticket_not_going_count":"","_tribe_tickets_list":"[]","_tribe_ticket_has_attendee_info_fields":false,"footnotes":""},"categories":[1],"tags":[],"class_list":["post-24643","post","type-post","status-publish","format-standard","has-post-thumbnail","hentry","category-uncategorized-ca"],"acf":[],"yoast_head":"<!-- This site is optimized with the Yoast SEO plugin v23.7 - https:\/\/yoast.com\/wordpress\/plugins\/seo\/ -->\n<title>100 anys de la primera edici\u00f3 de la Jean Bouin - Museu Ol\u00edmpic i de l&#039;Esport<\/title>\n<meta name=\"robots\" content=\"index, follow, max-snippet:-1, max-image-preview:large, max-video-preview:-1\" \/>\n<link rel=\"canonical\" href=\"https:\/\/www.museuolimpicbcn.cat\/ca\/100-anys-de-la-primera-edicio-de-la-jean-bouin\/\" \/>\n<meta property=\"og:locale\" content=\"ca_ES\" \/>\n<meta property=\"og:type\" content=\"article\" \/>\n<meta property=\"og:title\" content=\"100 anys de la primera edici\u00f3 de la Jean Bouin - Museu Ol\u00edmpic i de l&#039;Esport\" \/>\n<meta property=\"og:description\" content=\"Juli Pernas, director de la Fundaci\u00f3 Barcelona Ol\u00edmpica i David Llorens, sots-director del diari esportiu Mundo Deportivo han donat la benvinguda a la commemoraci\u00f3 dels 100 anys de la primera edici\u00f3 de la Jean Bouin, competici\u00f3 d&#8217;atletisme m\u00e9s veterana del pa\u00eds al marge dels Campionats oficials de Catalunya i d&#8217;Espanya de pista i de cross. [&hellip;]\" \/>\n<meta property=\"og:url\" content=\"https:\/\/www.museuolimpicbcn.cat\/ca\/100-anys-de-la-primera-edicio-de-la-jean-bouin\/\" \/>\n<meta property=\"og:site_name\" content=\"Museu Ol\u00edmpic i de l&#039;Esport\" \/>\n<meta property=\"article:published_time\" content=\"2020-02-06T19:23:22+00:00\" \/>\n<meta property=\"og:image\" content=\"https:\/\/www.museuolimpicbcn.cat\/wp-content\/uploads\/sites\/2\/2020\/02\/JEAN-BOUIN-MUSEU-OLIMPIC_Mundo-Deportivo3.jpg\" \/>\n\t<meta property=\"og:image:width\" content=\"5538\" \/>\n\t<meta property=\"og:image:height\" content=\"3197\" \/>\n\t<meta property=\"og:image:type\" content=\"image\/jpeg\" \/>\n<meta name=\"author\" content=\"Ibone\" \/>\n<meta name=\"twitter:card\" content=\"summary_large_image\" \/>\n<meta name=\"twitter:label1\" content=\"Escrit per\" \/>\n\t<meta name=\"twitter:data1\" content=\"Ibone\" \/>\n\t<meta name=\"twitter:label2\" content=\"Temps estimat de lectura\" \/>\n\t<meta name=\"twitter:data2\" content=\"2 minuts\" \/>\n<script type=\"application\/ld+json\" class=\"yoast-schema-graph\">{\"@context\":\"https:\/\/schema.org\",\"@graph\":[{\"@type\":\"Article\",\"@id\":\"https:\/\/www.museuolimpicbcn.cat\/ca\/100-anys-de-la-primera-edicio-de-la-jean-bouin\/#article\",\"isPartOf\":{\"@id\":\"https:\/\/www.museuolimpicbcn.cat\/ca\/100-anys-de-la-primera-edicio-de-la-jean-bouin\/\"},\"author\":{\"name\":\"Ibone\",\"@id\":\"https:\/\/www.museuolimpicbcn.cat\/ca\/#\/schema\/person\/b792834a53f193977df425a499287aa9\"},\"headline\":\"100 anys de la primera edici\u00f3 de la Jean Bouin\",\"datePublished\":\"2020-02-06T19:23:22+00:00\",\"dateModified\":\"2020-02-06T19:23:22+00:00\",\"mainEntityOfPage\":{\"@id\":\"https:\/\/www.museuolimpicbcn.cat\/ca\/100-anys-de-la-primera-edicio-de-la-jean-bouin\/\"},\"wordCount\":340,\"publisher\":{\"@id\":\"https:\/\/www.museuolimpicbcn.cat\/ca\/#organization\"},\"image\":{\"@id\":\"https:\/\/www.museuolimpicbcn.cat\/ca\/100-anys-de-la-primera-edicio-de-la-jean-bouin\/#primaryimage\"},\"thumbnailUrl\":\"https:\/\/www.museuolimpicbcn.cat\/wp-content\/uploads\/sites\/2\/2020\/02\/JEAN-BOUIN-MUSEU-OLIMPIC_Mundo-Deportivo3.jpg\",\"articleSection\":[\"Uncategorized @ca\"],\"inLanguage\":\"ca\"},{\"@type\":\"WebPage\",\"@id\":\"https:\/\/www.museuolimpicbcn.cat\/ca\/100-anys-de-la-primera-edicio-de-la-jean-bouin\/\",\"url\":\"https:\/\/www.museuolimpicbcn.cat\/ca\/100-anys-de-la-primera-edicio-de-la-jean-bouin\/\",\"name\":\"100 anys de la primera edici\u00f3 de la Jean Bouin - Museu Ol\u00edmpic i de l&#039;Esport\",\"isPartOf\":{\"@id\":\"https:\/\/www.museuolimpicbcn.cat\/ca\/#website\"},\"primaryImageOfPage\":{\"@id\":\"https:\/\/www.museuolimpicbcn.cat\/ca\/100-anys-de-la-primera-edicio-de-la-jean-bouin\/#primaryimage\"},\"image\":{\"@id\":\"https:\/\/www.museuolimpicbcn.cat\/ca\/100-anys-de-la-primera-edicio-de-la-jean-bouin\/#primaryimage\"},\"thumbnailUrl\":\"https:\/\/www.museuolimpicbcn.cat\/wp-content\/uploads\/sites\/2\/2020\/02\/JEAN-BOUIN-MUSEU-OLIMPIC_Mundo-Deportivo3.jpg\",\"datePublished\":\"2020-02-06T19:23:22+00:00\",\"dateModified\":\"2020-02-06T19:23:22+00:00\",\"breadcrumb\":{\"@id\":\"https:\/\/www.museuolimpicbcn.cat\/ca\/100-anys-de-la-primera-edicio-de-la-jean-bouin\/#breadcrumb\"},\"inLanguage\":\"ca\",\"potentialAction\":[{\"@type\":\"ReadAction\",\"target\":[\"https:\/\/www.museuolimpicbcn.cat\/ca\/100-anys-de-la-primera-edicio-de-la-jean-bouin\/\"]}]},{\"@type\":\"ImageObject\",\"inLanguage\":\"ca\",\"@id\":\"https:\/\/www.museuolimpicbcn.cat\/ca\/100-anys-de-la-primera-edicio-de-la-jean-bouin\/#primaryimage\",\"url\":\"https:\/\/www.museuolimpicbcn.cat\/wp-content\/uploads\/sites\/2\/2020\/02\/JEAN-BOUIN-MUSEU-OLIMPIC_Mundo-Deportivo3.jpg\",\"contentUrl\":\"https:\/\/www.museuolimpicbcn.cat\/wp-content\/uploads\/sites\/2\/2020\/02\/JEAN-BOUIN-MUSEU-OLIMPIC_Mundo-Deportivo3.jpg\",\"width\":5538,\"height\":3197},{\"@type\":\"BreadcrumbList\",\"@id\":\"https:\/\/www.museuolimpicbcn.cat\/ca\/100-anys-de-la-primera-edicio-de-la-jean-bouin\/#breadcrumb\",\"itemListElement\":[{\"@type\":\"ListItem\",\"position\":1,\"name\":\"Inici\",\"item\":\"https:\/\/www.museuolimpicbcn.cat\/es\/\"},{\"@type\":\"ListItem\",\"position\":2,\"name\":\"100 anys de la primera edici\u00f3 de la Jean Bouin\"}]},{\"@type\":\"WebSite\",\"@id\":\"https:\/\/www.museuolimpicbcn.cat\/ca\/#website\",\"url\":\"https:\/\/www.museuolimpicbcn.cat\/ca\/\",\"name\":\"Museu Ol\u00edmpic i de l&#039;Esport\",\"description\":\"Altre lloc Web del Museu Ol\u00edmpic i de l&#039;Esport llocs\",\"publisher\":{\"@id\":\"https:\/\/www.museuolimpicbcn.cat\/ca\/#organization\"},\"potentialAction\":[{\"@type\":\"SearchAction\",\"target\":{\"@type\":\"EntryPoint\",\"urlTemplate\":\"https:\/\/www.museuolimpicbcn.cat\/ca\/?s={search_term_string}\"},\"query-input\":{\"@type\":\"PropertyValueSpecification\",\"valueRequired\":true,\"valueName\":\"search_term_string\"}}],\"inLanguage\":\"ca\"},{\"@type\":\"Organization\",\"@id\":\"https:\/\/www.museuolimpicbcn.cat\/ca\/#organization\",\"name\":\"Museu Ol\u00edmpic i de l&#039;Esport\",\"url\":\"https:\/\/www.museuolimpicbcn.cat\/ca\/\",\"logo\":{\"@type\":\"ImageObject\",\"inLanguage\":\"ca\",\"@id\":\"https:\/\/www.museuolimpicbcn.cat\/ca\/#\/schema\/logo\/image\/\",\"url\":\"https:\/\/www.museuolimpicbcn.cat\/wp-content\/uploads\/sites\/2\/2018\/12\/logo-moe-header.svg\",\"contentUrl\":\"https:\/\/www.museuolimpicbcn.cat\/wp-content\/uploads\/sites\/2\/2018\/12\/logo-moe-header.svg\",\"caption\":\"Museu Ol\u00edmpic i de l&#039;Esport\"},\"image\":{\"@id\":\"https:\/\/www.museuolimpicbcn.cat\/ca\/#\/schema\/logo\/image\/\"}},{\"@type\":\"Person\",\"@id\":\"https:\/\/www.museuolimpicbcn.cat\/ca\/#\/schema\/person\/b792834a53f193977df425a499287aa9\",\"name\":\"Ibone\",\"url\":\"https:\/\/www.museuolimpicbcn.cat\/ca\/author\/fbolimpica\/\"}]}<\/script>\n<!-- \/ Yoast SEO plugin. -->","yoast_head_json":{"title":"100 anys de la primera edici\u00f3 de la Jean Bouin - Museu Ol\u00edmpic i de l&#039;Esport","robots":{"index":"index","follow":"follow","max-snippet":"max-snippet:-1","max-image-preview":"max-image-preview:large","max-video-preview":"max-video-preview:-1"},"canonical":"https:\/\/www.museuolimpicbcn.cat\/ca\/100-anys-de-la-primera-edicio-de-la-jean-bouin\/","og_locale":"ca_ES","og_type":"article","og_title":"100 anys de la primera edici\u00f3 de la Jean Bouin - Museu Ol\u00edmpic i de l&#039;Esport","og_description":"Juli Pernas, director de la Fundaci\u00f3 Barcelona Ol\u00edmpica i David Llorens, sots-director del diari esportiu Mundo Deportivo han donat la benvinguda a la commemoraci\u00f3 dels 100 anys de la primera edici\u00f3 de la Jean Bouin, competici\u00f3 d&#8217;atletisme m\u00e9s veterana del pa\u00eds al marge dels Campionats oficials de Catalunya i d&#8217;Espanya de pista i de cross. [&hellip;]","og_url":"https:\/\/www.museuolimpicbcn.cat\/ca\/100-anys-de-la-primera-edicio-de-la-jean-bouin\/","og_site_name":"Museu Ol\u00edmpic i de l&#039;Esport","article_published_time":"2020-02-06T19:23:22+00:00","og_image":[{"width":5538,"height":3197,"url":"https:\/\/www.museuolimpicbcn.cat\/wp-content\/uploads\/sites\/2\/2020\/02\/JEAN-BOUIN-MUSEU-OLIMPIC_Mundo-Deportivo3.jpg","type":"image\/jpeg"}],"author":"Ibone","twitter_card":"summary_large_image","twitter_misc":{"Escrit per":"Ibone","Temps estimat de lectura":"2 minuts"},"schema":{"@context":"https:\/\/schema.org","@graph":[{"@type":"Article","@id":"https:\/\/www.museuolimpicbcn.cat\/ca\/100-anys-de-la-primera-edicio-de-la-jean-bouin\/#article","isPartOf":{"@id":"https:\/\/www.museuolimpicbcn.cat\/ca\/100-anys-de-la-primera-edicio-de-la-jean-bouin\/"},"author":{"name":"Ibone","@id":"https:\/\/www.museuolimpicbcn.cat\/ca\/#\/schema\/person\/b792834a53f193977df425a499287aa9"},"headline":"100 anys de la primera edici\u00f3 de la Jean Bouin","datePublished":"2020-02-06T19:23:22+00:00","dateModified":"2020-02-06T19:23:22+00:00","mainEntityOfPage":{"@id":"https:\/\/www.museuolimpicbcn.cat\/ca\/100-anys-de-la-primera-edicio-de-la-jean-bouin\/"},"wordCount":340,"publisher":{"@id":"https:\/\/www.museuolimpicbcn.cat\/ca\/#organization"},"image":{"@id":"https:\/\/www.museuolimpicbcn.cat\/ca\/100-anys-de-la-primera-edicio-de-la-jean-bouin\/#primaryimage"},"thumbnailUrl":"https:\/\/www.museuolimpicbcn.cat\/wp-content\/uploads\/sites\/2\/2020\/02\/JEAN-BOUIN-MUSEU-OLIMPIC_Mundo-Deportivo3.jpg","articleSection":["Uncategorized @ca"],"inLanguage":"ca"},{"@type":"WebPage","@id":"https:\/\/www.museuolimpicbcn.cat\/ca\/100-anys-de-la-primera-edicio-de-la-jean-bouin\/","url":"https:\/\/www.museuolimpicbcn.cat\/ca\/100-anys-de-la-primera-edicio-de-la-jean-bouin\/","name":"100 anys de la primera edici\u00f3 de la Jean Bouin - Museu Ol\u00edmpic i de l&#039;Esport","isPartOf":{"@id":"https:\/\/www.museuolimpicbcn.cat\/ca\/#website"},"primaryImageOfPage":{"@id":"https:\/\/www.museuolimpicbcn.cat\/ca\/100-anys-de-la-primera-edicio-de-la-jean-bouin\/#primaryimage"},"image":{"@id":"https:\/\/www.museuolimpicbcn.cat\/ca\/100-anys-de-la-primera-edicio-de-la-jean-bouin\/#primaryimage"},"thumbnailUrl":"https:\/\/www.museuolimpicbcn.cat\/wp-content\/uploads\/sites\/2\/2020\/02\/JEAN-BOUIN-MUSEU-OLIMPIC_Mundo-Deportivo3.jpg","datePublished":"2020-02-06T19:23:22+00:00","dateModified":"2020-02-06T19:23:22+00:00","breadcrumb":{"@id":"https:\/\/www.museuolimpicbcn.cat\/ca\/100-anys-de-la-primera-edicio-de-la-jean-bouin\/#breadcrumb"},"inLanguage":"ca","potentialAction":[{"@type":"ReadAction","target":["https:\/\/www.museuolimpicbcn.cat\/ca\/100-anys-de-la-primera-edicio-de-la-jean-bouin\/"]}]},{"@type":"ImageObject","inLanguage":"ca","@id":"https:\/\/www.museuolimpicbcn.cat\/ca\/100-anys-de-la-primera-edicio-de-la-jean-bouin\/#primaryimage","url":"https:\/\/www.museuolimpicbcn.cat\/wp-content\/uploads\/sites\/2\/2020\/02\/JEAN-BOUIN-MUSEU-OLIMPIC_Mundo-Deportivo3.jpg","contentUrl":"https:\/\/www.museuolimpicbcn.cat\/wp-content\/uploads\/sites\/2\/2020\/02\/JEAN-BOUIN-MUSEU-OLIMPIC_Mundo-Deportivo3.jpg","width":5538,"height":3197},{"@type":"BreadcrumbList","@id":"https:\/\/www.museuolimpicbcn.cat\/ca\/100-anys-de-la-primera-edicio-de-la-jean-bouin\/#breadcrumb","itemListElement":[{"@type":"ListItem","position":1,"name":"Inici","item":"https:\/\/www.museuolimpicbcn.cat\/es\/"},{"@type":"ListItem","position":2,"name":"100 anys de la primera edici\u00f3 de la Jean Bouin"}]},{"@type":"WebSite","@id":"https:\/\/www.museuolimpicbcn.cat\/ca\/#website","url":"https:\/\/www.museuolimpicbcn.cat\/ca\/","name":"Museu Ol\u00edmpic i de l&#039;Esport","description":"Altre lloc Web del Museu Ol\u00edmpic i de l&#039;Esport llocs","publisher":{"@id":"https:\/\/www.museuolimpicbcn.cat\/ca\/#organization"},"potentialAction":[{"@type":"SearchAction","target":{"@type":"EntryPoint","urlTemplate":"https:\/\/www.museuolimpicbcn.cat\/ca\/?s={search_term_string}"},"query-input":{"@type":"PropertyValueSpecification","valueRequired":true,"valueName":"search_term_string"}}],"inLanguage":"ca"},{"@type":"Organization","@id":"https:\/\/www.museuolimpicbcn.cat\/ca\/#organization","name":"Museu Ol\u00edmpic i de l&#039;Esport","url":"https:\/\/www.museuolimpicbcn.cat\/ca\/","logo":{"@type":"ImageObject","inLanguage":"ca","@id":"https:\/\/www.museuolimpicbcn.cat\/ca\/#\/schema\/logo\/image\/","url":"https:\/\/www.museuolimpicbcn.cat\/wp-content\/uploads\/sites\/2\/2018\/12\/logo-moe-header.svg","contentUrl":"https:\/\/www.museuolimpicbcn.cat\/wp-content\/uploads\/sites\/2\/2018\/12\/logo-moe-header.svg","caption":"Museu Ol\u00edmpic i de l&#039;Esport"},"image":{"@id":"https:\/\/www.museuolimpicbcn.cat\/ca\/#\/schema\/logo\/image\/"}},{"@type":"Person","@id":"https:\/\/www.museuolimpicbcn.cat\/ca\/#\/schema\/person\/b792834a53f193977df425a499287aa9","name":"Ibone","url":"https:\/\/www.museuolimpicbcn.cat\/ca\/author\/fbolimpica\/"}]}},"_links":{"self":[{"href":"https:\/\/www.museuolimpicbcn.cat\/ca\/wp-json\/wp\/v2\/posts\/24643"}],"collection":[{"href":"https:\/\/www.museuolimpicbcn.cat\/ca\/wp-json\/wp\/v2\/posts"}],"about":[{"href":"https:\/\/www.museuolimpicbcn.cat\/ca\/wp-json\/wp\/v2\/types\/post"}],"author":[{"embeddable":true,"href":"https:\/\/www.museuolimpicbcn.cat\/ca\/wp-json\/wp\/v2\/users\/11"}],"replies":[{"embeddable":true,"href":"https:\/\/www.museuolimpicbcn.cat\/ca\/wp-json\/wp\/v2\/comments?post=24643"}],"version-history":[{"count":0,"href":"https:\/\/www.museuolimpicbcn.cat\/ca\/wp-json\/wp\/v2\/posts\/24643\/revisions"}],"wp:featuredmedia":[{"embeddable":true,"href":"https:\/\/www.museuolimpicbcn.cat\/ca\/wp-json\/wp\/v2\/media\/24635"}],"wp:attachment":[{"href":"https:\/\/www.museuolimpicbcn.cat\/ca\/wp-json\/wp\/v2\/media?parent=24643"}],"wp:term":[{"taxonomy":"category","embeddable":true,"href":"https:\/\/www.museuolimpicbcn.cat\/ca\/wp-json\/wp\/v2\/categories?post=24643"},{"taxonomy":"post_tag","embeddable":true,"href":"https:\/\/www.museuolimpicbcn.cat\/ca\/wp-json\/wp\/v2\/tags?post=24643"}],"curies":[{"name":"wp","href":"https:\/\/api.w.org\/{rel}","templated":true}]}}