{"id":24849,"date":"2020-03-24T18:04:43","date_gmt":"2020-03-24T17:04:43","guid":{"rendered":"https:\/\/www.museuolimpicbcn.cat\/oberta-la-convocatoria-del-premi-internacional-fbo-%c2%b7-art-sobre-paper\/"},"modified":"2020-03-24T18:04:43","modified_gmt":"2020-03-24T17:04:43","slug":"oberta-la-convocatoria-del-premi-internacional-fbo-%c2%b7-art-sobre-paper","status":"publish","type":"post","link":"https:\/\/www.museuolimpicbcn.cat\/ca\/oberta-la-convocatoria-del-premi-internacional-fbo-%c2%b7-art-sobre-paper\/","title":{"rendered":"Oberta la convocat\u00f2ria del &#8216;Premi Internacional FBO \u00b7 Art sobre paper&#8217;"},"content":{"rendered":"<p>La Fundaci\u00f3 Barcelona Ol\u00edmpica obre la convocat\u00f2ria de la 10a edici\u00f3 del Premi Internacional FBO \u00b7 Art sobre Paper.<\/p>\n<p>Aquest premi bianual, des de la passada edici\u00f3 l\u2019any 2019, t\u00e9 com a objectiu fomentar l&#8217;expressi\u00f3 art\u00edstica de l&#8217;esport a trav\u00e9s de la pintura.<\/p>\n<p>Transmetre valors \u00e9s un dels principals objectius del moviment ol\u00edmpic i l&#8217;instrument principal \u00e9s l&#8217;esport, per\u00f2 no \u00e9s l&#8217;\u00fanic element que pren part d&#8217;aquesta filosofia, la pintura, l&#8217;escultura, la m\u00fasica s\u00f3n alguns d&#8217;aquests altres elements que combinats amb l&#8217;esport incrementa el poder d&#8217;aquest. <a href=\"http:\/\/www.artsobrepaper.cat\/bases-edicio-2021\/\">BASES <\/a><\/p>\n","protected":false},"excerpt":{"rendered":"<p>La Fundaci\u00f3 Barcelona Ol\u00edmpica obre la convocat\u00f2ria de la 10a edici\u00f3 del Premi Internacional FBO \u00b7 Art sobre Paper. Aquest premi bianual, des de la passada edici\u00f3 l\u2019any 2019, t\u00e9 com a objectiu fomentar l&#8217;expressi\u00f3 art\u00edstica de l&#8217;esport a trav\u00e9s de la pintura. Transmetre valors \u00e9s un dels principals objectius del moviment ol\u00edmpic i l&#8217;instrument [&hellip;]<\/p>\n","protected":false},"author":11,"featured_media":24847,"comment_status":"closed","ping_status":"closed","sticky":false,"template":"","format":"standard","meta":{"_acf_changed":false,"_price":"","_stock":"","_tribe_ticket_header":"","_tribe_default_ticket_provider":"","_tribe_ticket_capacity":"0","_ticket_start_date":"","_ticket_end_date":"","_tribe_ticket_show_description":"","_tribe_ticket_show_not_going":false,"_tribe_ticket_use_global_stock":"","_tribe_ticket_global_stock_level":"","_global_stock_mode":"","_global_stock_cap":"","_tribe_rsvp_for_event":"","_tribe_ticket_going_count":"","_tribe_ticket_not_going_count":"","_tribe_tickets_list":"[]","_tribe_ticket_has_attendee_info_fields":false,"footnotes":""},"categories":[1],"tags":[],"class_list":["post-24849","post","type-post","status-publish","format-standard","has-post-thumbnail","hentry","category-uncategorized-ca"],"acf":[],"yoast_head":"<!-- This site is optimized with the Yoast SEO plugin v23.7 - https:\/\/yoast.com\/wordpress\/plugins\/seo\/ -->\n<title>Oberta la convocat\u00f2ria del &#039;Premi Internacional FBO \u00b7 Art sobre paper&#039; - Museu Ol\u00edmpic i de l&#039;Esport<\/title>\n<meta name=\"robots\" content=\"index, follow, max-snippet:-1, max-image-preview:large, max-video-preview:-1\" \/>\n<link rel=\"canonical\" href=\"https:\/\/www.museuolimpicbcn.cat\/ca\/oberta-la-convocatoria-del-premi-internacional-fbo-\u00b7-art-sobre-paper\/\" \/>\n<meta property=\"og:locale\" content=\"ca_ES\" \/>\n<meta property=\"og:type\" content=\"article\" \/>\n<meta property=\"og:title\" content=\"Oberta la convocat\u00f2ria del &#039;Premi Internacional FBO \u00b7 Art sobre paper&#039; - Museu Ol\u00edmpic i de l&#039;Esport\" \/>\n<meta property=\"og:description\" content=\"La Fundaci\u00f3 Barcelona Ol\u00edmpica obre la convocat\u00f2ria de la 10a edici\u00f3 del Premi Internacional FBO \u00b7 Art sobre Paper. Aquest premi bianual, des de la passada edici\u00f3 l\u2019any 2019, t\u00e9 com a objectiu fomentar l&#8217;expressi\u00f3 art\u00edstica de l&#8217;esport a trav\u00e9s de la pintura. Transmetre valors \u00e9s un dels principals objectius del moviment ol\u00edmpic i l&#8217;instrument [&hellip;]\" \/>\n<meta property=\"og:url\" content=\"https:\/\/www.museuolimpicbcn.cat\/ca\/oberta-la-convocatoria-del-premi-internacional-fbo-\u00b7-art-sobre-paper\/\" \/>\n<meta property=\"og:site_name\" content=\"Museu Ol\u00edmpic i de l&#039;Esport\" \/>\n<meta property=\"article:published_time\" content=\"2020-03-24T17:04:43+00:00\" \/>\n<meta property=\"og:image\" content=\"https:\/\/www.museuolimpicbcn.cat\/wp-content\/uploads\/sites\/2\/2020\/03\/gallery-01-2.jpg\" \/>\n\t<meta property=\"og:image:width\" content=\"1200\" \/>\n\t<meta property=\"og:image:height\" content=\"340\" \/>\n\t<meta property=\"og:image:type\" content=\"image\/jpeg\" \/>\n<meta name=\"author\" content=\"Ibone\" \/>\n<meta name=\"twitter:card\" content=\"summary_large_image\" \/>\n<meta name=\"twitter:label1\" content=\"Escrit per\" \/>\n\t<meta name=\"twitter:data1\" content=\"Ibone\" \/>\n<script type=\"application\/ld+json\" class=\"yoast-schema-graph\">{\"@context\":\"https:\/\/schema.org\",\"@graph\":[{\"@type\":\"Article\",\"@id\":\"https:\/\/www.museuolimpicbcn.cat\/ca\/oberta-la-convocatoria-del-premi-internacional-fbo-%c2%b7-art-sobre-paper\/#article\",\"isPartOf\":{\"@id\":\"https:\/\/www.museuolimpicbcn.cat\/ca\/oberta-la-convocatoria-del-premi-internacional-fbo-%c2%b7-art-sobre-paper\/\"},\"author\":{\"name\":\"Ibone\",\"@id\":\"https:\/\/www.museuolimpicbcn.cat\/ca\/#\/schema\/person\/b792834a53f193977df425a499287aa9\"},\"headline\":\"Oberta la convocat\u00f2ria del &#8216;Premi Internacional FBO \u00b7 Art sobre paper&#8217;\",\"datePublished\":\"2020-03-24T17:04:43+00:00\",\"dateModified\":\"2020-03-24T17:04:43+00:00\",\"mainEntityOfPage\":{\"@id\":\"https:\/\/www.museuolimpicbcn.cat\/ca\/oberta-la-convocatoria-del-premi-internacional-fbo-%c2%b7-art-sobre-paper\/\"},\"wordCount\":105,\"publisher\":{\"@id\":\"https:\/\/www.museuolimpicbcn.cat\/ca\/#organization\"},\"image\":{\"@id\":\"https:\/\/www.museuolimpicbcn.cat\/ca\/oberta-la-convocatoria-del-premi-internacional-fbo-%c2%b7-art-sobre-paper\/#primaryimage\"},\"thumbnailUrl\":\"https:\/\/www.museuolimpicbcn.cat\/wp-content\/uploads\/sites\/2\/2020\/03\/gallery-01-2.jpg\",\"articleSection\":[\"Uncategorized @ca\"],\"inLanguage\":\"ca\"},{\"@type\":\"WebPage\",\"@id\":\"https:\/\/www.museuolimpicbcn.cat\/ca\/oberta-la-convocatoria-del-premi-internacional-fbo-%c2%b7-art-sobre-paper\/\",\"url\":\"https:\/\/www.museuolimpicbcn.cat\/ca\/oberta-la-convocatoria-del-premi-internacional-fbo-%c2%b7-art-sobre-paper\/\",\"name\":\"Oberta la convocat\u00f2ria del 'Premi Internacional FBO \u00b7 Art sobre paper' - Museu Ol\u00edmpic i de l&#039;Esport\",\"isPartOf\":{\"@id\":\"https:\/\/www.museuolimpicbcn.cat\/ca\/#website\"},\"primaryImageOfPage\":{\"@id\":\"https:\/\/www.museuolimpicbcn.cat\/ca\/oberta-la-convocatoria-del-premi-internacional-fbo-%c2%b7-art-sobre-paper\/#primaryimage\"},\"image\":{\"@id\":\"https:\/\/www.museuolimpicbcn.cat\/ca\/oberta-la-convocatoria-del-premi-internacional-fbo-%c2%b7-art-sobre-paper\/#primaryimage\"},\"thumbnailUrl\":\"https:\/\/www.museuolimpicbcn.cat\/wp-content\/uploads\/sites\/2\/2020\/03\/gallery-01-2.jpg\",\"datePublished\":\"2020-03-24T17:04:43+00:00\",\"dateModified\":\"2020-03-24T17:04:43+00:00\",\"breadcrumb\":{\"@id\":\"https:\/\/www.museuolimpicbcn.cat\/ca\/oberta-la-convocatoria-del-premi-internacional-fbo-%c2%b7-art-sobre-paper\/#breadcrumb\"},\"inLanguage\":\"ca\",\"potentialAction\":[{\"@type\":\"ReadAction\",\"target\":[\"https:\/\/www.museuolimpicbcn.cat\/ca\/oberta-la-convocatoria-del-premi-internacional-fbo-%c2%b7-art-sobre-paper\/\"]}]},{\"@type\":\"ImageObject\",\"inLanguage\":\"ca\",\"@id\":\"https:\/\/www.museuolimpicbcn.cat\/ca\/oberta-la-convocatoria-del-premi-internacional-fbo-%c2%b7-art-sobre-paper\/#primaryimage\",\"url\":\"https:\/\/www.museuolimpicbcn.cat\/wp-content\/uploads\/sites\/2\/2020\/03\/gallery-01-2.jpg\",\"contentUrl\":\"https:\/\/www.museuolimpicbcn.cat\/wp-content\/uploads\/sites\/2\/2020\/03\/gallery-01-2.jpg\",\"width\":1200,\"height\":340},{\"@type\":\"BreadcrumbList\",\"@id\":\"https:\/\/www.museuolimpicbcn.cat\/ca\/oberta-la-convocatoria-del-premi-internacional-fbo-%c2%b7-art-sobre-paper\/#breadcrumb\",\"itemListElement\":[{\"@type\":\"ListItem\",\"position\":1,\"name\":\"Inici\",\"item\":\"https:\/\/www.museuolimpicbcn.cat\/es\/\"},{\"@type\":\"ListItem\",\"position\":2,\"name\":\"Oberta la convocat\u00f2ria del &#8216;Premi Internacional FBO \u00b7 Art sobre paper&#8217;\"}]},{\"@type\":\"WebSite\",\"@id\":\"https:\/\/www.museuolimpicbcn.cat\/ca\/#website\",\"url\":\"https:\/\/www.museuolimpicbcn.cat\/ca\/\",\"name\":\"Museu Ol\u00edmpic i de l&#039;Esport\",\"description\":\"Altre lloc Web del Museu Ol\u00edmpic i de l&#039;Esport llocs\",\"publisher\":{\"@id\":\"https:\/\/www.museuolimpicbcn.cat\/ca\/#organization\"},\"potentialAction\":[{\"@type\":\"SearchAction\",\"target\":{\"@type\":\"EntryPoint\",\"urlTemplate\":\"https:\/\/www.museuolimpicbcn.cat\/ca\/?s={search_term_string}\"},\"query-input\":{\"@type\":\"PropertyValueSpecification\",\"valueRequired\":true,\"valueName\":\"search_term_string\"}}],\"inLanguage\":\"ca\"},{\"@type\":\"Organization\",\"@id\":\"https:\/\/www.museuolimpicbcn.cat\/ca\/#organization\",\"name\":\"Museu Ol\u00edmpic i de l&#039;Esport\",\"url\":\"https:\/\/www.museuolimpicbcn.cat\/ca\/\",\"logo\":{\"@type\":\"ImageObject\",\"inLanguage\":\"ca\",\"@id\":\"https:\/\/www.museuolimpicbcn.cat\/ca\/#\/schema\/logo\/image\/\",\"url\":\"https:\/\/www.museuolimpicbcn.cat\/wp-content\/uploads\/sites\/2\/2018\/12\/logo-moe-header.svg\",\"contentUrl\":\"https:\/\/www.museuolimpicbcn.cat\/wp-content\/uploads\/sites\/2\/2018\/12\/logo-moe-header.svg\",\"caption\":\"Museu Ol\u00edmpic i de l&#039;Esport\"},\"image\":{\"@id\":\"https:\/\/www.museuolimpicbcn.cat\/ca\/#\/schema\/logo\/image\/\"}},{\"@type\":\"Person\",\"@id\":\"https:\/\/www.museuolimpicbcn.cat\/ca\/#\/schema\/person\/b792834a53f193977df425a499287aa9\",\"name\":\"Ibone\",\"url\":\"https:\/\/www.museuolimpicbcn.cat\/ca\/author\/fbolimpica\/\"}]}<\/script>\n<!-- \/ Yoast SEO plugin. -->","yoast_head_json":{"title":"Oberta la convocat\u00f2ria del 'Premi Internacional FBO \u00b7 Art sobre paper' - Museu Ol\u00edmpic i de l&#039;Esport","robots":{"index":"index","follow":"follow","max-snippet":"max-snippet:-1","max-image-preview":"max-image-preview:large","max-video-preview":"max-video-preview:-1"},"canonical":"https:\/\/www.museuolimpicbcn.cat\/ca\/oberta-la-convocatoria-del-premi-internacional-fbo-\u00b7-art-sobre-paper\/","og_locale":"ca_ES","og_type":"article","og_title":"Oberta la convocat\u00f2ria del 'Premi Internacional FBO \u00b7 Art sobre paper' - Museu Ol\u00edmpic i de l&#039;Esport","og_description":"La Fundaci\u00f3 Barcelona Ol\u00edmpica obre la convocat\u00f2ria de la 10a edici\u00f3 del Premi Internacional FBO \u00b7 Art sobre Paper. Aquest premi bianual, des de la passada edici\u00f3 l\u2019any 2019, t\u00e9 com a objectiu fomentar l&#8217;expressi\u00f3 art\u00edstica de l&#8217;esport a trav\u00e9s de la pintura. Transmetre valors \u00e9s un dels principals objectius del moviment ol\u00edmpic i l&#8217;instrument [&hellip;]","og_url":"https:\/\/www.museuolimpicbcn.cat\/ca\/oberta-la-convocatoria-del-premi-internacional-fbo-\u00b7-art-sobre-paper\/","og_site_name":"Museu Ol\u00edmpic i de l&#039;Esport","article_published_time":"2020-03-24T17:04:43+00:00","og_image":[{"width":1200,"height":340,"url":"https:\/\/www.museuolimpicbcn.cat\/wp-content\/uploads\/sites\/2\/2020\/03\/gallery-01-2.jpg","type":"image\/jpeg"}],"author":"Ibone","twitter_card":"summary_large_image","twitter_misc":{"Escrit per":"Ibone"},"schema":{"@context":"https:\/\/schema.org","@graph":[{"@type":"Article","@id":"https:\/\/www.museuolimpicbcn.cat\/ca\/oberta-la-convocatoria-del-premi-internacional-fbo-%c2%b7-art-sobre-paper\/#article","isPartOf":{"@id":"https:\/\/www.museuolimpicbcn.cat\/ca\/oberta-la-convocatoria-del-premi-internacional-fbo-%c2%b7-art-sobre-paper\/"},"author":{"name":"Ibone","@id":"https:\/\/www.museuolimpicbcn.cat\/ca\/#\/schema\/person\/b792834a53f193977df425a499287aa9"},"headline":"Oberta la convocat\u00f2ria del &#8216;Premi Internacional FBO \u00b7 Art sobre paper&#8217;","datePublished":"2020-03-24T17:04:43+00:00","dateModified":"2020-03-24T17:04:43+00:00","mainEntityOfPage":{"@id":"https:\/\/www.museuolimpicbcn.cat\/ca\/oberta-la-convocatoria-del-premi-internacional-fbo-%c2%b7-art-sobre-paper\/"},"wordCount":105,"publisher":{"@id":"https:\/\/www.museuolimpicbcn.cat\/ca\/#organization"},"image":{"@id":"https:\/\/www.museuolimpicbcn.cat\/ca\/oberta-la-convocatoria-del-premi-internacional-fbo-%c2%b7-art-sobre-paper\/#primaryimage"},"thumbnailUrl":"https:\/\/www.museuolimpicbcn.cat\/wp-content\/uploads\/sites\/2\/2020\/03\/gallery-01-2.jpg","articleSection":["Uncategorized @ca"],"inLanguage":"ca"},{"@type":"WebPage","@id":"https:\/\/www.museuolimpicbcn.cat\/ca\/oberta-la-convocatoria-del-premi-internacional-fbo-%c2%b7-art-sobre-paper\/","url":"https:\/\/www.museuolimpicbcn.cat\/ca\/oberta-la-convocatoria-del-premi-internacional-fbo-%c2%b7-art-sobre-paper\/","name":"Oberta la convocat\u00f2ria del 'Premi Internacional FBO \u00b7 Art sobre paper' - Museu Ol\u00edmpic i de l&#039;Esport","isPartOf":{"@id":"https:\/\/www.museuolimpicbcn.cat\/ca\/#website"},"primaryImageOfPage":{"@id":"https:\/\/www.museuolimpicbcn.cat\/ca\/oberta-la-convocatoria-del-premi-internacional-fbo-%c2%b7-art-sobre-paper\/#primaryimage"},"image":{"@id":"https:\/\/www.museuolimpicbcn.cat\/ca\/oberta-la-convocatoria-del-premi-internacional-fbo-%c2%b7-art-sobre-paper\/#primaryimage"},"thumbnailUrl":"https:\/\/www.museuolimpicbcn.cat\/wp-content\/uploads\/sites\/2\/2020\/03\/gallery-01-2.jpg","datePublished":"2020-03-24T17:04:43+00:00","dateModified":"2020-03-24T17:04:43+00:00","breadcrumb":{"@id":"https:\/\/www.museuolimpicbcn.cat\/ca\/oberta-la-convocatoria-del-premi-internacional-fbo-%c2%b7-art-sobre-paper\/#breadcrumb"},"inLanguage":"ca","potentialAction":[{"@type":"ReadAction","target":["https:\/\/www.museuolimpicbcn.cat\/ca\/oberta-la-convocatoria-del-premi-internacional-fbo-%c2%b7-art-sobre-paper\/"]}]},{"@type":"ImageObject","inLanguage":"ca","@id":"https:\/\/www.museuolimpicbcn.cat\/ca\/oberta-la-convocatoria-del-premi-internacional-fbo-%c2%b7-art-sobre-paper\/#primaryimage","url":"https:\/\/www.museuolimpicbcn.cat\/wp-content\/uploads\/sites\/2\/2020\/03\/gallery-01-2.jpg","contentUrl":"https:\/\/www.museuolimpicbcn.cat\/wp-content\/uploads\/sites\/2\/2020\/03\/gallery-01-2.jpg","width":1200,"height":340},{"@type":"BreadcrumbList","@id":"https:\/\/www.museuolimpicbcn.cat\/ca\/oberta-la-convocatoria-del-premi-internacional-fbo-%c2%b7-art-sobre-paper\/#breadcrumb","itemListElement":[{"@type":"ListItem","position":1,"name":"Inici","item":"https:\/\/www.museuolimpicbcn.cat\/es\/"},{"@type":"ListItem","position":2,"name":"Oberta la convocat\u00f2ria del &#8216;Premi Internacional FBO \u00b7 Art sobre paper&#8217;"}]},{"@type":"WebSite","@id":"https:\/\/www.museuolimpicbcn.cat\/ca\/#website","url":"https:\/\/www.museuolimpicbcn.cat\/ca\/","name":"Museu Ol\u00edmpic i de l&#039;Esport","description":"Altre lloc Web del Museu Ol\u00edmpic i de l&#039;Esport llocs","publisher":{"@id":"https:\/\/www.museuolimpicbcn.cat\/ca\/#organization"},"potentialAction":[{"@type":"SearchAction","target":{"@type":"EntryPoint","urlTemplate":"https:\/\/www.museuolimpicbcn.cat\/ca\/?s={search_term_string}"},"query-input":{"@type":"PropertyValueSpecification","valueRequired":true,"valueName":"search_term_string"}}],"inLanguage":"ca"},{"@type":"Organization","@id":"https:\/\/www.museuolimpicbcn.cat\/ca\/#organization","name":"Museu Ol\u00edmpic i de l&#039;Esport","url":"https:\/\/www.museuolimpicbcn.cat\/ca\/","logo":{"@type":"ImageObject","inLanguage":"ca","@id":"https:\/\/www.museuolimpicbcn.cat\/ca\/#\/schema\/logo\/image\/","url":"https:\/\/www.museuolimpicbcn.cat\/wp-content\/uploads\/sites\/2\/2018\/12\/logo-moe-header.svg","contentUrl":"https:\/\/www.museuolimpicbcn.cat\/wp-content\/uploads\/sites\/2\/2018\/12\/logo-moe-header.svg","caption":"Museu Ol\u00edmpic i de l&#039;Esport"},"image":{"@id":"https:\/\/www.museuolimpicbcn.cat\/ca\/#\/schema\/logo\/image\/"}},{"@type":"Person","@id":"https:\/\/www.museuolimpicbcn.cat\/ca\/#\/schema\/person\/b792834a53f193977df425a499287aa9","name":"Ibone","url":"https:\/\/www.museuolimpicbcn.cat\/ca\/author\/fbolimpica\/"}]}},"_links":{"self":[{"href":"https:\/\/www.museuolimpicbcn.cat\/ca\/wp-json\/wp\/v2\/posts\/24849"}],"collection":[{"href":"https:\/\/www.museuolimpicbcn.cat\/ca\/wp-json\/wp\/v2\/posts"}],"about":[{"href":"https:\/\/www.museuolimpicbcn.cat\/ca\/wp-json\/wp\/v2\/types\/post"}],"author":[{"embeddable":true,"href":"https:\/\/www.museuolimpicbcn.cat\/ca\/wp-json\/wp\/v2\/users\/11"}],"replies":[{"embeddable":true,"href":"https:\/\/www.museuolimpicbcn.cat\/ca\/wp-json\/wp\/v2\/comments?post=24849"}],"version-history":[{"count":0,"href":"https:\/\/www.museuolimpicbcn.cat\/ca\/wp-json\/wp\/v2\/posts\/24849\/revisions"}],"wp:featuredmedia":[{"embeddable":true,"href":"https:\/\/www.museuolimpicbcn.cat\/ca\/wp-json\/wp\/v2\/media\/24847"}],"wp:attachment":[{"href":"https:\/\/www.museuolimpicbcn.cat\/ca\/wp-json\/wp\/v2\/media?parent=24849"}],"wp:term":[{"taxonomy":"category","embeddable":true,"href":"https:\/\/www.museuolimpicbcn.cat\/ca\/wp-json\/wp\/v2\/categories?post=24849"},{"taxonomy":"post_tag","embeddable":true,"href":"https:\/\/www.museuolimpicbcn.cat\/ca\/wp-json\/wp\/v2\/tags?post=24849"}],"curies":[{"name":"wp","href":"https:\/\/api.w.org\/{rel}","templated":true}]}}