{"id":24953,"date":"2020-06-04T14:06:29","date_gmt":"2020-06-04T12:06:29","guid":{"rendered":"https:\/\/www.museuolimpicbcn.cat\/el-9-de-juny-el-museu-olimpic-obre-les-seves-portes-al-public\/"},"modified":"2020-07-09T12:57:03","modified_gmt":"2020-07-09T10:57:03","slug":"el-9-de-juny-el-museu-olimpic-obre-les-seves-portes-al-public","status":"publish","type":"post","link":"https:\/\/www.museuolimpicbcn.cat\/ca\/el-9-de-juny-el-museu-olimpic-obre-les-seves-portes-al-public\/","title":{"rendered":"El 9 de juny el Museu Ol\u00edmpic obre les seves portes al p\u00fablic"},"content":{"rendered":"<p>Des del Museu Ol\u00edmpic i de l\u2019Esport Joan Antoni Samaranch ens complau anunciar la nostra reobertura dimarts que ve <strong>9 de juny<\/strong> amb l&#8217;exposici\u00f3 permanent i l&#8217;exposici\u00f3 temporal \u201cOl\u00edmpics\u201d.<\/p>\n<p>Fins al 12 de juliol tots els <strong>nostres visitants podran gaudir d&#8217;un 2&#215;1 en l&#8217;entrada individual d&#8217;adult o infantil<\/strong> (venda exclusiva en taquilla &#8211; no acumulables a altres ofertes). Aquelles persones que presentin el carnet de sanitari tindran l&#8217;acc\u00e9s gratu\u00eft a les nostres instal\u00b7lacions.<\/p>\n<p>Estarem encantats d&#8217;atendre-us en horari de dimarts a dissabte de 10 a 18.00 h i, diumenges i festius de 10 a 14.30 h.<\/p>\n<p>S&#8217;informa que l&#8217;espai de Din\u00e0miques de l&#8217;Esport romandr\u00e0 tancat fins a nou av\u00eds.<\/p>\n<p>Per a visites de grups escolars\/casals us podeu posar en contacte amb <a href=\"mailto:reserves@fbolimpica.es\">reserves@fbolimpica.es<\/a>.<\/p>\n<p><strong>Us hi esperem!<\/strong><\/p>\n<p><strong>Per a visitar les nostres instal\u00b7lacions:<\/strong><\/p>\n<p><strong>Obligatori<\/strong><\/p>\n<p>&nbsp;<\/p>\n<ul>\n<li>\u00b7 Acc\u00e9s d&#8217;un en un o en unitats familiars.<\/li>\n<li>\u00b7 Manteniment de dist\u00e0ncies de seguretat d&#8217;1 a 2 metres.<\/li>\n<li>\u00b7 \u00das de mascareta.<\/li>\n<li>\u00b7 L&#8217;\u00fas de les escales.<\/li>\n<\/ul>\n<p><strong>Es recomana<\/strong><\/p>\n<ul>\n<li>\u00b7 El pagament amb targeta.<\/li>\n<li>\u00b7 Evitar tocar-se la cara, ulls, nas i boca.<\/li>\n<li>\u00b7 Desinfectar-se les mans una vegada tocada les pantalles.<\/li>\n<\/ul>\n","protected":false},"excerpt":{"rendered":"<p>Des del Museu Ol\u00edmpic i de l\u2019Esport Joan Antoni Samaranch ens complau anunciar la nostra reobertura dimarts que ve 9 de juny amb l&#8217;exposici\u00f3 permanent i l&#8217;exposici\u00f3 temporal \u201cOl\u00edmpics\u201d. Fins al 12 de juliol tots els nostres visitants podran gaudir d&#8217;un 2&#215;1 en l&#8217;entrada individual d&#8217;adult o infantil (venda exclusiva en taquilla &#8211; no acumulables [&hellip;]<\/p>\n","protected":false},"author":11,"featured_media":24947,"comment_status":"closed","ping_status":"closed","sticky":false,"template":"","format":"standard","meta":{"_acf_changed":false,"_price":"","_stock":"","_tribe_ticket_header":"","_tribe_default_ticket_provider":"","_tribe_ticket_capacity":"0","_ticket_start_date":"","_ticket_end_date":"","_tribe_ticket_show_description":"","_tribe_ticket_show_not_going":false,"_tribe_ticket_use_global_stock":"","_tribe_ticket_global_stock_level":"","_global_stock_mode":"","_global_stock_cap":"","_tribe_rsvp_for_event":"","_tribe_ticket_going_count":"","_tribe_ticket_not_going_count":"","_tribe_tickets_list":"[]","_tribe_ticket_has_attendee_info_fields":false,"footnotes":""},"categories":[1],"tags":[],"class_list":["post-24953","post","type-post","status-publish","format-standard","has-post-thumbnail","hentry","category-uncategorized-ca"],"acf":[],"yoast_head":"<!-- This site is optimized with the Yoast SEO plugin v23.7 - https:\/\/yoast.com\/wordpress\/plugins\/seo\/ -->\n<title>El 9 de juny el Museu Ol\u00edmpic obre les seves portes al p\u00fablic - Museu Ol\u00edmpic i de l&#039;Esport<\/title>\n<meta name=\"robots\" content=\"index, follow, max-snippet:-1, max-image-preview:large, max-video-preview:-1\" \/>\n<link rel=\"canonical\" href=\"https:\/\/www.museuolimpicbcn.cat\/ca\/el-9-de-juny-el-museu-olimpic-obre-les-seves-portes-al-public\/\" \/>\n<meta property=\"og:locale\" content=\"ca_ES\" \/>\n<meta property=\"og:type\" content=\"article\" \/>\n<meta property=\"og:title\" content=\"El 9 de juny el Museu Ol\u00edmpic obre les seves portes al p\u00fablic - Museu Ol\u00edmpic i de l&#039;Esport\" \/>\n<meta property=\"og:description\" content=\"Des del Museu Ol\u00edmpic i de l\u2019Esport Joan Antoni Samaranch ens complau anunciar la nostra reobertura dimarts que ve 9 de juny amb l&#8217;exposici\u00f3 permanent i l&#8217;exposici\u00f3 temporal \u201cOl\u00edmpics\u201d. Fins al 12 de juliol tots els nostres visitants podran gaudir d&#8217;un 2&#215;1 en l&#8217;entrada individual d&#8217;adult o infantil (venda exclusiva en taquilla &#8211; no acumulables [&hellip;]\" \/>\n<meta property=\"og:url\" content=\"https:\/\/www.museuolimpicbcn.cat\/ca\/el-9-de-juny-el-museu-olimpic-obre-les-seves-portes-al-public\/\" \/>\n<meta property=\"og:site_name\" content=\"Museu Ol\u00edmpic i de l&#039;Esport\" \/>\n<meta property=\"article:published_time\" content=\"2020-06-04T12:06:29+00:00\" \/>\n<meta property=\"article:modified_time\" content=\"2020-07-09T10:57:03+00:00\" \/>\n<meta property=\"og:image\" content=\"https:\/\/www.museuolimpicbcn.cat\/wp-content\/uploads\/sites\/2\/2020\/06\/Museu-_8.jpg\" \/>\n\t<meta property=\"og:image:width\" content=\"4490\" \/>\n\t<meta property=\"og:image:height\" content=\"3130\" \/>\n\t<meta property=\"og:image:type\" content=\"image\/jpeg\" \/>\n<meta name=\"author\" content=\"Ibone\" \/>\n<meta name=\"twitter:card\" content=\"summary_large_image\" \/>\n<meta name=\"twitter:label1\" content=\"Escrit per\" \/>\n\t<meta name=\"twitter:data1\" content=\"Ibone\" \/>\n\t<meta name=\"twitter:label2\" content=\"Temps estimat de lectura\" \/>\n\t<meta name=\"twitter:data2\" content=\"1 minut\" \/>\n<script type=\"application\/ld+json\" class=\"yoast-schema-graph\">{\"@context\":\"https:\/\/schema.org\",\"@graph\":[{\"@type\":\"Article\",\"@id\":\"https:\/\/www.museuolimpicbcn.cat\/ca\/el-9-de-juny-el-museu-olimpic-obre-les-seves-portes-al-public\/#article\",\"isPartOf\":{\"@id\":\"https:\/\/www.museuolimpicbcn.cat\/ca\/el-9-de-juny-el-museu-olimpic-obre-les-seves-portes-al-public\/\"},\"author\":{\"name\":\"Ibone\",\"@id\":\"https:\/\/www.museuolimpicbcn.cat\/ca\/#\/schema\/person\/b792834a53f193977df425a499287aa9\"},\"headline\":\"El 9 de juny el Museu Ol\u00edmpic obre les seves portes al p\u00fablic\",\"datePublished\":\"2020-06-04T12:06:29+00:00\",\"dateModified\":\"2020-07-09T10:57:03+00:00\",\"mainEntityOfPage\":{\"@id\":\"https:\/\/www.museuolimpicbcn.cat\/ca\/el-9-de-juny-el-museu-olimpic-obre-les-seves-portes-al-public\/\"},\"wordCount\":201,\"publisher\":{\"@id\":\"https:\/\/www.museuolimpicbcn.cat\/ca\/#organization\"},\"image\":{\"@id\":\"https:\/\/www.museuolimpicbcn.cat\/ca\/el-9-de-juny-el-museu-olimpic-obre-les-seves-portes-al-public\/#primaryimage\"},\"thumbnailUrl\":\"https:\/\/www.museuolimpicbcn.cat\/wp-content\/uploads\/sites\/2\/2020\/06\/Museu-_8.jpg\",\"articleSection\":[\"Uncategorized @ca\"],\"inLanguage\":\"ca\"},{\"@type\":\"WebPage\",\"@id\":\"https:\/\/www.museuolimpicbcn.cat\/ca\/el-9-de-juny-el-museu-olimpic-obre-les-seves-portes-al-public\/\",\"url\":\"https:\/\/www.museuolimpicbcn.cat\/ca\/el-9-de-juny-el-museu-olimpic-obre-les-seves-portes-al-public\/\",\"name\":\"El 9 de juny el Museu Ol\u00edmpic obre les seves portes al p\u00fablic - Museu Ol\u00edmpic i de l&#039;Esport\",\"isPartOf\":{\"@id\":\"https:\/\/www.museuolimpicbcn.cat\/ca\/#website\"},\"primaryImageOfPage\":{\"@id\":\"https:\/\/www.museuolimpicbcn.cat\/ca\/el-9-de-juny-el-museu-olimpic-obre-les-seves-portes-al-public\/#primaryimage\"},\"image\":{\"@id\":\"https:\/\/www.museuolimpicbcn.cat\/ca\/el-9-de-juny-el-museu-olimpic-obre-les-seves-portes-al-public\/#primaryimage\"},\"thumbnailUrl\":\"https:\/\/www.museuolimpicbcn.cat\/wp-content\/uploads\/sites\/2\/2020\/06\/Museu-_8.jpg\",\"datePublished\":\"2020-06-04T12:06:29+00:00\",\"dateModified\":\"2020-07-09T10:57:03+00:00\",\"breadcrumb\":{\"@id\":\"https:\/\/www.museuolimpicbcn.cat\/ca\/el-9-de-juny-el-museu-olimpic-obre-les-seves-portes-al-public\/#breadcrumb\"},\"inLanguage\":\"ca\",\"potentialAction\":[{\"@type\":\"ReadAction\",\"target\":[\"https:\/\/www.museuolimpicbcn.cat\/ca\/el-9-de-juny-el-museu-olimpic-obre-les-seves-portes-al-public\/\"]}]},{\"@type\":\"ImageObject\",\"inLanguage\":\"ca\",\"@id\":\"https:\/\/www.museuolimpicbcn.cat\/ca\/el-9-de-juny-el-museu-olimpic-obre-les-seves-portes-al-public\/#primaryimage\",\"url\":\"https:\/\/www.museuolimpicbcn.cat\/wp-content\/uploads\/sites\/2\/2020\/06\/Museu-_8.jpg\",\"contentUrl\":\"https:\/\/www.museuolimpicbcn.cat\/wp-content\/uploads\/sites\/2\/2020\/06\/Museu-_8.jpg\",\"width\":4490,\"height\":3130},{\"@type\":\"BreadcrumbList\",\"@id\":\"https:\/\/www.museuolimpicbcn.cat\/ca\/el-9-de-juny-el-museu-olimpic-obre-les-seves-portes-al-public\/#breadcrumb\",\"itemListElement\":[{\"@type\":\"ListItem\",\"position\":1,\"name\":\"Inici\",\"item\":\"https:\/\/www.museuolimpicbcn.cat\/es\/\"},{\"@type\":\"ListItem\",\"position\":2,\"name\":\"El 9 de juny el Museu Ol\u00edmpic obre les seves portes al p\u00fablic\"}]},{\"@type\":\"WebSite\",\"@id\":\"https:\/\/www.museuolimpicbcn.cat\/ca\/#website\",\"url\":\"https:\/\/www.museuolimpicbcn.cat\/ca\/\",\"name\":\"Museu Ol\u00edmpic i de l&#039;Esport\",\"description\":\"Altre lloc Web del Museu Ol\u00edmpic i de l&#039;Esport llocs\",\"publisher\":{\"@id\":\"https:\/\/www.museuolimpicbcn.cat\/ca\/#organization\"},\"potentialAction\":[{\"@type\":\"SearchAction\",\"target\":{\"@type\":\"EntryPoint\",\"urlTemplate\":\"https:\/\/www.museuolimpicbcn.cat\/ca\/?s={search_term_string}\"},\"query-input\":{\"@type\":\"PropertyValueSpecification\",\"valueRequired\":true,\"valueName\":\"search_term_string\"}}],\"inLanguage\":\"ca\"},{\"@type\":\"Organization\",\"@id\":\"https:\/\/www.museuolimpicbcn.cat\/ca\/#organization\",\"name\":\"Museu Ol\u00edmpic i de l&#039;Esport\",\"url\":\"https:\/\/www.museuolimpicbcn.cat\/ca\/\",\"logo\":{\"@type\":\"ImageObject\",\"inLanguage\":\"ca\",\"@id\":\"https:\/\/www.museuolimpicbcn.cat\/ca\/#\/schema\/logo\/image\/\",\"url\":\"https:\/\/www.museuolimpicbcn.cat\/wp-content\/uploads\/sites\/2\/2018\/12\/logo-moe-header.svg\",\"contentUrl\":\"https:\/\/www.museuolimpicbcn.cat\/wp-content\/uploads\/sites\/2\/2018\/12\/logo-moe-header.svg\",\"caption\":\"Museu Ol\u00edmpic i de l&#039;Esport\"},\"image\":{\"@id\":\"https:\/\/www.museuolimpicbcn.cat\/ca\/#\/schema\/logo\/image\/\"}},{\"@type\":\"Person\",\"@id\":\"https:\/\/www.museuolimpicbcn.cat\/ca\/#\/schema\/person\/b792834a53f193977df425a499287aa9\",\"name\":\"Ibone\",\"url\":\"https:\/\/www.museuolimpicbcn.cat\/ca\/author\/fbolimpica\/\"}]}<\/script>\n<!-- \/ Yoast SEO plugin. -->","yoast_head_json":{"title":"El 9 de juny el Museu Ol\u00edmpic obre les seves portes al p\u00fablic - Museu Ol\u00edmpic i de l&#039;Esport","robots":{"index":"index","follow":"follow","max-snippet":"max-snippet:-1","max-image-preview":"max-image-preview:large","max-video-preview":"max-video-preview:-1"},"canonical":"https:\/\/www.museuolimpicbcn.cat\/ca\/el-9-de-juny-el-museu-olimpic-obre-les-seves-portes-al-public\/","og_locale":"ca_ES","og_type":"article","og_title":"El 9 de juny el Museu Ol\u00edmpic obre les seves portes al p\u00fablic - Museu Ol\u00edmpic i de l&#039;Esport","og_description":"Des del Museu Ol\u00edmpic i de l\u2019Esport Joan Antoni Samaranch ens complau anunciar la nostra reobertura dimarts que ve 9 de juny amb l&#8217;exposici\u00f3 permanent i l&#8217;exposici\u00f3 temporal \u201cOl\u00edmpics\u201d. Fins al 12 de juliol tots els nostres visitants podran gaudir d&#8217;un 2&#215;1 en l&#8217;entrada individual d&#8217;adult o infantil (venda exclusiva en taquilla &#8211; no acumulables [&hellip;]","og_url":"https:\/\/www.museuolimpicbcn.cat\/ca\/el-9-de-juny-el-museu-olimpic-obre-les-seves-portes-al-public\/","og_site_name":"Museu Ol\u00edmpic i de l&#039;Esport","article_published_time":"2020-06-04T12:06:29+00:00","article_modified_time":"2020-07-09T10:57:03+00:00","og_image":[{"width":4490,"height":3130,"url":"https:\/\/www.museuolimpicbcn.cat\/wp-content\/uploads\/sites\/2\/2020\/06\/Museu-_8.jpg","type":"image\/jpeg"}],"author":"Ibone","twitter_card":"summary_large_image","twitter_misc":{"Escrit per":"Ibone","Temps estimat de lectura":"1 minut"},"schema":{"@context":"https:\/\/schema.org","@graph":[{"@type":"Article","@id":"https:\/\/www.museuolimpicbcn.cat\/ca\/el-9-de-juny-el-museu-olimpic-obre-les-seves-portes-al-public\/#article","isPartOf":{"@id":"https:\/\/www.museuolimpicbcn.cat\/ca\/el-9-de-juny-el-museu-olimpic-obre-les-seves-portes-al-public\/"},"author":{"name":"Ibone","@id":"https:\/\/www.museuolimpicbcn.cat\/ca\/#\/schema\/person\/b792834a53f193977df425a499287aa9"},"headline":"El 9 de juny el Museu Ol\u00edmpic obre les seves portes al p\u00fablic","datePublished":"2020-06-04T12:06:29+00:00","dateModified":"2020-07-09T10:57:03+00:00","mainEntityOfPage":{"@id":"https:\/\/www.museuolimpicbcn.cat\/ca\/el-9-de-juny-el-museu-olimpic-obre-les-seves-portes-al-public\/"},"wordCount":201,"publisher":{"@id":"https:\/\/www.museuolimpicbcn.cat\/ca\/#organization"},"image":{"@id":"https:\/\/www.museuolimpicbcn.cat\/ca\/el-9-de-juny-el-museu-olimpic-obre-les-seves-portes-al-public\/#primaryimage"},"thumbnailUrl":"https:\/\/www.museuolimpicbcn.cat\/wp-content\/uploads\/sites\/2\/2020\/06\/Museu-_8.jpg","articleSection":["Uncategorized @ca"],"inLanguage":"ca"},{"@type":"WebPage","@id":"https:\/\/www.museuolimpicbcn.cat\/ca\/el-9-de-juny-el-museu-olimpic-obre-les-seves-portes-al-public\/","url":"https:\/\/www.museuolimpicbcn.cat\/ca\/el-9-de-juny-el-museu-olimpic-obre-les-seves-portes-al-public\/","name":"El 9 de juny el Museu Ol\u00edmpic obre les seves portes al p\u00fablic - Museu Ol\u00edmpic i de l&#039;Esport","isPartOf":{"@id":"https:\/\/www.museuolimpicbcn.cat\/ca\/#website"},"primaryImageOfPage":{"@id":"https:\/\/www.museuolimpicbcn.cat\/ca\/el-9-de-juny-el-museu-olimpic-obre-les-seves-portes-al-public\/#primaryimage"},"image":{"@id":"https:\/\/www.museuolimpicbcn.cat\/ca\/el-9-de-juny-el-museu-olimpic-obre-les-seves-portes-al-public\/#primaryimage"},"thumbnailUrl":"https:\/\/www.museuolimpicbcn.cat\/wp-content\/uploads\/sites\/2\/2020\/06\/Museu-_8.jpg","datePublished":"2020-06-04T12:06:29+00:00","dateModified":"2020-07-09T10:57:03+00:00","breadcrumb":{"@id":"https:\/\/www.museuolimpicbcn.cat\/ca\/el-9-de-juny-el-museu-olimpic-obre-les-seves-portes-al-public\/#breadcrumb"},"inLanguage":"ca","potentialAction":[{"@type":"ReadAction","target":["https:\/\/www.museuolimpicbcn.cat\/ca\/el-9-de-juny-el-museu-olimpic-obre-les-seves-portes-al-public\/"]}]},{"@type":"ImageObject","inLanguage":"ca","@id":"https:\/\/www.museuolimpicbcn.cat\/ca\/el-9-de-juny-el-museu-olimpic-obre-les-seves-portes-al-public\/#primaryimage","url":"https:\/\/www.museuolimpicbcn.cat\/wp-content\/uploads\/sites\/2\/2020\/06\/Museu-_8.jpg","contentUrl":"https:\/\/www.museuolimpicbcn.cat\/wp-content\/uploads\/sites\/2\/2020\/06\/Museu-_8.jpg","width":4490,"height":3130},{"@type":"BreadcrumbList","@id":"https:\/\/www.museuolimpicbcn.cat\/ca\/el-9-de-juny-el-museu-olimpic-obre-les-seves-portes-al-public\/#breadcrumb","itemListElement":[{"@type":"ListItem","position":1,"name":"Inici","item":"https:\/\/www.museuolimpicbcn.cat\/es\/"},{"@type":"ListItem","position":2,"name":"El 9 de juny el Museu Ol\u00edmpic obre les seves portes al p\u00fablic"}]},{"@type":"WebSite","@id":"https:\/\/www.museuolimpicbcn.cat\/ca\/#website","url":"https:\/\/www.museuolimpicbcn.cat\/ca\/","name":"Museu Ol\u00edmpic i de l&#039;Esport","description":"Altre lloc Web del Museu Ol\u00edmpic i de l&#039;Esport llocs","publisher":{"@id":"https:\/\/www.museuolimpicbcn.cat\/ca\/#organization"},"potentialAction":[{"@type":"SearchAction","target":{"@type":"EntryPoint","urlTemplate":"https:\/\/www.museuolimpicbcn.cat\/ca\/?s={search_term_string}"},"query-input":{"@type":"PropertyValueSpecification","valueRequired":true,"valueName":"search_term_string"}}],"inLanguage":"ca"},{"@type":"Organization","@id":"https:\/\/www.museuolimpicbcn.cat\/ca\/#organization","name":"Museu Ol\u00edmpic i de l&#039;Esport","url":"https:\/\/www.museuolimpicbcn.cat\/ca\/","logo":{"@type":"ImageObject","inLanguage":"ca","@id":"https:\/\/www.museuolimpicbcn.cat\/ca\/#\/schema\/logo\/image\/","url":"https:\/\/www.museuolimpicbcn.cat\/wp-content\/uploads\/sites\/2\/2018\/12\/logo-moe-header.svg","contentUrl":"https:\/\/www.museuolimpicbcn.cat\/wp-content\/uploads\/sites\/2\/2018\/12\/logo-moe-header.svg","caption":"Museu Ol\u00edmpic i de l&#039;Esport"},"image":{"@id":"https:\/\/www.museuolimpicbcn.cat\/ca\/#\/schema\/logo\/image\/"}},{"@type":"Person","@id":"https:\/\/www.museuolimpicbcn.cat\/ca\/#\/schema\/person\/b792834a53f193977df425a499287aa9","name":"Ibone","url":"https:\/\/www.museuolimpicbcn.cat\/ca\/author\/fbolimpica\/"}]}},"_links":{"self":[{"href":"https:\/\/www.museuolimpicbcn.cat\/ca\/wp-json\/wp\/v2\/posts\/24953"}],"collection":[{"href":"https:\/\/www.museuolimpicbcn.cat\/ca\/wp-json\/wp\/v2\/posts"}],"about":[{"href":"https:\/\/www.museuolimpicbcn.cat\/ca\/wp-json\/wp\/v2\/types\/post"}],"author":[{"embeddable":true,"href":"https:\/\/www.museuolimpicbcn.cat\/ca\/wp-json\/wp\/v2\/users\/11"}],"replies":[{"embeddable":true,"href":"https:\/\/www.museuolimpicbcn.cat\/ca\/wp-json\/wp\/v2\/comments?post=24953"}],"version-history":[{"count":3,"href":"https:\/\/www.museuolimpicbcn.cat\/ca\/wp-json\/wp\/v2\/posts\/24953\/revisions"}],"predecessor-version":[{"id":24964,"href":"https:\/\/www.museuolimpicbcn.cat\/ca\/wp-json\/wp\/v2\/posts\/24953\/revisions\/24964"}],"wp:featuredmedia":[{"embeddable":true,"href":"https:\/\/www.museuolimpicbcn.cat\/ca\/wp-json\/wp\/v2\/media\/24947"}],"wp:attachment":[{"href":"https:\/\/www.museuolimpicbcn.cat\/ca\/wp-json\/wp\/v2\/media?parent=24953"}],"wp:term":[{"taxonomy":"category","embeddable":true,"href":"https:\/\/www.museuolimpicbcn.cat\/ca\/wp-json\/wp\/v2\/categories?post=24953"},{"taxonomy":"post_tag","embeddable":true,"href":"https:\/\/www.museuolimpicbcn.cat\/ca\/wp-json\/wp\/v2\/tags?post=24953"}],"curies":[{"name":"wp","href":"https:\/\/api.w.org\/{rel}","templated":true}]}}