{"id":25410,"date":"2020-07-29T12:11:32","date_gmt":"2020-07-29T10:11:32","guid":{"rendered":"https:\/\/www.museuolimpicbcn.cat\/membres-de-la-junta-directiva-del-junior-fc-visita-el-museu-olimpic-per-visitar-lexposicio-temporal-dedicada-als-mes-de-100-anys-dhistoria-del-club\/"},"modified":"2020-09-21T09:58:02","modified_gmt":"2020-09-21T07:58:02","slug":"membres-de-la-junta-directiva-del-junior-fc-visita-el-museu-olimpic-per-visitar-lexposicio-temporal-dedicada-als-mes-de-100-anys-dhistoria-del-club","status":"publish","type":"post","link":"https:\/\/www.museuolimpicbcn.cat\/ca\/membres-de-la-junta-directiva-del-junior-fc-visita-el-museu-olimpic-per-visitar-lexposicio-temporal-dedicada-als-mes-de-100-anys-dhistoria-del-club\/","title":{"rendered":"Membres de la Junta Directiva del Junior FC visita el Museu Ol\u00edmpic per visitar l&#8217;exposici\u00f3 temporal dedicada als m\u00e9s de 100 anys d&#8217;hist\u00f2ria del Club"},"content":{"rendered":"\t\t<div data-elementor-type=\"wp-post\" data-elementor-id=\"25410\" class=\"elementor elementor-25410 elementor-25401\" data-elementor-post-type=\"post\">\n\t\t\t\t\t\t<section class=\"elementor-section elementor-top-section elementor-element elementor-element-7a5faefe elementor-section-boxed elementor-section-height-default elementor-section-height-default\" data-id=\"7a5faefe\" data-element_type=\"section\">\n\t\t\t\t\t\t<div class=\"elementor-container elementor-column-gap-default\">\n\t\t\t\t\t<div class=\"elementor-column elementor-col-100 elementor-top-column elementor-element elementor-element-74caa240\" data-id=\"74caa240\" data-element_type=\"column\">\n\t\t\t<div class=\"elementor-widget-wrap elementor-element-populated\">\n\t\t\t\t\t\t<div class=\"elementor-element elementor-element-65d38677 elementor-widget elementor-widget-text-editor\" data-id=\"65d38677\" data-element_type=\"widget\" data-widget_type=\"text-editor.default\">\n\t\t\t\t<div class=\"elementor-widget-container\">\n\t\t\t\t\t\t\t\t\t<p>Marcos Hofmann, president del Junior FC, encap\u00e7alava el grup compost per Sergi Renieblas, vicepresident segon; Salvador Font, secretari; Katery Maragall, tresorera; Jordi Mu\u00f1oz, vocal d&#8217;Hoquei; Israel Ferreres, vocal de Padel; Sergi Beca, vocal de Tennis; Jorge Castro, vocal d\u2019altres seccions; Marc Permanyer, vocal social i comunicaci\u00f3 i el president d&#8217;honor, Joan Maragall.<\/p>\n<p>&nbsp;<\/p>\n<p>El Junior FC va ser fundat en 1917, en el cor del barri barcelon\u00ed de Sarri\u00e0, per un grup d&#8217;amics que es trobaven els caps de setmana per jugar al futbol al jard\u00ed de Can Serrahima. Avui dia, i amb m\u00e9s de 100 anys d&#8217;hist\u00f2ria, el Junior FC s&#8217;empla\u00e7a en unes instal\u00b7lacions de 60000m2 en el municipi de Sant Cugat del Vall\u00e9s i compta amb m\u00e9s de 2800 socis, entre els quals destaquen algun or ol\u00edmpic.<\/p>\n<p>Aquesta exposici\u00f3 es podr\u00e0 visitar fins al 24 de gener en el Museu Ol\u00edmpic i de l\u2019Esport Joan Antoni Samaranch.<\/p>\n\t\t\t\t\t\t\t\t<\/div>\n\t\t\t\t<\/div>\n\t\t\t\t\t<\/div>\n\t\t<\/div>\n\t\t\t\t\t<\/div>\n\t\t<\/section>\n\t\t\t\t<section class=\"elementor-section elementor-top-section elementor-element elementor-element-4074c99 elementor-section-boxed elementor-section-height-default elementor-section-height-default\" data-id=\"4074c99\" data-element_type=\"section\">\n\t\t\t\t\t\t<div class=\"elementor-container elementor-column-gap-default\">\n\t\t\t\t\t<div class=\"elementor-column elementor-col-100 elementor-top-column elementor-element elementor-element-ecb6036\" data-id=\"ecb6036\" data-element_type=\"column\">\n\t\t\t<div class=\"elementor-widget-wrap elementor-element-populated\">\n\t\t\t\t\t\t<div class=\"elementor-element elementor-element-98caec6 elementor-widget elementor-widget-video\" data-id=\"98caec6\" data-element_type=\"widget\" data-settings=\"{&quot;youtube_url&quot;:&quot;https:\\\/\\\/youtu.be\\\/hVk0W7ENF4o&quot;,&quot;video_type&quot;:&quot;youtube&quot;,&quot;controls&quot;:&quot;yes&quot;}\" data-widget_type=\"video.default\">\n\t\t\t\t<div class=\"elementor-widget-container\">\n\t\t\t\t\t\t\t<div class=\"elementor-wrapper elementor-open-inline\">\n\t\t\t<div class=\"elementor-video\"><\/div>\t\t<\/div>\n\t\t\t\t\t\t<\/div>\n\t\t\t\t<\/div>\n\t\t\t\t\t<\/div>\n\t\t<\/div>\n\t\t\t\t\t<\/div>\n\t\t<\/section>\n\t\t\t\t<\/div>\n\t\t","protected":false},"excerpt":{"rendered":"<p>Marcos Hofmann, president del Junior FC, encap\u00e7alava el grup compost per Sergi Renieblas, vicepresident segon; Salvador Font, secretari; Katery Maragall, tresorera; Jordi Mu\u00f1oz, vocal d&#8217;Hoquei; Israel Ferreres, vocal de Padel; Sergi Beca, vocal de Tennis; Jorge Castro, vocal d\u2019altres seccions; Marc Permanyer, vocal social i comunicaci\u00f3 i el president d&#8217;honor, Joan Maragall. &nbsp; El Junior [&hellip;]<\/p>\n","protected":false},"author":11,"featured_media":25403,"comment_status":"closed","ping_status":"closed","sticky":false,"template":"","format":"standard","meta":{"_acf_changed":false,"_price":"","_stock":"","_tribe_ticket_header":"","_tribe_default_ticket_provider":"","_tribe_ticket_capacity":"0","_ticket_start_date":"","_ticket_end_date":"","_tribe_ticket_show_description":"","_tribe_ticket_show_not_going":false,"_tribe_ticket_use_global_stock":"","_tribe_ticket_global_stock_level":"","_global_stock_mode":"","_global_stock_cap":"","_tribe_rsvp_for_event":"","_tribe_ticket_going_count":"","_tribe_ticket_not_going_count":"","_tribe_tickets_list":"[]","_tribe_ticket_has_attendee_info_fields":false,"footnotes":""},"categories":[3],"tags":[],"class_list":["post-25410","post","type-post","status-publish","format-standard","has-post-thumbnail","hentry","category-sin-categorizar"],"acf":[],"yoast_head":"<!-- This site is optimized with the Yoast SEO plugin v23.7 - https:\/\/yoast.com\/wordpress\/plugins\/seo\/ -->\n<title>Membres de la Junta Directiva del Junior FC visita el Museu Ol\u00edmpic per visitar l&#039;exposici\u00f3 temporal dedicada als m\u00e9s de 100 anys d&#039;hist\u00f2ria del Club - Museu Ol\u00edmpic i de l&#039;Esport<\/title>\n<meta name=\"robots\" content=\"index, follow, max-snippet:-1, max-image-preview:large, max-video-preview:-1\" \/>\n<link rel=\"canonical\" href=\"https:\/\/www.museuolimpicbcn.cat\/ca\/membres-de-la-junta-directiva-del-junior-fc-visita-el-museu-olimpic-per-visitar-lexposicio-temporal-dedicada-als-mes-de-100-anys-dhistoria-del-club\/\" \/>\n<meta property=\"og:locale\" content=\"ca_ES\" \/>\n<meta property=\"og:type\" content=\"article\" \/>\n<meta property=\"og:title\" content=\"Membres de la Junta Directiva del Junior FC visita el Museu Ol\u00edmpic per visitar l&#039;exposici\u00f3 temporal dedicada als m\u00e9s de 100 anys d&#039;hist\u00f2ria del Club - Museu Ol\u00edmpic i de l&#039;Esport\" \/>\n<meta property=\"og:description\" content=\"Marcos Hofmann, president del Junior FC, encap\u00e7alava el grup compost per Sergi Renieblas, vicepresident segon; Salvador Font, secretari; Katery Maragall, tresorera; Jordi Mu\u00f1oz, vocal d&#8217;Hoquei; Israel Ferreres, vocal de Padel; Sergi Beca, vocal de Tennis; Jorge Castro, vocal d\u2019altres seccions; Marc Permanyer, vocal social i comunicaci\u00f3 i el president d&#8217;honor, Joan Maragall. &nbsp; El Junior [&hellip;]\" \/>\n<meta property=\"og:url\" content=\"https:\/\/www.museuolimpicbcn.cat\/ca\/membres-de-la-junta-directiva-del-junior-fc-visita-el-museu-olimpic-per-visitar-lexposicio-temporal-dedicada-als-mes-de-100-anys-dhistoria-del-club\/\" \/>\n<meta property=\"og:site_name\" content=\"Museu Ol\u00edmpic i de l&#039;Esport\" \/>\n<meta property=\"article:published_time\" content=\"2020-07-29T10:11:32+00:00\" \/>\n<meta property=\"article:modified_time\" content=\"2020-09-21T07:58:02+00:00\" \/>\n<meta property=\"og:image\" content=\"https:\/\/www.museuolimpicbcn.cat\/wp-content\/uploads\/sites\/2\/2020\/07\/Museu-Olimpic-Junior-FC6.jpg\" \/>\n\t<meta property=\"og:image:width\" content=\"1903\" \/>\n\t<meta property=\"og:image:height\" content=\"1071\" \/>\n\t<meta property=\"og:image:type\" content=\"image\/jpeg\" \/>\n<meta name=\"author\" content=\"Ibone\" \/>\n<meta name=\"twitter:card\" content=\"summary_large_image\" \/>\n<meta name=\"twitter:label1\" content=\"Escrit per\" \/>\n\t<meta name=\"twitter:data1\" content=\"Ibone\" \/>\n\t<meta name=\"twitter:label2\" content=\"Temps estimat de lectura\" \/>\n\t<meta name=\"twitter:data2\" content=\"1 minut\" \/>\n<script type=\"application\/ld+json\" class=\"yoast-schema-graph\">{\"@context\":\"https:\/\/schema.org\",\"@graph\":[{\"@type\":\"Article\",\"@id\":\"https:\/\/www.museuolimpicbcn.cat\/ca\/membres-de-la-junta-directiva-del-junior-fc-visita-el-museu-olimpic-per-visitar-lexposicio-temporal-dedicada-als-mes-de-100-anys-dhistoria-del-club\/#article\",\"isPartOf\":{\"@id\":\"https:\/\/www.museuolimpicbcn.cat\/ca\/membres-de-la-junta-directiva-del-junior-fc-visita-el-museu-olimpic-per-visitar-lexposicio-temporal-dedicada-als-mes-de-100-anys-dhistoria-del-club\/\"},\"author\":{\"name\":\"Ibone\",\"@id\":\"https:\/\/www.museuolimpicbcn.cat\/ca\/#\/schema\/person\/b792834a53f193977df425a499287aa9\"},\"headline\":\"Membres de la Junta Directiva del Junior FC visita el Museu Ol\u00edmpic per visitar l&#8217;exposici\u00f3 temporal dedicada als m\u00e9s de 100 anys d&#8217;hist\u00f2ria del Club\",\"datePublished\":\"2020-07-29T10:11:32+00:00\",\"dateModified\":\"2020-09-21T07:58:02+00:00\",\"mainEntityOfPage\":{\"@id\":\"https:\/\/www.museuolimpicbcn.cat\/ca\/membres-de-la-junta-directiva-del-junior-fc-visita-el-museu-olimpic-per-visitar-lexposicio-temporal-dedicada-als-mes-de-100-anys-dhistoria-del-club\/\"},\"wordCount\":191,\"publisher\":{\"@id\":\"https:\/\/www.museuolimpicbcn.cat\/ca\/#organization\"},\"image\":{\"@id\":\"https:\/\/www.museuolimpicbcn.cat\/ca\/membres-de-la-junta-directiva-del-junior-fc-visita-el-museu-olimpic-per-visitar-lexposicio-temporal-dedicada-als-mes-de-100-anys-dhistoria-del-club\/#primaryimage\"},\"thumbnailUrl\":\"https:\/\/www.museuolimpicbcn.cat\/wp-content\/uploads\/sites\/2\/2020\/07\/Museu-Olimpic-Junior-FC6.jpg\",\"articleSection\":[\"Sin categorizar\"],\"inLanguage\":\"ca\"},{\"@type\":\"WebPage\",\"@id\":\"https:\/\/www.museuolimpicbcn.cat\/ca\/membres-de-la-junta-directiva-del-junior-fc-visita-el-museu-olimpic-per-visitar-lexposicio-temporal-dedicada-als-mes-de-100-anys-dhistoria-del-club\/\",\"url\":\"https:\/\/www.museuolimpicbcn.cat\/ca\/membres-de-la-junta-directiva-del-junior-fc-visita-el-museu-olimpic-per-visitar-lexposicio-temporal-dedicada-als-mes-de-100-anys-dhistoria-del-club\/\",\"name\":\"Membres de la Junta Directiva del Junior FC visita el Museu Ol\u00edmpic per visitar l'exposici\u00f3 temporal dedicada als m\u00e9s de 100 anys d'hist\u00f2ria del Club - Museu Ol\u00edmpic i de l&#039;Esport\",\"isPartOf\":{\"@id\":\"https:\/\/www.museuolimpicbcn.cat\/ca\/#website\"},\"primaryImageOfPage\":{\"@id\":\"https:\/\/www.museuolimpicbcn.cat\/ca\/membres-de-la-junta-directiva-del-junior-fc-visita-el-museu-olimpic-per-visitar-lexposicio-temporal-dedicada-als-mes-de-100-anys-dhistoria-del-club\/#primaryimage\"},\"image\":{\"@id\":\"https:\/\/www.museuolimpicbcn.cat\/ca\/membres-de-la-junta-directiva-del-junior-fc-visita-el-museu-olimpic-per-visitar-lexposicio-temporal-dedicada-als-mes-de-100-anys-dhistoria-del-club\/#primaryimage\"},\"thumbnailUrl\":\"https:\/\/www.museuolimpicbcn.cat\/wp-content\/uploads\/sites\/2\/2020\/07\/Museu-Olimpic-Junior-FC6.jpg\",\"datePublished\":\"2020-07-29T10:11:32+00:00\",\"dateModified\":\"2020-09-21T07:58:02+00:00\",\"breadcrumb\":{\"@id\":\"https:\/\/www.museuolimpicbcn.cat\/ca\/membres-de-la-junta-directiva-del-junior-fc-visita-el-museu-olimpic-per-visitar-lexposicio-temporal-dedicada-als-mes-de-100-anys-dhistoria-del-club\/#breadcrumb\"},\"inLanguage\":\"ca\",\"potentialAction\":[{\"@type\":\"ReadAction\",\"target\":[\"https:\/\/www.museuolimpicbcn.cat\/ca\/membres-de-la-junta-directiva-del-junior-fc-visita-el-museu-olimpic-per-visitar-lexposicio-temporal-dedicada-als-mes-de-100-anys-dhistoria-del-club\/\"]}]},{\"@type\":\"ImageObject\",\"inLanguage\":\"ca\",\"@id\":\"https:\/\/www.museuolimpicbcn.cat\/ca\/membres-de-la-junta-directiva-del-junior-fc-visita-el-museu-olimpic-per-visitar-lexposicio-temporal-dedicada-als-mes-de-100-anys-dhistoria-del-club\/#primaryimage\",\"url\":\"https:\/\/www.museuolimpicbcn.cat\/wp-content\/uploads\/sites\/2\/2020\/07\/Museu-Olimpic-Junior-FC6.jpg\",\"contentUrl\":\"https:\/\/www.museuolimpicbcn.cat\/wp-content\/uploads\/sites\/2\/2020\/07\/Museu-Olimpic-Junior-FC6.jpg\",\"width\":1903,\"height\":1071,\"caption\":\"Junta Directiva del J\u00fanior FC visita\"},{\"@type\":\"BreadcrumbList\",\"@id\":\"https:\/\/www.museuolimpicbcn.cat\/ca\/membres-de-la-junta-directiva-del-junior-fc-visita-el-museu-olimpic-per-visitar-lexposicio-temporal-dedicada-als-mes-de-100-anys-dhistoria-del-club\/#breadcrumb\",\"itemListElement\":[{\"@type\":\"ListItem\",\"position\":1,\"name\":\"Inici\",\"item\":\"https:\/\/www.museuolimpicbcn.cat\/es\/\"},{\"@type\":\"ListItem\",\"position\":2,\"name\":\"Membres de la Junta Directiva del Junior FC visita el Museu Ol\u00edmpic per visitar l&#8217;exposici\u00f3 temporal dedicada als m\u00e9s de 100 anys d&#8217;hist\u00f2ria del Club\"}]},{\"@type\":\"WebSite\",\"@id\":\"https:\/\/www.museuolimpicbcn.cat\/ca\/#website\",\"url\":\"https:\/\/www.museuolimpicbcn.cat\/ca\/\",\"name\":\"Museu Ol\u00edmpic i de l&#039;Esport\",\"description\":\"Altre lloc Web del Museu Ol\u00edmpic i de l&#039;Esport llocs\",\"publisher\":{\"@id\":\"https:\/\/www.museuolimpicbcn.cat\/ca\/#organization\"},\"potentialAction\":[{\"@type\":\"SearchAction\",\"target\":{\"@type\":\"EntryPoint\",\"urlTemplate\":\"https:\/\/www.museuolimpicbcn.cat\/ca\/?s={search_term_string}\"},\"query-input\":{\"@type\":\"PropertyValueSpecification\",\"valueRequired\":true,\"valueName\":\"search_term_string\"}}],\"inLanguage\":\"ca\"},{\"@type\":\"Organization\",\"@id\":\"https:\/\/www.museuolimpicbcn.cat\/ca\/#organization\",\"name\":\"Museu Ol\u00edmpic i de l&#039;Esport\",\"url\":\"https:\/\/www.museuolimpicbcn.cat\/ca\/\",\"logo\":{\"@type\":\"ImageObject\",\"inLanguage\":\"ca\",\"@id\":\"https:\/\/www.museuolimpicbcn.cat\/ca\/#\/schema\/logo\/image\/\",\"url\":\"https:\/\/www.museuolimpicbcn.cat\/wp-content\/uploads\/sites\/2\/2018\/12\/logo-moe-header.svg\",\"contentUrl\":\"https:\/\/www.museuolimpicbcn.cat\/wp-content\/uploads\/sites\/2\/2018\/12\/logo-moe-header.svg\",\"caption\":\"Museu Ol\u00edmpic i de l&#039;Esport\"},\"image\":{\"@id\":\"https:\/\/www.museuolimpicbcn.cat\/ca\/#\/schema\/logo\/image\/\"}},{\"@type\":\"Person\",\"@id\":\"https:\/\/www.museuolimpicbcn.cat\/ca\/#\/schema\/person\/b792834a53f193977df425a499287aa9\",\"name\":\"Ibone\",\"url\":\"https:\/\/www.museuolimpicbcn.cat\/ca\/author\/fbolimpica\/\"}]}<\/script>\n<!-- \/ Yoast SEO plugin. -->","yoast_head_json":{"title":"Membres de la Junta Directiva del Junior FC visita el Museu Ol\u00edmpic per visitar l'exposici\u00f3 temporal dedicada als m\u00e9s de 100 anys d'hist\u00f2ria del Club - Museu Ol\u00edmpic i de l&#039;Esport","robots":{"index":"index","follow":"follow","max-snippet":"max-snippet:-1","max-image-preview":"max-image-preview:large","max-video-preview":"max-video-preview:-1"},"canonical":"https:\/\/www.museuolimpicbcn.cat\/ca\/membres-de-la-junta-directiva-del-junior-fc-visita-el-museu-olimpic-per-visitar-lexposicio-temporal-dedicada-als-mes-de-100-anys-dhistoria-del-club\/","og_locale":"ca_ES","og_type":"article","og_title":"Membres de la Junta Directiva del Junior FC visita el Museu Ol\u00edmpic per visitar l'exposici\u00f3 temporal dedicada als m\u00e9s de 100 anys d'hist\u00f2ria del Club - Museu Ol\u00edmpic i de l&#039;Esport","og_description":"Marcos Hofmann, president del Junior FC, encap\u00e7alava el grup compost per Sergi Renieblas, vicepresident segon; Salvador Font, secretari; Katery Maragall, tresorera; Jordi Mu\u00f1oz, vocal d&#8217;Hoquei; Israel Ferreres, vocal de Padel; Sergi Beca, vocal de Tennis; Jorge Castro, vocal d\u2019altres seccions; Marc Permanyer, vocal social i comunicaci\u00f3 i el president d&#8217;honor, Joan Maragall. &nbsp; El Junior [&hellip;]","og_url":"https:\/\/www.museuolimpicbcn.cat\/ca\/membres-de-la-junta-directiva-del-junior-fc-visita-el-museu-olimpic-per-visitar-lexposicio-temporal-dedicada-als-mes-de-100-anys-dhistoria-del-club\/","og_site_name":"Museu Ol\u00edmpic i de l&#039;Esport","article_published_time":"2020-07-29T10:11:32+00:00","article_modified_time":"2020-09-21T07:58:02+00:00","og_image":[{"width":1903,"height":1071,"url":"https:\/\/www.museuolimpicbcn.cat\/wp-content\/uploads\/sites\/2\/2020\/07\/Museu-Olimpic-Junior-FC6.jpg","type":"image\/jpeg"}],"author":"Ibone","twitter_card":"summary_large_image","twitter_misc":{"Escrit per":"Ibone","Temps estimat de lectura":"1 minut"},"schema":{"@context":"https:\/\/schema.org","@graph":[{"@type":"Article","@id":"https:\/\/www.museuolimpicbcn.cat\/ca\/membres-de-la-junta-directiva-del-junior-fc-visita-el-museu-olimpic-per-visitar-lexposicio-temporal-dedicada-als-mes-de-100-anys-dhistoria-del-club\/#article","isPartOf":{"@id":"https:\/\/www.museuolimpicbcn.cat\/ca\/membres-de-la-junta-directiva-del-junior-fc-visita-el-museu-olimpic-per-visitar-lexposicio-temporal-dedicada-als-mes-de-100-anys-dhistoria-del-club\/"},"author":{"name":"Ibone","@id":"https:\/\/www.museuolimpicbcn.cat\/ca\/#\/schema\/person\/b792834a53f193977df425a499287aa9"},"headline":"Membres de la Junta Directiva del Junior FC visita el Museu Ol\u00edmpic per visitar l&#8217;exposici\u00f3 temporal dedicada als m\u00e9s de 100 anys d&#8217;hist\u00f2ria del Club","datePublished":"2020-07-29T10:11:32+00:00","dateModified":"2020-09-21T07:58:02+00:00","mainEntityOfPage":{"@id":"https:\/\/www.museuolimpicbcn.cat\/ca\/membres-de-la-junta-directiva-del-junior-fc-visita-el-museu-olimpic-per-visitar-lexposicio-temporal-dedicada-als-mes-de-100-anys-dhistoria-del-club\/"},"wordCount":191,"publisher":{"@id":"https:\/\/www.museuolimpicbcn.cat\/ca\/#organization"},"image":{"@id":"https:\/\/www.museuolimpicbcn.cat\/ca\/membres-de-la-junta-directiva-del-junior-fc-visita-el-museu-olimpic-per-visitar-lexposicio-temporal-dedicada-als-mes-de-100-anys-dhistoria-del-club\/#primaryimage"},"thumbnailUrl":"https:\/\/www.museuolimpicbcn.cat\/wp-content\/uploads\/sites\/2\/2020\/07\/Museu-Olimpic-Junior-FC6.jpg","articleSection":["Sin categorizar"],"inLanguage":"ca"},{"@type":"WebPage","@id":"https:\/\/www.museuolimpicbcn.cat\/ca\/membres-de-la-junta-directiva-del-junior-fc-visita-el-museu-olimpic-per-visitar-lexposicio-temporal-dedicada-als-mes-de-100-anys-dhistoria-del-club\/","url":"https:\/\/www.museuolimpicbcn.cat\/ca\/membres-de-la-junta-directiva-del-junior-fc-visita-el-museu-olimpic-per-visitar-lexposicio-temporal-dedicada-als-mes-de-100-anys-dhistoria-del-club\/","name":"Membres de la Junta Directiva del Junior FC visita el Museu Ol\u00edmpic per visitar l'exposici\u00f3 temporal dedicada als m\u00e9s de 100 anys d'hist\u00f2ria del Club - Museu Ol\u00edmpic i de l&#039;Esport","isPartOf":{"@id":"https:\/\/www.museuolimpicbcn.cat\/ca\/#website"},"primaryImageOfPage":{"@id":"https:\/\/www.museuolimpicbcn.cat\/ca\/membres-de-la-junta-directiva-del-junior-fc-visita-el-museu-olimpic-per-visitar-lexposicio-temporal-dedicada-als-mes-de-100-anys-dhistoria-del-club\/#primaryimage"},"image":{"@id":"https:\/\/www.museuolimpicbcn.cat\/ca\/membres-de-la-junta-directiva-del-junior-fc-visita-el-museu-olimpic-per-visitar-lexposicio-temporal-dedicada-als-mes-de-100-anys-dhistoria-del-club\/#primaryimage"},"thumbnailUrl":"https:\/\/www.museuolimpicbcn.cat\/wp-content\/uploads\/sites\/2\/2020\/07\/Museu-Olimpic-Junior-FC6.jpg","datePublished":"2020-07-29T10:11:32+00:00","dateModified":"2020-09-21T07:58:02+00:00","breadcrumb":{"@id":"https:\/\/www.museuolimpicbcn.cat\/ca\/membres-de-la-junta-directiva-del-junior-fc-visita-el-museu-olimpic-per-visitar-lexposicio-temporal-dedicada-als-mes-de-100-anys-dhistoria-del-club\/#breadcrumb"},"inLanguage":"ca","potentialAction":[{"@type":"ReadAction","target":["https:\/\/www.museuolimpicbcn.cat\/ca\/membres-de-la-junta-directiva-del-junior-fc-visita-el-museu-olimpic-per-visitar-lexposicio-temporal-dedicada-als-mes-de-100-anys-dhistoria-del-club\/"]}]},{"@type":"ImageObject","inLanguage":"ca","@id":"https:\/\/www.museuolimpicbcn.cat\/ca\/membres-de-la-junta-directiva-del-junior-fc-visita-el-museu-olimpic-per-visitar-lexposicio-temporal-dedicada-als-mes-de-100-anys-dhistoria-del-club\/#primaryimage","url":"https:\/\/www.museuolimpicbcn.cat\/wp-content\/uploads\/sites\/2\/2020\/07\/Museu-Olimpic-Junior-FC6.jpg","contentUrl":"https:\/\/www.museuolimpicbcn.cat\/wp-content\/uploads\/sites\/2\/2020\/07\/Museu-Olimpic-Junior-FC6.jpg","width":1903,"height":1071,"caption":"Junta Directiva del J\u00fanior FC visita"},{"@type":"BreadcrumbList","@id":"https:\/\/www.museuolimpicbcn.cat\/ca\/membres-de-la-junta-directiva-del-junior-fc-visita-el-museu-olimpic-per-visitar-lexposicio-temporal-dedicada-als-mes-de-100-anys-dhistoria-del-club\/#breadcrumb","itemListElement":[{"@type":"ListItem","position":1,"name":"Inici","item":"https:\/\/www.museuolimpicbcn.cat\/es\/"},{"@type":"ListItem","position":2,"name":"Membres de la Junta Directiva del Junior FC visita el Museu Ol\u00edmpic per visitar l&#8217;exposici\u00f3 temporal dedicada als m\u00e9s de 100 anys d&#8217;hist\u00f2ria del Club"}]},{"@type":"WebSite","@id":"https:\/\/www.museuolimpicbcn.cat\/ca\/#website","url":"https:\/\/www.museuolimpicbcn.cat\/ca\/","name":"Museu Ol\u00edmpic i de l&#039;Esport","description":"Altre lloc Web del Museu Ol\u00edmpic i de l&#039;Esport llocs","publisher":{"@id":"https:\/\/www.museuolimpicbcn.cat\/ca\/#organization"},"potentialAction":[{"@type":"SearchAction","target":{"@type":"EntryPoint","urlTemplate":"https:\/\/www.museuolimpicbcn.cat\/ca\/?s={search_term_string}"},"query-input":{"@type":"PropertyValueSpecification","valueRequired":true,"valueName":"search_term_string"}}],"inLanguage":"ca"},{"@type":"Organization","@id":"https:\/\/www.museuolimpicbcn.cat\/ca\/#organization","name":"Museu Ol\u00edmpic i de l&#039;Esport","url":"https:\/\/www.museuolimpicbcn.cat\/ca\/","logo":{"@type":"ImageObject","inLanguage":"ca","@id":"https:\/\/www.museuolimpicbcn.cat\/ca\/#\/schema\/logo\/image\/","url":"https:\/\/www.museuolimpicbcn.cat\/wp-content\/uploads\/sites\/2\/2018\/12\/logo-moe-header.svg","contentUrl":"https:\/\/www.museuolimpicbcn.cat\/wp-content\/uploads\/sites\/2\/2018\/12\/logo-moe-header.svg","caption":"Museu Ol\u00edmpic i de l&#039;Esport"},"image":{"@id":"https:\/\/www.museuolimpicbcn.cat\/ca\/#\/schema\/logo\/image\/"}},{"@type":"Person","@id":"https:\/\/www.museuolimpicbcn.cat\/ca\/#\/schema\/person\/b792834a53f193977df425a499287aa9","name":"Ibone","url":"https:\/\/www.museuolimpicbcn.cat\/ca\/author\/fbolimpica\/"}]}},"_links":{"self":[{"href":"https:\/\/www.museuolimpicbcn.cat\/ca\/wp-json\/wp\/v2\/posts\/25410"}],"collection":[{"href":"https:\/\/www.museuolimpicbcn.cat\/ca\/wp-json\/wp\/v2\/posts"}],"about":[{"href":"https:\/\/www.museuolimpicbcn.cat\/ca\/wp-json\/wp\/v2\/types\/post"}],"author":[{"embeddable":true,"href":"https:\/\/www.museuolimpicbcn.cat\/ca\/wp-json\/wp\/v2\/users\/11"}],"replies":[{"embeddable":true,"href":"https:\/\/www.museuolimpicbcn.cat\/ca\/wp-json\/wp\/v2\/comments?post=25410"}],"version-history":[{"count":1,"href":"https:\/\/www.museuolimpicbcn.cat\/ca\/wp-json\/wp\/v2\/posts\/25410\/revisions"}],"predecessor-version":[{"id":25411,"href":"https:\/\/www.museuolimpicbcn.cat\/ca\/wp-json\/wp\/v2\/posts\/25410\/revisions\/25411"}],"wp:featuredmedia":[{"embeddable":true,"href":"https:\/\/www.museuolimpicbcn.cat\/ca\/wp-json\/wp\/v2\/media\/25403"}],"wp:attachment":[{"href":"https:\/\/www.museuolimpicbcn.cat\/ca\/wp-json\/wp\/v2\/media?parent=25410"}],"wp:term":[{"taxonomy":"category","embeddable":true,"href":"https:\/\/www.museuolimpicbcn.cat\/ca\/wp-json\/wp\/v2\/categories?post=25410"},{"taxonomy":"post_tag","embeddable":true,"href":"https:\/\/www.museuolimpicbcn.cat\/ca\/wp-json\/wp\/v2\/tags?post=25410"}],"curies":[{"name":"wp","href":"https:\/\/api.w.org\/{rel}","templated":true}]}}