{"id":25690,"date":"2020-09-30T19:30:13","date_gmt":"2020-09-30T17:30:13","guid":{"rendered":"https:\/\/www.museuolimpicbcn.cat\/?p=25690"},"modified":"2020-09-30T19:34:34","modified_gmt":"2020-09-30T17:34:34","slug":"cal-adaptar-se-i-les-tecnologies-ens-ho-permet","status":"publish","type":"post","link":"https:\/\/www.museuolimpicbcn.cat\/ca\/cal-adaptar-se-i-les-tecnologies-ens-ho-permet\/","title":{"rendered":"Cal adaptar-se i les tecnologies ens ho permet"},"content":{"rendered":"\t\t<div data-elementor-type=\"wp-post\" data-elementor-id=\"25690\" class=\"elementor elementor-25690 elementor-25689\" data-elementor-post-type=\"post\">\n\t\t\t\t\t\t<section class=\"elementor-section elementor-top-section elementor-element elementor-element-7a5faefe elementor-section-boxed elementor-section-height-default elementor-section-height-default\" data-id=\"7a5faefe\" data-element_type=\"section\">\n\t\t\t\t\t\t<div class=\"elementor-container elementor-column-gap-default\">\n\t\t\t\t\t<div class=\"elementor-column elementor-col-100 elementor-top-column elementor-element elementor-element-74caa240\" data-id=\"74caa240\" data-element_type=\"column\">\n\t\t\t<div class=\"elementor-widget-wrap elementor-element-populated\">\n\t\t\t\t\t\t<div class=\"elementor-element elementor-element-65d38677 elementor-widget elementor-widget-text-editor\" data-id=\"65d38677\" data-element_type=\"widget\" data-widget_type=\"text-editor.default\">\n\t\t\t\t<div class=\"elementor-widget-container\">\n\t\t\t\t\t\t\t\t\t<p>La jornada \u201cEls nous escenaris virtuals en l&#8217;esport\u201d del cicle de confer\u00e8ncies \u201cel valor de l&#8217;esport en el segle XXI\u201d s&#8217;ha realitzat en les instal\u00b7lacions del Museu Ol\u00edmpic i ha estat retransmesa via streaming a trav\u00e9s del canal YouTube del BCN Esports. David Escud\u00e9, regidor d&#8217;esports de l&#8217;Ajuntament de Barcelona i president de la Fundaci\u00f3 Barcelona Ol\u00edmpica ha destacat la import\u00e0ncia d&#8217;aquesta jornada, ja que la necessitat ens ha fet adaptar a la demanda dels ciutadans.<\/p>\n<p>&nbsp;<\/p>\n<p>La jornada, coordinada pel periodista de TV3 Jordi Fandillo, ha comptat amb la pres\u00e8ncia de Bernat Gay\u00e0, soci-consultor de 3 POC Consulting; Josep Maria Figueras, Managing Director de YFS Barcelona; Olga L\u00f3pez, Directora d&#8217;Innovaci\u00f3 i Qualitat esportiva del Club Claror i Miriam Garc\u00eda, coneguda influencer en l&#8217;\u00e0mbit esportiu.<\/p>\n<p>Els ponents han dialogat sobre les perspectives de futur de l&#8217;esport posant l&#8217;accent a Barcelona, ciutat molt vinculada a l&#8217;esport i on gran part de la poblaci\u00f3 practica esport de manera activa.<\/p>\n<p>Una confer\u00e8ncia molt interessant que pots tornar a veure <a href=\"https:\/\/youtu.be\/SsOzAovNWx4\">AQU\u00cd<\/a><\/p>\n\t\t\t\t\t\t\t\t<\/div>\n\t\t\t\t<\/div>\n\t\t\t\t\t<\/div>\n\t\t<\/div>\n\t\t\t\t\t<\/div>\n\t\t<\/section>\n\t\t\t\t<section class=\"elementor-section elementor-top-section elementor-element elementor-element-df152a2 elementor-section-boxed elementor-section-height-default elementor-section-height-default\" data-id=\"df152a2\" data-element_type=\"section\">\n\t\t\t\t\t\t<div class=\"elementor-container elementor-column-gap-default\">\n\t\t\t\t\t<div class=\"elementor-column elementor-col-100 elementor-top-column elementor-element elementor-element-b421126\" data-id=\"b421126\" data-element_type=\"column\">\n\t\t\t<div class=\"elementor-widget-wrap elementor-element-populated\">\n\t\t\t\t\t\t<div class=\"elementor-element elementor-element-e936525 elementor-widget elementor-widget-video\" data-id=\"e936525\" data-element_type=\"widget\" data-settings=\"{&quot;youtube_url&quot;:&quot;https:\\\/\\\/www.youtube.com\\\/watch?v=SsOzAovNWx4&amp;feature=youtu.be&quot;,&quot;start&quot;:&quot;430&quot;,&quot;video_type&quot;:&quot;youtube&quot;,&quot;controls&quot;:&quot;yes&quot;}\" data-widget_type=\"video.default\">\n\t\t\t\t<div class=\"elementor-widget-container\">\n\t\t\t\t\t\t\t<div class=\"elementor-wrapper elementor-open-inline\">\n\t\t\t<div class=\"elementor-video\"><\/div>\t\t<\/div>\n\t\t\t\t\t\t<\/div>\n\t\t\t\t<\/div>\n\t\t\t\t\t<\/div>\n\t\t<\/div>\n\t\t\t\t\t<\/div>\n\t\t<\/section>\n\t\t\t\t<\/div>\n\t\t","protected":false},"excerpt":{"rendered":"<p>La jornada \u201cEls nous escenaris virtuals en l&#8217;esport\u201d del cicle de confer\u00e8ncies \u201cel valor de l&#8217;esport en el segle XXI\u201d s&#8217;ha realitzat en les instal\u00b7lacions del Museu Ol\u00edmpic i ha estat retransmesa via streaming a trav\u00e9s del canal YouTube del BCN Esports. David Escud\u00e9, regidor d&#8217;esports de l&#8217;Ajuntament de Barcelona i president de la Fundaci\u00f3 [&hellip;]<\/p>\n","protected":false},"author":11,"featured_media":25692,"comment_status":"closed","ping_status":"closed","sticky":false,"template":"","format":"standard","meta":{"_acf_changed":false,"_price":"","_stock":"","_tribe_ticket_header":"","_tribe_default_ticket_provider":"","_tribe_ticket_capacity":"0","_ticket_start_date":"","_ticket_end_date":"","_tribe_ticket_show_description":"","_tribe_ticket_show_not_going":false,"_tribe_ticket_use_global_stock":"","_tribe_ticket_global_stock_level":"","_global_stock_mode":"","_global_stock_cap":"","_tribe_rsvp_for_event":"","_tribe_ticket_going_count":"","_tribe_ticket_not_going_count":"","_tribe_tickets_list":"[]","_tribe_ticket_has_attendee_info_fields":false,"footnotes":""},"categories":[1],"tags":[],"class_list":["post-25690","post","type-post","status-publish","format-standard","has-post-thumbnail","hentry","category-uncategorized-ca"],"acf":[],"yoast_head":"<!-- This site is optimized with the Yoast SEO plugin v23.7 - https:\/\/yoast.com\/wordpress\/plugins\/seo\/ -->\n<title>Cal adaptar-se i les tecnologies ens ho permet - Museu Ol\u00edmpic i de l&#039;Esport<\/title>\n<meta name=\"robots\" content=\"index, follow, max-snippet:-1, max-image-preview:large, max-video-preview:-1\" \/>\n<link rel=\"canonical\" href=\"https:\/\/www.museuolimpicbcn.cat\/ca\/cal-adaptar-se-i-les-tecnologies-ens-ho-permet\/\" \/>\n<meta property=\"og:locale\" content=\"ca_ES\" \/>\n<meta property=\"og:type\" content=\"article\" \/>\n<meta property=\"og:title\" content=\"Cal adaptar-se i les tecnologies ens ho permet - Museu Ol\u00edmpic i de l&#039;Esport\" \/>\n<meta property=\"og:description\" content=\"La jornada \u201cEls nous escenaris virtuals en l&#8217;esport\u201d del cicle de confer\u00e8ncies \u201cel valor de l&#8217;esport en el segle XXI\u201d s&#8217;ha realitzat en les instal\u00b7lacions del Museu Ol\u00edmpic i ha estat retransmesa via streaming a trav\u00e9s del canal YouTube del BCN Esports. David Escud\u00e9, regidor d&#8217;esports de l&#8217;Ajuntament de Barcelona i president de la Fundaci\u00f3 [&hellip;]\" \/>\n<meta property=\"og:url\" content=\"https:\/\/www.museuolimpicbcn.cat\/ca\/cal-adaptar-se-i-les-tecnologies-ens-ho-permet\/\" \/>\n<meta property=\"og:site_name\" content=\"Museu Ol\u00edmpic i de l&#039;Esport\" \/>\n<meta property=\"article:published_time\" content=\"2020-09-30T17:30:13+00:00\" \/>\n<meta property=\"article:modified_time\" content=\"2020-09-30T17:34:34+00:00\" \/>\n<meta property=\"og:image\" content=\"https:\/\/www.museuolimpicbcn.cat\/wp-content\/uploads\/sites\/2\/2020\/09\/MuseuOlimpicBCN_Jornadas_Esport_Escude.jpeg\" \/>\n\t<meta property=\"og:image:width\" content=\"1600\" \/>\n\t<meta property=\"og:image:height\" content=\"1200\" \/>\n\t<meta property=\"og:image:type\" content=\"image\/jpeg\" \/>\n<meta name=\"author\" content=\"Ibone\" \/>\n<meta name=\"twitter:card\" content=\"summary_large_image\" \/>\n<meta name=\"twitter:label1\" content=\"Escrit per\" \/>\n\t<meta name=\"twitter:data1\" content=\"Ibone\" \/>\n\t<meta name=\"twitter:label2\" content=\"Temps estimat de lectura\" \/>\n\t<meta name=\"twitter:data2\" content=\"1 minut\" \/>\n<script type=\"application\/ld+json\" class=\"yoast-schema-graph\">{\"@context\":\"https:\/\/schema.org\",\"@graph\":[{\"@type\":\"Article\",\"@id\":\"https:\/\/www.museuolimpicbcn.cat\/ca\/cal-adaptar-se-i-les-tecnologies-ens-ho-permet\/#article\",\"isPartOf\":{\"@id\":\"https:\/\/www.museuolimpicbcn.cat\/ca\/cal-adaptar-se-i-les-tecnologies-ens-ho-permet\/\"},\"author\":{\"name\":\"Ibone\",\"@id\":\"https:\/\/www.museuolimpicbcn.cat\/ca\/#\/schema\/person\/b792834a53f193977df425a499287aa9\"},\"headline\":\"Cal adaptar-se i les tecnologies ens ho permet\",\"datePublished\":\"2020-09-30T17:30:13+00:00\",\"dateModified\":\"2020-09-30T17:34:34+00:00\",\"mainEntityOfPage\":{\"@id\":\"https:\/\/www.museuolimpicbcn.cat\/ca\/cal-adaptar-se-i-les-tecnologies-ens-ho-permet\/\"},\"wordCount\":195,\"publisher\":{\"@id\":\"https:\/\/www.museuolimpicbcn.cat\/ca\/#organization\"},\"image\":{\"@id\":\"https:\/\/www.museuolimpicbcn.cat\/ca\/cal-adaptar-se-i-les-tecnologies-ens-ho-permet\/#primaryimage\"},\"thumbnailUrl\":\"https:\/\/www.museuolimpicbcn.cat\/wp-content\/uploads\/sites\/2\/2020\/09\/MuseuOlimpicBCN_Jornadas_Esport_Escude.jpeg\",\"articleSection\":[\"Uncategorized @ca\"],\"inLanguage\":\"ca\"},{\"@type\":\"WebPage\",\"@id\":\"https:\/\/www.museuolimpicbcn.cat\/ca\/cal-adaptar-se-i-les-tecnologies-ens-ho-permet\/\",\"url\":\"https:\/\/www.museuolimpicbcn.cat\/ca\/cal-adaptar-se-i-les-tecnologies-ens-ho-permet\/\",\"name\":\"Cal adaptar-se i les tecnologies ens ho permet - Museu Ol\u00edmpic i de l&#039;Esport\",\"isPartOf\":{\"@id\":\"https:\/\/www.museuolimpicbcn.cat\/ca\/#website\"},\"primaryImageOfPage\":{\"@id\":\"https:\/\/www.museuolimpicbcn.cat\/ca\/cal-adaptar-se-i-les-tecnologies-ens-ho-permet\/#primaryimage\"},\"image\":{\"@id\":\"https:\/\/www.museuolimpicbcn.cat\/ca\/cal-adaptar-se-i-les-tecnologies-ens-ho-permet\/#primaryimage\"},\"thumbnailUrl\":\"https:\/\/www.museuolimpicbcn.cat\/wp-content\/uploads\/sites\/2\/2020\/09\/MuseuOlimpicBCN_Jornadas_Esport_Escude.jpeg\",\"datePublished\":\"2020-09-30T17:30:13+00:00\",\"dateModified\":\"2020-09-30T17:34:34+00:00\",\"breadcrumb\":{\"@id\":\"https:\/\/www.museuolimpicbcn.cat\/ca\/cal-adaptar-se-i-les-tecnologies-ens-ho-permet\/#breadcrumb\"},\"inLanguage\":\"ca\",\"potentialAction\":[{\"@type\":\"ReadAction\",\"target\":[\"https:\/\/www.museuolimpicbcn.cat\/ca\/cal-adaptar-se-i-les-tecnologies-ens-ho-permet\/\"]}]},{\"@type\":\"ImageObject\",\"inLanguage\":\"ca\",\"@id\":\"https:\/\/www.museuolimpicbcn.cat\/ca\/cal-adaptar-se-i-les-tecnologies-ens-ho-permet\/#primaryimage\",\"url\":\"https:\/\/www.museuolimpicbcn.cat\/wp-content\/uploads\/sites\/2\/2020\/09\/MuseuOlimpicBCN_Jornadas_Esport_Escude.jpeg\",\"contentUrl\":\"https:\/\/www.museuolimpicbcn.cat\/wp-content\/uploads\/sites\/2\/2020\/09\/MuseuOlimpicBCN_Jornadas_Esport_Escude.jpeg\",\"width\":1600,\"height\":1200},{\"@type\":\"BreadcrumbList\",\"@id\":\"https:\/\/www.museuolimpicbcn.cat\/ca\/cal-adaptar-se-i-les-tecnologies-ens-ho-permet\/#breadcrumb\",\"itemListElement\":[{\"@type\":\"ListItem\",\"position\":1,\"name\":\"Inici\",\"item\":\"https:\/\/www.museuolimpicbcn.cat\/es\/\"},{\"@type\":\"ListItem\",\"position\":2,\"name\":\"Cal adaptar-se i les tecnologies ens ho permet\"}]},{\"@type\":\"WebSite\",\"@id\":\"https:\/\/www.museuolimpicbcn.cat\/ca\/#website\",\"url\":\"https:\/\/www.museuolimpicbcn.cat\/ca\/\",\"name\":\"Museu Ol\u00edmpic i de l&#039;Esport\",\"description\":\"Altre lloc Web del Museu Ol\u00edmpic i de l&#039;Esport llocs\",\"publisher\":{\"@id\":\"https:\/\/www.museuolimpicbcn.cat\/ca\/#organization\"},\"potentialAction\":[{\"@type\":\"SearchAction\",\"target\":{\"@type\":\"EntryPoint\",\"urlTemplate\":\"https:\/\/www.museuolimpicbcn.cat\/ca\/?s={search_term_string}\"},\"query-input\":{\"@type\":\"PropertyValueSpecification\",\"valueRequired\":true,\"valueName\":\"search_term_string\"}}],\"inLanguage\":\"ca\"},{\"@type\":\"Organization\",\"@id\":\"https:\/\/www.museuolimpicbcn.cat\/ca\/#organization\",\"name\":\"Museu Ol\u00edmpic i de l&#039;Esport\",\"url\":\"https:\/\/www.museuolimpicbcn.cat\/ca\/\",\"logo\":{\"@type\":\"ImageObject\",\"inLanguage\":\"ca\",\"@id\":\"https:\/\/www.museuolimpicbcn.cat\/ca\/#\/schema\/logo\/image\/\",\"url\":\"https:\/\/www.museuolimpicbcn.cat\/wp-content\/uploads\/sites\/2\/2018\/12\/logo-moe-header.svg\",\"contentUrl\":\"https:\/\/www.museuolimpicbcn.cat\/wp-content\/uploads\/sites\/2\/2018\/12\/logo-moe-header.svg\",\"caption\":\"Museu Ol\u00edmpic i de l&#039;Esport\"},\"image\":{\"@id\":\"https:\/\/www.museuolimpicbcn.cat\/ca\/#\/schema\/logo\/image\/\"}},{\"@type\":\"Person\",\"@id\":\"https:\/\/www.museuolimpicbcn.cat\/ca\/#\/schema\/person\/b792834a53f193977df425a499287aa9\",\"name\":\"Ibone\",\"url\":\"https:\/\/www.museuolimpicbcn.cat\/ca\/author\/fbolimpica\/\"}]}<\/script>\n<!-- \/ Yoast SEO plugin. -->","yoast_head_json":{"title":"Cal adaptar-se i les tecnologies ens ho permet - Museu Ol\u00edmpic i de l&#039;Esport","robots":{"index":"index","follow":"follow","max-snippet":"max-snippet:-1","max-image-preview":"max-image-preview:large","max-video-preview":"max-video-preview:-1"},"canonical":"https:\/\/www.museuolimpicbcn.cat\/ca\/cal-adaptar-se-i-les-tecnologies-ens-ho-permet\/","og_locale":"ca_ES","og_type":"article","og_title":"Cal adaptar-se i les tecnologies ens ho permet - Museu Ol\u00edmpic i de l&#039;Esport","og_description":"La jornada \u201cEls nous escenaris virtuals en l&#8217;esport\u201d del cicle de confer\u00e8ncies \u201cel valor de l&#8217;esport en el segle XXI\u201d s&#8217;ha realitzat en les instal\u00b7lacions del Museu Ol\u00edmpic i ha estat retransmesa via streaming a trav\u00e9s del canal YouTube del BCN Esports. David Escud\u00e9, regidor d&#8217;esports de l&#8217;Ajuntament de Barcelona i president de la Fundaci\u00f3 [&hellip;]","og_url":"https:\/\/www.museuolimpicbcn.cat\/ca\/cal-adaptar-se-i-les-tecnologies-ens-ho-permet\/","og_site_name":"Museu Ol\u00edmpic i de l&#039;Esport","article_published_time":"2020-09-30T17:30:13+00:00","article_modified_time":"2020-09-30T17:34:34+00:00","og_image":[{"width":1600,"height":1200,"url":"https:\/\/www.museuolimpicbcn.cat\/wp-content\/uploads\/sites\/2\/2020\/09\/MuseuOlimpicBCN_Jornadas_Esport_Escude.jpeg","type":"image\/jpeg"}],"author":"Ibone","twitter_card":"summary_large_image","twitter_misc":{"Escrit per":"Ibone","Temps estimat de lectura":"1 minut"},"schema":{"@context":"https:\/\/schema.org","@graph":[{"@type":"Article","@id":"https:\/\/www.museuolimpicbcn.cat\/ca\/cal-adaptar-se-i-les-tecnologies-ens-ho-permet\/#article","isPartOf":{"@id":"https:\/\/www.museuolimpicbcn.cat\/ca\/cal-adaptar-se-i-les-tecnologies-ens-ho-permet\/"},"author":{"name":"Ibone","@id":"https:\/\/www.museuolimpicbcn.cat\/ca\/#\/schema\/person\/b792834a53f193977df425a499287aa9"},"headline":"Cal adaptar-se i les tecnologies ens ho permet","datePublished":"2020-09-30T17:30:13+00:00","dateModified":"2020-09-30T17:34:34+00:00","mainEntityOfPage":{"@id":"https:\/\/www.museuolimpicbcn.cat\/ca\/cal-adaptar-se-i-les-tecnologies-ens-ho-permet\/"},"wordCount":195,"publisher":{"@id":"https:\/\/www.museuolimpicbcn.cat\/ca\/#organization"},"image":{"@id":"https:\/\/www.museuolimpicbcn.cat\/ca\/cal-adaptar-se-i-les-tecnologies-ens-ho-permet\/#primaryimage"},"thumbnailUrl":"https:\/\/www.museuolimpicbcn.cat\/wp-content\/uploads\/sites\/2\/2020\/09\/MuseuOlimpicBCN_Jornadas_Esport_Escude.jpeg","articleSection":["Uncategorized @ca"],"inLanguage":"ca"},{"@type":"WebPage","@id":"https:\/\/www.museuolimpicbcn.cat\/ca\/cal-adaptar-se-i-les-tecnologies-ens-ho-permet\/","url":"https:\/\/www.museuolimpicbcn.cat\/ca\/cal-adaptar-se-i-les-tecnologies-ens-ho-permet\/","name":"Cal adaptar-se i les tecnologies ens ho permet - Museu Ol\u00edmpic i de l&#039;Esport","isPartOf":{"@id":"https:\/\/www.museuolimpicbcn.cat\/ca\/#website"},"primaryImageOfPage":{"@id":"https:\/\/www.museuolimpicbcn.cat\/ca\/cal-adaptar-se-i-les-tecnologies-ens-ho-permet\/#primaryimage"},"image":{"@id":"https:\/\/www.museuolimpicbcn.cat\/ca\/cal-adaptar-se-i-les-tecnologies-ens-ho-permet\/#primaryimage"},"thumbnailUrl":"https:\/\/www.museuolimpicbcn.cat\/wp-content\/uploads\/sites\/2\/2020\/09\/MuseuOlimpicBCN_Jornadas_Esport_Escude.jpeg","datePublished":"2020-09-30T17:30:13+00:00","dateModified":"2020-09-30T17:34:34+00:00","breadcrumb":{"@id":"https:\/\/www.museuolimpicbcn.cat\/ca\/cal-adaptar-se-i-les-tecnologies-ens-ho-permet\/#breadcrumb"},"inLanguage":"ca","potentialAction":[{"@type":"ReadAction","target":["https:\/\/www.museuolimpicbcn.cat\/ca\/cal-adaptar-se-i-les-tecnologies-ens-ho-permet\/"]}]},{"@type":"ImageObject","inLanguage":"ca","@id":"https:\/\/www.museuolimpicbcn.cat\/ca\/cal-adaptar-se-i-les-tecnologies-ens-ho-permet\/#primaryimage","url":"https:\/\/www.museuolimpicbcn.cat\/wp-content\/uploads\/sites\/2\/2020\/09\/MuseuOlimpicBCN_Jornadas_Esport_Escude.jpeg","contentUrl":"https:\/\/www.museuolimpicbcn.cat\/wp-content\/uploads\/sites\/2\/2020\/09\/MuseuOlimpicBCN_Jornadas_Esport_Escude.jpeg","width":1600,"height":1200},{"@type":"BreadcrumbList","@id":"https:\/\/www.museuolimpicbcn.cat\/ca\/cal-adaptar-se-i-les-tecnologies-ens-ho-permet\/#breadcrumb","itemListElement":[{"@type":"ListItem","position":1,"name":"Inici","item":"https:\/\/www.museuolimpicbcn.cat\/es\/"},{"@type":"ListItem","position":2,"name":"Cal adaptar-se i les tecnologies ens ho permet"}]},{"@type":"WebSite","@id":"https:\/\/www.museuolimpicbcn.cat\/ca\/#website","url":"https:\/\/www.museuolimpicbcn.cat\/ca\/","name":"Museu Ol\u00edmpic i de l&#039;Esport","description":"Altre lloc Web del Museu Ol\u00edmpic i de l&#039;Esport llocs","publisher":{"@id":"https:\/\/www.museuolimpicbcn.cat\/ca\/#organization"},"potentialAction":[{"@type":"SearchAction","target":{"@type":"EntryPoint","urlTemplate":"https:\/\/www.museuolimpicbcn.cat\/ca\/?s={search_term_string}"},"query-input":{"@type":"PropertyValueSpecification","valueRequired":true,"valueName":"search_term_string"}}],"inLanguage":"ca"},{"@type":"Organization","@id":"https:\/\/www.museuolimpicbcn.cat\/ca\/#organization","name":"Museu Ol\u00edmpic i de l&#039;Esport","url":"https:\/\/www.museuolimpicbcn.cat\/ca\/","logo":{"@type":"ImageObject","inLanguage":"ca","@id":"https:\/\/www.museuolimpicbcn.cat\/ca\/#\/schema\/logo\/image\/","url":"https:\/\/www.museuolimpicbcn.cat\/wp-content\/uploads\/sites\/2\/2018\/12\/logo-moe-header.svg","contentUrl":"https:\/\/www.museuolimpicbcn.cat\/wp-content\/uploads\/sites\/2\/2018\/12\/logo-moe-header.svg","caption":"Museu Ol\u00edmpic i de l&#039;Esport"},"image":{"@id":"https:\/\/www.museuolimpicbcn.cat\/ca\/#\/schema\/logo\/image\/"}},{"@type":"Person","@id":"https:\/\/www.museuolimpicbcn.cat\/ca\/#\/schema\/person\/b792834a53f193977df425a499287aa9","name":"Ibone","url":"https:\/\/www.museuolimpicbcn.cat\/ca\/author\/fbolimpica\/"}]}},"_links":{"self":[{"href":"https:\/\/www.museuolimpicbcn.cat\/ca\/wp-json\/wp\/v2\/posts\/25690"}],"collection":[{"href":"https:\/\/www.museuolimpicbcn.cat\/ca\/wp-json\/wp\/v2\/posts"}],"about":[{"href":"https:\/\/www.museuolimpicbcn.cat\/ca\/wp-json\/wp\/v2\/types\/post"}],"author":[{"embeddable":true,"href":"https:\/\/www.museuolimpicbcn.cat\/ca\/wp-json\/wp\/v2\/users\/11"}],"replies":[{"embeddable":true,"href":"https:\/\/www.museuolimpicbcn.cat\/ca\/wp-json\/wp\/v2\/comments?post=25690"}],"version-history":[{"count":3,"href":"https:\/\/www.museuolimpicbcn.cat\/ca\/wp-json\/wp\/v2\/posts\/25690\/revisions"}],"predecessor-version":[{"id":25702,"href":"https:\/\/www.museuolimpicbcn.cat\/ca\/wp-json\/wp\/v2\/posts\/25690\/revisions\/25702"}],"wp:featuredmedia":[{"embeddable":true,"href":"https:\/\/www.museuolimpicbcn.cat\/ca\/wp-json\/wp\/v2\/media\/25692"}],"wp:attachment":[{"href":"https:\/\/www.museuolimpicbcn.cat\/ca\/wp-json\/wp\/v2\/media?parent=25690"}],"wp:term":[{"taxonomy":"category","embeddable":true,"href":"https:\/\/www.museuolimpicbcn.cat\/ca\/wp-json\/wp\/v2\/categories?post=25690"},{"taxonomy":"post_tag","embeddable":true,"href":"https:\/\/www.museuolimpicbcn.cat\/ca\/wp-json\/wp\/v2\/tags?post=25690"}],"curies":[{"name":"wp","href":"https:\/\/api.w.org\/{rel}","templated":true}]}}