{"id":25753,"date":"2020-11-06T10:59:18","date_gmt":"2020-11-06T09:59:18","guid":{"rendered":"https:\/\/www.museuolimpicbcn.cat\/lespectacle-de-lesport-despres-de-la-covid-19-la-perspectiva-de-professionals-de-lesport\/"},"modified":"2020-11-06T10:59:18","modified_gmt":"2020-11-06T09:59:18","slug":"lespectacle-de-lesport-despres-de-la-covid-19-la-perspectiva-de-professionals-de-lesport","status":"publish","type":"post","link":"https:\/\/www.museuolimpicbcn.cat\/ca\/lespectacle-de-lesport-despres-de-la-covid-19-la-perspectiva-de-professionals-de-lesport\/","title":{"rendered":"\u201cL&#8217;espectacle de l&#8217;esport despr\u00e9s de la Covid-19\u201d la perspectiva de professionals de l&#8217;esport"},"content":{"rendered":"<p>Durant 3 dies, Palco23 ha desenvolupat les seves jornades Sport Business Meeting via streaming des del Museu Ol\u00edmpic de Barcelona.<\/p>\n<p>&nbsp;<\/p>\n<p>Sports Business Meeting ha explorat un nou format en la seva 3a edici\u00f3 per a adaptar-se a l&#8217;entorn marcat per la Covid-19 amb una convocat\u00f2ria 100% digital que ha tingut lloc del 3 al 5 de novembre amb seu en el Museu Ol\u00edmpic de Barcelona, i en la qual ha tornat a reunir el millor elenc d&#8217;experts i directius del sector. Sota el t\u00edtol \u201cL&#8217;espectacle de l&#8217;esport despr\u00e9s del la Covid-19\u201d, Sports Business Meeting 2020 s&#8217;ha transm\u00e8s en streaming durant les tres jornades, comptant amb pon\u00e8ncies, entrevistes i panells d&#8217;experts com ara David Escud\u00e9, regidor d\u2019Esports de l\u2019Ajuntament de Barcelona, Luis Bassat, empresari de la publicitat; David Dellea, PwC; Juan del Riu, Visqui Gym; Carlos Cant\u00f3 Naves, Spsg Consulting; Melcior Soler, LaLiga; Ignacio N\u00fa\u00f1ez, Guip\u00fascoa Basket; Andrew Saxton, Kantar Worldpanel; Jes\u00fas Garc\u00eda, RPM-MKTG; Jos\u00e9 Ram\u00f3n Diaz, Good Game Group ; Patricia Rodr\u00edguez, Elx CF; Jordi Vi\u00f1as Fort, Itik Consulting Sport &amp; Leisur; David Meire, Hurley; Susana Closa Castella, Ajuntament de Barcelona i Alfonso Feijoo, Federaci\u00f3 Espanyola de Rugbi.<\/p>\n<p><a href=\"https:\/\/www.palco23.com\/entorno\/sports-business-meeting-2020-mas-de-1500-conectados-al-dia-para-reinventar-el-espectaculo-del-deporte.html\">NOT\u00cdCIA JORNADES Palco 23<\/a><\/p>\n","protected":false},"excerpt":{"rendered":"<p>Durant 3 dies, Palco23 ha desenvolupat les seves jornades Sport Business Meeting via streaming des del Museu Ol\u00edmpic de Barcelona. &nbsp; Sports Business Meeting ha explorat un nou format en la seva 3a edici\u00f3 per a adaptar-se a l&#8217;entorn marcat per la Covid-19 amb una convocat\u00f2ria 100% digital que ha tingut lloc del 3 al [&hellip;]<\/p>\n","protected":false},"author":11,"featured_media":25748,"comment_status":"closed","ping_status":"closed","sticky":false,"template":"","format":"standard","meta":{"_acf_changed":false,"_price":"","_stock":"","_tribe_ticket_header":"","_tribe_default_ticket_provider":"","_tribe_ticket_capacity":"0","_ticket_start_date":"","_ticket_end_date":"","_tribe_ticket_show_description":"","_tribe_ticket_show_not_going":false,"_tribe_ticket_use_global_stock":"","_tribe_ticket_global_stock_level":"","_global_stock_mode":"","_global_stock_cap":"","_tribe_rsvp_for_event":"","_tribe_ticket_going_count":"","_tribe_ticket_not_going_count":"","_tribe_tickets_list":"[]","_tribe_ticket_has_attendee_info_fields":false,"footnotes":""},"categories":[1],"tags":[],"class_list":["post-25753","post","type-post","status-publish","format-standard","has-post-thumbnail","hentry","category-uncategorized-ca"],"acf":[],"yoast_head":"<!-- This site is optimized with the Yoast SEO plugin v23.7 - https:\/\/yoast.com\/wordpress\/plugins\/seo\/ -->\n<title>\u201cL&#039;espectacle de l&#039;esport despr\u00e9s de la Covid-19\u201d la perspectiva de professionals de l&#039;esport - Museu Ol\u00edmpic i de l&#039;Esport<\/title>\n<meta name=\"robots\" content=\"index, follow, max-snippet:-1, max-image-preview:large, max-video-preview:-1\" \/>\n<link rel=\"canonical\" href=\"https:\/\/www.museuolimpicbcn.cat\/ca\/lespectacle-de-lesport-despres-de-la-covid-19-la-perspectiva-de-professionals-de-lesport\/\" \/>\n<meta property=\"og:locale\" content=\"ca_ES\" \/>\n<meta property=\"og:type\" content=\"article\" \/>\n<meta property=\"og:title\" content=\"\u201cL&#039;espectacle de l&#039;esport despr\u00e9s de la Covid-19\u201d la perspectiva de professionals de l&#039;esport - Museu Ol\u00edmpic i de l&#039;Esport\" \/>\n<meta property=\"og:description\" content=\"Durant 3 dies, Palco23 ha desenvolupat les seves jornades Sport Business Meeting via streaming des del Museu Ol\u00edmpic de Barcelona. &nbsp; Sports Business Meeting ha explorat un nou format en la seva 3a edici\u00f3 per a adaptar-se a l&#8217;entorn marcat per la Covid-19 amb una convocat\u00f2ria 100% digital que ha tingut lloc del 3 al [&hellip;]\" \/>\n<meta property=\"og:url\" content=\"https:\/\/www.museuolimpicbcn.cat\/ca\/lespectacle-de-lesport-despres-de-la-covid-19-la-perspectiva-de-professionals-de-lesport\/\" \/>\n<meta property=\"og:site_name\" content=\"Museu Ol\u00edmpic i de l&#039;Esport\" \/>\n<meta property=\"article:published_time\" content=\"2020-11-06T09:59:18+00:00\" \/>\n<meta property=\"og:image\" content=\"https:\/\/www.museuolimpicbcn.cat\/wp-content\/uploads\/sites\/2\/2020\/11\/Museu-Olimpic-streaming2-SBM2020.jpg\" \/>\n\t<meta property=\"og:image:width\" content=\"3024\" \/>\n\t<meta property=\"og:image:height\" content=\"2318\" \/>\n\t<meta property=\"og:image:type\" content=\"image\/jpeg\" \/>\n<meta name=\"author\" content=\"Ibone\" \/>\n<meta name=\"twitter:card\" content=\"summary_large_image\" \/>\n<meta name=\"twitter:label1\" content=\"Escrit per\" \/>\n\t<meta name=\"twitter:data1\" content=\"Ibone\" \/>\n\t<meta name=\"twitter:label2\" content=\"Temps estimat de lectura\" \/>\n\t<meta name=\"twitter:data2\" content=\"1 minut\" \/>\n<script type=\"application\/ld+json\" class=\"yoast-schema-graph\">{\"@context\":\"https:\/\/schema.org\",\"@graph\":[{\"@type\":\"Article\",\"@id\":\"https:\/\/www.museuolimpicbcn.cat\/ca\/lespectacle-de-lesport-despres-de-la-covid-19-la-perspectiva-de-professionals-de-lesport\/#article\",\"isPartOf\":{\"@id\":\"https:\/\/www.museuolimpicbcn.cat\/ca\/lespectacle-de-lesport-despres-de-la-covid-19-la-perspectiva-de-professionals-de-lesport\/\"},\"author\":{\"name\":\"Ibone\",\"@id\":\"https:\/\/www.museuolimpicbcn.cat\/ca\/#\/schema\/person\/b792834a53f193977df425a499287aa9\"},\"headline\":\"\u201cL&#8217;espectacle de l&#8217;esport despr\u00e9s de la Covid-19\u201d la perspectiva de professionals de l&#8217;esport\",\"datePublished\":\"2020-11-06T09:59:18+00:00\",\"dateModified\":\"2020-11-06T09:59:18+00:00\",\"mainEntityOfPage\":{\"@id\":\"https:\/\/www.museuolimpicbcn.cat\/ca\/lespectacle-de-lesport-despres-de-la-covid-19-la-perspectiva-de-professionals-de-lesport\/\"},\"wordCount\":217,\"publisher\":{\"@id\":\"https:\/\/www.museuolimpicbcn.cat\/ca\/#organization\"},\"image\":{\"@id\":\"https:\/\/www.museuolimpicbcn.cat\/ca\/lespectacle-de-lesport-despres-de-la-covid-19-la-perspectiva-de-professionals-de-lesport\/#primaryimage\"},\"thumbnailUrl\":\"https:\/\/www.museuolimpicbcn.cat\/wp-content\/uploads\/sites\/2\/2020\/11\/Museu-Olimpic-streaming2-SBM2020.jpg\",\"articleSection\":[\"Uncategorized @ca\"],\"inLanguage\":\"ca\"},{\"@type\":\"WebPage\",\"@id\":\"https:\/\/www.museuolimpicbcn.cat\/ca\/lespectacle-de-lesport-despres-de-la-covid-19-la-perspectiva-de-professionals-de-lesport\/\",\"url\":\"https:\/\/www.museuolimpicbcn.cat\/ca\/lespectacle-de-lesport-despres-de-la-covid-19-la-perspectiva-de-professionals-de-lesport\/\",\"name\":\"\u201cL'espectacle de l'esport despr\u00e9s de la Covid-19\u201d la perspectiva de professionals de l'esport - Museu Ol\u00edmpic i de l&#039;Esport\",\"isPartOf\":{\"@id\":\"https:\/\/www.museuolimpicbcn.cat\/ca\/#website\"},\"primaryImageOfPage\":{\"@id\":\"https:\/\/www.museuolimpicbcn.cat\/ca\/lespectacle-de-lesport-despres-de-la-covid-19-la-perspectiva-de-professionals-de-lesport\/#primaryimage\"},\"image\":{\"@id\":\"https:\/\/www.museuolimpicbcn.cat\/ca\/lespectacle-de-lesport-despres-de-la-covid-19-la-perspectiva-de-professionals-de-lesport\/#primaryimage\"},\"thumbnailUrl\":\"https:\/\/www.museuolimpicbcn.cat\/wp-content\/uploads\/sites\/2\/2020\/11\/Museu-Olimpic-streaming2-SBM2020.jpg\",\"datePublished\":\"2020-11-06T09:59:18+00:00\",\"dateModified\":\"2020-11-06T09:59:18+00:00\",\"breadcrumb\":{\"@id\":\"https:\/\/www.museuolimpicbcn.cat\/ca\/lespectacle-de-lesport-despres-de-la-covid-19-la-perspectiva-de-professionals-de-lesport\/#breadcrumb\"},\"inLanguage\":\"ca\",\"potentialAction\":[{\"@type\":\"ReadAction\",\"target\":[\"https:\/\/www.museuolimpicbcn.cat\/ca\/lespectacle-de-lesport-despres-de-la-covid-19-la-perspectiva-de-professionals-de-lesport\/\"]}]},{\"@type\":\"ImageObject\",\"inLanguage\":\"ca\",\"@id\":\"https:\/\/www.museuolimpicbcn.cat\/ca\/lespectacle-de-lesport-despres-de-la-covid-19-la-perspectiva-de-professionals-de-lesport\/#primaryimage\",\"url\":\"https:\/\/www.museuolimpicbcn.cat\/wp-content\/uploads\/sites\/2\/2020\/11\/Museu-Olimpic-streaming2-SBM2020.jpg\",\"contentUrl\":\"https:\/\/www.museuolimpicbcn.cat\/wp-content\/uploads\/sites\/2\/2020\/11\/Museu-Olimpic-streaming2-SBM2020.jpg\",\"width\":3024,\"height\":2318},{\"@type\":\"BreadcrumbList\",\"@id\":\"https:\/\/www.museuolimpicbcn.cat\/ca\/lespectacle-de-lesport-despres-de-la-covid-19-la-perspectiva-de-professionals-de-lesport\/#breadcrumb\",\"itemListElement\":[{\"@type\":\"ListItem\",\"position\":1,\"name\":\"Inici\",\"item\":\"https:\/\/www.museuolimpicbcn.cat\/es\/\"},{\"@type\":\"ListItem\",\"position\":2,\"name\":\"\u201cL&#8217;espectacle de l&#8217;esport despr\u00e9s de la Covid-19\u201d la perspectiva de professionals de l&#8217;esport\"}]},{\"@type\":\"WebSite\",\"@id\":\"https:\/\/www.museuolimpicbcn.cat\/ca\/#website\",\"url\":\"https:\/\/www.museuolimpicbcn.cat\/ca\/\",\"name\":\"Museu Ol\u00edmpic i de l&#039;Esport\",\"description\":\"Altre lloc Web del Museu Ol\u00edmpic i de l&#039;Esport llocs\",\"publisher\":{\"@id\":\"https:\/\/www.museuolimpicbcn.cat\/ca\/#organization\"},\"potentialAction\":[{\"@type\":\"SearchAction\",\"target\":{\"@type\":\"EntryPoint\",\"urlTemplate\":\"https:\/\/www.museuolimpicbcn.cat\/ca\/?s={search_term_string}\"},\"query-input\":{\"@type\":\"PropertyValueSpecification\",\"valueRequired\":true,\"valueName\":\"search_term_string\"}}],\"inLanguage\":\"ca\"},{\"@type\":\"Organization\",\"@id\":\"https:\/\/www.museuolimpicbcn.cat\/ca\/#organization\",\"name\":\"Museu Ol\u00edmpic i de l&#039;Esport\",\"url\":\"https:\/\/www.museuolimpicbcn.cat\/ca\/\",\"logo\":{\"@type\":\"ImageObject\",\"inLanguage\":\"ca\",\"@id\":\"https:\/\/www.museuolimpicbcn.cat\/ca\/#\/schema\/logo\/image\/\",\"url\":\"https:\/\/www.museuolimpicbcn.cat\/wp-content\/uploads\/sites\/2\/2018\/12\/logo-moe-header.svg\",\"contentUrl\":\"https:\/\/www.museuolimpicbcn.cat\/wp-content\/uploads\/sites\/2\/2018\/12\/logo-moe-header.svg\",\"caption\":\"Museu Ol\u00edmpic i de l&#039;Esport\"},\"image\":{\"@id\":\"https:\/\/www.museuolimpicbcn.cat\/ca\/#\/schema\/logo\/image\/\"}},{\"@type\":\"Person\",\"@id\":\"https:\/\/www.museuolimpicbcn.cat\/ca\/#\/schema\/person\/b792834a53f193977df425a499287aa9\",\"name\":\"Ibone\",\"url\":\"https:\/\/www.museuolimpicbcn.cat\/ca\/author\/fbolimpica\/\"}]}<\/script>\n<!-- \/ Yoast SEO plugin. -->","yoast_head_json":{"title":"\u201cL'espectacle de l'esport despr\u00e9s de la Covid-19\u201d la perspectiva de professionals de l'esport - Museu Ol\u00edmpic i de l&#039;Esport","robots":{"index":"index","follow":"follow","max-snippet":"max-snippet:-1","max-image-preview":"max-image-preview:large","max-video-preview":"max-video-preview:-1"},"canonical":"https:\/\/www.museuolimpicbcn.cat\/ca\/lespectacle-de-lesport-despres-de-la-covid-19-la-perspectiva-de-professionals-de-lesport\/","og_locale":"ca_ES","og_type":"article","og_title":"\u201cL'espectacle de l'esport despr\u00e9s de la Covid-19\u201d la perspectiva de professionals de l'esport - Museu Ol\u00edmpic i de l&#039;Esport","og_description":"Durant 3 dies, Palco23 ha desenvolupat les seves jornades Sport Business Meeting via streaming des del Museu Ol\u00edmpic de Barcelona. &nbsp; Sports Business Meeting ha explorat un nou format en la seva 3a edici\u00f3 per a adaptar-se a l&#8217;entorn marcat per la Covid-19 amb una convocat\u00f2ria 100% digital que ha tingut lloc del 3 al [&hellip;]","og_url":"https:\/\/www.museuolimpicbcn.cat\/ca\/lespectacle-de-lesport-despres-de-la-covid-19-la-perspectiva-de-professionals-de-lesport\/","og_site_name":"Museu Ol\u00edmpic i de l&#039;Esport","article_published_time":"2020-11-06T09:59:18+00:00","og_image":[{"width":3024,"height":2318,"url":"https:\/\/www.museuolimpicbcn.cat\/wp-content\/uploads\/sites\/2\/2020\/11\/Museu-Olimpic-streaming2-SBM2020.jpg","type":"image\/jpeg"}],"author":"Ibone","twitter_card":"summary_large_image","twitter_misc":{"Escrit per":"Ibone","Temps estimat de lectura":"1 minut"},"schema":{"@context":"https:\/\/schema.org","@graph":[{"@type":"Article","@id":"https:\/\/www.museuolimpicbcn.cat\/ca\/lespectacle-de-lesport-despres-de-la-covid-19-la-perspectiva-de-professionals-de-lesport\/#article","isPartOf":{"@id":"https:\/\/www.museuolimpicbcn.cat\/ca\/lespectacle-de-lesport-despres-de-la-covid-19-la-perspectiva-de-professionals-de-lesport\/"},"author":{"name":"Ibone","@id":"https:\/\/www.museuolimpicbcn.cat\/ca\/#\/schema\/person\/b792834a53f193977df425a499287aa9"},"headline":"\u201cL&#8217;espectacle de l&#8217;esport despr\u00e9s de la Covid-19\u201d la perspectiva de professionals de l&#8217;esport","datePublished":"2020-11-06T09:59:18+00:00","dateModified":"2020-11-06T09:59:18+00:00","mainEntityOfPage":{"@id":"https:\/\/www.museuolimpicbcn.cat\/ca\/lespectacle-de-lesport-despres-de-la-covid-19-la-perspectiva-de-professionals-de-lesport\/"},"wordCount":217,"publisher":{"@id":"https:\/\/www.museuolimpicbcn.cat\/ca\/#organization"},"image":{"@id":"https:\/\/www.museuolimpicbcn.cat\/ca\/lespectacle-de-lesport-despres-de-la-covid-19-la-perspectiva-de-professionals-de-lesport\/#primaryimage"},"thumbnailUrl":"https:\/\/www.museuolimpicbcn.cat\/wp-content\/uploads\/sites\/2\/2020\/11\/Museu-Olimpic-streaming2-SBM2020.jpg","articleSection":["Uncategorized @ca"],"inLanguage":"ca"},{"@type":"WebPage","@id":"https:\/\/www.museuolimpicbcn.cat\/ca\/lespectacle-de-lesport-despres-de-la-covid-19-la-perspectiva-de-professionals-de-lesport\/","url":"https:\/\/www.museuolimpicbcn.cat\/ca\/lespectacle-de-lesport-despres-de-la-covid-19-la-perspectiva-de-professionals-de-lesport\/","name":"\u201cL'espectacle de l'esport despr\u00e9s de la Covid-19\u201d la perspectiva de professionals de l'esport - Museu Ol\u00edmpic i de l&#039;Esport","isPartOf":{"@id":"https:\/\/www.museuolimpicbcn.cat\/ca\/#website"},"primaryImageOfPage":{"@id":"https:\/\/www.museuolimpicbcn.cat\/ca\/lespectacle-de-lesport-despres-de-la-covid-19-la-perspectiva-de-professionals-de-lesport\/#primaryimage"},"image":{"@id":"https:\/\/www.museuolimpicbcn.cat\/ca\/lespectacle-de-lesport-despres-de-la-covid-19-la-perspectiva-de-professionals-de-lesport\/#primaryimage"},"thumbnailUrl":"https:\/\/www.museuolimpicbcn.cat\/wp-content\/uploads\/sites\/2\/2020\/11\/Museu-Olimpic-streaming2-SBM2020.jpg","datePublished":"2020-11-06T09:59:18+00:00","dateModified":"2020-11-06T09:59:18+00:00","breadcrumb":{"@id":"https:\/\/www.museuolimpicbcn.cat\/ca\/lespectacle-de-lesport-despres-de-la-covid-19-la-perspectiva-de-professionals-de-lesport\/#breadcrumb"},"inLanguage":"ca","potentialAction":[{"@type":"ReadAction","target":["https:\/\/www.museuolimpicbcn.cat\/ca\/lespectacle-de-lesport-despres-de-la-covid-19-la-perspectiva-de-professionals-de-lesport\/"]}]},{"@type":"ImageObject","inLanguage":"ca","@id":"https:\/\/www.museuolimpicbcn.cat\/ca\/lespectacle-de-lesport-despres-de-la-covid-19-la-perspectiva-de-professionals-de-lesport\/#primaryimage","url":"https:\/\/www.museuolimpicbcn.cat\/wp-content\/uploads\/sites\/2\/2020\/11\/Museu-Olimpic-streaming2-SBM2020.jpg","contentUrl":"https:\/\/www.museuolimpicbcn.cat\/wp-content\/uploads\/sites\/2\/2020\/11\/Museu-Olimpic-streaming2-SBM2020.jpg","width":3024,"height":2318},{"@type":"BreadcrumbList","@id":"https:\/\/www.museuolimpicbcn.cat\/ca\/lespectacle-de-lesport-despres-de-la-covid-19-la-perspectiva-de-professionals-de-lesport\/#breadcrumb","itemListElement":[{"@type":"ListItem","position":1,"name":"Inici","item":"https:\/\/www.museuolimpicbcn.cat\/es\/"},{"@type":"ListItem","position":2,"name":"\u201cL&#8217;espectacle de l&#8217;esport despr\u00e9s de la Covid-19\u201d la perspectiva de professionals de l&#8217;esport"}]},{"@type":"WebSite","@id":"https:\/\/www.museuolimpicbcn.cat\/ca\/#website","url":"https:\/\/www.museuolimpicbcn.cat\/ca\/","name":"Museu Ol\u00edmpic i de l&#039;Esport","description":"Altre lloc Web del Museu Ol\u00edmpic i de l&#039;Esport llocs","publisher":{"@id":"https:\/\/www.museuolimpicbcn.cat\/ca\/#organization"},"potentialAction":[{"@type":"SearchAction","target":{"@type":"EntryPoint","urlTemplate":"https:\/\/www.museuolimpicbcn.cat\/ca\/?s={search_term_string}"},"query-input":{"@type":"PropertyValueSpecification","valueRequired":true,"valueName":"search_term_string"}}],"inLanguage":"ca"},{"@type":"Organization","@id":"https:\/\/www.museuolimpicbcn.cat\/ca\/#organization","name":"Museu Ol\u00edmpic i de l&#039;Esport","url":"https:\/\/www.museuolimpicbcn.cat\/ca\/","logo":{"@type":"ImageObject","inLanguage":"ca","@id":"https:\/\/www.museuolimpicbcn.cat\/ca\/#\/schema\/logo\/image\/","url":"https:\/\/www.museuolimpicbcn.cat\/wp-content\/uploads\/sites\/2\/2018\/12\/logo-moe-header.svg","contentUrl":"https:\/\/www.museuolimpicbcn.cat\/wp-content\/uploads\/sites\/2\/2018\/12\/logo-moe-header.svg","caption":"Museu Ol\u00edmpic i de l&#039;Esport"},"image":{"@id":"https:\/\/www.museuolimpicbcn.cat\/ca\/#\/schema\/logo\/image\/"}},{"@type":"Person","@id":"https:\/\/www.museuolimpicbcn.cat\/ca\/#\/schema\/person\/b792834a53f193977df425a499287aa9","name":"Ibone","url":"https:\/\/www.museuolimpicbcn.cat\/ca\/author\/fbolimpica\/"}]}},"_links":{"self":[{"href":"https:\/\/www.museuolimpicbcn.cat\/ca\/wp-json\/wp\/v2\/posts\/25753"}],"collection":[{"href":"https:\/\/www.museuolimpicbcn.cat\/ca\/wp-json\/wp\/v2\/posts"}],"about":[{"href":"https:\/\/www.museuolimpicbcn.cat\/ca\/wp-json\/wp\/v2\/types\/post"}],"author":[{"embeddable":true,"href":"https:\/\/www.museuolimpicbcn.cat\/ca\/wp-json\/wp\/v2\/users\/11"}],"replies":[{"embeddable":true,"href":"https:\/\/www.museuolimpicbcn.cat\/ca\/wp-json\/wp\/v2\/comments?post=25753"}],"version-history":[{"count":0,"href":"https:\/\/www.museuolimpicbcn.cat\/ca\/wp-json\/wp\/v2\/posts\/25753\/revisions"}],"wp:featuredmedia":[{"embeddable":true,"href":"https:\/\/www.museuolimpicbcn.cat\/ca\/wp-json\/wp\/v2\/media\/25748"}],"wp:attachment":[{"href":"https:\/\/www.museuolimpicbcn.cat\/ca\/wp-json\/wp\/v2\/media?parent=25753"}],"wp:term":[{"taxonomy":"category","embeddable":true,"href":"https:\/\/www.museuolimpicbcn.cat\/ca\/wp-json\/wp\/v2\/categories?post=25753"},{"taxonomy":"post_tag","embeddable":true,"href":"https:\/\/www.museuolimpicbcn.cat\/ca\/wp-json\/wp\/v2\/tags?post=25753"}],"curies":[{"name":"wp","href":"https:\/\/api.w.org\/{rel}","templated":true}]}}