{"id":25796,"date":"2020-11-19T10:22:30","date_gmt":"2020-11-19T09:22:30","guid":{"rendered":"https:\/\/www.museuolimpicbcn.cat\/concurs-de-pintura-olimpiada-en-el-cor-del-juvenil\/"},"modified":"2020-11-20T10:40:40","modified_gmt":"2020-11-20T09:40:40","slug":"concurs-de-pintura-olimpiada-en-el-cor-del-juvenil","status":"publish","type":"post","link":"https:\/\/www.museuolimpicbcn.cat\/ca\/concurs-de-pintura-olimpiada-en-el-cor-del-juvenil\/","title":{"rendered":"Concurs de pintura &#8220;Olimp\u00edada en el Cor del Juvenil&#8221;, participa fins a 14 de desembre"},"content":{"rendered":"<p>El Ministeri d&#8217;Educaci\u00f3, l&#8217;Administraci\u00f3 General d&#8217;Esports de l&#8217;Estat i el Comit\u00e8 Organitzador dels Jocs Ol\u00edmpics d&#8217;Hivern de Pequ\u00edn 2022, per a difondre millor els coneixements ol\u00edmpics entre els estudiants d&#8217;escoles de prim\u00e0ria i secund\u00e0ria i promoure l&#8217;esperit ol\u00edmpic ha comptat amb la col\u00b7laboraci\u00f3 de la Fundaci\u00f3 Samaranch, juntament amb la Fundaci\u00f3 per al Desenvolupament de la Ciutat Ol\u00edmpica de Pequ\u00edn (d&#8217;ara endavant, FDOB) i la Fundaci\u00f3 Barcelona Ol\u00edmpica per a organitzar el concurs de pintura &#8220;Olimp\u00edada en el Cor del Juvenil&#8221;.<\/p>\n<p>Una vegada finalitzada la data l\u00edmit <span style=\"color: #ff0000\"><strong>14 de desembre<\/strong> <\/span>del 2020 el jurat compost per <strong>Yang Yang<\/strong>, Vicepresident de la Federaci\u00f3 de Joves de la Xina; <strong>Tao Hua<\/strong>, Director d&#8217;Art\/Gerent General de Xangai Longrun Culture Communication Co.; <strong>Ma Yan,<\/strong> President de l&#8217;Associaci\u00f3 d&#8217;Intercanvi Cultural Xinesa-UE i <strong>Juan Antonio Samaranch Bigelli<\/strong>, Director de la Fundaci\u00f3 Samaranch seleccionar\u00e0 100 obres que formaran part de l&#8217;exposici\u00f3 &#8220;Olimp\u00edada en el Cor del Juvenil&#8221; que es podr\u00e0 veure de manera digital en les instal\u00b7lacions del Museu Ol\u00edmpic de Barcelona a partir del 24 de gener del 2021.<\/p>\n<p>L&#8217;exposici\u00f3 de pintura tem\u00e0tica &#8220;Olimp\u00edada en el Cor del Juvenil&#8221; estar\u00e0 dirigida a joves.<\/p>\n<p><strong>REQUISITS:<\/strong><\/p>\n<p><strong>Participant:<\/strong> Estudiants de 5 a 15 anys<\/p>\n<p><strong>Tema:<\/strong> Qualsevol tema relacionat amb els Jocs Ol\u00edmpics<\/p>\n<ol>\n<li>Totes les obres exposades seran obres originals de l&#8217;autor i el contingut de les obres \u00e9s positiu i optimista.<\/li>\n<li>El quadre ser\u00e0 complet, en l\u00ednia amb el tema ol\u00edmpic positiu, amb innoc\u00e8ncia i valor art\u00edstic.<\/li>\n<li>La imatge ser\u00e0 clara. Si us plau no marqui el nom de l&#8217;autor en l&#8217;obra, la qual cosa s&#8217;anotar\u00e0 en un format unificat quan les obres exhibides es presentin online.<\/li>\n<li>Est\u00e0 estrictament prohibit l&#8217;\u00fas d&#8217;alta imitaci\u00f3, plagi o reproducci\u00f3 d&#8217;obres d&#8217;altres persones per a l&#8217;exposici\u00f3. En aquests casos, les disputes legals o les responsabilitats derivades d&#8217;aix\u00f2 seran a c\u00e0rrec de l&#8217;autor.<\/li>\n<\/ol>\n<p><strong>Forma d&#8217;Obra:<\/strong> Pintura xinesa \/ gouache \/ aquarel\u00b7la \/ caricatura, etc.<\/p>\n<p><strong>Especificaci\u00f3 d&#8217;Obra:<\/strong> La grand\u00e0ria s&#8217;unifica com: Grand\u00e0ria A3 (297mm \u00d7 420mm); les obres exposades no estan restringides en sentit horitzontal i vertical, i les obres que superin la grand\u00e0ria no seran jutjades.<\/p>\n<p><strong>Avaluaci\u00f3:<\/strong> Dividida en tres grups: 5-9 anys, 9-12 anys, 12-15 anys<\/p>\n<p>Forma de Participaci\u00f3: La versi\u00f3 electr\u00f2nica de l&#8217;obra ha d&#8217;enviar-se en format PDF a la b\u00fastia: <a href=\"http:\/\/noelia@jasfoundation.org\">noelia@jasfoundation.org<\/a>; l&#8217;assumpte del correu electr\u00f2nic s&#8217;unifica com: nom de l&#8217;obra+ nom de l&#8217;autor + edat + contacte dels pares. Les obres seleccionades seran comunicades per tel\u00e8fon.<\/p>\n<p><strong>Data L\u00edmit: <span style=\"color: #ff0000\">14.12.2020<\/span><\/strong><\/p>\n<p>Despr\u00e9s de la convocat\u00f2ria, els jutges seleccionaran 100 obres premiades de totes les obres. S&#8217;exhibiran en les tres p\u00e0gines web oficials de la Fundaci\u00f3 Samaranch, FDOB i el Museu Ol\u00edmpic de Barcelona en desembre de 2020. A m\u00e9s, les obres destacades s&#8217;exhibiran offline en el Museu Ol\u00edmpic de Barcelona en febrer de 2021 (el llan\u00e7ament de l&#8217;esdeveniment offline dep\u00e8n de l&#8217;impacte de la pand\u00e8mia).<\/p>\n","protected":false},"excerpt":{"rendered":"<p>El Ministeri d&#8217;Educaci\u00f3, l&#8217;Administraci\u00f3 General d&#8217;Esports de l&#8217;Estat i el Comit\u00e8 Organitzador dels Jocs Ol\u00edmpics d&#8217;Hivern de Pequ\u00edn 2022, per a difondre millor els coneixements ol\u00edmpics entre els estudiants d&#8217;escoles de prim\u00e0ria i secund\u00e0ria i promoure l&#8217;esperit ol\u00edmpic ha comptat amb la col\u00b7laboraci\u00f3 de la Fundaci\u00f3 Samaranch, juntament amb la Fundaci\u00f3 per al Desenvolupament de [&hellip;]<\/p>\n","protected":false},"author":11,"featured_media":25790,"comment_status":"closed","ping_status":"closed","sticky":false,"template":"","format":"standard","meta":{"_acf_changed":false,"_price":"","_stock":"","_tribe_ticket_header":"","_tribe_default_ticket_provider":"","_tribe_ticket_capacity":"0","_ticket_start_date":"","_ticket_end_date":"","_tribe_ticket_show_description":"","_tribe_ticket_show_not_going":false,"_tribe_ticket_use_global_stock":"","_tribe_ticket_global_stock_level":"","_global_stock_mode":"","_global_stock_cap":"","_tribe_rsvp_for_event":"","_tribe_ticket_going_count":"","_tribe_ticket_not_going_count":"","_tribe_tickets_list":"[]","_tribe_ticket_has_attendee_info_fields":false,"footnotes":""},"categories":[1],"tags":[],"class_list":["post-25796","post","type-post","status-publish","format-standard","has-post-thumbnail","hentry","category-uncategorized-ca"],"acf":[],"yoast_head":"<!-- This site is optimized with the Yoast SEO plugin v23.7 - https:\/\/yoast.com\/wordpress\/plugins\/seo\/ -->\n<title>Concurs de pintura &quot;Olimp\u00edada en el Cor del Juvenil&quot;, participa fins a 14 de desembre - Museu Ol\u00edmpic i de l&#039;Esport<\/title>\n<meta name=\"robots\" content=\"index, follow, max-snippet:-1, max-image-preview:large, max-video-preview:-1\" \/>\n<link rel=\"canonical\" href=\"https:\/\/www.museuolimpicbcn.cat\/ca\/concurs-de-pintura-olimpiada-en-el-cor-del-juvenil\/\" \/>\n<meta property=\"og:locale\" content=\"ca_ES\" \/>\n<meta property=\"og:type\" content=\"article\" \/>\n<meta property=\"og:title\" content=\"Concurs de pintura &quot;Olimp\u00edada en el Cor del Juvenil&quot;, participa fins a 14 de desembre - Museu Ol\u00edmpic i de l&#039;Esport\" \/>\n<meta property=\"og:description\" content=\"El Ministeri d&#8217;Educaci\u00f3, l&#8217;Administraci\u00f3 General d&#8217;Esports de l&#8217;Estat i el Comit\u00e8 Organitzador dels Jocs Ol\u00edmpics d&#8217;Hivern de Pequ\u00edn 2022, per a difondre millor els coneixements ol\u00edmpics entre els estudiants d&#8217;escoles de prim\u00e0ria i secund\u00e0ria i promoure l&#8217;esperit ol\u00edmpic ha comptat amb la col\u00b7laboraci\u00f3 de la Fundaci\u00f3 Samaranch, juntament amb la Fundaci\u00f3 per al Desenvolupament de [&hellip;]\" \/>\n<meta property=\"og:url\" content=\"https:\/\/www.museuolimpicbcn.cat\/ca\/concurs-de-pintura-olimpiada-en-el-cor-del-juvenil\/\" \/>\n<meta property=\"og:site_name\" content=\"Museu Ol\u00edmpic i de l&#039;Esport\" \/>\n<meta property=\"article:published_time\" content=\"2020-11-19T09:22:30+00:00\" \/>\n<meta property=\"article:modified_time\" content=\"2020-11-20T09:40:40+00:00\" \/>\n<meta property=\"og:image\" content=\"https:\/\/www.museuolimpicbcn.cat\/wp-content\/uploads\/sites\/2\/2020\/11\/MUSEU-OLIMPIC-OLYMPIC-ART.png\" \/>\n\t<meta property=\"og:image:width\" content=\"1070\" \/>\n\t<meta property=\"og:image:height\" content=\"626\" \/>\n\t<meta property=\"og:image:type\" content=\"image\/png\" \/>\n<meta name=\"author\" content=\"Ibone\" \/>\n<meta name=\"twitter:card\" content=\"summary_large_image\" \/>\n<meta name=\"twitter:label1\" content=\"Escrit per\" \/>\n\t<meta name=\"twitter:data1\" content=\"Ibone\" \/>\n\t<meta name=\"twitter:label2\" content=\"Temps estimat de lectura\" \/>\n\t<meta name=\"twitter:data2\" content=\"2 minuts\" \/>\n<script type=\"application\/ld+json\" class=\"yoast-schema-graph\">{\"@context\":\"https:\/\/schema.org\",\"@graph\":[{\"@type\":\"Article\",\"@id\":\"https:\/\/www.museuolimpicbcn.cat\/ca\/concurs-de-pintura-olimpiada-en-el-cor-del-juvenil\/#article\",\"isPartOf\":{\"@id\":\"https:\/\/www.museuolimpicbcn.cat\/ca\/concurs-de-pintura-olimpiada-en-el-cor-del-juvenil\/\"},\"author\":{\"name\":\"Ibone\",\"@id\":\"https:\/\/www.museuolimpicbcn.cat\/ca\/#\/schema\/person\/b792834a53f193977df425a499287aa9\"},\"headline\":\"Concurs de pintura &#8220;Olimp\u00edada en el Cor del Juvenil&#8221;, participa fins a 14 de desembre\",\"datePublished\":\"2020-11-19T09:22:30+00:00\",\"dateModified\":\"2020-11-20T09:40:40+00:00\",\"mainEntityOfPage\":{\"@id\":\"https:\/\/www.museuolimpicbcn.cat\/ca\/concurs-de-pintura-olimpiada-en-el-cor-del-juvenil\/\"},\"wordCount\":504,\"publisher\":{\"@id\":\"https:\/\/www.museuolimpicbcn.cat\/ca\/#organization\"},\"image\":{\"@id\":\"https:\/\/www.museuolimpicbcn.cat\/ca\/concurs-de-pintura-olimpiada-en-el-cor-del-juvenil\/#primaryimage\"},\"thumbnailUrl\":\"https:\/\/www.museuolimpicbcn.cat\/wp-content\/uploads\/sites\/2\/2020\/11\/MUSEU-OLIMPIC-OLYMPIC-ART.png\",\"articleSection\":[\"Uncategorized @ca\"],\"inLanguage\":\"ca\"},{\"@type\":\"WebPage\",\"@id\":\"https:\/\/www.museuolimpicbcn.cat\/ca\/concurs-de-pintura-olimpiada-en-el-cor-del-juvenil\/\",\"url\":\"https:\/\/www.museuolimpicbcn.cat\/ca\/concurs-de-pintura-olimpiada-en-el-cor-del-juvenil\/\",\"name\":\"Concurs de pintura \\\"Olimp\u00edada en el Cor del Juvenil\\\", participa fins a 14 de desembre - Museu Ol\u00edmpic i de l&#039;Esport\",\"isPartOf\":{\"@id\":\"https:\/\/www.museuolimpicbcn.cat\/ca\/#website\"},\"primaryImageOfPage\":{\"@id\":\"https:\/\/www.museuolimpicbcn.cat\/ca\/concurs-de-pintura-olimpiada-en-el-cor-del-juvenil\/#primaryimage\"},\"image\":{\"@id\":\"https:\/\/www.museuolimpicbcn.cat\/ca\/concurs-de-pintura-olimpiada-en-el-cor-del-juvenil\/#primaryimage\"},\"thumbnailUrl\":\"https:\/\/www.museuolimpicbcn.cat\/wp-content\/uploads\/sites\/2\/2020\/11\/MUSEU-OLIMPIC-OLYMPIC-ART.png\",\"datePublished\":\"2020-11-19T09:22:30+00:00\",\"dateModified\":\"2020-11-20T09:40:40+00:00\",\"breadcrumb\":{\"@id\":\"https:\/\/www.museuolimpicbcn.cat\/ca\/concurs-de-pintura-olimpiada-en-el-cor-del-juvenil\/#breadcrumb\"},\"inLanguage\":\"ca\",\"potentialAction\":[{\"@type\":\"ReadAction\",\"target\":[\"https:\/\/www.museuolimpicbcn.cat\/ca\/concurs-de-pintura-olimpiada-en-el-cor-del-juvenil\/\"]}]},{\"@type\":\"ImageObject\",\"inLanguage\":\"ca\",\"@id\":\"https:\/\/www.museuolimpicbcn.cat\/ca\/concurs-de-pintura-olimpiada-en-el-cor-del-juvenil\/#primaryimage\",\"url\":\"https:\/\/www.museuolimpicbcn.cat\/wp-content\/uploads\/sites\/2\/2020\/11\/MUSEU-OLIMPIC-OLYMPIC-ART.png\",\"contentUrl\":\"https:\/\/www.museuolimpicbcn.cat\/wp-content\/uploads\/sites\/2\/2020\/11\/MUSEU-OLIMPIC-OLYMPIC-ART.png\",\"width\":1070,\"height\":626},{\"@type\":\"BreadcrumbList\",\"@id\":\"https:\/\/www.museuolimpicbcn.cat\/ca\/concurs-de-pintura-olimpiada-en-el-cor-del-juvenil\/#breadcrumb\",\"itemListElement\":[{\"@type\":\"ListItem\",\"position\":1,\"name\":\"Inici\",\"item\":\"https:\/\/www.museuolimpicbcn.cat\/es\/\"},{\"@type\":\"ListItem\",\"position\":2,\"name\":\"Concurs de pintura &#8220;Olimp\u00edada en el Cor del Juvenil&#8221;, participa fins a 14 de desembre\"}]},{\"@type\":\"WebSite\",\"@id\":\"https:\/\/www.museuolimpicbcn.cat\/ca\/#website\",\"url\":\"https:\/\/www.museuolimpicbcn.cat\/ca\/\",\"name\":\"Museu Ol\u00edmpic i de l&#039;Esport\",\"description\":\"Altre lloc Web del Museu Ol\u00edmpic i de l&#039;Esport llocs\",\"publisher\":{\"@id\":\"https:\/\/www.museuolimpicbcn.cat\/ca\/#organization\"},\"potentialAction\":[{\"@type\":\"SearchAction\",\"target\":{\"@type\":\"EntryPoint\",\"urlTemplate\":\"https:\/\/www.museuolimpicbcn.cat\/ca\/?s={search_term_string}\"},\"query-input\":{\"@type\":\"PropertyValueSpecification\",\"valueRequired\":true,\"valueName\":\"search_term_string\"}}],\"inLanguage\":\"ca\"},{\"@type\":\"Organization\",\"@id\":\"https:\/\/www.museuolimpicbcn.cat\/ca\/#organization\",\"name\":\"Museu Ol\u00edmpic i de l&#039;Esport\",\"url\":\"https:\/\/www.museuolimpicbcn.cat\/ca\/\",\"logo\":{\"@type\":\"ImageObject\",\"inLanguage\":\"ca\",\"@id\":\"https:\/\/www.museuolimpicbcn.cat\/ca\/#\/schema\/logo\/image\/\",\"url\":\"https:\/\/www.museuolimpicbcn.cat\/wp-content\/uploads\/sites\/2\/2018\/12\/logo-moe-header.svg\",\"contentUrl\":\"https:\/\/www.museuolimpicbcn.cat\/wp-content\/uploads\/sites\/2\/2018\/12\/logo-moe-header.svg\",\"caption\":\"Museu Ol\u00edmpic i de l&#039;Esport\"},\"image\":{\"@id\":\"https:\/\/www.museuolimpicbcn.cat\/ca\/#\/schema\/logo\/image\/\"}},{\"@type\":\"Person\",\"@id\":\"https:\/\/www.museuolimpicbcn.cat\/ca\/#\/schema\/person\/b792834a53f193977df425a499287aa9\",\"name\":\"Ibone\",\"url\":\"https:\/\/www.museuolimpicbcn.cat\/ca\/author\/fbolimpica\/\"}]}<\/script>\n<!-- \/ Yoast SEO plugin. -->","yoast_head_json":{"title":"Concurs de pintura \"Olimp\u00edada en el Cor del Juvenil\", participa fins a 14 de desembre - Museu Ol\u00edmpic i de l&#039;Esport","robots":{"index":"index","follow":"follow","max-snippet":"max-snippet:-1","max-image-preview":"max-image-preview:large","max-video-preview":"max-video-preview:-1"},"canonical":"https:\/\/www.museuolimpicbcn.cat\/ca\/concurs-de-pintura-olimpiada-en-el-cor-del-juvenil\/","og_locale":"ca_ES","og_type":"article","og_title":"Concurs de pintura \"Olimp\u00edada en el Cor del Juvenil\", participa fins a 14 de desembre - Museu Ol\u00edmpic i de l&#039;Esport","og_description":"El Ministeri d&#8217;Educaci\u00f3, l&#8217;Administraci\u00f3 General d&#8217;Esports de l&#8217;Estat i el Comit\u00e8 Organitzador dels Jocs Ol\u00edmpics d&#8217;Hivern de Pequ\u00edn 2022, per a difondre millor els coneixements ol\u00edmpics entre els estudiants d&#8217;escoles de prim\u00e0ria i secund\u00e0ria i promoure l&#8217;esperit ol\u00edmpic ha comptat amb la col\u00b7laboraci\u00f3 de la Fundaci\u00f3 Samaranch, juntament amb la Fundaci\u00f3 per al Desenvolupament de [&hellip;]","og_url":"https:\/\/www.museuolimpicbcn.cat\/ca\/concurs-de-pintura-olimpiada-en-el-cor-del-juvenil\/","og_site_name":"Museu Ol\u00edmpic i de l&#039;Esport","article_published_time":"2020-11-19T09:22:30+00:00","article_modified_time":"2020-11-20T09:40:40+00:00","og_image":[{"width":1070,"height":626,"url":"https:\/\/www.museuolimpicbcn.cat\/wp-content\/uploads\/sites\/2\/2020\/11\/MUSEU-OLIMPIC-OLYMPIC-ART.png","type":"image\/png"}],"author":"Ibone","twitter_card":"summary_large_image","twitter_misc":{"Escrit per":"Ibone","Temps estimat de lectura":"2 minuts"},"schema":{"@context":"https:\/\/schema.org","@graph":[{"@type":"Article","@id":"https:\/\/www.museuolimpicbcn.cat\/ca\/concurs-de-pintura-olimpiada-en-el-cor-del-juvenil\/#article","isPartOf":{"@id":"https:\/\/www.museuolimpicbcn.cat\/ca\/concurs-de-pintura-olimpiada-en-el-cor-del-juvenil\/"},"author":{"name":"Ibone","@id":"https:\/\/www.museuolimpicbcn.cat\/ca\/#\/schema\/person\/b792834a53f193977df425a499287aa9"},"headline":"Concurs de pintura &#8220;Olimp\u00edada en el Cor del Juvenil&#8221;, participa fins a 14 de desembre","datePublished":"2020-11-19T09:22:30+00:00","dateModified":"2020-11-20T09:40:40+00:00","mainEntityOfPage":{"@id":"https:\/\/www.museuolimpicbcn.cat\/ca\/concurs-de-pintura-olimpiada-en-el-cor-del-juvenil\/"},"wordCount":504,"publisher":{"@id":"https:\/\/www.museuolimpicbcn.cat\/ca\/#organization"},"image":{"@id":"https:\/\/www.museuolimpicbcn.cat\/ca\/concurs-de-pintura-olimpiada-en-el-cor-del-juvenil\/#primaryimage"},"thumbnailUrl":"https:\/\/www.museuolimpicbcn.cat\/wp-content\/uploads\/sites\/2\/2020\/11\/MUSEU-OLIMPIC-OLYMPIC-ART.png","articleSection":["Uncategorized @ca"],"inLanguage":"ca"},{"@type":"WebPage","@id":"https:\/\/www.museuolimpicbcn.cat\/ca\/concurs-de-pintura-olimpiada-en-el-cor-del-juvenil\/","url":"https:\/\/www.museuolimpicbcn.cat\/ca\/concurs-de-pintura-olimpiada-en-el-cor-del-juvenil\/","name":"Concurs de pintura \"Olimp\u00edada en el Cor del Juvenil\", participa fins a 14 de desembre - Museu Ol\u00edmpic i de l&#039;Esport","isPartOf":{"@id":"https:\/\/www.museuolimpicbcn.cat\/ca\/#website"},"primaryImageOfPage":{"@id":"https:\/\/www.museuolimpicbcn.cat\/ca\/concurs-de-pintura-olimpiada-en-el-cor-del-juvenil\/#primaryimage"},"image":{"@id":"https:\/\/www.museuolimpicbcn.cat\/ca\/concurs-de-pintura-olimpiada-en-el-cor-del-juvenil\/#primaryimage"},"thumbnailUrl":"https:\/\/www.museuolimpicbcn.cat\/wp-content\/uploads\/sites\/2\/2020\/11\/MUSEU-OLIMPIC-OLYMPIC-ART.png","datePublished":"2020-11-19T09:22:30+00:00","dateModified":"2020-11-20T09:40:40+00:00","breadcrumb":{"@id":"https:\/\/www.museuolimpicbcn.cat\/ca\/concurs-de-pintura-olimpiada-en-el-cor-del-juvenil\/#breadcrumb"},"inLanguage":"ca","potentialAction":[{"@type":"ReadAction","target":["https:\/\/www.museuolimpicbcn.cat\/ca\/concurs-de-pintura-olimpiada-en-el-cor-del-juvenil\/"]}]},{"@type":"ImageObject","inLanguage":"ca","@id":"https:\/\/www.museuolimpicbcn.cat\/ca\/concurs-de-pintura-olimpiada-en-el-cor-del-juvenil\/#primaryimage","url":"https:\/\/www.museuolimpicbcn.cat\/wp-content\/uploads\/sites\/2\/2020\/11\/MUSEU-OLIMPIC-OLYMPIC-ART.png","contentUrl":"https:\/\/www.museuolimpicbcn.cat\/wp-content\/uploads\/sites\/2\/2020\/11\/MUSEU-OLIMPIC-OLYMPIC-ART.png","width":1070,"height":626},{"@type":"BreadcrumbList","@id":"https:\/\/www.museuolimpicbcn.cat\/ca\/concurs-de-pintura-olimpiada-en-el-cor-del-juvenil\/#breadcrumb","itemListElement":[{"@type":"ListItem","position":1,"name":"Inici","item":"https:\/\/www.museuolimpicbcn.cat\/es\/"},{"@type":"ListItem","position":2,"name":"Concurs de pintura &#8220;Olimp\u00edada en el Cor del Juvenil&#8221;, participa fins a 14 de desembre"}]},{"@type":"WebSite","@id":"https:\/\/www.museuolimpicbcn.cat\/ca\/#website","url":"https:\/\/www.museuolimpicbcn.cat\/ca\/","name":"Museu Ol\u00edmpic i de l&#039;Esport","description":"Altre lloc Web del Museu Ol\u00edmpic i de l&#039;Esport llocs","publisher":{"@id":"https:\/\/www.museuolimpicbcn.cat\/ca\/#organization"},"potentialAction":[{"@type":"SearchAction","target":{"@type":"EntryPoint","urlTemplate":"https:\/\/www.museuolimpicbcn.cat\/ca\/?s={search_term_string}"},"query-input":{"@type":"PropertyValueSpecification","valueRequired":true,"valueName":"search_term_string"}}],"inLanguage":"ca"},{"@type":"Organization","@id":"https:\/\/www.museuolimpicbcn.cat\/ca\/#organization","name":"Museu Ol\u00edmpic i de l&#039;Esport","url":"https:\/\/www.museuolimpicbcn.cat\/ca\/","logo":{"@type":"ImageObject","inLanguage":"ca","@id":"https:\/\/www.museuolimpicbcn.cat\/ca\/#\/schema\/logo\/image\/","url":"https:\/\/www.museuolimpicbcn.cat\/wp-content\/uploads\/sites\/2\/2018\/12\/logo-moe-header.svg","contentUrl":"https:\/\/www.museuolimpicbcn.cat\/wp-content\/uploads\/sites\/2\/2018\/12\/logo-moe-header.svg","caption":"Museu Ol\u00edmpic i de l&#039;Esport"},"image":{"@id":"https:\/\/www.museuolimpicbcn.cat\/ca\/#\/schema\/logo\/image\/"}},{"@type":"Person","@id":"https:\/\/www.museuolimpicbcn.cat\/ca\/#\/schema\/person\/b792834a53f193977df425a499287aa9","name":"Ibone","url":"https:\/\/www.museuolimpicbcn.cat\/ca\/author\/fbolimpica\/"}]}},"_links":{"self":[{"href":"https:\/\/www.museuolimpicbcn.cat\/ca\/wp-json\/wp\/v2\/posts\/25796"}],"collection":[{"href":"https:\/\/www.museuolimpicbcn.cat\/ca\/wp-json\/wp\/v2\/posts"}],"about":[{"href":"https:\/\/www.museuolimpicbcn.cat\/ca\/wp-json\/wp\/v2\/types\/post"}],"author":[{"embeddable":true,"href":"https:\/\/www.museuolimpicbcn.cat\/ca\/wp-json\/wp\/v2\/users\/11"}],"replies":[{"embeddable":true,"href":"https:\/\/www.museuolimpicbcn.cat\/ca\/wp-json\/wp\/v2\/comments?post=25796"}],"version-history":[{"count":3,"href":"https:\/\/www.museuolimpicbcn.cat\/ca\/wp-json\/wp\/v2\/posts\/25796\/revisions"}],"predecessor-version":[{"id":25802,"href":"https:\/\/www.museuolimpicbcn.cat\/ca\/wp-json\/wp\/v2\/posts\/25796\/revisions\/25802"}],"wp:featuredmedia":[{"embeddable":true,"href":"https:\/\/www.museuolimpicbcn.cat\/ca\/wp-json\/wp\/v2\/media\/25790"}],"wp:attachment":[{"href":"https:\/\/www.museuolimpicbcn.cat\/ca\/wp-json\/wp\/v2\/media?parent=25796"}],"wp:term":[{"taxonomy":"category","embeddable":true,"href":"https:\/\/www.museuolimpicbcn.cat\/ca\/wp-json\/wp\/v2\/categories?post=25796"},{"taxonomy":"post_tag","embeddable":true,"href":"https:\/\/www.museuolimpicbcn.cat\/ca\/wp-json\/wp\/v2\/tags?post=25796"}],"curies":[{"name":"wp","href":"https:\/\/api.w.org\/{rel}","templated":true}]}}