{"id":25921,"date":"2020-12-15T20:11:22","date_gmt":"2020-12-15T19:11:22","guid":{"rendered":"https:\/\/www.museuolimpicbcn.cat\/lesforc-i-el-compromis-esportiu-eines-per-viure\/"},"modified":"2020-12-15T20:16:41","modified_gmt":"2020-12-15T19:16:41","slug":"lesforc-i-el-compromis-esportiu-eines-per-viure","status":"publish","type":"post","link":"https:\/\/www.museuolimpicbcn.cat\/ca\/lesforc-i-el-compromis-esportiu-eines-per-viure\/","title":{"rendered":"\u201cL\u2019esfor\u00e7 i el comprom\u00eds esportiu, eines per viure\u201d"},"content":{"rendered":"\t\t<div data-elementor-type=\"wp-post\" data-elementor-id=\"25921\" class=\"elementor elementor-25921 elementor-25897\" data-elementor-post-type=\"post\">\n\t\t\t\t\t\t<section class=\"elementor-section elementor-top-section elementor-element elementor-element-22f6a07d elementor-section-boxed elementor-section-height-default elementor-section-height-default\" data-id=\"22f6a07d\" data-element_type=\"section\">\n\t\t\t\t\t\t<div class=\"elementor-container elementor-column-gap-default\">\n\t\t\t\t\t<div class=\"elementor-column elementor-col-100 elementor-top-column elementor-element elementor-element-7ea53822\" data-id=\"7ea53822\" data-element_type=\"column\">\n\t\t\t<div class=\"elementor-widget-wrap elementor-element-populated\">\n\t\t\t\t\t\t<div class=\"elementor-element elementor-element-d21211a elementor-widget elementor-widget-text-editor\" data-id=\"d21211a\" data-element_type=\"widget\" data-widget_type=\"text-editor.default\">\n\t\t\t\t<div class=\"elementor-widget-container\">\n\t\t\t\t\t\t\t\t\t<p>La jornada \u201cL\u2019esfor\u00e7 i el comprom\u00eds esportiu, eines per viure\u201d del cicle de confer\u00e8ncies \u201cel valor de l\u2019esport en el segle XXI\u201d s\u2019ha realitzat en les instal\u00b7lacions del Museu Ol\u00edmpic i ha estat retransmesa via streaming a trav\u00e9s del canal YouTube del BCN Esports. David Escud\u00e9, regidor d\u2019esports de l\u2019Ajuntament de Barcelona i president de la Fundaci\u00f3 Barcelona Ol\u00edmpica ha destacat la import\u00e0ncia d\u2019aquesta jornada, ja que la necessitat ens ha fet adaptar a la demanda dels ciutadans.<\/p>\n<p>La jornada coordinada pel periodista de TV3 Jordi\u00a0Fandi\u00f1o\u00a0ha comptat amb les pon\u00e8ncies de l&#8217;esportista Juan Carlos\u00a0Unzu\u00e9, ambaixador de la Fundaci\u00f3 Luz\u00f3n i la psic\u00f2loga de l&#8217;esport i l&#8217;activitat f\u00edsica Montserrat\u00a0Ferraro, directora de\u00a0Ferraro\u00a0Consulting. Tamb\u00e9 hem comptat amb la pres\u00e8ncia de la periodista Mireia Vicente i l&#8217;entrenador de futbol Marc Fuentes.\u2028Els ponents han dialogat sobre com les eines que habitualment s&#8217;apliquen en l&#8217;esport poden ser transferides a superar reptes en altres \u00e0mbits de la vida quotidiana.<\/p>\n<p>Una confer\u00e8ncia molt interessant que pots tornar a veure <a href=\"https:\/\/www.youtube.com\/watch?v=OoJbn5bkVqU\">AQU\u00cd<\/a><\/p>\n\t\t\t\t\t\t\t\t<\/div>\n\t\t\t\t<\/div>\n\t\t\t\t\t<\/div>\n\t\t<\/div>\n\t\t\t\t\t<\/div>\n\t\t<\/section>\n\t\t\t\t<section class=\"elementor-section elementor-top-section elementor-element elementor-element-5d484a6 elementor-section-boxed elementor-section-height-default elementor-section-height-default\" data-id=\"5d484a6\" data-element_type=\"section\">\n\t\t\t\t\t\t<div class=\"elementor-container elementor-column-gap-default\">\n\t\t\t\t\t<div class=\"elementor-column elementor-col-100 elementor-top-column elementor-element elementor-element-1511dfb\" data-id=\"1511dfb\" data-element_type=\"column\">\n\t\t\t<div class=\"elementor-widget-wrap elementor-element-populated\">\n\t\t\t\t\t\t<div class=\"elementor-element elementor-element-7224e8f elementor-widget elementor-widget-video\" data-id=\"7224e8f\" data-element_type=\"widget\" data-settings=\"{&quot;youtube_url&quot;:&quot;https:\\\/\\\/youtu.be\\\/OoJbn5bkVqU&quot;,&quot;video_type&quot;:&quot;youtube&quot;,&quot;controls&quot;:&quot;yes&quot;}\" data-widget_type=\"video.default\">\n\t\t\t\t<div class=\"elementor-widget-container\">\n\t\t\t\t\t\t\t<div class=\"elementor-wrapper elementor-open-inline\">\n\t\t\t<div class=\"elementor-video\"><\/div>\t\t<\/div>\n\t\t\t\t\t\t<\/div>\n\t\t\t\t<\/div>\n\t\t\t\t\t<\/div>\n\t\t<\/div>\n\t\t\t\t\t<\/div>\n\t\t<\/section>\n\t\t\t\t<\/div>\n\t\t","protected":false},"excerpt":{"rendered":"<p>La jornada \u201cL\u2019esfor\u00e7 i el comprom\u00eds esportiu, eines per viure\u201d del cicle de confer\u00e8ncies \u201cel valor de l\u2019esport en el segle XXI\u201d s\u2019ha realitzat en les instal\u00b7lacions del Museu Ol\u00edmpic i ha estat retransmesa via streaming a trav\u00e9s del canal YouTube del BCN Esports. David Escud\u00e9, regidor d\u2019esports de l\u2019Ajuntament de Barcelona i president de [&hellip;]<\/p>\n","protected":false},"author":11,"featured_media":25917,"comment_status":"closed","ping_status":"closed","sticky":false,"template":"","format":"standard","meta":{"_acf_changed":false,"_price":"","_stock":"","_tribe_ticket_header":"","_tribe_default_ticket_provider":"","_tribe_ticket_capacity":"0","_ticket_start_date":"","_ticket_end_date":"","_tribe_ticket_show_description":"","_tribe_ticket_show_not_going":false,"_tribe_ticket_use_global_stock":"","_tribe_ticket_global_stock_level":"","_global_stock_mode":"","_global_stock_cap":"","_tribe_rsvp_for_event":"","_tribe_ticket_going_count":"","_tribe_ticket_not_going_count":"","_tribe_tickets_list":"[]","_tribe_ticket_has_attendee_info_fields":false,"footnotes":""},"categories":[3,1],"tags":[],"class_list":["post-25921","post","type-post","status-publish","format-standard","has-post-thumbnail","hentry","category-sin-categorizar","category-uncategorized-ca"],"acf":[],"yoast_head":"<!-- This site is optimized with the Yoast SEO plugin v23.7 - https:\/\/yoast.com\/wordpress\/plugins\/seo\/ -->\n<title>\u201cL\u2019esfor\u00e7 i el comprom\u00eds esportiu, eines per viure\u201d - Museu Ol\u00edmpic i de l&#039;Esport<\/title>\n<meta name=\"robots\" content=\"index, follow, max-snippet:-1, max-image-preview:large, max-video-preview:-1\" \/>\n<link rel=\"canonical\" href=\"https:\/\/www.museuolimpicbcn.cat\/ca\/lesforc-i-el-compromis-esportiu-eines-per-viure\/\" \/>\n<meta property=\"og:locale\" content=\"ca_ES\" \/>\n<meta property=\"og:type\" content=\"article\" \/>\n<meta property=\"og:title\" content=\"\u201cL\u2019esfor\u00e7 i el comprom\u00eds esportiu, eines per viure\u201d - Museu Ol\u00edmpic i de l&#039;Esport\" \/>\n<meta property=\"og:description\" content=\"La jornada \u201cL\u2019esfor\u00e7 i el comprom\u00eds esportiu, eines per viure\u201d del cicle de confer\u00e8ncies \u201cel valor de l\u2019esport en el segle XXI\u201d s\u2019ha realitzat en les instal\u00b7lacions del Museu Ol\u00edmpic i ha estat retransmesa via streaming a trav\u00e9s del canal YouTube del BCN Esports. David Escud\u00e9, regidor d\u2019esports de l\u2019Ajuntament de Barcelona i president de [&hellip;]\" \/>\n<meta property=\"og:url\" content=\"https:\/\/www.museuolimpicbcn.cat\/ca\/lesforc-i-el-compromis-esportiu-eines-per-viure\/\" \/>\n<meta property=\"og:site_name\" content=\"Museu Ol\u00edmpic i de l&#039;Esport\" \/>\n<meta property=\"article:published_time\" content=\"2020-12-15T19:11:22+00:00\" \/>\n<meta property=\"article:modified_time\" content=\"2020-12-15T19:16:41+00:00\" \/>\n<meta property=\"og:image\" content=\"https:\/\/www.museuolimpicbcn.cat\/wp-content\/uploads\/sites\/2\/2020\/12\/jornadaes-S-XXI-Museu-OLIMPIC-UNZUE_32.jpg\" \/>\n\t<meta property=\"og:image:width\" content=\"1839\" \/>\n\t<meta property=\"og:image:height\" content=\"1226\" \/>\n\t<meta property=\"og:image:type\" content=\"image\/jpeg\" \/>\n<meta name=\"author\" content=\"Ibone\" \/>\n<meta name=\"twitter:card\" content=\"summary_large_image\" \/>\n<meta name=\"twitter:label1\" content=\"Escrit per\" \/>\n\t<meta name=\"twitter:data1\" content=\"Ibone\" \/>\n\t<meta name=\"twitter:label2\" content=\"Temps estimat de lectura\" \/>\n\t<meta name=\"twitter:data2\" content=\"1 minut\" \/>\n<script type=\"application\/ld+json\" class=\"yoast-schema-graph\">{\"@context\":\"https:\/\/schema.org\",\"@graph\":[{\"@type\":\"Article\",\"@id\":\"https:\/\/www.museuolimpicbcn.cat\/ca\/lesforc-i-el-compromis-esportiu-eines-per-viure\/#article\",\"isPartOf\":{\"@id\":\"https:\/\/www.museuolimpicbcn.cat\/ca\/lesforc-i-el-compromis-esportiu-eines-per-viure\/\"},\"author\":{\"name\":\"Ibone\",\"@id\":\"https:\/\/www.museuolimpicbcn.cat\/ca\/#\/schema\/person\/b792834a53f193977df425a499287aa9\"},\"headline\":\"\u201cL\u2019esfor\u00e7 i el comprom\u00eds esportiu, eines per viure\u201d\",\"datePublished\":\"2020-12-15T19:11:22+00:00\",\"dateModified\":\"2020-12-15T19:16:41+00:00\",\"mainEntityOfPage\":{\"@id\":\"https:\/\/www.museuolimpicbcn.cat\/ca\/lesforc-i-el-compromis-esportiu-eines-per-viure\/\"},\"wordCount\":204,\"publisher\":{\"@id\":\"https:\/\/www.museuolimpicbcn.cat\/ca\/#organization\"},\"image\":{\"@id\":\"https:\/\/www.museuolimpicbcn.cat\/ca\/lesforc-i-el-compromis-esportiu-eines-per-viure\/#primaryimage\"},\"thumbnailUrl\":\"https:\/\/www.museuolimpicbcn.cat\/wp-content\/uploads\/sites\/2\/2020\/12\/jornadaes-S-XXI-Museu-OLIMPIC-UNZUE_32.jpg\",\"articleSection\":[\"Sin categorizar\",\"Uncategorized @ca\"],\"inLanguage\":\"ca\"},{\"@type\":\"WebPage\",\"@id\":\"https:\/\/www.museuolimpicbcn.cat\/ca\/lesforc-i-el-compromis-esportiu-eines-per-viure\/\",\"url\":\"https:\/\/www.museuolimpicbcn.cat\/ca\/lesforc-i-el-compromis-esportiu-eines-per-viure\/\",\"name\":\"\u201cL\u2019esfor\u00e7 i el comprom\u00eds esportiu, eines per viure\u201d - Museu Ol\u00edmpic i de l&#039;Esport\",\"isPartOf\":{\"@id\":\"https:\/\/www.museuolimpicbcn.cat\/ca\/#website\"},\"primaryImageOfPage\":{\"@id\":\"https:\/\/www.museuolimpicbcn.cat\/ca\/lesforc-i-el-compromis-esportiu-eines-per-viure\/#primaryimage\"},\"image\":{\"@id\":\"https:\/\/www.museuolimpicbcn.cat\/ca\/lesforc-i-el-compromis-esportiu-eines-per-viure\/#primaryimage\"},\"thumbnailUrl\":\"https:\/\/www.museuolimpicbcn.cat\/wp-content\/uploads\/sites\/2\/2020\/12\/jornadaes-S-XXI-Museu-OLIMPIC-UNZUE_32.jpg\",\"datePublished\":\"2020-12-15T19:11:22+00:00\",\"dateModified\":\"2020-12-15T19:16:41+00:00\",\"breadcrumb\":{\"@id\":\"https:\/\/www.museuolimpicbcn.cat\/ca\/lesforc-i-el-compromis-esportiu-eines-per-viure\/#breadcrumb\"},\"inLanguage\":\"ca\",\"potentialAction\":[{\"@type\":\"ReadAction\",\"target\":[\"https:\/\/www.museuolimpicbcn.cat\/ca\/lesforc-i-el-compromis-esportiu-eines-per-viure\/\"]}]},{\"@type\":\"ImageObject\",\"inLanguage\":\"ca\",\"@id\":\"https:\/\/www.museuolimpicbcn.cat\/ca\/lesforc-i-el-compromis-esportiu-eines-per-viure\/#primaryimage\",\"url\":\"https:\/\/www.museuolimpicbcn.cat\/wp-content\/uploads\/sites\/2\/2020\/12\/jornadaes-S-XXI-Museu-OLIMPIC-UNZUE_32.jpg\",\"contentUrl\":\"https:\/\/www.museuolimpicbcn.cat\/wp-content\/uploads\/sites\/2\/2020\/12\/jornadaes-S-XXI-Museu-OLIMPIC-UNZUE_32.jpg\",\"width\":1839,\"height\":1226,\"caption\":\"Jordi Fandi\u00f1o, Juan Carlos Unzue, Montserrat Ferrero, Marc Fuentes, David Escud\u00e9 i Mireia Vicente\"},{\"@type\":\"BreadcrumbList\",\"@id\":\"https:\/\/www.museuolimpicbcn.cat\/ca\/lesforc-i-el-compromis-esportiu-eines-per-viure\/#breadcrumb\",\"itemListElement\":[{\"@type\":\"ListItem\",\"position\":1,\"name\":\"Inici\",\"item\":\"https:\/\/www.museuolimpicbcn.cat\/es\/\"},{\"@type\":\"ListItem\",\"position\":2,\"name\":\"\u201cL\u2019esfor\u00e7 i el comprom\u00eds esportiu, eines per viure\u201d\"}]},{\"@type\":\"WebSite\",\"@id\":\"https:\/\/www.museuolimpicbcn.cat\/ca\/#website\",\"url\":\"https:\/\/www.museuolimpicbcn.cat\/ca\/\",\"name\":\"Museu Ol\u00edmpic i de l&#039;Esport\",\"description\":\"Altre lloc Web del Museu Ol\u00edmpic i de l&#039;Esport llocs\",\"publisher\":{\"@id\":\"https:\/\/www.museuolimpicbcn.cat\/ca\/#organization\"},\"potentialAction\":[{\"@type\":\"SearchAction\",\"target\":{\"@type\":\"EntryPoint\",\"urlTemplate\":\"https:\/\/www.museuolimpicbcn.cat\/ca\/?s={search_term_string}\"},\"query-input\":{\"@type\":\"PropertyValueSpecification\",\"valueRequired\":true,\"valueName\":\"search_term_string\"}}],\"inLanguage\":\"ca\"},{\"@type\":\"Organization\",\"@id\":\"https:\/\/www.museuolimpicbcn.cat\/ca\/#organization\",\"name\":\"Museu Ol\u00edmpic i de l&#039;Esport\",\"url\":\"https:\/\/www.museuolimpicbcn.cat\/ca\/\",\"logo\":{\"@type\":\"ImageObject\",\"inLanguage\":\"ca\",\"@id\":\"https:\/\/www.museuolimpicbcn.cat\/ca\/#\/schema\/logo\/image\/\",\"url\":\"https:\/\/www.museuolimpicbcn.cat\/wp-content\/uploads\/sites\/2\/2018\/12\/logo-moe-header.svg\",\"contentUrl\":\"https:\/\/www.museuolimpicbcn.cat\/wp-content\/uploads\/sites\/2\/2018\/12\/logo-moe-header.svg\",\"caption\":\"Museu Ol\u00edmpic i de l&#039;Esport\"},\"image\":{\"@id\":\"https:\/\/www.museuolimpicbcn.cat\/ca\/#\/schema\/logo\/image\/\"}},{\"@type\":\"Person\",\"@id\":\"https:\/\/www.museuolimpicbcn.cat\/ca\/#\/schema\/person\/b792834a53f193977df425a499287aa9\",\"name\":\"Ibone\",\"url\":\"https:\/\/www.museuolimpicbcn.cat\/ca\/author\/fbolimpica\/\"}]}<\/script>\n<!-- \/ Yoast SEO plugin. -->","yoast_head_json":{"title":"\u201cL\u2019esfor\u00e7 i el comprom\u00eds esportiu, eines per viure\u201d - Museu Ol\u00edmpic i de l&#039;Esport","robots":{"index":"index","follow":"follow","max-snippet":"max-snippet:-1","max-image-preview":"max-image-preview:large","max-video-preview":"max-video-preview:-1"},"canonical":"https:\/\/www.museuolimpicbcn.cat\/ca\/lesforc-i-el-compromis-esportiu-eines-per-viure\/","og_locale":"ca_ES","og_type":"article","og_title":"\u201cL\u2019esfor\u00e7 i el comprom\u00eds esportiu, eines per viure\u201d - Museu Ol\u00edmpic i de l&#039;Esport","og_description":"La jornada \u201cL\u2019esfor\u00e7 i el comprom\u00eds esportiu, eines per viure\u201d del cicle de confer\u00e8ncies \u201cel valor de l\u2019esport en el segle XXI\u201d s\u2019ha realitzat en les instal\u00b7lacions del Museu Ol\u00edmpic i ha estat retransmesa via streaming a trav\u00e9s del canal YouTube del BCN Esports. David Escud\u00e9, regidor d\u2019esports de l\u2019Ajuntament de Barcelona i president de [&hellip;]","og_url":"https:\/\/www.museuolimpicbcn.cat\/ca\/lesforc-i-el-compromis-esportiu-eines-per-viure\/","og_site_name":"Museu Ol\u00edmpic i de l&#039;Esport","article_published_time":"2020-12-15T19:11:22+00:00","article_modified_time":"2020-12-15T19:16:41+00:00","og_image":[{"width":1839,"height":1226,"url":"https:\/\/www.museuolimpicbcn.cat\/wp-content\/uploads\/sites\/2\/2020\/12\/jornadaes-S-XXI-Museu-OLIMPIC-UNZUE_32.jpg","type":"image\/jpeg"}],"author":"Ibone","twitter_card":"summary_large_image","twitter_misc":{"Escrit per":"Ibone","Temps estimat de lectura":"1 minut"},"schema":{"@context":"https:\/\/schema.org","@graph":[{"@type":"Article","@id":"https:\/\/www.museuolimpicbcn.cat\/ca\/lesforc-i-el-compromis-esportiu-eines-per-viure\/#article","isPartOf":{"@id":"https:\/\/www.museuolimpicbcn.cat\/ca\/lesforc-i-el-compromis-esportiu-eines-per-viure\/"},"author":{"name":"Ibone","@id":"https:\/\/www.museuolimpicbcn.cat\/ca\/#\/schema\/person\/b792834a53f193977df425a499287aa9"},"headline":"\u201cL\u2019esfor\u00e7 i el comprom\u00eds esportiu, eines per viure\u201d","datePublished":"2020-12-15T19:11:22+00:00","dateModified":"2020-12-15T19:16:41+00:00","mainEntityOfPage":{"@id":"https:\/\/www.museuolimpicbcn.cat\/ca\/lesforc-i-el-compromis-esportiu-eines-per-viure\/"},"wordCount":204,"publisher":{"@id":"https:\/\/www.museuolimpicbcn.cat\/ca\/#organization"},"image":{"@id":"https:\/\/www.museuolimpicbcn.cat\/ca\/lesforc-i-el-compromis-esportiu-eines-per-viure\/#primaryimage"},"thumbnailUrl":"https:\/\/www.museuolimpicbcn.cat\/wp-content\/uploads\/sites\/2\/2020\/12\/jornadaes-S-XXI-Museu-OLIMPIC-UNZUE_32.jpg","articleSection":["Sin categorizar","Uncategorized @ca"],"inLanguage":"ca"},{"@type":"WebPage","@id":"https:\/\/www.museuolimpicbcn.cat\/ca\/lesforc-i-el-compromis-esportiu-eines-per-viure\/","url":"https:\/\/www.museuolimpicbcn.cat\/ca\/lesforc-i-el-compromis-esportiu-eines-per-viure\/","name":"\u201cL\u2019esfor\u00e7 i el comprom\u00eds esportiu, eines per viure\u201d - Museu Ol\u00edmpic i de l&#039;Esport","isPartOf":{"@id":"https:\/\/www.museuolimpicbcn.cat\/ca\/#website"},"primaryImageOfPage":{"@id":"https:\/\/www.museuolimpicbcn.cat\/ca\/lesforc-i-el-compromis-esportiu-eines-per-viure\/#primaryimage"},"image":{"@id":"https:\/\/www.museuolimpicbcn.cat\/ca\/lesforc-i-el-compromis-esportiu-eines-per-viure\/#primaryimage"},"thumbnailUrl":"https:\/\/www.museuolimpicbcn.cat\/wp-content\/uploads\/sites\/2\/2020\/12\/jornadaes-S-XXI-Museu-OLIMPIC-UNZUE_32.jpg","datePublished":"2020-12-15T19:11:22+00:00","dateModified":"2020-12-15T19:16:41+00:00","breadcrumb":{"@id":"https:\/\/www.museuolimpicbcn.cat\/ca\/lesforc-i-el-compromis-esportiu-eines-per-viure\/#breadcrumb"},"inLanguage":"ca","potentialAction":[{"@type":"ReadAction","target":["https:\/\/www.museuolimpicbcn.cat\/ca\/lesforc-i-el-compromis-esportiu-eines-per-viure\/"]}]},{"@type":"ImageObject","inLanguage":"ca","@id":"https:\/\/www.museuolimpicbcn.cat\/ca\/lesforc-i-el-compromis-esportiu-eines-per-viure\/#primaryimage","url":"https:\/\/www.museuolimpicbcn.cat\/wp-content\/uploads\/sites\/2\/2020\/12\/jornadaes-S-XXI-Museu-OLIMPIC-UNZUE_32.jpg","contentUrl":"https:\/\/www.museuolimpicbcn.cat\/wp-content\/uploads\/sites\/2\/2020\/12\/jornadaes-S-XXI-Museu-OLIMPIC-UNZUE_32.jpg","width":1839,"height":1226,"caption":"Jordi Fandi\u00f1o, Juan Carlos Unzue, Montserrat Ferrero, Marc Fuentes, David Escud\u00e9 i Mireia Vicente"},{"@type":"BreadcrumbList","@id":"https:\/\/www.museuolimpicbcn.cat\/ca\/lesforc-i-el-compromis-esportiu-eines-per-viure\/#breadcrumb","itemListElement":[{"@type":"ListItem","position":1,"name":"Inici","item":"https:\/\/www.museuolimpicbcn.cat\/es\/"},{"@type":"ListItem","position":2,"name":"\u201cL\u2019esfor\u00e7 i el comprom\u00eds esportiu, eines per viure\u201d"}]},{"@type":"WebSite","@id":"https:\/\/www.museuolimpicbcn.cat\/ca\/#website","url":"https:\/\/www.museuolimpicbcn.cat\/ca\/","name":"Museu Ol\u00edmpic i de l&#039;Esport","description":"Altre lloc Web del Museu Ol\u00edmpic i de l&#039;Esport llocs","publisher":{"@id":"https:\/\/www.museuolimpicbcn.cat\/ca\/#organization"},"potentialAction":[{"@type":"SearchAction","target":{"@type":"EntryPoint","urlTemplate":"https:\/\/www.museuolimpicbcn.cat\/ca\/?s={search_term_string}"},"query-input":{"@type":"PropertyValueSpecification","valueRequired":true,"valueName":"search_term_string"}}],"inLanguage":"ca"},{"@type":"Organization","@id":"https:\/\/www.museuolimpicbcn.cat\/ca\/#organization","name":"Museu Ol\u00edmpic i de l&#039;Esport","url":"https:\/\/www.museuolimpicbcn.cat\/ca\/","logo":{"@type":"ImageObject","inLanguage":"ca","@id":"https:\/\/www.museuolimpicbcn.cat\/ca\/#\/schema\/logo\/image\/","url":"https:\/\/www.museuolimpicbcn.cat\/wp-content\/uploads\/sites\/2\/2018\/12\/logo-moe-header.svg","contentUrl":"https:\/\/www.museuolimpicbcn.cat\/wp-content\/uploads\/sites\/2\/2018\/12\/logo-moe-header.svg","caption":"Museu Ol\u00edmpic i de l&#039;Esport"},"image":{"@id":"https:\/\/www.museuolimpicbcn.cat\/ca\/#\/schema\/logo\/image\/"}},{"@type":"Person","@id":"https:\/\/www.museuolimpicbcn.cat\/ca\/#\/schema\/person\/b792834a53f193977df425a499287aa9","name":"Ibone","url":"https:\/\/www.museuolimpicbcn.cat\/ca\/author\/fbolimpica\/"}]}},"_links":{"self":[{"href":"https:\/\/www.museuolimpicbcn.cat\/ca\/wp-json\/wp\/v2\/posts\/25921"}],"collection":[{"href":"https:\/\/www.museuolimpicbcn.cat\/ca\/wp-json\/wp\/v2\/posts"}],"about":[{"href":"https:\/\/www.museuolimpicbcn.cat\/ca\/wp-json\/wp\/v2\/types\/post"}],"author":[{"embeddable":true,"href":"https:\/\/www.museuolimpicbcn.cat\/ca\/wp-json\/wp\/v2\/users\/11"}],"replies":[{"embeddable":true,"href":"https:\/\/www.museuolimpicbcn.cat\/ca\/wp-json\/wp\/v2\/comments?post=25921"}],"version-history":[{"count":2,"href":"https:\/\/www.museuolimpicbcn.cat\/ca\/wp-json\/wp\/v2\/posts\/25921\/revisions"}],"predecessor-version":[{"id":25927,"href":"https:\/\/www.museuolimpicbcn.cat\/ca\/wp-json\/wp\/v2\/posts\/25921\/revisions\/25927"}],"wp:featuredmedia":[{"embeddable":true,"href":"https:\/\/www.museuolimpicbcn.cat\/ca\/wp-json\/wp\/v2\/media\/25917"}],"wp:attachment":[{"href":"https:\/\/www.museuolimpicbcn.cat\/ca\/wp-json\/wp\/v2\/media?parent=25921"}],"wp:term":[{"taxonomy":"category","embeddable":true,"href":"https:\/\/www.museuolimpicbcn.cat\/ca\/wp-json\/wp\/v2\/categories?post=25921"},{"taxonomy":"post_tag","embeddable":true,"href":"https:\/\/www.museuolimpicbcn.cat\/ca\/wp-json\/wp\/v2\/tags?post=25921"}],"curies":[{"name":"wp","href":"https:\/\/api.w.org\/{rel}","templated":true}]}}