{"id":26932,"date":"2021-02-15T12:01:00","date_gmt":"2021-02-15T11:01:00","guid":{"rendered":"https:\/\/www.museuolimpicbcn.cat\/arribem-a-lequador-de-la-marato-energetica\/"},"modified":"2021-02-15T12:04:10","modified_gmt":"2021-02-15T11:04:10","slug":"arribem-a-lequador-de-la-marato-energetica","status":"publish","type":"post","link":"https:\/\/www.museuolimpicbcn.cat\/ca\/arribem-a-lequador-de-la-marato-energetica\/","title":{"rendered":"Arribem a l&#8217;equador de la marat\u00f3 energ\u00e8tica"},"content":{"rendered":"<p>Passem per la mitja marat\u00f3 amb bones sensacions, hem tractat l&#8217;efici\u00e8ncia energ\u00e8tica i la climatitzaci\u00f3. Aquesta setmana tractarem l&#8217;aigua i tancarem la marat\u00f3 amb la setmana de les emissions i la qualitat de l&#8217;aire. No volem que et quedis despenjat, corre amb nosaltres la Marat\u00f3 energ\u00e8tica en el Museu Ol\u00edmpic de Barcelona!<\/p>\n<p><a href=\"https:\/\/youtu.be\/4P7l8TBFClo\">https:\/\/youtu.be\/4P7l8TBFClo<\/a><\/p>\n","protected":false},"excerpt":{"rendered":"<p>Passem per la mitja marat\u00f3 amb bones sensacions, hem tractat l&#8217;efici\u00e8ncia energ\u00e8tica i la climatitzaci\u00f3. Aquesta setmana tractarem l&#8217;aigua i tancarem la marat\u00f3 amb la setmana de les emissions i la qualitat de l&#8217;aire. No volem que et quedis despenjat, corre amb nosaltres la Marat\u00f3 energ\u00e8tica en el Museu Ol\u00edmpic de Barcelona!<\/p>\n","protected":false},"author":11,"featured_media":26928,"comment_status":"closed","ping_status":"closed","sticky":false,"template":"","format":"standard","meta":{"_acf_changed":false,"_price":"","_stock":"","_tribe_ticket_header":"","_tribe_default_ticket_provider":"","_tribe_ticket_capacity":"0","_ticket_start_date":"","_ticket_end_date":"","_tribe_ticket_show_description":"","_tribe_ticket_show_not_going":false,"_tribe_ticket_use_global_stock":"","_tribe_ticket_global_stock_level":"","_global_stock_mode":"","_global_stock_cap":"","_tribe_rsvp_for_event":"","_tribe_ticket_going_count":"","_tribe_ticket_not_going_count":"","_tribe_tickets_list":"[]","_tribe_ticket_has_attendee_info_fields":false,"footnotes":""},"categories":[1],"tags":[],"class_list":["post-26932","post","type-post","status-publish","format-standard","has-post-thumbnail","hentry","category-uncategorized-ca"],"acf":[],"yoast_head":"<!-- This site is optimized with the Yoast SEO plugin v23.7 - https:\/\/yoast.com\/wordpress\/plugins\/seo\/ -->\n<title>Arribem a l&#039;equador de la marat\u00f3 energ\u00e8tica - Museu Ol\u00edmpic i de l&#039;Esport<\/title>\n<meta name=\"robots\" content=\"index, follow, max-snippet:-1, max-image-preview:large, max-video-preview:-1\" \/>\n<link rel=\"canonical\" href=\"https:\/\/www.museuolimpicbcn.cat\/ca\/arribem-a-lequador-de-la-marato-energetica\/\" \/>\n<meta property=\"og:locale\" content=\"ca_ES\" \/>\n<meta property=\"og:type\" content=\"article\" \/>\n<meta property=\"og:title\" content=\"Arribem a l&#039;equador de la marat\u00f3 energ\u00e8tica - Museu Ol\u00edmpic i de l&#039;Esport\" \/>\n<meta property=\"og:description\" content=\"Passem per la mitja marat\u00f3 amb bones sensacions, hem tractat l&#8217;efici\u00e8ncia energ\u00e8tica i la climatitzaci\u00f3. Aquesta setmana tractarem l&#8217;aigua i tancarem la marat\u00f3 amb la setmana de les emissions i la qualitat de l&#8217;aire. No volem que et quedis despenjat, corre amb nosaltres la Marat\u00f3 energ\u00e8tica en el Museu Ol\u00edmpic de Barcelona!\" \/>\n<meta property=\"og:url\" content=\"https:\/\/www.museuolimpicbcn.cat\/ca\/arribem-a-lequador-de-la-marato-energetica\/\" \/>\n<meta property=\"og:site_name\" content=\"Museu Ol\u00edmpic i de l&#039;Esport\" \/>\n<meta property=\"article:published_time\" content=\"2021-02-15T11:01:00+00:00\" \/>\n<meta property=\"article:modified_time\" content=\"2021-02-15T11:04:10+00:00\" \/>\n<meta property=\"og:image\" content=\"https:\/\/www.museuolimpicbcn.cat\/wp-content\/uploads\/sites\/2\/2021\/02\/WEB-Aigua.jpg\" \/>\n\t<meta property=\"og:image:width\" content=\"833\" \/>\n\t<meta property=\"og:image:height\" content=\"469\" \/>\n\t<meta property=\"og:image:type\" content=\"image\/jpeg\" \/>\n<meta name=\"author\" content=\"Ibone\" \/>\n<meta name=\"twitter:card\" content=\"summary_large_image\" \/>\n<meta name=\"twitter:label1\" content=\"Escrit per\" \/>\n\t<meta name=\"twitter:data1\" content=\"Ibone\" \/>\n<script type=\"application\/ld+json\" class=\"yoast-schema-graph\">{\"@context\":\"https:\/\/schema.org\",\"@graph\":[{\"@type\":\"Article\",\"@id\":\"https:\/\/www.museuolimpicbcn.cat\/ca\/arribem-a-lequador-de-la-marato-energetica\/#article\",\"isPartOf\":{\"@id\":\"https:\/\/www.museuolimpicbcn.cat\/ca\/arribem-a-lequador-de-la-marato-energetica\/\"},\"author\":{\"name\":\"Ibone\",\"@id\":\"https:\/\/www.museuolimpicbcn.cat\/ca\/#\/schema\/person\/b792834a53f193977df425a499287aa9\"},\"headline\":\"Arribem a l&#8217;equador de la marat\u00f3 energ\u00e8tica\",\"datePublished\":\"2021-02-15T11:01:00+00:00\",\"dateModified\":\"2021-02-15T11:04:10+00:00\",\"mainEntityOfPage\":{\"@id\":\"https:\/\/www.museuolimpicbcn.cat\/ca\/arribem-a-lequador-de-la-marato-energetica\/\"},\"wordCount\":72,\"publisher\":{\"@id\":\"https:\/\/www.museuolimpicbcn.cat\/ca\/#organization\"},\"image\":{\"@id\":\"https:\/\/www.museuolimpicbcn.cat\/ca\/arribem-a-lequador-de-la-marato-energetica\/#primaryimage\"},\"thumbnailUrl\":\"https:\/\/www.museuolimpicbcn.cat\/wp-content\/uploads\/sites\/2\/2021\/02\/WEB-Aigua.jpg\",\"articleSection\":[\"Uncategorized @ca\"],\"inLanguage\":\"ca\"},{\"@type\":\"WebPage\",\"@id\":\"https:\/\/www.museuolimpicbcn.cat\/ca\/arribem-a-lequador-de-la-marato-energetica\/\",\"url\":\"https:\/\/www.museuolimpicbcn.cat\/ca\/arribem-a-lequador-de-la-marato-energetica\/\",\"name\":\"Arribem a l'equador de la marat\u00f3 energ\u00e8tica - Museu Ol\u00edmpic i de l&#039;Esport\",\"isPartOf\":{\"@id\":\"https:\/\/www.museuolimpicbcn.cat\/ca\/#website\"},\"primaryImageOfPage\":{\"@id\":\"https:\/\/www.museuolimpicbcn.cat\/ca\/arribem-a-lequador-de-la-marato-energetica\/#primaryimage\"},\"image\":{\"@id\":\"https:\/\/www.museuolimpicbcn.cat\/ca\/arribem-a-lequador-de-la-marato-energetica\/#primaryimage\"},\"thumbnailUrl\":\"https:\/\/www.museuolimpicbcn.cat\/wp-content\/uploads\/sites\/2\/2021\/02\/WEB-Aigua.jpg\",\"datePublished\":\"2021-02-15T11:01:00+00:00\",\"dateModified\":\"2021-02-15T11:04:10+00:00\",\"breadcrumb\":{\"@id\":\"https:\/\/www.museuolimpicbcn.cat\/ca\/arribem-a-lequador-de-la-marato-energetica\/#breadcrumb\"},\"inLanguage\":\"ca\",\"potentialAction\":[{\"@type\":\"ReadAction\",\"target\":[\"https:\/\/www.museuolimpicbcn.cat\/ca\/arribem-a-lequador-de-la-marato-energetica\/\"]}]},{\"@type\":\"ImageObject\",\"inLanguage\":\"ca\",\"@id\":\"https:\/\/www.museuolimpicbcn.cat\/ca\/arribem-a-lequador-de-la-marato-energetica\/#primaryimage\",\"url\":\"https:\/\/www.museuolimpicbcn.cat\/wp-content\/uploads\/sites\/2\/2021\/02\/WEB-Aigua.jpg\",\"contentUrl\":\"https:\/\/www.museuolimpicbcn.cat\/wp-content\/uploads\/sites\/2\/2021\/02\/WEB-Aigua.jpg\",\"width\":833,\"height\":469},{\"@type\":\"BreadcrumbList\",\"@id\":\"https:\/\/www.museuolimpicbcn.cat\/ca\/arribem-a-lequador-de-la-marato-energetica\/#breadcrumb\",\"itemListElement\":[{\"@type\":\"ListItem\",\"position\":1,\"name\":\"Inici\",\"item\":\"https:\/\/www.museuolimpicbcn.cat\/es\/\"},{\"@type\":\"ListItem\",\"position\":2,\"name\":\"Arribem a l&#8217;equador de la marat\u00f3 energ\u00e8tica\"}]},{\"@type\":\"WebSite\",\"@id\":\"https:\/\/www.museuolimpicbcn.cat\/ca\/#website\",\"url\":\"https:\/\/www.museuolimpicbcn.cat\/ca\/\",\"name\":\"Museu Ol\u00edmpic i de l&#039;Esport\",\"description\":\"Altre lloc Web del Museu Ol\u00edmpic i de l&#039;Esport llocs\",\"publisher\":{\"@id\":\"https:\/\/www.museuolimpicbcn.cat\/ca\/#organization\"},\"potentialAction\":[{\"@type\":\"SearchAction\",\"target\":{\"@type\":\"EntryPoint\",\"urlTemplate\":\"https:\/\/www.museuolimpicbcn.cat\/ca\/?s={search_term_string}\"},\"query-input\":{\"@type\":\"PropertyValueSpecification\",\"valueRequired\":true,\"valueName\":\"search_term_string\"}}],\"inLanguage\":\"ca\"},{\"@type\":\"Organization\",\"@id\":\"https:\/\/www.museuolimpicbcn.cat\/ca\/#organization\",\"name\":\"Museu Ol\u00edmpic i de l&#039;Esport\",\"url\":\"https:\/\/www.museuolimpicbcn.cat\/ca\/\",\"logo\":{\"@type\":\"ImageObject\",\"inLanguage\":\"ca\",\"@id\":\"https:\/\/www.museuolimpicbcn.cat\/ca\/#\/schema\/logo\/image\/\",\"url\":\"https:\/\/www.museuolimpicbcn.cat\/wp-content\/uploads\/sites\/2\/2018\/12\/logo-moe-header.svg\",\"contentUrl\":\"https:\/\/www.museuolimpicbcn.cat\/wp-content\/uploads\/sites\/2\/2018\/12\/logo-moe-header.svg\",\"caption\":\"Museu Ol\u00edmpic i de l&#039;Esport\"},\"image\":{\"@id\":\"https:\/\/www.museuolimpicbcn.cat\/ca\/#\/schema\/logo\/image\/\"}},{\"@type\":\"Person\",\"@id\":\"https:\/\/www.museuolimpicbcn.cat\/ca\/#\/schema\/person\/b792834a53f193977df425a499287aa9\",\"name\":\"Ibone\",\"url\":\"https:\/\/www.museuolimpicbcn.cat\/ca\/author\/fbolimpica\/\"}]}<\/script>\n<!-- \/ Yoast SEO plugin. -->","yoast_head_json":{"title":"Arribem a l'equador de la marat\u00f3 energ\u00e8tica - Museu Ol\u00edmpic i de l&#039;Esport","robots":{"index":"index","follow":"follow","max-snippet":"max-snippet:-1","max-image-preview":"max-image-preview:large","max-video-preview":"max-video-preview:-1"},"canonical":"https:\/\/www.museuolimpicbcn.cat\/ca\/arribem-a-lequador-de-la-marato-energetica\/","og_locale":"ca_ES","og_type":"article","og_title":"Arribem a l'equador de la marat\u00f3 energ\u00e8tica - Museu Ol\u00edmpic i de l&#039;Esport","og_description":"Passem per la mitja marat\u00f3 amb bones sensacions, hem tractat l&#8217;efici\u00e8ncia energ\u00e8tica i la climatitzaci\u00f3. Aquesta setmana tractarem l&#8217;aigua i tancarem la marat\u00f3 amb la setmana de les emissions i la qualitat de l&#8217;aire. No volem que et quedis despenjat, corre amb nosaltres la Marat\u00f3 energ\u00e8tica en el Museu Ol\u00edmpic de Barcelona!","og_url":"https:\/\/www.museuolimpicbcn.cat\/ca\/arribem-a-lequador-de-la-marato-energetica\/","og_site_name":"Museu Ol\u00edmpic i de l&#039;Esport","article_published_time":"2021-02-15T11:01:00+00:00","article_modified_time":"2021-02-15T11:04:10+00:00","og_image":[{"width":833,"height":469,"url":"https:\/\/www.museuolimpicbcn.cat\/wp-content\/uploads\/sites\/2\/2021\/02\/WEB-Aigua.jpg","type":"image\/jpeg"}],"author":"Ibone","twitter_card":"summary_large_image","twitter_misc":{"Escrit per":"Ibone"},"schema":{"@context":"https:\/\/schema.org","@graph":[{"@type":"Article","@id":"https:\/\/www.museuolimpicbcn.cat\/ca\/arribem-a-lequador-de-la-marato-energetica\/#article","isPartOf":{"@id":"https:\/\/www.museuolimpicbcn.cat\/ca\/arribem-a-lequador-de-la-marato-energetica\/"},"author":{"name":"Ibone","@id":"https:\/\/www.museuolimpicbcn.cat\/ca\/#\/schema\/person\/b792834a53f193977df425a499287aa9"},"headline":"Arribem a l&#8217;equador de la marat\u00f3 energ\u00e8tica","datePublished":"2021-02-15T11:01:00+00:00","dateModified":"2021-02-15T11:04:10+00:00","mainEntityOfPage":{"@id":"https:\/\/www.museuolimpicbcn.cat\/ca\/arribem-a-lequador-de-la-marato-energetica\/"},"wordCount":72,"publisher":{"@id":"https:\/\/www.museuolimpicbcn.cat\/ca\/#organization"},"image":{"@id":"https:\/\/www.museuolimpicbcn.cat\/ca\/arribem-a-lequador-de-la-marato-energetica\/#primaryimage"},"thumbnailUrl":"https:\/\/www.museuolimpicbcn.cat\/wp-content\/uploads\/sites\/2\/2021\/02\/WEB-Aigua.jpg","articleSection":["Uncategorized @ca"],"inLanguage":"ca"},{"@type":"WebPage","@id":"https:\/\/www.museuolimpicbcn.cat\/ca\/arribem-a-lequador-de-la-marato-energetica\/","url":"https:\/\/www.museuolimpicbcn.cat\/ca\/arribem-a-lequador-de-la-marato-energetica\/","name":"Arribem a l'equador de la marat\u00f3 energ\u00e8tica - Museu Ol\u00edmpic i de l&#039;Esport","isPartOf":{"@id":"https:\/\/www.museuolimpicbcn.cat\/ca\/#website"},"primaryImageOfPage":{"@id":"https:\/\/www.museuolimpicbcn.cat\/ca\/arribem-a-lequador-de-la-marato-energetica\/#primaryimage"},"image":{"@id":"https:\/\/www.museuolimpicbcn.cat\/ca\/arribem-a-lequador-de-la-marato-energetica\/#primaryimage"},"thumbnailUrl":"https:\/\/www.museuolimpicbcn.cat\/wp-content\/uploads\/sites\/2\/2021\/02\/WEB-Aigua.jpg","datePublished":"2021-02-15T11:01:00+00:00","dateModified":"2021-02-15T11:04:10+00:00","breadcrumb":{"@id":"https:\/\/www.museuolimpicbcn.cat\/ca\/arribem-a-lequador-de-la-marato-energetica\/#breadcrumb"},"inLanguage":"ca","potentialAction":[{"@type":"ReadAction","target":["https:\/\/www.museuolimpicbcn.cat\/ca\/arribem-a-lequador-de-la-marato-energetica\/"]}]},{"@type":"ImageObject","inLanguage":"ca","@id":"https:\/\/www.museuolimpicbcn.cat\/ca\/arribem-a-lequador-de-la-marato-energetica\/#primaryimage","url":"https:\/\/www.museuolimpicbcn.cat\/wp-content\/uploads\/sites\/2\/2021\/02\/WEB-Aigua.jpg","contentUrl":"https:\/\/www.museuolimpicbcn.cat\/wp-content\/uploads\/sites\/2\/2021\/02\/WEB-Aigua.jpg","width":833,"height":469},{"@type":"BreadcrumbList","@id":"https:\/\/www.museuolimpicbcn.cat\/ca\/arribem-a-lequador-de-la-marato-energetica\/#breadcrumb","itemListElement":[{"@type":"ListItem","position":1,"name":"Inici","item":"https:\/\/www.museuolimpicbcn.cat\/es\/"},{"@type":"ListItem","position":2,"name":"Arribem a l&#8217;equador de la marat\u00f3 energ\u00e8tica"}]},{"@type":"WebSite","@id":"https:\/\/www.museuolimpicbcn.cat\/ca\/#website","url":"https:\/\/www.museuolimpicbcn.cat\/ca\/","name":"Museu Ol\u00edmpic i de l&#039;Esport","description":"Altre lloc Web del Museu Ol\u00edmpic i de l&#039;Esport llocs","publisher":{"@id":"https:\/\/www.museuolimpicbcn.cat\/ca\/#organization"},"potentialAction":[{"@type":"SearchAction","target":{"@type":"EntryPoint","urlTemplate":"https:\/\/www.museuolimpicbcn.cat\/ca\/?s={search_term_string}"},"query-input":{"@type":"PropertyValueSpecification","valueRequired":true,"valueName":"search_term_string"}}],"inLanguage":"ca"},{"@type":"Organization","@id":"https:\/\/www.museuolimpicbcn.cat\/ca\/#organization","name":"Museu Ol\u00edmpic i de l&#039;Esport","url":"https:\/\/www.museuolimpicbcn.cat\/ca\/","logo":{"@type":"ImageObject","inLanguage":"ca","@id":"https:\/\/www.museuolimpicbcn.cat\/ca\/#\/schema\/logo\/image\/","url":"https:\/\/www.museuolimpicbcn.cat\/wp-content\/uploads\/sites\/2\/2018\/12\/logo-moe-header.svg","contentUrl":"https:\/\/www.museuolimpicbcn.cat\/wp-content\/uploads\/sites\/2\/2018\/12\/logo-moe-header.svg","caption":"Museu Ol\u00edmpic i de l&#039;Esport"},"image":{"@id":"https:\/\/www.museuolimpicbcn.cat\/ca\/#\/schema\/logo\/image\/"}},{"@type":"Person","@id":"https:\/\/www.museuolimpicbcn.cat\/ca\/#\/schema\/person\/b792834a53f193977df425a499287aa9","name":"Ibone","url":"https:\/\/www.museuolimpicbcn.cat\/ca\/author\/fbolimpica\/"}]}},"_links":{"self":[{"href":"https:\/\/www.museuolimpicbcn.cat\/ca\/wp-json\/wp\/v2\/posts\/26932"}],"collection":[{"href":"https:\/\/www.museuolimpicbcn.cat\/ca\/wp-json\/wp\/v2\/posts"}],"about":[{"href":"https:\/\/www.museuolimpicbcn.cat\/ca\/wp-json\/wp\/v2\/types\/post"}],"author":[{"embeddable":true,"href":"https:\/\/www.museuolimpicbcn.cat\/ca\/wp-json\/wp\/v2\/users\/11"}],"replies":[{"embeddable":true,"href":"https:\/\/www.museuolimpicbcn.cat\/ca\/wp-json\/wp\/v2\/comments?post=26932"}],"version-history":[{"count":1,"href":"https:\/\/www.museuolimpicbcn.cat\/ca\/wp-json\/wp\/v2\/posts\/26932\/revisions"}],"predecessor-version":[{"id":26935,"href":"https:\/\/www.museuolimpicbcn.cat\/ca\/wp-json\/wp\/v2\/posts\/26932\/revisions\/26935"}],"wp:featuredmedia":[{"embeddable":true,"href":"https:\/\/www.museuolimpicbcn.cat\/ca\/wp-json\/wp\/v2\/media\/26928"}],"wp:attachment":[{"href":"https:\/\/www.museuolimpicbcn.cat\/ca\/wp-json\/wp\/v2\/media?parent=26932"}],"wp:term":[{"taxonomy":"category","embeddable":true,"href":"https:\/\/www.museuolimpicbcn.cat\/ca\/wp-json\/wp\/v2\/categories?post=26932"},{"taxonomy":"post_tag","embeddable":true,"href":"https:\/\/www.museuolimpicbcn.cat\/ca\/wp-json\/wp\/v2\/tags?post=26932"}],"curies":[{"name":"wp","href":"https:\/\/api.w.org\/{rel}","templated":true}]}}