{"id":28051,"date":"2021-05-05T20:05:29","date_gmt":"2021-05-05T18:05:29","guid":{"rendered":"https:\/\/www.museuolimpicbcn.cat\/jornada-lesport-com-a-eina-de-salut\/"},"modified":"2021-05-05T20:05:29","modified_gmt":"2021-05-05T18:05:29","slug":"jornada-lesport-com-a-eina-de-salut","status":"publish","type":"post","link":"https:\/\/www.museuolimpicbcn.cat\/ca\/jornada-lesport-com-a-eina-de-salut\/","title":{"rendered":"Jornada \u201cL&#8217;esport com a eina de salut&#8221;"},"content":{"rendered":"<p>La jornada <strong>\u201cL&#8217;esport com a eina de salut. L&#8217;esport essencial per a la salut de les persones\u201d <\/strong>del cicle de confer\u00e8ncies \u201cel valor de l\u2019esport en el segle XXI\u201d s\u2019ha realitzat via streaming en les instal\u00b7lacions del Museu Ol\u00edmpic i ha estat retransmesa a trav\u00e9s del p\u00e0gina web i del <a href=\"https:\/\/youtu.be\/OGb_Zm60qrc\">canal YouTube de la Fundaci\u00f3 Barcelona Ol\u00edmpica<\/a> on podeu tornar a gaudir de la jornada.<\/p>\n<p><strong>David Escud\u00e9<\/strong>, president de la Fundaci\u00f3 Barcelona Ol\u00edmpica i Regidor d\u2019Esports, ha estat l&#8217;encarregat de donar la benvinguda a aquest nou cicle de confer\u00e8ncies 2021 de \u201cEl valor de l&#8217;esport en el segle XXI\u201d i ha destacat la import\u00e0ncia d&#8217;aquestes jornades, on es posen sobre la taula temes d&#8217;actualitat amb professionals del sector i la interacci\u00f3 directa de la ciutadania a trav\u00e9s del xat.<\/p>\n<p>La jornada, coordinada pel periodista de TV3 Jordi\u00a0Fandi\u00f1o\u00a0ha comptat amb la pres\u00e8ncia d\u2019<strong>August Tarrag\u00f3<\/strong>, President d&#8217;ADECAF (Associaci\u00f3 d&#8217;Empresaris de Clubs Catalans de Fitness); la doctora <strong>Mariona Viol\u00e1n<\/strong>, metgessa especialista en medicina de l\u2019esport i <strong>Gerard Esteva<\/strong>, dirigent de l\u2019esport. En la fila 0 han estat Sandra Nogu\u00e9s, presidenta de la Secci\u00f3 de Psicologia de l&#8217;Esport del Col\u00b7legi de Psicologia de Catalunya i Anna Jordana, doctoranda en psicologia de l&#8217;esport i la salut.<\/p>\n<p>Els ponents han dialogat sobre la import\u00e0ncia de l&#8217;activitat f\u00edsica en la vida de les persones, essent un element de salut.<\/p>\n<p>Una confer\u00e8ncia molt interessant que pots tornar a veure <a href=\"https:\/\/youtu.be\/OGb_Zm60qrc\">AQU\u00cd<\/a><\/p>\n<p><a href=\"https:\/\/www.museuolimpicbcn.cat\/ca\/?p=22053\">Inscriu-te en el butllet\u00ed de confer\u00e8ncies i descobreix la pr\u00f2xima<\/a><\/p>\n<p><iframe title=\"Jornada virtual: L&#039;esport com a eina de salut - L&#039;esport essencial per a la salut de les persones\" width=\"500\" height=\"281\" src=\"https:\/\/www.youtube.com\/embed\/OGb_Zm60qrc?feature=oembed\" frameborder=\"0\" allow=\"accelerometer; autoplay; clipboard-write; encrypted-media; gyroscope; picture-in-picture; web-share\" referrerpolicy=\"strict-origin-when-cross-origin\" allowfullscreen><\/iframe><\/p>\n<p><strong>El cicle de confer\u00e8ncies \u201cEl valor de l\u2019Esport en el segle XXI\u201d est\u00e0 organitzada per la Fundaci\u00f3 Barcelona Ol\u00edmpica en col\u00b7laboraci\u00f3 amb l\u2019Institut Barcelona Esports.<\/strong><\/p>\n","protected":false},"excerpt":{"rendered":"<p>La jornada \u201cL&#8217;esport com a eina de salut. L&#8217;esport essencial per a la salut de les persones\u201d del cicle de confer\u00e8ncies \u201cel valor de l\u2019esport en el segle XXI\u201d s\u2019ha realitzat via streaming en les instal\u00b7lacions del Museu Ol\u00edmpic i ha estat retransmesa a trav\u00e9s del p\u00e0gina web i del canal YouTube de la Fundaci\u00f3 [&hellip;]<\/p>\n","protected":false},"author":11,"featured_media":28026,"comment_status":"closed","ping_status":"closed","sticky":false,"template":"","format":"standard","meta":{"_acf_changed":false,"_price":"","_stock":"","_tribe_ticket_header":"","_tribe_default_ticket_provider":"","_tribe_ticket_capacity":"0","_ticket_start_date":"","_ticket_end_date":"","_tribe_ticket_show_description":"","_tribe_ticket_show_not_going":false,"_tribe_ticket_use_global_stock":"","_tribe_ticket_global_stock_level":"","_global_stock_mode":"","_global_stock_cap":"","_tribe_rsvp_for_event":"","_tribe_ticket_going_count":"","_tribe_ticket_not_going_count":"","_tribe_tickets_list":"[]","_tribe_ticket_has_attendee_info_fields":false,"footnotes":""},"categories":[1],"tags":[],"class_list":["post-28051","post","type-post","status-publish","format-standard","has-post-thumbnail","hentry","category-uncategorized-ca"],"acf":[],"yoast_head":"<!-- This site is optimized with the Yoast SEO plugin v23.7 - https:\/\/yoast.com\/wordpress\/plugins\/seo\/ -->\n<title>Jornada \u201cL&#039;esport com a eina de salut&quot; - Museu Ol\u00edmpic i de l&#039;Esport<\/title>\n<meta name=\"robots\" content=\"index, follow, max-snippet:-1, max-image-preview:large, max-video-preview:-1\" \/>\n<link rel=\"canonical\" href=\"https:\/\/www.museuolimpicbcn.cat\/ca\/jornada-lesport-com-a-eina-de-salut\/\" \/>\n<meta property=\"og:locale\" content=\"ca_ES\" \/>\n<meta property=\"og:type\" content=\"article\" \/>\n<meta property=\"og:title\" content=\"Jornada \u201cL&#039;esport com a eina de salut&quot; - Museu Ol\u00edmpic i de l&#039;Esport\" \/>\n<meta property=\"og:description\" content=\"La jornada \u201cL&#8217;esport com a eina de salut. L&#8217;esport essencial per a la salut de les persones\u201d del cicle de confer\u00e8ncies \u201cel valor de l\u2019esport en el segle XXI\u201d s\u2019ha realitzat via streaming en les instal\u00b7lacions del Museu Ol\u00edmpic i ha estat retransmesa a trav\u00e9s del p\u00e0gina web i del canal YouTube de la Fundaci\u00f3 [&hellip;]\" \/>\n<meta property=\"og:url\" content=\"https:\/\/www.museuolimpicbcn.cat\/ca\/jornada-lesport-com-a-eina-de-salut\/\" \/>\n<meta property=\"og:site_name\" content=\"Museu Ol\u00edmpic i de l&#039;Esport\" \/>\n<meta property=\"article:published_time\" content=\"2021-05-05T18:05:29+00:00\" \/>\n<meta property=\"og:image\" content=\"https:\/\/www.museuolimpicbcn.cat\/wp-content\/uploads\/sites\/2\/2021\/05\/1-Valor_del_esport-Museu_olimpic-scaled.jpg\" \/>\n\t<meta property=\"og:image:width\" content=\"2560\" \/>\n\t<meta property=\"og:image:height\" content=\"1690\" \/>\n\t<meta property=\"og:image:type\" content=\"image\/jpeg\" \/>\n<meta name=\"author\" content=\"Ibone\" \/>\n<meta name=\"twitter:card\" content=\"summary_large_image\" \/>\n<meta name=\"twitter:label1\" content=\"Escrit per\" \/>\n\t<meta name=\"twitter:data1\" content=\"Ibone\" \/>\n\t<meta name=\"twitter:label2\" content=\"Temps estimat de lectura\" \/>\n\t<meta name=\"twitter:data2\" content=\"2 minuts\" \/>\n<script type=\"application\/ld+json\" class=\"yoast-schema-graph\">{\"@context\":\"https:\/\/schema.org\",\"@graph\":[{\"@type\":\"Article\",\"@id\":\"https:\/\/www.museuolimpicbcn.cat\/ca\/jornada-lesport-com-a-eina-de-salut\/#article\",\"isPartOf\":{\"@id\":\"https:\/\/www.museuolimpicbcn.cat\/ca\/jornada-lesport-com-a-eina-de-salut\/\"},\"author\":{\"name\":\"Ibone\",\"@id\":\"https:\/\/www.museuolimpicbcn.cat\/ca\/#\/schema\/person\/b792834a53f193977df425a499287aa9\"},\"headline\":\"Jornada \u201cL&#8217;esport com a eina de salut&#8221;\",\"datePublished\":\"2021-05-05T18:05:29+00:00\",\"dateModified\":\"2021-05-05T18:05:29+00:00\",\"mainEntityOfPage\":{\"@id\":\"https:\/\/www.museuolimpicbcn.cat\/ca\/jornada-lesport-com-a-eina-de-salut\/\"},\"wordCount\":313,\"publisher\":{\"@id\":\"https:\/\/www.museuolimpicbcn.cat\/ca\/#organization\"},\"image\":{\"@id\":\"https:\/\/www.museuolimpicbcn.cat\/ca\/jornada-lesport-com-a-eina-de-salut\/#primaryimage\"},\"thumbnailUrl\":\"https:\/\/www.museuolimpicbcn.cat\/wp-content\/uploads\/sites\/2\/2021\/05\/1-Valor_del_esport-Museu_olimpic-scaled.jpg\",\"articleSection\":[\"Uncategorized @ca\"],\"inLanguage\":\"ca\"},{\"@type\":\"WebPage\",\"@id\":\"https:\/\/www.museuolimpicbcn.cat\/ca\/jornada-lesport-com-a-eina-de-salut\/\",\"url\":\"https:\/\/www.museuolimpicbcn.cat\/ca\/jornada-lesport-com-a-eina-de-salut\/\",\"name\":\"Jornada \u201cL'esport com a eina de salut\\\" - Museu Ol\u00edmpic i de l&#039;Esport\",\"isPartOf\":{\"@id\":\"https:\/\/www.museuolimpicbcn.cat\/ca\/#website\"},\"primaryImageOfPage\":{\"@id\":\"https:\/\/www.museuolimpicbcn.cat\/ca\/jornada-lesport-com-a-eina-de-salut\/#primaryimage\"},\"image\":{\"@id\":\"https:\/\/www.museuolimpicbcn.cat\/ca\/jornada-lesport-com-a-eina-de-salut\/#primaryimage\"},\"thumbnailUrl\":\"https:\/\/www.museuolimpicbcn.cat\/wp-content\/uploads\/sites\/2\/2021\/05\/1-Valor_del_esport-Museu_olimpic-scaled.jpg\",\"datePublished\":\"2021-05-05T18:05:29+00:00\",\"dateModified\":\"2021-05-05T18:05:29+00:00\",\"breadcrumb\":{\"@id\":\"https:\/\/www.museuolimpicbcn.cat\/ca\/jornada-lesport-com-a-eina-de-salut\/#breadcrumb\"},\"inLanguage\":\"ca\",\"potentialAction\":[{\"@type\":\"ReadAction\",\"target\":[\"https:\/\/www.museuolimpicbcn.cat\/ca\/jornada-lesport-com-a-eina-de-salut\/\"]}]},{\"@type\":\"ImageObject\",\"inLanguage\":\"ca\",\"@id\":\"https:\/\/www.museuolimpicbcn.cat\/ca\/jornada-lesport-com-a-eina-de-salut\/#primaryimage\",\"url\":\"https:\/\/www.museuolimpicbcn.cat\/wp-content\/uploads\/sites\/2\/2021\/05\/1-Valor_del_esport-Museu_olimpic-scaled.jpg\",\"contentUrl\":\"https:\/\/www.museuolimpicbcn.cat\/wp-content\/uploads\/sites\/2\/2021\/05\/1-Valor_del_esport-Museu_olimpic-scaled.jpg\",\"width\":2560,\"height\":1690},{\"@type\":\"BreadcrumbList\",\"@id\":\"https:\/\/www.museuolimpicbcn.cat\/ca\/jornada-lesport-com-a-eina-de-salut\/#breadcrumb\",\"itemListElement\":[{\"@type\":\"ListItem\",\"position\":1,\"name\":\"Inici\",\"item\":\"https:\/\/www.museuolimpicbcn.cat\/es\/\"},{\"@type\":\"ListItem\",\"position\":2,\"name\":\"Jornada \u201cL&#8217;esport com a eina de salut&#8221;\"}]},{\"@type\":\"WebSite\",\"@id\":\"https:\/\/www.museuolimpicbcn.cat\/ca\/#website\",\"url\":\"https:\/\/www.museuolimpicbcn.cat\/ca\/\",\"name\":\"Museu Ol\u00edmpic i de l&#039;Esport\",\"description\":\"Altre lloc Web del Museu Ol\u00edmpic i de l&#039;Esport llocs\",\"publisher\":{\"@id\":\"https:\/\/www.museuolimpicbcn.cat\/ca\/#organization\"},\"potentialAction\":[{\"@type\":\"SearchAction\",\"target\":{\"@type\":\"EntryPoint\",\"urlTemplate\":\"https:\/\/www.museuolimpicbcn.cat\/ca\/?s={search_term_string}\"},\"query-input\":{\"@type\":\"PropertyValueSpecification\",\"valueRequired\":true,\"valueName\":\"search_term_string\"}}],\"inLanguage\":\"ca\"},{\"@type\":\"Organization\",\"@id\":\"https:\/\/www.museuolimpicbcn.cat\/ca\/#organization\",\"name\":\"Museu Ol\u00edmpic i de l&#039;Esport\",\"url\":\"https:\/\/www.museuolimpicbcn.cat\/ca\/\",\"logo\":{\"@type\":\"ImageObject\",\"inLanguage\":\"ca\",\"@id\":\"https:\/\/www.museuolimpicbcn.cat\/ca\/#\/schema\/logo\/image\/\",\"url\":\"https:\/\/www.museuolimpicbcn.cat\/wp-content\/uploads\/sites\/2\/2018\/12\/logo-moe-header.svg\",\"contentUrl\":\"https:\/\/www.museuolimpicbcn.cat\/wp-content\/uploads\/sites\/2\/2018\/12\/logo-moe-header.svg\",\"caption\":\"Museu Ol\u00edmpic i de l&#039;Esport\"},\"image\":{\"@id\":\"https:\/\/www.museuolimpicbcn.cat\/ca\/#\/schema\/logo\/image\/\"}},{\"@type\":\"Person\",\"@id\":\"https:\/\/www.museuolimpicbcn.cat\/ca\/#\/schema\/person\/b792834a53f193977df425a499287aa9\",\"name\":\"Ibone\",\"url\":\"https:\/\/www.museuolimpicbcn.cat\/ca\/author\/fbolimpica\/\"}]}<\/script>\n<!-- \/ Yoast SEO plugin. -->","yoast_head_json":{"title":"Jornada \u201cL'esport com a eina de salut\" - Museu Ol\u00edmpic i de l&#039;Esport","robots":{"index":"index","follow":"follow","max-snippet":"max-snippet:-1","max-image-preview":"max-image-preview:large","max-video-preview":"max-video-preview:-1"},"canonical":"https:\/\/www.museuolimpicbcn.cat\/ca\/jornada-lesport-com-a-eina-de-salut\/","og_locale":"ca_ES","og_type":"article","og_title":"Jornada \u201cL'esport com a eina de salut\" - Museu Ol\u00edmpic i de l&#039;Esport","og_description":"La jornada \u201cL&#8217;esport com a eina de salut. L&#8217;esport essencial per a la salut de les persones\u201d del cicle de confer\u00e8ncies \u201cel valor de l\u2019esport en el segle XXI\u201d s\u2019ha realitzat via streaming en les instal\u00b7lacions del Museu Ol\u00edmpic i ha estat retransmesa a trav\u00e9s del p\u00e0gina web i del canal YouTube de la Fundaci\u00f3 [&hellip;]","og_url":"https:\/\/www.museuolimpicbcn.cat\/ca\/jornada-lesport-com-a-eina-de-salut\/","og_site_name":"Museu Ol\u00edmpic i de l&#039;Esport","article_published_time":"2021-05-05T18:05:29+00:00","og_image":[{"width":2560,"height":1690,"url":"https:\/\/www.museuolimpicbcn.cat\/wp-content\/uploads\/sites\/2\/2021\/05\/1-Valor_del_esport-Museu_olimpic-scaled.jpg","type":"image\/jpeg"}],"author":"Ibone","twitter_card":"summary_large_image","twitter_misc":{"Escrit per":"Ibone","Temps estimat de lectura":"2 minuts"},"schema":{"@context":"https:\/\/schema.org","@graph":[{"@type":"Article","@id":"https:\/\/www.museuolimpicbcn.cat\/ca\/jornada-lesport-com-a-eina-de-salut\/#article","isPartOf":{"@id":"https:\/\/www.museuolimpicbcn.cat\/ca\/jornada-lesport-com-a-eina-de-salut\/"},"author":{"name":"Ibone","@id":"https:\/\/www.museuolimpicbcn.cat\/ca\/#\/schema\/person\/b792834a53f193977df425a499287aa9"},"headline":"Jornada \u201cL&#8217;esport com a eina de salut&#8221;","datePublished":"2021-05-05T18:05:29+00:00","dateModified":"2021-05-05T18:05:29+00:00","mainEntityOfPage":{"@id":"https:\/\/www.museuolimpicbcn.cat\/ca\/jornada-lesport-com-a-eina-de-salut\/"},"wordCount":313,"publisher":{"@id":"https:\/\/www.museuolimpicbcn.cat\/ca\/#organization"},"image":{"@id":"https:\/\/www.museuolimpicbcn.cat\/ca\/jornada-lesport-com-a-eina-de-salut\/#primaryimage"},"thumbnailUrl":"https:\/\/www.museuolimpicbcn.cat\/wp-content\/uploads\/sites\/2\/2021\/05\/1-Valor_del_esport-Museu_olimpic-scaled.jpg","articleSection":["Uncategorized @ca"],"inLanguage":"ca"},{"@type":"WebPage","@id":"https:\/\/www.museuolimpicbcn.cat\/ca\/jornada-lesport-com-a-eina-de-salut\/","url":"https:\/\/www.museuolimpicbcn.cat\/ca\/jornada-lesport-com-a-eina-de-salut\/","name":"Jornada \u201cL'esport com a eina de salut\" - Museu Ol\u00edmpic i de l&#039;Esport","isPartOf":{"@id":"https:\/\/www.museuolimpicbcn.cat\/ca\/#website"},"primaryImageOfPage":{"@id":"https:\/\/www.museuolimpicbcn.cat\/ca\/jornada-lesport-com-a-eina-de-salut\/#primaryimage"},"image":{"@id":"https:\/\/www.museuolimpicbcn.cat\/ca\/jornada-lesport-com-a-eina-de-salut\/#primaryimage"},"thumbnailUrl":"https:\/\/www.museuolimpicbcn.cat\/wp-content\/uploads\/sites\/2\/2021\/05\/1-Valor_del_esport-Museu_olimpic-scaled.jpg","datePublished":"2021-05-05T18:05:29+00:00","dateModified":"2021-05-05T18:05:29+00:00","breadcrumb":{"@id":"https:\/\/www.museuolimpicbcn.cat\/ca\/jornada-lesport-com-a-eina-de-salut\/#breadcrumb"},"inLanguage":"ca","potentialAction":[{"@type":"ReadAction","target":["https:\/\/www.museuolimpicbcn.cat\/ca\/jornada-lesport-com-a-eina-de-salut\/"]}]},{"@type":"ImageObject","inLanguage":"ca","@id":"https:\/\/www.museuolimpicbcn.cat\/ca\/jornada-lesport-com-a-eina-de-salut\/#primaryimage","url":"https:\/\/www.museuolimpicbcn.cat\/wp-content\/uploads\/sites\/2\/2021\/05\/1-Valor_del_esport-Museu_olimpic-scaled.jpg","contentUrl":"https:\/\/www.museuolimpicbcn.cat\/wp-content\/uploads\/sites\/2\/2021\/05\/1-Valor_del_esport-Museu_olimpic-scaled.jpg","width":2560,"height":1690},{"@type":"BreadcrumbList","@id":"https:\/\/www.museuolimpicbcn.cat\/ca\/jornada-lesport-com-a-eina-de-salut\/#breadcrumb","itemListElement":[{"@type":"ListItem","position":1,"name":"Inici","item":"https:\/\/www.museuolimpicbcn.cat\/es\/"},{"@type":"ListItem","position":2,"name":"Jornada \u201cL&#8217;esport com a eina de salut&#8221;"}]},{"@type":"WebSite","@id":"https:\/\/www.museuolimpicbcn.cat\/ca\/#website","url":"https:\/\/www.museuolimpicbcn.cat\/ca\/","name":"Museu Ol\u00edmpic i de l&#039;Esport","description":"Altre lloc Web del Museu Ol\u00edmpic i de l&#039;Esport llocs","publisher":{"@id":"https:\/\/www.museuolimpicbcn.cat\/ca\/#organization"},"potentialAction":[{"@type":"SearchAction","target":{"@type":"EntryPoint","urlTemplate":"https:\/\/www.museuolimpicbcn.cat\/ca\/?s={search_term_string}"},"query-input":{"@type":"PropertyValueSpecification","valueRequired":true,"valueName":"search_term_string"}}],"inLanguage":"ca"},{"@type":"Organization","@id":"https:\/\/www.museuolimpicbcn.cat\/ca\/#organization","name":"Museu Ol\u00edmpic i de l&#039;Esport","url":"https:\/\/www.museuolimpicbcn.cat\/ca\/","logo":{"@type":"ImageObject","inLanguage":"ca","@id":"https:\/\/www.museuolimpicbcn.cat\/ca\/#\/schema\/logo\/image\/","url":"https:\/\/www.museuolimpicbcn.cat\/wp-content\/uploads\/sites\/2\/2018\/12\/logo-moe-header.svg","contentUrl":"https:\/\/www.museuolimpicbcn.cat\/wp-content\/uploads\/sites\/2\/2018\/12\/logo-moe-header.svg","caption":"Museu Ol\u00edmpic i de l&#039;Esport"},"image":{"@id":"https:\/\/www.museuolimpicbcn.cat\/ca\/#\/schema\/logo\/image\/"}},{"@type":"Person","@id":"https:\/\/www.museuolimpicbcn.cat\/ca\/#\/schema\/person\/b792834a53f193977df425a499287aa9","name":"Ibone","url":"https:\/\/www.museuolimpicbcn.cat\/ca\/author\/fbolimpica\/"}]}},"_links":{"self":[{"href":"https:\/\/www.museuolimpicbcn.cat\/ca\/wp-json\/wp\/v2\/posts\/28051"}],"collection":[{"href":"https:\/\/www.museuolimpicbcn.cat\/ca\/wp-json\/wp\/v2\/posts"}],"about":[{"href":"https:\/\/www.museuolimpicbcn.cat\/ca\/wp-json\/wp\/v2\/types\/post"}],"author":[{"embeddable":true,"href":"https:\/\/www.museuolimpicbcn.cat\/ca\/wp-json\/wp\/v2\/users\/11"}],"replies":[{"embeddable":true,"href":"https:\/\/www.museuolimpicbcn.cat\/ca\/wp-json\/wp\/v2\/comments?post=28051"}],"version-history":[{"count":0,"href":"https:\/\/www.museuolimpicbcn.cat\/ca\/wp-json\/wp\/v2\/posts\/28051\/revisions"}],"wp:featuredmedia":[{"embeddable":true,"href":"https:\/\/www.museuolimpicbcn.cat\/ca\/wp-json\/wp\/v2\/media\/28026"}],"wp:attachment":[{"href":"https:\/\/www.museuolimpicbcn.cat\/ca\/wp-json\/wp\/v2\/media?parent=28051"}],"wp:term":[{"taxonomy":"category","embeddable":true,"href":"https:\/\/www.museuolimpicbcn.cat\/ca\/wp-json\/wp\/v2\/categories?post=28051"},{"taxonomy":"post_tag","embeddable":true,"href":"https:\/\/www.museuolimpicbcn.cat\/ca\/wp-json\/wp\/v2\/tags?post=28051"}],"curies":[{"name":"wp","href":"https:\/\/api.w.org\/{rel}","templated":true}]}}