{"id":28931,"date":"2021-06-07T11:15:10","date_gmt":"2021-06-07T09:15:10","guid":{"rendered":"https:\/\/www.museuolimpicbcn.cat\/la-ciutat-espai-de-practica-esportiva-dimecres-9-de-juny-a-les-17-hores-jornada-virtual\/"},"modified":"2021-06-07T13:00:43","modified_gmt":"2021-06-07T11:00:43","slug":"la-ciutat-espai-de-practica-esportiva-dimecres-9-de-juny-a-les-17-hores-jornada-virtual","status":"publish","type":"post","link":"https:\/\/www.museuolimpicbcn.cat\/ca\/la-ciutat-espai-de-practica-esportiva-dimecres-9-de-juny-a-les-17-hores-jornada-virtual\/","title":{"rendered":"La ciutat, espai de pr\u00e0ctica esportiva. Dimecres 9 de juny a les 17 hores, jornada virtual."},"content":{"rendered":"<p>La jornada <strong>\u201cL&#8217;esport com a eina de salut. La ciutat, espai de pr\u00e0ctica esportiva\u201d<\/strong> del cicle de confer\u00e8ncies \u201cel valor de l&#8217;esport en el segle XXI\u201d es realitzar\u00e0 el <strong>dimecres 9 de juny a les 17 hores<\/strong>, via Streaming en les instal\u00b7lacions del Museu Ol\u00edmpic i es retransmetr\u00e0 a trav\u00e9s de la p\u00e0gina web <a href=\"http:\/\/www.museuolimpicbcn.cat\/\">www.museuolimpicbcn.cat<\/a> i del <a href=\"https:\/\/youtu.be\/mkOYE3ToqGk\">canal YouTube de la Fundaci\u00f3 Barcelona Ol\u00edmpica<\/a>.<\/p>\n<p><a href=\"https:\/\/www.fundaciobarcelonaolimpica.es\/ca\/el-valor-de-lesport-en-el-segle-xxi\/\">Inscriu-te a les jornades<\/a><\/p>\n<p>En aquesta edici\u00f3, seguim reflexionant sobre l&#8217;entorn de l&#8217;esport com a eina de salut, per\u00f2 posarem el focus a la ciutat com a important escenari per a la pr\u00e0ctica esportiva. La pand\u00e8mia que hem viscut ha fet que cada cop m\u00e9s gent surti al carrer a practicar esport. Aquesta tend\u00e8ncia ha vingut per quedar-se? Quines s\u00f3n les necessitats de la ciutat? Quines s\u00f3n les tend\u00e8ncies esportives que podem trobar? Com combinen els centres esportius la pr\u00e0ctica esportiva indoor amb la pr\u00e0ctica a l&#8217;aire lliure?<\/p>\n<p>La jornada coordinada pel periodista de TV3 Jordi Fandi\u00f1o comptar\u00e0 amb la pres\u00e8ncia de:<\/p>\n<ul>\n<li><strong>Juan-Andr\u00e9s Hernando L\u00f3pez:<\/strong> Arquitecte Urbanista, especialitzat en Espais per a la gesti\u00f3 &#8220;Activa i positiva&#8221;.<\/li>\n<\/ul>\n<p><em>&#8220;L\u2019educaci\u00f3, l&#8217;esport i la recreaci\u00f3 com a &#8220;espais vitals&#8221; per a facilitar el benestar saludable i sostenible de les persones. L&#8217;urbanisme condiciona les nostres vides&#8221;<\/em><\/p>\n<ul>\n<li><strong>Jordi Cavero Buscat\u00f3:<\/strong> Gerent de Serveis d&#8217;Esport. Diputaci\u00f3 de Barcelona.<\/li>\n<\/ul>\n<p><em>&#8220;L&#8217;esport \u00e9s un dret per a tothom, en aquest sentit el medi natural es presenta com un escenari idoni, obert i de lliure accessibilitat per a la ciutadania. Els itineraris esportius de la prov\u00edncia de Barcelona configuren una xarxa territorial amb gran potencial per donar suport a la pr\u00e0ctica esportiva outdoor: caminar, marxa n\u00f2rdica, c\u00f3rrer, anar amb bici..&#8221;<\/em><\/p>\n<ul>\n<li><strong>Alba Gamell:<\/strong> Presidenta del Club Beach Tennis Barcelona i Responsable del Tennis Platja Catal\u00e0 en la Federaci\u00f3 Catalana de Tennis.<\/li>\n<\/ul>\n<p><em>&#8220;L&#8217;experi\u00e8ncia i visi\u00f3 de la ciutat i els espai de pr\u00e0ctica esportiva a l&#8217;aire lliure, especialment la zona de platges i el litoral barcelon\u00ed<\/em><em>&#8220;<\/em><\/p>\n<ul>\n<li><strong>Carles Meilan:<\/strong> president de CET10<\/li>\n<\/ul>\n<p>\u201cDes dels centres esportius ens hem hagut d&#8217;adaptar a les necessitats i demandes dels nostres clients\u201d<\/p>\n<p><a href=\"https:\/\/www.fundaciobarcelonaolimpica.es\/es\/aceptar-newletter\/\">Inscriu-te al butllet\u00ed de confer\u00e8ncies i descobreix la pr\u00f2xima.<\/a><\/p>\n<p>El cicle de confer\u00e8ncies \u201cEl Valor de l&#8217;esport en el segle XXI\u201d est\u00e0 organitzat per la Fundaci\u00f3 Barcelona Ol\u00edmpica en col\u00b7laboraci\u00f3 amb el Institut Barcelona Esports.<\/p>\n","protected":false},"excerpt":{"rendered":"<p>La jornada \u201cL&#8217;esport com a eina de salut. La ciutat, espai de pr\u00e0ctica esportiva\u201d del cicle de confer\u00e8ncies \u201cel valor de l&#8217;esport en el segle XXI\u201d es realitzar\u00e0 el dimecres 9 de juny a les 17 hores, via Streaming en les instal\u00b7lacions del Museu Ol\u00edmpic i es retransmetr\u00e0 a trav\u00e9s de la p\u00e0gina web www.museuolimpicbcn.cat [&hellip;]<\/p>\n","protected":false},"author":11,"featured_media":28925,"comment_status":"closed","ping_status":"closed","sticky":false,"template":"","format":"standard","meta":{"_acf_changed":false,"_price":"","_stock":"","_tribe_ticket_header":"","_tribe_default_ticket_provider":"","_tribe_ticket_capacity":"0","_ticket_start_date":"","_ticket_end_date":"","_tribe_ticket_show_description":"","_tribe_ticket_show_not_going":false,"_tribe_ticket_use_global_stock":"","_tribe_ticket_global_stock_level":"","_global_stock_mode":"","_global_stock_cap":"","_tribe_rsvp_for_event":"","_tribe_ticket_going_count":"","_tribe_ticket_not_going_count":"","_tribe_tickets_list":"[]","_tribe_ticket_has_attendee_info_fields":false,"footnotes":""},"categories":[1],"tags":[],"class_list":["post-28931","post","type-post","status-publish","format-standard","has-post-thumbnail","hentry","category-uncategorized-ca"],"acf":[],"yoast_head":"<!-- This site is optimized with the Yoast SEO plugin v23.7 - https:\/\/yoast.com\/wordpress\/plugins\/seo\/ -->\n<title>La ciutat, espai de pr\u00e0ctica esportiva. Dimecres 9 de juny a les 17 hores, jornada virtual. - Museu Ol\u00edmpic i de l&#039;Esport<\/title>\n<meta name=\"robots\" content=\"index, follow, max-snippet:-1, max-image-preview:large, max-video-preview:-1\" \/>\n<link rel=\"canonical\" href=\"https:\/\/www.museuolimpicbcn.cat\/ca\/la-ciutat-espai-de-practica-esportiva-dimecres-9-de-juny-a-les-17-hores-jornada-virtual\/\" \/>\n<meta property=\"og:locale\" content=\"ca_ES\" \/>\n<meta property=\"og:type\" content=\"article\" \/>\n<meta property=\"og:title\" content=\"La ciutat, espai de pr\u00e0ctica esportiva. Dimecres 9 de juny a les 17 hores, jornada virtual. - Museu Ol\u00edmpic i de l&#039;Esport\" \/>\n<meta property=\"og:description\" content=\"La jornada \u201cL&#8217;esport com a eina de salut. La ciutat, espai de pr\u00e0ctica esportiva\u201d del cicle de confer\u00e8ncies \u201cel valor de l&#8217;esport en el segle XXI\u201d es realitzar\u00e0 el dimecres 9 de juny a les 17 hores, via Streaming en les instal\u00b7lacions del Museu Ol\u00edmpic i es retransmetr\u00e0 a trav\u00e9s de la p\u00e0gina web www.museuolimpicbcn.cat [&hellip;]\" \/>\n<meta property=\"og:url\" content=\"https:\/\/www.museuolimpicbcn.cat\/ca\/la-ciutat-espai-de-practica-esportiva-dimecres-9-de-juny-a-les-17-hores-jornada-virtual\/\" \/>\n<meta property=\"og:site_name\" content=\"Museu Ol\u00edmpic i de l&#039;Esport\" \/>\n<meta property=\"article:published_time\" content=\"2021-06-07T09:15:10+00:00\" \/>\n<meta property=\"article:modified_time\" content=\"2021-06-07T11:00:43+00:00\" \/>\n<meta property=\"og:image\" content=\"https:\/\/www.museuolimpicbcn.cat\/wp-content\/uploads\/sites\/2\/2021\/06\/P-AuditorioMesa-de-trabajo-1-copia-2-100-1.jpg\" \/>\n\t<meta property=\"og:image:width\" content=\"1920\" \/>\n\t<meta property=\"og:image:height\" content=\"1080\" \/>\n\t<meta property=\"og:image:type\" content=\"image\/jpeg\" \/>\n<meta name=\"author\" content=\"Ibone\" \/>\n<meta name=\"twitter:card\" content=\"summary_large_image\" \/>\n<meta name=\"twitter:label1\" content=\"Escrit per\" \/>\n\t<meta name=\"twitter:data1\" content=\"Ibone\" \/>\n\t<meta name=\"twitter:label2\" content=\"Temps estimat de lectura\" \/>\n\t<meta name=\"twitter:data2\" content=\"2 minuts\" \/>\n<script type=\"application\/ld+json\" class=\"yoast-schema-graph\">{\"@context\":\"https:\/\/schema.org\",\"@graph\":[{\"@type\":\"Article\",\"@id\":\"https:\/\/www.museuolimpicbcn.cat\/ca\/la-ciutat-espai-de-practica-esportiva-dimecres-9-de-juny-a-les-17-hores-jornada-virtual\/#article\",\"isPartOf\":{\"@id\":\"https:\/\/www.museuolimpicbcn.cat\/ca\/la-ciutat-espai-de-practica-esportiva-dimecres-9-de-juny-a-les-17-hores-jornada-virtual\/\"},\"author\":{\"name\":\"Ibone\",\"@id\":\"https:\/\/www.museuolimpicbcn.cat\/ca\/#\/schema\/person\/b792834a53f193977df425a499287aa9\"},\"headline\":\"La ciutat, espai de pr\u00e0ctica esportiva. Dimecres 9 de juny a les 17 hores, jornada virtual.\",\"datePublished\":\"2021-06-07T09:15:10+00:00\",\"dateModified\":\"2021-06-07T11:00:43+00:00\",\"mainEntityOfPage\":{\"@id\":\"https:\/\/www.museuolimpicbcn.cat\/ca\/la-ciutat-espai-de-practica-esportiva-dimecres-9-de-juny-a-les-17-hores-jornada-virtual\/\"},\"wordCount\":421,\"publisher\":{\"@id\":\"https:\/\/www.museuolimpicbcn.cat\/ca\/#organization\"},\"image\":{\"@id\":\"https:\/\/www.museuolimpicbcn.cat\/ca\/la-ciutat-espai-de-practica-esportiva-dimecres-9-de-juny-a-les-17-hores-jornada-virtual\/#primaryimage\"},\"thumbnailUrl\":\"https:\/\/www.museuolimpicbcn.cat\/wp-content\/uploads\/sites\/2\/2021\/06\/P-AuditorioMesa-de-trabajo-1-copia-2-100-1.jpg\",\"articleSection\":[\"Uncategorized @ca\"],\"inLanguage\":\"ca\"},{\"@type\":\"WebPage\",\"@id\":\"https:\/\/www.museuolimpicbcn.cat\/ca\/la-ciutat-espai-de-practica-esportiva-dimecres-9-de-juny-a-les-17-hores-jornada-virtual\/\",\"url\":\"https:\/\/www.museuolimpicbcn.cat\/ca\/la-ciutat-espai-de-practica-esportiva-dimecres-9-de-juny-a-les-17-hores-jornada-virtual\/\",\"name\":\"La ciutat, espai de pr\u00e0ctica esportiva. Dimecres 9 de juny a les 17 hores, jornada virtual. - Museu Ol\u00edmpic i de l&#039;Esport\",\"isPartOf\":{\"@id\":\"https:\/\/www.museuolimpicbcn.cat\/ca\/#website\"},\"primaryImageOfPage\":{\"@id\":\"https:\/\/www.museuolimpicbcn.cat\/ca\/la-ciutat-espai-de-practica-esportiva-dimecres-9-de-juny-a-les-17-hores-jornada-virtual\/#primaryimage\"},\"image\":{\"@id\":\"https:\/\/www.museuolimpicbcn.cat\/ca\/la-ciutat-espai-de-practica-esportiva-dimecres-9-de-juny-a-les-17-hores-jornada-virtual\/#primaryimage\"},\"thumbnailUrl\":\"https:\/\/www.museuolimpicbcn.cat\/wp-content\/uploads\/sites\/2\/2021\/06\/P-AuditorioMesa-de-trabajo-1-copia-2-100-1.jpg\",\"datePublished\":\"2021-06-07T09:15:10+00:00\",\"dateModified\":\"2021-06-07T11:00:43+00:00\",\"breadcrumb\":{\"@id\":\"https:\/\/www.museuolimpicbcn.cat\/ca\/la-ciutat-espai-de-practica-esportiva-dimecres-9-de-juny-a-les-17-hores-jornada-virtual\/#breadcrumb\"},\"inLanguage\":\"ca\",\"potentialAction\":[{\"@type\":\"ReadAction\",\"target\":[\"https:\/\/www.museuolimpicbcn.cat\/ca\/la-ciutat-espai-de-practica-esportiva-dimecres-9-de-juny-a-les-17-hores-jornada-virtual\/\"]}]},{\"@type\":\"ImageObject\",\"inLanguage\":\"ca\",\"@id\":\"https:\/\/www.museuolimpicbcn.cat\/ca\/la-ciutat-espai-de-practica-esportiva-dimecres-9-de-juny-a-les-17-hores-jornada-virtual\/#primaryimage\",\"url\":\"https:\/\/www.museuolimpicbcn.cat\/wp-content\/uploads\/sites\/2\/2021\/06\/P-AuditorioMesa-de-trabajo-1-copia-2-100-1.jpg\",\"contentUrl\":\"https:\/\/www.museuolimpicbcn.cat\/wp-content\/uploads\/sites\/2\/2021\/06\/P-AuditorioMesa-de-trabajo-1-copia-2-100-1.jpg\",\"width\":1920,\"height\":1080},{\"@type\":\"BreadcrumbList\",\"@id\":\"https:\/\/www.museuolimpicbcn.cat\/ca\/la-ciutat-espai-de-practica-esportiva-dimecres-9-de-juny-a-les-17-hores-jornada-virtual\/#breadcrumb\",\"itemListElement\":[{\"@type\":\"ListItem\",\"position\":1,\"name\":\"Inici\",\"item\":\"https:\/\/www.museuolimpicbcn.cat\/es\/\"},{\"@type\":\"ListItem\",\"position\":2,\"name\":\"La ciutat, espai de pr\u00e0ctica esportiva. Dimecres 9 de juny a les 17 hores, jornada virtual.\"}]},{\"@type\":\"WebSite\",\"@id\":\"https:\/\/www.museuolimpicbcn.cat\/ca\/#website\",\"url\":\"https:\/\/www.museuolimpicbcn.cat\/ca\/\",\"name\":\"Museu Ol\u00edmpic i de l&#039;Esport\",\"description\":\"Altre lloc Web del Museu Ol\u00edmpic i de l&#039;Esport llocs\",\"publisher\":{\"@id\":\"https:\/\/www.museuolimpicbcn.cat\/ca\/#organization\"},\"potentialAction\":[{\"@type\":\"SearchAction\",\"target\":{\"@type\":\"EntryPoint\",\"urlTemplate\":\"https:\/\/www.museuolimpicbcn.cat\/ca\/?s={search_term_string}\"},\"query-input\":{\"@type\":\"PropertyValueSpecification\",\"valueRequired\":true,\"valueName\":\"search_term_string\"}}],\"inLanguage\":\"ca\"},{\"@type\":\"Organization\",\"@id\":\"https:\/\/www.museuolimpicbcn.cat\/ca\/#organization\",\"name\":\"Museu Ol\u00edmpic i de l&#039;Esport\",\"url\":\"https:\/\/www.museuolimpicbcn.cat\/ca\/\",\"logo\":{\"@type\":\"ImageObject\",\"inLanguage\":\"ca\",\"@id\":\"https:\/\/www.museuolimpicbcn.cat\/ca\/#\/schema\/logo\/image\/\",\"url\":\"https:\/\/www.museuolimpicbcn.cat\/wp-content\/uploads\/sites\/2\/2018\/12\/logo-moe-header.svg\",\"contentUrl\":\"https:\/\/www.museuolimpicbcn.cat\/wp-content\/uploads\/sites\/2\/2018\/12\/logo-moe-header.svg\",\"caption\":\"Museu Ol\u00edmpic i de l&#039;Esport\"},\"image\":{\"@id\":\"https:\/\/www.museuolimpicbcn.cat\/ca\/#\/schema\/logo\/image\/\"}},{\"@type\":\"Person\",\"@id\":\"https:\/\/www.museuolimpicbcn.cat\/ca\/#\/schema\/person\/b792834a53f193977df425a499287aa9\",\"name\":\"Ibone\",\"url\":\"https:\/\/www.museuolimpicbcn.cat\/ca\/author\/fbolimpica\/\"}]}<\/script>\n<!-- \/ Yoast SEO plugin. -->","yoast_head_json":{"title":"La ciutat, espai de pr\u00e0ctica esportiva. Dimecres 9 de juny a les 17 hores, jornada virtual. - Museu Ol\u00edmpic i de l&#039;Esport","robots":{"index":"index","follow":"follow","max-snippet":"max-snippet:-1","max-image-preview":"max-image-preview:large","max-video-preview":"max-video-preview:-1"},"canonical":"https:\/\/www.museuolimpicbcn.cat\/ca\/la-ciutat-espai-de-practica-esportiva-dimecres-9-de-juny-a-les-17-hores-jornada-virtual\/","og_locale":"ca_ES","og_type":"article","og_title":"La ciutat, espai de pr\u00e0ctica esportiva. Dimecres 9 de juny a les 17 hores, jornada virtual. - Museu Ol\u00edmpic i de l&#039;Esport","og_description":"La jornada \u201cL&#8217;esport com a eina de salut. La ciutat, espai de pr\u00e0ctica esportiva\u201d del cicle de confer\u00e8ncies \u201cel valor de l&#8217;esport en el segle XXI\u201d es realitzar\u00e0 el dimecres 9 de juny a les 17 hores, via Streaming en les instal\u00b7lacions del Museu Ol\u00edmpic i es retransmetr\u00e0 a trav\u00e9s de la p\u00e0gina web www.museuolimpicbcn.cat [&hellip;]","og_url":"https:\/\/www.museuolimpicbcn.cat\/ca\/la-ciutat-espai-de-practica-esportiva-dimecres-9-de-juny-a-les-17-hores-jornada-virtual\/","og_site_name":"Museu Ol\u00edmpic i de l&#039;Esport","article_published_time":"2021-06-07T09:15:10+00:00","article_modified_time":"2021-06-07T11:00:43+00:00","og_image":[{"width":1920,"height":1080,"url":"https:\/\/www.museuolimpicbcn.cat\/wp-content\/uploads\/sites\/2\/2021\/06\/P-AuditorioMesa-de-trabajo-1-copia-2-100-1.jpg","type":"image\/jpeg"}],"author":"Ibone","twitter_card":"summary_large_image","twitter_misc":{"Escrit per":"Ibone","Temps estimat de lectura":"2 minuts"},"schema":{"@context":"https:\/\/schema.org","@graph":[{"@type":"Article","@id":"https:\/\/www.museuolimpicbcn.cat\/ca\/la-ciutat-espai-de-practica-esportiva-dimecres-9-de-juny-a-les-17-hores-jornada-virtual\/#article","isPartOf":{"@id":"https:\/\/www.museuolimpicbcn.cat\/ca\/la-ciutat-espai-de-practica-esportiva-dimecres-9-de-juny-a-les-17-hores-jornada-virtual\/"},"author":{"name":"Ibone","@id":"https:\/\/www.museuolimpicbcn.cat\/ca\/#\/schema\/person\/b792834a53f193977df425a499287aa9"},"headline":"La ciutat, espai de pr\u00e0ctica esportiva. Dimecres 9 de juny a les 17 hores, jornada virtual.","datePublished":"2021-06-07T09:15:10+00:00","dateModified":"2021-06-07T11:00:43+00:00","mainEntityOfPage":{"@id":"https:\/\/www.museuolimpicbcn.cat\/ca\/la-ciutat-espai-de-practica-esportiva-dimecres-9-de-juny-a-les-17-hores-jornada-virtual\/"},"wordCount":421,"publisher":{"@id":"https:\/\/www.museuolimpicbcn.cat\/ca\/#organization"},"image":{"@id":"https:\/\/www.museuolimpicbcn.cat\/ca\/la-ciutat-espai-de-practica-esportiva-dimecres-9-de-juny-a-les-17-hores-jornada-virtual\/#primaryimage"},"thumbnailUrl":"https:\/\/www.museuolimpicbcn.cat\/wp-content\/uploads\/sites\/2\/2021\/06\/P-AuditorioMesa-de-trabajo-1-copia-2-100-1.jpg","articleSection":["Uncategorized @ca"],"inLanguage":"ca"},{"@type":"WebPage","@id":"https:\/\/www.museuolimpicbcn.cat\/ca\/la-ciutat-espai-de-practica-esportiva-dimecres-9-de-juny-a-les-17-hores-jornada-virtual\/","url":"https:\/\/www.museuolimpicbcn.cat\/ca\/la-ciutat-espai-de-practica-esportiva-dimecres-9-de-juny-a-les-17-hores-jornada-virtual\/","name":"La ciutat, espai de pr\u00e0ctica esportiva. Dimecres 9 de juny a les 17 hores, jornada virtual. - Museu Ol\u00edmpic i de l&#039;Esport","isPartOf":{"@id":"https:\/\/www.museuolimpicbcn.cat\/ca\/#website"},"primaryImageOfPage":{"@id":"https:\/\/www.museuolimpicbcn.cat\/ca\/la-ciutat-espai-de-practica-esportiva-dimecres-9-de-juny-a-les-17-hores-jornada-virtual\/#primaryimage"},"image":{"@id":"https:\/\/www.museuolimpicbcn.cat\/ca\/la-ciutat-espai-de-practica-esportiva-dimecres-9-de-juny-a-les-17-hores-jornada-virtual\/#primaryimage"},"thumbnailUrl":"https:\/\/www.museuolimpicbcn.cat\/wp-content\/uploads\/sites\/2\/2021\/06\/P-AuditorioMesa-de-trabajo-1-copia-2-100-1.jpg","datePublished":"2021-06-07T09:15:10+00:00","dateModified":"2021-06-07T11:00:43+00:00","breadcrumb":{"@id":"https:\/\/www.museuolimpicbcn.cat\/ca\/la-ciutat-espai-de-practica-esportiva-dimecres-9-de-juny-a-les-17-hores-jornada-virtual\/#breadcrumb"},"inLanguage":"ca","potentialAction":[{"@type":"ReadAction","target":["https:\/\/www.museuolimpicbcn.cat\/ca\/la-ciutat-espai-de-practica-esportiva-dimecres-9-de-juny-a-les-17-hores-jornada-virtual\/"]}]},{"@type":"ImageObject","inLanguage":"ca","@id":"https:\/\/www.museuolimpicbcn.cat\/ca\/la-ciutat-espai-de-practica-esportiva-dimecres-9-de-juny-a-les-17-hores-jornada-virtual\/#primaryimage","url":"https:\/\/www.museuolimpicbcn.cat\/wp-content\/uploads\/sites\/2\/2021\/06\/P-AuditorioMesa-de-trabajo-1-copia-2-100-1.jpg","contentUrl":"https:\/\/www.museuolimpicbcn.cat\/wp-content\/uploads\/sites\/2\/2021\/06\/P-AuditorioMesa-de-trabajo-1-copia-2-100-1.jpg","width":1920,"height":1080},{"@type":"BreadcrumbList","@id":"https:\/\/www.museuolimpicbcn.cat\/ca\/la-ciutat-espai-de-practica-esportiva-dimecres-9-de-juny-a-les-17-hores-jornada-virtual\/#breadcrumb","itemListElement":[{"@type":"ListItem","position":1,"name":"Inici","item":"https:\/\/www.museuolimpicbcn.cat\/es\/"},{"@type":"ListItem","position":2,"name":"La ciutat, espai de pr\u00e0ctica esportiva. Dimecres 9 de juny a les 17 hores, jornada virtual."}]},{"@type":"WebSite","@id":"https:\/\/www.museuolimpicbcn.cat\/ca\/#website","url":"https:\/\/www.museuolimpicbcn.cat\/ca\/","name":"Museu Ol\u00edmpic i de l&#039;Esport","description":"Altre lloc Web del Museu Ol\u00edmpic i de l&#039;Esport llocs","publisher":{"@id":"https:\/\/www.museuolimpicbcn.cat\/ca\/#organization"},"potentialAction":[{"@type":"SearchAction","target":{"@type":"EntryPoint","urlTemplate":"https:\/\/www.museuolimpicbcn.cat\/ca\/?s={search_term_string}"},"query-input":{"@type":"PropertyValueSpecification","valueRequired":true,"valueName":"search_term_string"}}],"inLanguage":"ca"},{"@type":"Organization","@id":"https:\/\/www.museuolimpicbcn.cat\/ca\/#organization","name":"Museu Ol\u00edmpic i de l&#039;Esport","url":"https:\/\/www.museuolimpicbcn.cat\/ca\/","logo":{"@type":"ImageObject","inLanguage":"ca","@id":"https:\/\/www.museuolimpicbcn.cat\/ca\/#\/schema\/logo\/image\/","url":"https:\/\/www.museuolimpicbcn.cat\/wp-content\/uploads\/sites\/2\/2018\/12\/logo-moe-header.svg","contentUrl":"https:\/\/www.museuolimpicbcn.cat\/wp-content\/uploads\/sites\/2\/2018\/12\/logo-moe-header.svg","caption":"Museu Ol\u00edmpic i de l&#039;Esport"},"image":{"@id":"https:\/\/www.museuolimpicbcn.cat\/ca\/#\/schema\/logo\/image\/"}},{"@type":"Person","@id":"https:\/\/www.museuolimpicbcn.cat\/ca\/#\/schema\/person\/b792834a53f193977df425a499287aa9","name":"Ibone","url":"https:\/\/www.museuolimpicbcn.cat\/ca\/author\/fbolimpica\/"}]}},"_links":{"self":[{"href":"https:\/\/www.museuolimpicbcn.cat\/ca\/wp-json\/wp\/v2\/posts\/28931"}],"collection":[{"href":"https:\/\/www.museuolimpicbcn.cat\/ca\/wp-json\/wp\/v2\/posts"}],"about":[{"href":"https:\/\/www.museuolimpicbcn.cat\/ca\/wp-json\/wp\/v2\/types\/post"}],"author":[{"embeddable":true,"href":"https:\/\/www.museuolimpicbcn.cat\/ca\/wp-json\/wp\/v2\/users\/11"}],"replies":[{"embeddable":true,"href":"https:\/\/www.museuolimpicbcn.cat\/ca\/wp-json\/wp\/v2\/comments?post=28931"}],"version-history":[{"count":2,"href":"https:\/\/www.museuolimpicbcn.cat\/ca\/wp-json\/wp\/v2\/posts\/28931\/revisions"}],"predecessor-version":[{"id":28933,"href":"https:\/\/www.museuolimpicbcn.cat\/ca\/wp-json\/wp\/v2\/posts\/28931\/revisions\/28933"}],"wp:featuredmedia":[{"embeddable":true,"href":"https:\/\/www.museuolimpicbcn.cat\/ca\/wp-json\/wp\/v2\/media\/28925"}],"wp:attachment":[{"href":"https:\/\/www.museuolimpicbcn.cat\/ca\/wp-json\/wp\/v2\/media?parent=28931"}],"wp:term":[{"taxonomy":"category","embeddable":true,"href":"https:\/\/www.museuolimpicbcn.cat\/ca\/wp-json\/wp\/v2\/categories?post=28931"},{"taxonomy":"post_tag","embeddable":true,"href":"https:\/\/www.museuolimpicbcn.cat\/ca\/wp-json\/wp\/v2\/tags?post=28931"}],"curies":[{"name":"wp","href":"https:\/\/api.w.org\/{rel}","templated":true}]}}