{"id":29075,"date":"2021-06-14T10:17:13","date_gmt":"2021-06-14T08:17:13","guid":{"rendered":"https:\/\/www.museuolimpicbcn.cat\/penja-la-teva-samarreta-olimpica-lactivitat-en-familia-del-museu-olimpic\/"},"modified":"2021-06-14T15:55:17","modified_gmt":"2021-06-14T13:55:17","slug":"penja-la-teva-samarreta-olimpica-lactivitat-en-familia-del-museu-olimpic","status":"publish","type":"post","link":"https:\/\/www.museuolimpicbcn.cat\/ca\/penja-la-teva-samarreta-olimpica-lactivitat-en-familia-del-museu-olimpic\/","title":{"rendered":"\u201cPenja la teva samarreta ol\u00edmpica\u201d L&#8217;activitat en familia del Museu Ol\u00edmpic"},"content":{"rendered":"<p>Jap\u00f3 \u00e9s un pa\u00eds de tradicions i costums que es mantenen al llarg dels segles. La cultura japonesa \u00e9s una de les que m\u00e9s expectaci\u00f3 suscita a Europa Occidental i els Jocs Ol\u00edmpics de T\u00f2quio 2020 s\u00f3n una finestra al m\u00f3n per a entendre-la.<br \/>\nEl Museu Ol\u00edmpic i de l\u2019Esport JA Samaranch comptar\u00e0, fins al gener de 2022, amb l\u2019exposici\u00f3 temporal \u201cTokyo 2020\u201d i durant aquest any podrem gaudir de l\u2019activitat familiar:<br \/>\n\u201cPenja la teva samarreta ol\u00edmpica\u201d<br \/>\nJap\u00f3, jocs de pistes i Origami<\/p>\n<p>Activitat Familiar:<\/p>\n<p>On: Museu Ol\u00edmpic (av. de l\u2019Estadi, 60)<br \/>\nQuan: Primer i tercer cap de setmana de cada mes:<br \/>\n\u2022 Diumenge a les 11h<br \/>\nDurada: 1 hora 30 minuts.<br \/>\nP\u00fablic familiar: de 6 a 12 anys<br \/>\nPreu: 4\u20195\u20ac\/persona (els infants han d\u2019anar acompanyats m\u00ednim d\u2019un adult)<\/p>\n<p>Les entrades es compraran a trav\u00e9s de la web del Museu Ol\u00edmpic: <a href=\"\/es?p=28611\"><strong>Entrades per al taller en fam\u00edlia<\/strong><\/a><\/p>\n<p>Descripci\u00f3.<br \/>\nL\u2019activitat consta de 3 parts:<br \/>\nEn primer lloc, descobrirem Jap\u00f3: costums, cultura, poblaci\u00f3, menjar, hist\u00f2ria i la seva vinculaci\u00f3 amb l\u2019esport i els Jocs Ol\u00edmpics.<br \/>\nA continuaci\u00f3, a trav\u00e9s d\u2019un \u201cJoc de Pistes\u201d pel Museu Ol\u00edmpic descobrirem les novetats dels Jocs Ol\u00edmpics de Tokyo2020.<br \/>\nPer \u00faltim, sols o en fam\u00edlia, pondrem a prova les nostres habilitats i destresa en l\u2019art mil\u00b7lenari japon\u00e8s de l\u2019Origami. En aquesta ocasi\u00f3, transformarem el paper en la samarreta del teu pa\u00eds preferit que podr\u00e0s penjar on m\u00e9s t\u2019agradi i aix\u00ed animar al teu equip aquest estiu.<\/p>\n<p><iframe title=\"Taller de familia Tokyo 2020 - Museu Ol\u00edmpic BCN\" width=\"500\" height=\"281\" src=\"https:\/\/www.youtube.com\/embed\/kC5rq4t3QGE?feature=oembed\" frameborder=\"0\" allow=\"accelerometer; autoplay; clipboard-write; encrypted-media; gyroscope; picture-in-picture; web-share\" referrerpolicy=\"strict-origin-when-cross-origin\" allowfullscreen><\/iframe><\/p>\n","protected":false},"excerpt":{"rendered":"<p>Jap\u00f3 \u00e9s un pa\u00eds de tradicions i costums que es mantenen al llarg dels segles. La cultura japonesa \u00e9s una de les que m\u00e9s expectaci\u00f3 suscita a Europa Occidental i els Jocs Ol\u00edmpics de T\u00f2quio 2020 s\u00f3n una finestra al m\u00f3n per a entendre-la. El Museu Ol\u00edmpic i de l\u2019Esport JA Samaranch comptar\u00e0, fins al [&hellip;]<\/p>\n","protected":false},"author":11,"featured_media":28763,"comment_status":"closed","ping_status":"closed","sticky":false,"template":"","format":"standard","meta":{"_acf_changed":false,"_price":"","_stock":"","_tribe_ticket_header":"","_tribe_default_ticket_provider":"","_tribe_ticket_capacity":"0","_ticket_start_date":"","_ticket_end_date":"","_tribe_ticket_show_description":"","_tribe_ticket_show_not_going":false,"_tribe_ticket_use_global_stock":"","_tribe_ticket_global_stock_level":"","_global_stock_mode":"","_global_stock_cap":"","_tribe_rsvp_for_event":"","_tribe_ticket_going_count":"","_tribe_ticket_not_going_count":"","_tribe_tickets_list":"[]","_tribe_ticket_has_attendee_info_fields":false,"footnotes":""},"categories":[1],"tags":[],"class_list":["post-29075","post","type-post","status-publish","format-standard","has-post-thumbnail","hentry","category-uncategorized-ca"],"acf":[],"yoast_head":"<!-- This site is optimized with the Yoast SEO plugin v23.7 - https:\/\/yoast.com\/wordpress\/plugins\/seo\/ -->\n<title>\u201cPenja la teva samarreta ol\u00edmpica\u201d L&#039;activitat en familia del Museu Ol\u00edmpic - Museu Ol\u00edmpic i de l&#039;Esport<\/title>\n<meta name=\"robots\" content=\"index, follow, max-snippet:-1, max-image-preview:large, max-video-preview:-1\" \/>\n<link rel=\"canonical\" href=\"https:\/\/www.museuolimpicbcn.cat\/ca\/penja-la-teva-samarreta-olimpica-lactivitat-en-familia-del-museu-olimpic\/\" \/>\n<meta property=\"og:locale\" content=\"ca_ES\" \/>\n<meta property=\"og:type\" content=\"article\" \/>\n<meta property=\"og:title\" content=\"\u201cPenja la teva samarreta ol\u00edmpica\u201d L&#039;activitat en familia del Museu Ol\u00edmpic - Museu Ol\u00edmpic i de l&#039;Esport\" \/>\n<meta property=\"og:description\" content=\"Jap\u00f3 \u00e9s un pa\u00eds de tradicions i costums que es mantenen al llarg dels segles. La cultura japonesa \u00e9s una de les que m\u00e9s expectaci\u00f3 suscita a Europa Occidental i els Jocs Ol\u00edmpics de T\u00f2quio 2020 s\u00f3n una finestra al m\u00f3n per a entendre-la. El Museu Ol\u00edmpic i de l\u2019Esport JA Samaranch comptar\u00e0, fins al [&hellip;]\" \/>\n<meta property=\"og:url\" content=\"https:\/\/www.museuolimpicbcn.cat\/ca\/penja-la-teva-samarreta-olimpica-lactivitat-en-familia-del-museu-olimpic\/\" \/>\n<meta property=\"og:site_name\" content=\"Museu Ol\u00edmpic i de l&#039;Esport\" \/>\n<meta property=\"article:published_time\" content=\"2021-06-14T08:17:13+00:00\" \/>\n<meta property=\"article:modified_time\" content=\"2021-06-14T13:55:17+00:00\" \/>\n<meta property=\"og:image\" content=\"https:\/\/www.museuolimpicbcn.cat\/wp-content\/uploads\/sites\/2\/2021\/05\/Anabel-Camisetas-scaled.jpg\" \/>\n\t<meta property=\"og:image:width\" content=\"2560\" \/>\n\t<meta property=\"og:image:height\" content=\"1640\" \/>\n\t<meta property=\"og:image:type\" content=\"image\/jpeg\" \/>\n<meta name=\"author\" content=\"Ibone\" \/>\n<meta name=\"twitter:card\" content=\"summary_large_image\" \/>\n<meta name=\"twitter:label1\" content=\"Escrit per\" \/>\n\t<meta name=\"twitter:data1\" content=\"Ibone\" \/>\n\t<meta name=\"twitter:label2\" content=\"Temps estimat de lectura\" \/>\n\t<meta name=\"twitter:data2\" content=\"1 minut\" \/>\n<script type=\"application\/ld+json\" class=\"yoast-schema-graph\">{\"@context\":\"https:\/\/schema.org\",\"@graph\":[{\"@type\":\"Article\",\"@id\":\"https:\/\/www.museuolimpicbcn.cat\/ca\/penja-la-teva-samarreta-olimpica-lactivitat-en-familia-del-museu-olimpic\/#article\",\"isPartOf\":{\"@id\":\"https:\/\/www.museuolimpicbcn.cat\/ca\/penja-la-teva-samarreta-olimpica-lactivitat-en-familia-del-museu-olimpic\/\"},\"author\":{\"name\":\"Ibone\",\"@id\":\"https:\/\/www.museuolimpicbcn.cat\/ca\/#\/schema\/person\/b792834a53f193977df425a499287aa9\"},\"headline\":\"\u201cPenja la teva samarreta ol\u00edmpica\u201d L&#8217;activitat en familia del Museu Ol\u00edmpic\",\"datePublished\":\"2021-06-14T08:17:13+00:00\",\"dateModified\":\"2021-06-14T13:55:17+00:00\",\"mainEntityOfPage\":{\"@id\":\"https:\/\/www.museuolimpicbcn.cat\/ca\/penja-la-teva-samarreta-olimpica-lactivitat-en-familia-del-museu-olimpic\/\"},\"wordCount\":288,\"publisher\":{\"@id\":\"https:\/\/www.museuolimpicbcn.cat\/ca\/#organization\"},\"image\":{\"@id\":\"https:\/\/www.museuolimpicbcn.cat\/ca\/penja-la-teva-samarreta-olimpica-lactivitat-en-familia-del-museu-olimpic\/#primaryimage\"},\"thumbnailUrl\":\"https:\/\/www.museuolimpicbcn.cat\/wp-content\/uploads\/sites\/2\/2021\/05\/Anabel-Camisetas-scaled.jpg\",\"articleSection\":[\"Uncategorized @ca\"],\"inLanguage\":\"ca\"},{\"@type\":\"WebPage\",\"@id\":\"https:\/\/www.museuolimpicbcn.cat\/ca\/penja-la-teva-samarreta-olimpica-lactivitat-en-familia-del-museu-olimpic\/\",\"url\":\"https:\/\/www.museuolimpicbcn.cat\/ca\/penja-la-teva-samarreta-olimpica-lactivitat-en-familia-del-museu-olimpic\/\",\"name\":\"\u201cPenja la teva samarreta ol\u00edmpica\u201d L'activitat en familia del Museu Ol\u00edmpic - Museu Ol\u00edmpic i de l&#039;Esport\",\"isPartOf\":{\"@id\":\"https:\/\/www.museuolimpicbcn.cat\/ca\/#website\"},\"primaryImageOfPage\":{\"@id\":\"https:\/\/www.museuolimpicbcn.cat\/ca\/penja-la-teva-samarreta-olimpica-lactivitat-en-familia-del-museu-olimpic\/#primaryimage\"},\"image\":{\"@id\":\"https:\/\/www.museuolimpicbcn.cat\/ca\/penja-la-teva-samarreta-olimpica-lactivitat-en-familia-del-museu-olimpic\/#primaryimage\"},\"thumbnailUrl\":\"https:\/\/www.museuolimpicbcn.cat\/wp-content\/uploads\/sites\/2\/2021\/05\/Anabel-Camisetas-scaled.jpg\",\"datePublished\":\"2021-06-14T08:17:13+00:00\",\"dateModified\":\"2021-06-14T13:55:17+00:00\",\"breadcrumb\":{\"@id\":\"https:\/\/www.museuolimpicbcn.cat\/ca\/penja-la-teva-samarreta-olimpica-lactivitat-en-familia-del-museu-olimpic\/#breadcrumb\"},\"inLanguage\":\"ca\",\"potentialAction\":[{\"@type\":\"ReadAction\",\"target\":[\"https:\/\/www.museuolimpicbcn.cat\/ca\/penja-la-teva-samarreta-olimpica-lactivitat-en-familia-del-museu-olimpic\/\"]}]},{\"@type\":\"ImageObject\",\"inLanguage\":\"ca\",\"@id\":\"https:\/\/www.museuolimpicbcn.cat\/ca\/penja-la-teva-samarreta-olimpica-lactivitat-en-familia-del-museu-olimpic\/#primaryimage\",\"url\":\"https:\/\/www.museuolimpicbcn.cat\/wp-content\/uploads\/sites\/2\/2021\/05\/Anabel-Camisetas-scaled.jpg\",\"contentUrl\":\"https:\/\/www.museuolimpicbcn.cat\/wp-content\/uploads\/sites\/2\/2021\/05\/Anabel-Camisetas-scaled.jpg\",\"width\":2560,\"height\":1640},{\"@type\":\"BreadcrumbList\",\"@id\":\"https:\/\/www.museuolimpicbcn.cat\/ca\/penja-la-teva-samarreta-olimpica-lactivitat-en-familia-del-museu-olimpic\/#breadcrumb\",\"itemListElement\":[{\"@type\":\"ListItem\",\"position\":1,\"name\":\"Inici\",\"item\":\"https:\/\/www.museuolimpicbcn.cat\/es\/\"},{\"@type\":\"ListItem\",\"position\":2,\"name\":\"\u201cPenja la teva samarreta ol\u00edmpica\u201d L&#8217;activitat en familia del Museu Ol\u00edmpic\"}]},{\"@type\":\"WebSite\",\"@id\":\"https:\/\/www.museuolimpicbcn.cat\/ca\/#website\",\"url\":\"https:\/\/www.museuolimpicbcn.cat\/ca\/\",\"name\":\"Museu Ol\u00edmpic i de l&#039;Esport\",\"description\":\"Altre lloc Web del Museu Ol\u00edmpic i de l&#039;Esport llocs\",\"publisher\":{\"@id\":\"https:\/\/www.museuolimpicbcn.cat\/ca\/#organization\"},\"potentialAction\":[{\"@type\":\"SearchAction\",\"target\":{\"@type\":\"EntryPoint\",\"urlTemplate\":\"https:\/\/www.museuolimpicbcn.cat\/ca\/?s={search_term_string}\"},\"query-input\":{\"@type\":\"PropertyValueSpecification\",\"valueRequired\":true,\"valueName\":\"search_term_string\"}}],\"inLanguage\":\"ca\"},{\"@type\":\"Organization\",\"@id\":\"https:\/\/www.museuolimpicbcn.cat\/ca\/#organization\",\"name\":\"Museu Ol\u00edmpic i de l&#039;Esport\",\"url\":\"https:\/\/www.museuolimpicbcn.cat\/ca\/\",\"logo\":{\"@type\":\"ImageObject\",\"inLanguage\":\"ca\",\"@id\":\"https:\/\/www.museuolimpicbcn.cat\/ca\/#\/schema\/logo\/image\/\",\"url\":\"https:\/\/www.museuolimpicbcn.cat\/wp-content\/uploads\/sites\/2\/2018\/12\/logo-moe-header.svg\",\"contentUrl\":\"https:\/\/www.museuolimpicbcn.cat\/wp-content\/uploads\/sites\/2\/2018\/12\/logo-moe-header.svg\",\"caption\":\"Museu Ol\u00edmpic i de l&#039;Esport\"},\"image\":{\"@id\":\"https:\/\/www.museuolimpicbcn.cat\/ca\/#\/schema\/logo\/image\/\"}},{\"@type\":\"Person\",\"@id\":\"https:\/\/www.museuolimpicbcn.cat\/ca\/#\/schema\/person\/b792834a53f193977df425a499287aa9\",\"name\":\"Ibone\",\"url\":\"https:\/\/www.museuolimpicbcn.cat\/ca\/author\/fbolimpica\/\"}]}<\/script>\n<!-- \/ Yoast SEO plugin. -->","yoast_head_json":{"title":"\u201cPenja la teva samarreta ol\u00edmpica\u201d L'activitat en familia del Museu Ol\u00edmpic - Museu Ol\u00edmpic i de l&#039;Esport","robots":{"index":"index","follow":"follow","max-snippet":"max-snippet:-1","max-image-preview":"max-image-preview:large","max-video-preview":"max-video-preview:-1"},"canonical":"https:\/\/www.museuolimpicbcn.cat\/ca\/penja-la-teva-samarreta-olimpica-lactivitat-en-familia-del-museu-olimpic\/","og_locale":"ca_ES","og_type":"article","og_title":"\u201cPenja la teva samarreta ol\u00edmpica\u201d L'activitat en familia del Museu Ol\u00edmpic - Museu Ol\u00edmpic i de l&#039;Esport","og_description":"Jap\u00f3 \u00e9s un pa\u00eds de tradicions i costums que es mantenen al llarg dels segles. La cultura japonesa \u00e9s una de les que m\u00e9s expectaci\u00f3 suscita a Europa Occidental i els Jocs Ol\u00edmpics de T\u00f2quio 2020 s\u00f3n una finestra al m\u00f3n per a entendre-la. El Museu Ol\u00edmpic i de l\u2019Esport JA Samaranch comptar\u00e0, fins al [&hellip;]","og_url":"https:\/\/www.museuolimpicbcn.cat\/ca\/penja-la-teva-samarreta-olimpica-lactivitat-en-familia-del-museu-olimpic\/","og_site_name":"Museu Ol\u00edmpic i de l&#039;Esport","article_published_time":"2021-06-14T08:17:13+00:00","article_modified_time":"2021-06-14T13:55:17+00:00","og_image":[{"width":2560,"height":1640,"url":"https:\/\/www.museuolimpicbcn.cat\/wp-content\/uploads\/sites\/2\/2021\/05\/Anabel-Camisetas-scaled.jpg","type":"image\/jpeg"}],"author":"Ibone","twitter_card":"summary_large_image","twitter_misc":{"Escrit per":"Ibone","Temps estimat de lectura":"1 minut"},"schema":{"@context":"https:\/\/schema.org","@graph":[{"@type":"Article","@id":"https:\/\/www.museuolimpicbcn.cat\/ca\/penja-la-teva-samarreta-olimpica-lactivitat-en-familia-del-museu-olimpic\/#article","isPartOf":{"@id":"https:\/\/www.museuolimpicbcn.cat\/ca\/penja-la-teva-samarreta-olimpica-lactivitat-en-familia-del-museu-olimpic\/"},"author":{"name":"Ibone","@id":"https:\/\/www.museuolimpicbcn.cat\/ca\/#\/schema\/person\/b792834a53f193977df425a499287aa9"},"headline":"\u201cPenja la teva samarreta ol\u00edmpica\u201d L&#8217;activitat en familia del Museu Ol\u00edmpic","datePublished":"2021-06-14T08:17:13+00:00","dateModified":"2021-06-14T13:55:17+00:00","mainEntityOfPage":{"@id":"https:\/\/www.museuolimpicbcn.cat\/ca\/penja-la-teva-samarreta-olimpica-lactivitat-en-familia-del-museu-olimpic\/"},"wordCount":288,"publisher":{"@id":"https:\/\/www.museuolimpicbcn.cat\/ca\/#organization"},"image":{"@id":"https:\/\/www.museuolimpicbcn.cat\/ca\/penja-la-teva-samarreta-olimpica-lactivitat-en-familia-del-museu-olimpic\/#primaryimage"},"thumbnailUrl":"https:\/\/www.museuolimpicbcn.cat\/wp-content\/uploads\/sites\/2\/2021\/05\/Anabel-Camisetas-scaled.jpg","articleSection":["Uncategorized @ca"],"inLanguage":"ca"},{"@type":"WebPage","@id":"https:\/\/www.museuolimpicbcn.cat\/ca\/penja-la-teva-samarreta-olimpica-lactivitat-en-familia-del-museu-olimpic\/","url":"https:\/\/www.museuolimpicbcn.cat\/ca\/penja-la-teva-samarreta-olimpica-lactivitat-en-familia-del-museu-olimpic\/","name":"\u201cPenja la teva samarreta ol\u00edmpica\u201d L'activitat en familia del Museu Ol\u00edmpic - Museu Ol\u00edmpic i de l&#039;Esport","isPartOf":{"@id":"https:\/\/www.museuolimpicbcn.cat\/ca\/#website"},"primaryImageOfPage":{"@id":"https:\/\/www.museuolimpicbcn.cat\/ca\/penja-la-teva-samarreta-olimpica-lactivitat-en-familia-del-museu-olimpic\/#primaryimage"},"image":{"@id":"https:\/\/www.museuolimpicbcn.cat\/ca\/penja-la-teva-samarreta-olimpica-lactivitat-en-familia-del-museu-olimpic\/#primaryimage"},"thumbnailUrl":"https:\/\/www.museuolimpicbcn.cat\/wp-content\/uploads\/sites\/2\/2021\/05\/Anabel-Camisetas-scaled.jpg","datePublished":"2021-06-14T08:17:13+00:00","dateModified":"2021-06-14T13:55:17+00:00","breadcrumb":{"@id":"https:\/\/www.museuolimpicbcn.cat\/ca\/penja-la-teva-samarreta-olimpica-lactivitat-en-familia-del-museu-olimpic\/#breadcrumb"},"inLanguage":"ca","potentialAction":[{"@type":"ReadAction","target":["https:\/\/www.museuolimpicbcn.cat\/ca\/penja-la-teva-samarreta-olimpica-lactivitat-en-familia-del-museu-olimpic\/"]}]},{"@type":"ImageObject","inLanguage":"ca","@id":"https:\/\/www.museuolimpicbcn.cat\/ca\/penja-la-teva-samarreta-olimpica-lactivitat-en-familia-del-museu-olimpic\/#primaryimage","url":"https:\/\/www.museuolimpicbcn.cat\/wp-content\/uploads\/sites\/2\/2021\/05\/Anabel-Camisetas-scaled.jpg","contentUrl":"https:\/\/www.museuolimpicbcn.cat\/wp-content\/uploads\/sites\/2\/2021\/05\/Anabel-Camisetas-scaled.jpg","width":2560,"height":1640},{"@type":"BreadcrumbList","@id":"https:\/\/www.museuolimpicbcn.cat\/ca\/penja-la-teva-samarreta-olimpica-lactivitat-en-familia-del-museu-olimpic\/#breadcrumb","itemListElement":[{"@type":"ListItem","position":1,"name":"Inici","item":"https:\/\/www.museuolimpicbcn.cat\/es\/"},{"@type":"ListItem","position":2,"name":"\u201cPenja la teva samarreta ol\u00edmpica\u201d L&#8217;activitat en familia del Museu Ol\u00edmpic"}]},{"@type":"WebSite","@id":"https:\/\/www.museuolimpicbcn.cat\/ca\/#website","url":"https:\/\/www.museuolimpicbcn.cat\/ca\/","name":"Museu Ol\u00edmpic i de l&#039;Esport","description":"Altre lloc Web del Museu Ol\u00edmpic i de l&#039;Esport llocs","publisher":{"@id":"https:\/\/www.museuolimpicbcn.cat\/ca\/#organization"},"potentialAction":[{"@type":"SearchAction","target":{"@type":"EntryPoint","urlTemplate":"https:\/\/www.museuolimpicbcn.cat\/ca\/?s={search_term_string}"},"query-input":{"@type":"PropertyValueSpecification","valueRequired":true,"valueName":"search_term_string"}}],"inLanguage":"ca"},{"@type":"Organization","@id":"https:\/\/www.museuolimpicbcn.cat\/ca\/#organization","name":"Museu Ol\u00edmpic i de l&#039;Esport","url":"https:\/\/www.museuolimpicbcn.cat\/ca\/","logo":{"@type":"ImageObject","inLanguage":"ca","@id":"https:\/\/www.museuolimpicbcn.cat\/ca\/#\/schema\/logo\/image\/","url":"https:\/\/www.museuolimpicbcn.cat\/wp-content\/uploads\/sites\/2\/2018\/12\/logo-moe-header.svg","contentUrl":"https:\/\/www.museuolimpicbcn.cat\/wp-content\/uploads\/sites\/2\/2018\/12\/logo-moe-header.svg","caption":"Museu Ol\u00edmpic i de l&#039;Esport"},"image":{"@id":"https:\/\/www.museuolimpicbcn.cat\/ca\/#\/schema\/logo\/image\/"}},{"@type":"Person","@id":"https:\/\/www.museuolimpicbcn.cat\/ca\/#\/schema\/person\/b792834a53f193977df425a499287aa9","name":"Ibone","url":"https:\/\/www.museuolimpicbcn.cat\/ca\/author\/fbolimpica\/"}]}},"_links":{"self":[{"href":"https:\/\/www.museuolimpicbcn.cat\/ca\/wp-json\/wp\/v2\/posts\/29075"}],"collection":[{"href":"https:\/\/www.museuolimpicbcn.cat\/ca\/wp-json\/wp\/v2\/posts"}],"about":[{"href":"https:\/\/www.museuolimpicbcn.cat\/ca\/wp-json\/wp\/v2\/types\/post"}],"author":[{"embeddable":true,"href":"https:\/\/www.museuolimpicbcn.cat\/ca\/wp-json\/wp\/v2\/users\/11"}],"replies":[{"embeddable":true,"href":"https:\/\/www.museuolimpicbcn.cat\/ca\/wp-json\/wp\/v2\/comments?post=29075"}],"version-history":[{"count":5,"href":"https:\/\/www.museuolimpicbcn.cat\/ca\/wp-json\/wp\/v2\/posts\/29075\/revisions"}],"predecessor-version":[{"id":29104,"href":"https:\/\/www.museuolimpicbcn.cat\/ca\/wp-json\/wp\/v2\/posts\/29075\/revisions\/29104"}],"wp:featuredmedia":[{"embeddable":true,"href":"https:\/\/www.museuolimpicbcn.cat\/ca\/wp-json\/wp\/v2\/media\/28763"}],"wp:attachment":[{"href":"https:\/\/www.museuolimpicbcn.cat\/ca\/wp-json\/wp\/v2\/media?parent=29075"}],"wp:term":[{"taxonomy":"category","embeddable":true,"href":"https:\/\/www.museuolimpicbcn.cat\/ca\/wp-json\/wp\/v2\/categories?post=29075"},{"taxonomy":"post_tag","embeddable":true,"href":"https:\/\/www.museuolimpicbcn.cat\/ca\/wp-json\/wp\/v2\/tags?post=29075"}],"curies":[{"name":"wp","href":"https:\/\/api.w.org\/{rel}","templated":true}]}}