{"id":30491,"date":"2021-11-05T12:17:12","date_gmt":"2021-11-05T11:17:12","guid":{"rendered":"https:\/\/www.museuolimpicbcn.cat\/presentacio-de-lequip-fast-female-alpine-sky-team\/"},"modified":"2021-11-05T12:17:12","modified_gmt":"2021-11-05T11:17:12","slug":"presentacio-de-lequip-fast-female-alpine-sky-team","status":"publish","type":"post","link":"https:\/\/www.museuolimpicbcn.cat\/ca\/presentacio-de-lequip-fast-female-alpine-sky-team\/","title":{"rendered":"Presentaci\u00f3 de l&#8217;equip FAST, Female Alpine Sky Team"},"content":{"rendered":"<p>Guillem Salmer\u00f3n, president de \u201cLa Molina Club d\u2019Esports\u201d, ha presentat juntament amb les esportistes N\u00faria Pau i Celia Abas, el coordinador de l&#8217;equip, Cristian Masdeu i els entrenadors Xavi Salarich i Pelayo Abad, el \u201cFast powered By La Molina Club d\u2019Esports\u201d, primer equip femen\u00ed privat espanyol d&#8217;esqu\u00ed alp\u00ed. <\/p>\n<p>En l&#8217;acte han estat presents May Peus, president de la Real Federaci\u00f3n Espa\u00f1ola de Deportes de Invierno i M\u00f3nica Bosch, presidenta de la Federaci\u00f3 Catalana d\u2019Esports d\u2019Hivern<\/p>\n","protected":false},"excerpt":{"rendered":"<p>Guillem Salmer\u00f3n, president de \u201cLa Molina Club d\u2019Esports\u201d, ha presentat juntament amb les esportistes N\u00faria Pau i Celia Abas, el coordinador de l&#8217;equip, Cristian Masdeu i els entrenadors Xavi Salarich i Pelayo Abad, el \u201cFast powered By La Molina Club d\u2019Esports\u201d, primer equip femen\u00ed privat espanyol d&#8217;esqu\u00ed alp\u00ed. En l&#8217;acte han estat presents May Peus, [&hellip;]<\/p>\n","protected":false},"author":11,"featured_media":30487,"comment_status":"closed","ping_status":"closed","sticky":false,"template":"","format":"standard","meta":{"_acf_changed":false,"_price":"","_stock":"","_tribe_ticket_header":"","_tribe_default_ticket_provider":"","_tribe_ticket_capacity":"0","_ticket_start_date":"","_ticket_end_date":"","_tribe_ticket_show_description":"","_tribe_ticket_show_not_going":false,"_tribe_ticket_use_global_stock":"","_tribe_ticket_global_stock_level":"","_global_stock_mode":"","_global_stock_cap":"","_tribe_rsvp_for_event":"","_tribe_ticket_going_count":"","_tribe_ticket_not_going_count":"","_tribe_tickets_list":"[]","_tribe_ticket_has_attendee_info_fields":false,"footnotes":""},"categories":[1],"tags":[],"class_list":["post-30491","post","type-post","status-publish","format-standard","has-post-thumbnail","hentry","category-uncategorized-ca"],"acf":[],"yoast_head":"<!-- This site is optimized with the Yoast SEO plugin v23.7 - https:\/\/yoast.com\/wordpress\/plugins\/seo\/ -->\n<title>Presentaci\u00f3 de l&#039;equip FAST, Female Alpine Sky Team - Museu Ol\u00edmpic i de l&#039;Esport<\/title>\n<meta name=\"robots\" content=\"index, follow, max-snippet:-1, max-image-preview:large, max-video-preview:-1\" \/>\n<link rel=\"canonical\" href=\"https:\/\/www.museuolimpicbcn.cat\/ca\/presentacio-de-lequip-fast-female-alpine-sky-team\/\" \/>\n<meta property=\"og:locale\" content=\"ca_ES\" \/>\n<meta property=\"og:type\" content=\"article\" \/>\n<meta property=\"og:title\" content=\"Presentaci\u00f3 de l&#039;equip FAST, Female Alpine Sky Team - Museu Ol\u00edmpic i de l&#039;Esport\" \/>\n<meta property=\"og:description\" content=\"Guillem Salmer\u00f3n, president de \u201cLa Molina Club d\u2019Esports\u201d, ha presentat juntament amb les esportistes N\u00faria Pau i Celia Abas, el coordinador de l&#8217;equip, Cristian Masdeu i els entrenadors Xavi Salarich i Pelayo Abad, el \u201cFast powered By La Molina Club d\u2019Esports\u201d, primer equip femen\u00ed privat espanyol d&#8217;esqu\u00ed alp\u00ed. En l&#8217;acte han estat presents May Peus, [&hellip;]\" \/>\n<meta property=\"og:url\" content=\"https:\/\/www.museuolimpicbcn.cat\/ca\/presentacio-de-lequip-fast-female-alpine-sky-team\/\" \/>\n<meta property=\"og:site_name\" content=\"Museu Ol\u00edmpic i de l&#039;Esport\" \/>\n<meta property=\"article:published_time\" content=\"2021-11-05T11:17:12+00:00\" \/>\n<meta property=\"og:image\" content=\"https:\/\/www.museuolimpicbcn.cat\/wp-content\/uploads\/sites\/2\/2021\/11\/actefastYOU.jpg\" \/>\n\t<meta property=\"og:image:width\" content=\"1920\" \/>\n\t<meta property=\"og:image:height\" content=\"1080\" \/>\n\t<meta property=\"og:image:type\" content=\"image\/jpeg\" \/>\n<meta name=\"author\" content=\"Ibone\" \/>\n<meta name=\"twitter:card\" content=\"summary_large_image\" \/>\n<meta name=\"twitter:label1\" content=\"Escrit per\" \/>\n\t<meta name=\"twitter:data1\" content=\"Ibone\" \/>\n<script type=\"application\/ld+json\" class=\"yoast-schema-graph\">{\"@context\":\"https:\/\/schema.org\",\"@graph\":[{\"@type\":\"Article\",\"@id\":\"https:\/\/www.museuolimpicbcn.cat\/ca\/presentacio-de-lequip-fast-female-alpine-sky-team\/#article\",\"isPartOf\":{\"@id\":\"https:\/\/www.museuolimpicbcn.cat\/ca\/presentacio-de-lequip-fast-female-alpine-sky-team\/\"},\"author\":{\"name\":\"Ibone\",\"@id\":\"https:\/\/www.museuolimpicbcn.cat\/ca\/#\/schema\/person\/b792834a53f193977df425a499287aa9\"},\"headline\":\"Presentaci\u00f3 de l&#8217;equip FAST, Female Alpine Sky Team\",\"datePublished\":\"2021-11-05T11:17:12+00:00\",\"dateModified\":\"2021-11-05T11:17:12+00:00\",\"mainEntityOfPage\":{\"@id\":\"https:\/\/www.museuolimpicbcn.cat\/ca\/presentacio-de-lequip-fast-female-alpine-sky-team\/\"},\"wordCount\":92,\"publisher\":{\"@id\":\"https:\/\/www.museuolimpicbcn.cat\/ca\/#organization\"},\"image\":{\"@id\":\"https:\/\/www.museuolimpicbcn.cat\/ca\/presentacio-de-lequip-fast-female-alpine-sky-team\/#primaryimage\"},\"thumbnailUrl\":\"https:\/\/www.museuolimpicbcn.cat\/wp-content\/uploads\/sites\/2\/2021\/11\/actefastYOU.jpg\",\"articleSection\":[\"Uncategorized @ca\"],\"inLanguage\":\"ca\"},{\"@type\":\"WebPage\",\"@id\":\"https:\/\/www.museuolimpicbcn.cat\/ca\/presentacio-de-lequip-fast-female-alpine-sky-team\/\",\"url\":\"https:\/\/www.museuolimpicbcn.cat\/ca\/presentacio-de-lequip-fast-female-alpine-sky-team\/\",\"name\":\"Presentaci\u00f3 de l'equip FAST, Female Alpine Sky Team - Museu Ol\u00edmpic i de l&#039;Esport\",\"isPartOf\":{\"@id\":\"https:\/\/www.museuolimpicbcn.cat\/ca\/#website\"},\"primaryImageOfPage\":{\"@id\":\"https:\/\/www.museuolimpicbcn.cat\/ca\/presentacio-de-lequip-fast-female-alpine-sky-team\/#primaryimage\"},\"image\":{\"@id\":\"https:\/\/www.museuolimpicbcn.cat\/ca\/presentacio-de-lequip-fast-female-alpine-sky-team\/#primaryimage\"},\"thumbnailUrl\":\"https:\/\/www.museuolimpicbcn.cat\/wp-content\/uploads\/sites\/2\/2021\/11\/actefastYOU.jpg\",\"datePublished\":\"2021-11-05T11:17:12+00:00\",\"dateModified\":\"2021-11-05T11:17:12+00:00\",\"breadcrumb\":{\"@id\":\"https:\/\/www.museuolimpicbcn.cat\/ca\/presentacio-de-lequip-fast-female-alpine-sky-team\/#breadcrumb\"},\"inLanguage\":\"ca\",\"potentialAction\":[{\"@type\":\"ReadAction\",\"target\":[\"https:\/\/www.museuolimpicbcn.cat\/ca\/presentacio-de-lequip-fast-female-alpine-sky-team\/\"]}]},{\"@type\":\"ImageObject\",\"inLanguage\":\"ca\",\"@id\":\"https:\/\/www.museuolimpicbcn.cat\/ca\/presentacio-de-lequip-fast-female-alpine-sky-team\/#primaryimage\",\"url\":\"https:\/\/www.museuolimpicbcn.cat\/wp-content\/uploads\/sites\/2\/2021\/11\/actefastYOU.jpg\",\"contentUrl\":\"https:\/\/www.museuolimpicbcn.cat\/wp-content\/uploads\/sites\/2\/2021\/11\/actefastYOU.jpg\",\"width\":1920,\"height\":1080},{\"@type\":\"BreadcrumbList\",\"@id\":\"https:\/\/www.museuolimpicbcn.cat\/ca\/presentacio-de-lequip-fast-female-alpine-sky-team\/#breadcrumb\",\"itemListElement\":[{\"@type\":\"ListItem\",\"position\":1,\"name\":\"Inici\",\"item\":\"https:\/\/www.museuolimpicbcn.cat\/es\/\"},{\"@type\":\"ListItem\",\"position\":2,\"name\":\"Presentaci\u00f3 de l&#8217;equip FAST, Female Alpine Sky Team\"}]},{\"@type\":\"WebSite\",\"@id\":\"https:\/\/www.museuolimpicbcn.cat\/ca\/#website\",\"url\":\"https:\/\/www.museuolimpicbcn.cat\/ca\/\",\"name\":\"Museu Ol\u00edmpic i de l&#039;Esport\",\"description\":\"Altre lloc Web del Museu Ol\u00edmpic i de l&#039;Esport llocs\",\"publisher\":{\"@id\":\"https:\/\/www.museuolimpicbcn.cat\/ca\/#organization\"},\"potentialAction\":[{\"@type\":\"SearchAction\",\"target\":{\"@type\":\"EntryPoint\",\"urlTemplate\":\"https:\/\/www.museuolimpicbcn.cat\/ca\/?s={search_term_string}\"},\"query-input\":{\"@type\":\"PropertyValueSpecification\",\"valueRequired\":true,\"valueName\":\"search_term_string\"}}],\"inLanguage\":\"ca\"},{\"@type\":\"Organization\",\"@id\":\"https:\/\/www.museuolimpicbcn.cat\/ca\/#organization\",\"name\":\"Museu Ol\u00edmpic i de l&#039;Esport\",\"url\":\"https:\/\/www.museuolimpicbcn.cat\/ca\/\",\"logo\":{\"@type\":\"ImageObject\",\"inLanguage\":\"ca\",\"@id\":\"https:\/\/www.museuolimpicbcn.cat\/ca\/#\/schema\/logo\/image\/\",\"url\":\"https:\/\/www.museuolimpicbcn.cat\/wp-content\/uploads\/sites\/2\/2018\/12\/logo-moe-header.svg\",\"contentUrl\":\"https:\/\/www.museuolimpicbcn.cat\/wp-content\/uploads\/sites\/2\/2018\/12\/logo-moe-header.svg\",\"caption\":\"Museu Ol\u00edmpic i de l&#039;Esport\"},\"image\":{\"@id\":\"https:\/\/www.museuolimpicbcn.cat\/ca\/#\/schema\/logo\/image\/\"}},{\"@type\":\"Person\",\"@id\":\"https:\/\/www.museuolimpicbcn.cat\/ca\/#\/schema\/person\/b792834a53f193977df425a499287aa9\",\"name\":\"Ibone\",\"url\":\"https:\/\/www.museuolimpicbcn.cat\/ca\/author\/fbolimpica\/\"}]}<\/script>\n<!-- \/ Yoast SEO plugin. -->","yoast_head_json":{"title":"Presentaci\u00f3 de l'equip FAST, Female Alpine Sky Team - Museu Ol\u00edmpic i de l&#039;Esport","robots":{"index":"index","follow":"follow","max-snippet":"max-snippet:-1","max-image-preview":"max-image-preview:large","max-video-preview":"max-video-preview:-1"},"canonical":"https:\/\/www.museuolimpicbcn.cat\/ca\/presentacio-de-lequip-fast-female-alpine-sky-team\/","og_locale":"ca_ES","og_type":"article","og_title":"Presentaci\u00f3 de l'equip FAST, Female Alpine Sky Team - Museu Ol\u00edmpic i de l&#039;Esport","og_description":"Guillem Salmer\u00f3n, president de \u201cLa Molina Club d\u2019Esports\u201d, ha presentat juntament amb les esportistes N\u00faria Pau i Celia Abas, el coordinador de l&#8217;equip, Cristian Masdeu i els entrenadors Xavi Salarich i Pelayo Abad, el \u201cFast powered By La Molina Club d\u2019Esports\u201d, primer equip femen\u00ed privat espanyol d&#8217;esqu\u00ed alp\u00ed. En l&#8217;acte han estat presents May Peus, [&hellip;]","og_url":"https:\/\/www.museuolimpicbcn.cat\/ca\/presentacio-de-lequip-fast-female-alpine-sky-team\/","og_site_name":"Museu Ol\u00edmpic i de l&#039;Esport","article_published_time":"2021-11-05T11:17:12+00:00","og_image":[{"width":1920,"height":1080,"url":"https:\/\/www.museuolimpicbcn.cat\/wp-content\/uploads\/sites\/2\/2021\/11\/actefastYOU.jpg","type":"image\/jpeg"}],"author":"Ibone","twitter_card":"summary_large_image","twitter_misc":{"Escrit per":"Ibone"},"schema":{"@context":"https:\/\/schema.org","@graph":[{"@type":"Article","@id":"https:\/\/www.museuolimpicbcn.cat\/ca\/presentacio-de-lequip-fast-female-alpine-sky-team\/#article","isPartOf":{"@id":"https:\/\/www.museuolimpicbcn.cat\/ca\/presentacio-de-lequip-fast-female-alpine-sky-team\/"},"author":{"name":"Ibone","@id":"https:\/\/www.museuolimpicbcn.cat\/ca\/#\/schema\/person\/b792834a53f193977df425a499287aa9"},"headline":"Presentaci\u00f3 de l&#8217;equip FAST, Female Alpine Sky Team","datePublished":"2021-11-05T11:17:12+00:00","dateModified":"2021-11-05T11:17:12+00:00","mainEntityOfPage":{"@id":"https:\/\/www.museuolimpicbcn.cat\/ca\/presentacio-de-lequip-fast-female-alpine-sky-team\/"},"wordCount":92,"publisher":{"@id":"https:\/\/www.museuolimpicbcn.cat\/ca\/#organization"},"image":{"@id":"https:\/\/www.museuolimpicbcn.cat\/ca\/presentacio-de-lequip-fast-female-alpine-sky-team\/#primaryimage"},"thumbnailUrl":"https:\/\/www.museuolimpicbcn.cat\/wp-content\/uploads\/sites\/2\/2021\/11\/actefastYOU.jpg","articleSection":["Uncategorized @ca"],"inLanguage":"ca"},{"@type":"WebPage","@id":"https:\/\/www.museuolimpicbcn.cat\/ca\/presentacio-de-lequip-fast-female-alpine-sky-team\/","url":"https:\/\/www.museuolimpicbcn.cat\/ca\/presentacio-de-lequip-fast-female-alpine-sky-team\/","name":"Presentaci\u00f3 de l'equip FAST, Female Alpine Sky Team - Museu Ol\u00edmpic i de l&#039;Esport","isPartOf":{"@id":"https:\/\/www.museuolimpicbcn.cat\/ca\/#website"},"primaryImageOfPage":{"@id":"https:\/\/www.museuolimpicbcn.cat\/ca\/presentacio-de-lequip-fast-female-alpine-sky-team\/#primaryimage"},"image":{"@id":"https:\/\/www.museuolimpicbcn.cat\/ca\/presentacio-de-lequip-fast-female-alpine-sky-team\/#primaryimage"},"thumbnailUrl":"https:\/\/www.museuolimpicbcn.cat\/wp-content\/uploads\/sites\/2\/2021\/11\/actefastYOU.jpg","datePublished":"2021-11-05T11:17:12+00:00","dateModified":"2021-11-05T11:17:12+00:00","breadcrumb":{"@id":"https:\/\/www.museuolimpicbcn.cat\/ca\/presentacio-de-lequip-fast-female-alpine-sky-team\/#breadcrumb"},"inLanguage":"ca","potentialAction":[{"@type":"ReadAction","target":["https:\/\/www.museuolimpicbcn.cat\/ca\/presentacio-de-lequip-fast-female-alpine-sky-team\/"]}]},{"@type":"ImageObject","inLanguage":"ca","@id":"https:\/\/www.museuolimpicbcn.cat\/ca\/presentacio-de-lequip-fast-female-alpine-sky-team\/#primaryimage","url":"https:\/\/www.museuolimpicbcn.cat\/wp-content\/uploads\/sites\/2\/2021\/11\/actefastYOU.jpg","contentUrl":"https:\/\/www.museuolimpicbcn.cat\/wp-content\/uploads\/sites\/2\/2021\/11\/actefastYOU.jpg","width":1920,"height":1080},{"@type":"BreadcrumbList","@id":"https:\/\/www.museuolimpicbcn.cat\/ca\/presentacio-de-lequip-fast-female-alpine-sky-team\/#breadcrumb","itemListElement":[{"@type":"ListItem","position":1,"name":"Inici","item":"https:\/\/www.museuolimpicbcn.cat\/es\/"},{"@type":"ListItem","position":2,"name":"Presentaci\u00f3 de l&#8217;equip FAST, Female Alpine Sky Team"}]},{"@type":"WebSite","@id":"https:\/\/www.museuolimpicbcn.cat\/ca\/#website","url":"https:\/\/www.museuolimpicbcn.cat\/ca\/","name":"Museu Ol\u00edmpic i de l&#039;Esport","description":"Altre lloc Web del Museu Ol\u00edmpic i de l&#039;Esport llocs","publisher":{"@id":"https:\/\/www.museuolimpicbcn.cat\/ca\/#organization"},"potentialAction":[{"@type":"SearchAction","target":{"@type":"EntryPoint","urlTemplate":"https:\/\/www.museuolimpicbcn.cat\/ca\/?s={search_term_string}"},"query-input":{"@type":"PropertyValueSpecification","valueRequired":true,"valueName":"search_term_string"}}],"inLanguage":"ca"},{"@type":"Organization","@id":"https:\/\/www.museuolimpicbcn.cat\/ca\/#organization","name":"Museu Ol\u00edmpic i de l&#039;Esport","url":"https:\/\/www.museuolimpicbcn.cat\/ca\/","logo":{"@type":"ImageObject","inLanguage":"ca","@id":"https:\/\/www.museuolimpicbcn.cat\/ca\/#\/schema\/logo\/image\/","url":"https:\/\/www.museuolimpicbcn.cat\/wp-content\/uploads\/sites\/2\/2018\/12\/logo-moe-header.svg","contentUrl":"https:\/\/www.museuolimpicbcn.cat\/wp-content\/uploads\/sites\/2\/2018\/12\/logo-moe-header.svg","caption":"Museu Ol\u00edmpic i de l&#039;Esport"},"image":{"@id":"https:\/\/www.museuolimpicbcn.cat\/ca\/#\/schema\/logo\/image\/"}},{"@type":"Person","@id":"https:\/\/www.museuolimpicbcn.cat\/ca\/#\/schema\/person\/b792834a53f193977df425a499287aa9","name":"Ibone","url":"https:\/\/www.museuolimpicbcn.cat\/ca\/author\/fbolimpica\/"}]}},"_links":{"self":[{"href":"https:\/\/www.museuolimpicbcn.cat\/ca\/wp-json\/wp\/v2\/posts\/30491"}],"collection":[{"href":"https:\/\/www.museuolimpicbcn.cat\/ca\/wp-json\/wp\/v2\/posts"}],"about":[{"href":"https:\/\/www.museuolimpicbcn.cat\/ca\/wp-json\/wp\/v2\/types\/post"}],"author":[{"embeddable":true,"href":"https:\/\/www.museuolimpicbcn.cat\/ca\/wp-json\/wp\/v2\/users\/11"}],"replies":[{"embeddable":true,"href":"https:\/\/www.museuolimpicbcn.cat\/ca\/wp-json\/wp\/v2\/comments?post=30491"}],"version-history":[{"count":0,"href":"https:\/\/www.museuolimpicbcn.cat\/ca\/wp-json\/wp\/v2\/posts\/30491\/revisions"}],"wp:featuredmedia":[{"embeddable":true,"href":"https:\/\/www.museuolimpicbcn.cat\/ca\/wp-json\/wp\/v2\/media\/30487"}],"wp:attachment":[{"href":"https:\/\/www.museuolimpicbcn.cat\/ca\/wp-json\/wp\/v2\/media?parent=30491"}],"wp:term":[{"taxonomy":"category","embeddable":true,"href":"https:\/\/www.museuolimpicbcn.cat\/ca\/wp-json\/wp\/v2\/categories?post=30491"},{"taxonomy":"post_tag","embeddable":true,"href":"https:\/\/www.museuolimpicbcn.cat\/ca\/wp-json\/wp\/v2\/tags?post=30491"}],"curies":[{"name":"wp","href":"https:\/\/api.w.org\/{rel}","templated":true}]}}