{"id":30580,"date":"2021-11-09T13:38:38","date_gmt":"2021-11-09T12:38:38","guid":{"rendered":"https:\/\/www.museuolimpicbcn.cat\/oriol-estrada-assessor-de-continguts-del-manga-barcelona-ens-ha-parlat-del-spokon-lestreta-relacio-entre-el-manganime-i-lesport-al-japo\/"},"modified":"2021-11-09T13:44:28","modified_gmt":"2021-11-09T12:44:28","slug":"oriol-estrada-assessor-de-continguts-del-manga-barcelona-ens-ha-parlat-del-spokon-lestreta-relacio-entre-el-manganime-i-lesport-al-japo","status":"publish","type":"post","link":"https:\/\/www.museuolimpicbcn.cat\/ca\/oriol-estrada-assessor-de-continguts-del-manga-barcelona-ens-ha-parlat-del-spokon-lestreta-relacio-entre-el-manganime-i-lesport-al-japo\/","title":{"rendered":"Oriol Estrada, assessor de continguts del Manga Barcelona, ens ha parlat del \u201cSpokon: l&#8217;estreta relaci\u00f3 entre el manganime i l&#8217;esport al Jap\u00f3\u201d"},"content":{"rendered":"<p>Francesc Terr\u00f3n, director de la Fundaci\u00f3 Barcelona Ol\u00edmpica juntament amb Yasushi Sato, C\u00f2nsol General del Jap\u00f3 a Barcelona ha inaugurat la xerrada-col\u00b7loqui d\u2019Oriol Estrada, especialista en continguts Manga, qui ha vingut al Museu Ol\u00edmpic de Barcelona a parlar sobre l\u2019Spokon (manga i anime esportiu)<\/p>\n<p>Amb motiu dels Jocs Ol\u00edmpics, celebrats aquest any, en el Museu Ol\u00edmpic i de l\u2019Esport JA Samaranch es troba l&#8217;exposici\u00f3 dedicada a \u201cT\u00f2quio 2020\u201d. Aquesta exposici\u00f3 recull la cultura i hist\u00f2ria japonesa, marc d&#8217;aquesta xerrada-col\u00b7loqui, que pots tornar a veure en el nostre canal YouTube: <a href=\"https:\/\/youtu.be\/B3A9CxWMO6E\">Fundaci\u00f3 Barcelona Ol\u00edmpica \u2013 Museu Ol\u00edmpic.<\/a><\/p>\n<p>L&#8217;exposici\u00f3 \u201cT\u00f2quio 2020 L&#8217;esport com a eina per a canviar el m\u00f3n\u201d compta amb el taller en fam\u00edlia \u201cPenja la teva samarreta ol\u00edmpica\u201d, un taller dedicat als m\u00e9s petits on podran descobrir de manera din\u00e0mica i divertida la hist\u00f2ria i la cultura japonesa a trav\u00e9s de l\u2019esport.<\/p>\n<p>L&#8217;exposici\u00f3 i el taller estaran oberts al p\u00fablic fins al 16 de gener del 2022. M\u00e9s informaci\u00f3 a la web de <a href=\"http:\/\/www.museuolimpicbn.cat\">museuolimpicbn.cat<\/a><\/p>\n","protected":false},"excerpt":{"rendered":"<p>Francesc Terr\u00f3n, director de la Fundaci\u00f3 Barcelona Ol\u00edmpica juntament amb Yasushi Sato, C\u00f2nsol General del Jap\u00f3 a Barcelona ha inaugurat la xerrada-col\u00b7loqui d\u2019Oriol Estrada, especialista en continguts Manga, qui ha vingut al Museu Ol\u00edmpic de Barcelona a parlar sobre l\u2019Spokon (manga i anime esportiu) Amb motiu dels Jocs Ol\u00edmpics, celebrats aquest any, en el Museu [&hellip;]<\/p>\n","protected":false},"author":11,"featured_media":30571,"comment_status":"closed","ping_status":"closed","sticky":false,"template":"","format":"standard","meta":{"_acf_changed":false,"_price":"","_stock":"","_tribe_ticket_header":"","_tribe_default_ticket_provider":"","_tribe_ticket_capacity":"0","_ticket_start_date":"","_ticket_end_date":"","_tribe_ticket_show_description":"","_tribe_ticket_show_not_going":false,"_tribe_ticket_use_global_stock":"","_tribe_ticket_global_stock_level":"","_global_stock_mode":"","_global_stock_cap":"","_tribe_rsvp_for_event":"","_tribe_ticket_going_count":"","_tribe_ticket_not_going_count":"","_tribe_tickets_list":"[]","_tribe_ticket_has_attendee_info_fields":false,"footnotes":""},"categories":[1],"tags":[],"class_list":["post-30580","post","type-post","status-publish","format-standard","has-post-thumbnail","hentry","category-uncategorized-ca"],"acf":[],"yoast_head":"<!-- This site is optimized with the Yoast SEO plugin v23.7 - https:\/\/yoast.com\/wordpress\/plugins\/seo\/ -->\n<title>Oriol Estrada, assessor de continguts del Manga Barcelona, ens ha parlat del \u201cSpokon: l&#039;estreta relaci\u00f3 entre el manganime i l&#039;esport al Jap\u00f3\u201d - Museu Ol\u00edmpic i de l&#039;Esport<\/title>\n<meta name=\"robots\" content=\"index, follow, max-snippet:-1, max-image-preview:large, max-video-preview:-1\" \/>\n<link rel=\"canonical\" href=\"https:\/\/www.museuolimpicbcn.cat\/ca\/oriol-estrada-assessor-de-continguts-del-manga-barcelona-ens-ha-parlat-del-spokon-lestreta-relacio-entre-el-manganime-i-lesport-al-japo\/\" \/>\n<meta property=\"og:locale\" content=\"ca_ES\" \/>\n<meta property=\"og:type\" content=\"article\" \/>\n<meta property=\"og:title\" content=\"Oriol Estrada, assessor de continguts del Manga Barcelona, ens ha parlat del \u201cSpokon: l&#039;estreta relaci\u00f3 entre el manganime i l&#039;esport al Jap\u00f3\u201d - Museu Ol\u00edmpic i de l&#039;Esport\" \/>\n<meta property=\"og:description\" content=\"Francesc Terr\u00f3n, director de la Fundaci\u00f3 Barcelona Ol\u00edmpica juntament amb Yasushi Sato, C\u00f2nsol General del Jap\u00f3 a Barcelona ha inaugurat la xerrada-col\u00b7loqui d\u2019Oriol Estrada, especialista en continguts Manga, qui ha vingut al Museu Ol\u00edmpic de Barcelona a parlar sobre l\u2019Spokon (manga i anime esportiu) Amb motiu dels Jocs Ol\u00edmpics, celebrats aquest any, en el Museu [&hellip;]\" \/>\n<meta property=\"og:url\" content=\"https:\/\/www.museuolimpicbcn.cat\/ca\/oriol-estrada-assessor-de-continguts-del-manga-barcelona-ens-ha-parlat-del-spokon-lestreta-relacio-entre-el-manganime-i-lesport-al-japo\/\" \/>\n<meta property=\"og:site_name\" content=\"Museu Ol\u00edmpic i de l&#039;Esport\" \/>\n<meta property=\"article:published_time\" content=\"2021-11-09T12:38:38+00:00\" \/>\n<meta property=\"article:modified_time\" content=\"2021-11-09T12:44:28+00:00\" \/>\n<meta property=\"og:image\" content=\"https:\/\/www.museuolimpicbcn.cat\/wp-content\/uploads\/sites\/2\/2021\/11\/SPOKON_11-scaled.jpg\" \/>\n\t<meta property=\"og:image:width\" content=\"2560\" \/>\n\t<meta property=\"og:image:height\" content=\"1800\" \/>\n\t<meta property=\"og:image:type\" content=\"image\/jpeg\" \/>\n<meta name=\"author\" content=\"Ibone\" \/>\n<meta name=\"twitter:card\" content=\"summary_large_image\" \/>\n<meta name=\"twitter:label1\" content=\"Escrit per\" \/>\n\t<meta name=\"twitter:data1\" content=\"Ibone\" \/>\n\t<meta name=\"twitter:label2\" content=\"Temps estimat de lectura\" \/>\n\t<meta name=\"twitter:data2\" content=\"1 minut\" \/>\n<script type=\"application\/ld+json\" class=\"yoast-schema-graph\">{\"@context\":\"https:\/\/schema.org\",\"@graph\":[{\"@type\":\"Article\",\"@id\":\"https:\/\/www.museuolimpicbcn.cat\/ca\/oriol-estrada-assessor-de-continguts-del-manga-barcelona-ens-ha-parlat-del-spokon-lestreta-relacio-entre-el-manganime-i-lesport-al-japo\/#article\",\"isPartOf\":{\"@id\":\"https:\/\/www.museuolimpicbcn.cat\/ca\/oriol-estrada-assessor-de-continguts-del-manga-barcelona-ens-ha-parlat-del-spokon-lestreta-relacio-entre-el-manganime-i-lesport-al-japo\/\"},\"author\":{\"name\":\"Ibone\",\"@id\":\"https:\/\/www.museuolimpicbcn.cat\/ca\/#\/schema\/person\/b792834a53f193977df425a499287aa9\"},\"headline\":\"Oriol Estrada, assessor de continguts del Manga Barcelona, ens ha parlat del \u201cSpokon: l&#8217;estreta relaci\u00f3 entre el manganime i l&#8217;esport al Jap\u00f3\u201d\",\"datePublished\":\"2021-11-09T12:38:38+00:00\",\"dateModified\":\"2021-11-09T12:44:28+00:00\",\"mainEntityOfPage\":{\"@id\":\"https:\/\/www.museuolimpicbcn.cat\/ca\/oriol-estrada-assessor-de-continguts-del-manga-barcelona-ens-ha-parlat-del-spokon-lestreta-relacio-entre-el-manganime-i-lesport-al-japo\/\"},\"wordCount\":208,\"publisher\":{\"@id\":\"https:\/\/www.museuolimpicbcn.cat\/ca\/#organization\"},\"image\":{\"@id\":\"https:\/\/www.museuolimpicbcn.cat\/ca\/oriol-estrada-assessor-de-continguts-del-manga-barcelona-ens-ha-parlat-del-spokon-lestreta-relacio-entre-el-manganime-i-lesport-al-japo\/#primaryimage\"},\"thumbnailUrl\":\"https:\/\/www.museuolimpicbcn.cat\/wp-content\/uploads\/sites\/2\/2021\/11\/SPOKON_11-scaled.jpg\",\"articleSection\":[\"Uncategorized @ca\"],\"inLanguage\":\"ca\"},{\"@type\":\"WebPage\",\"@id\":\"https:\/\/www.museuolimpicbcn.cat\/ca\/oriol-estrada-assessor-de-continguts-del-manga-barcelona-ens-ha-parlat-del-spokon-lestreta-relacio-entre-el-manganime-i-lesport-al-japo\/\",\"url\":\"https:\/\/www.museuolimpicbcn.cat\/ca\/oriol-estrada-assessor-de-continguts-del-manga-barcelona-ens-ha-parlat-del-spokon-lestreta-relacio-entre-el-manganime-i-lesport-al-japo\/\",\"name\":\"Oriol Estrada, assessor de continguts del Manga Barcelona, ens ha parlat del \u201cSpokon: l'estreta relaci\u00f3 entre el manganime i l'esport al Jap\u00f3\u201d - Museu Ol\u00edmpic i de l&#039;Esport\",\"isPartOf\":{\"@id\":\"https:\/\/www.museuolimpicbcn.cat\/ca\/#website\"},\"primaryImageOfPage\":{\"@id\":\"https:\/\/www.museuolimpicbcn.cat\/ca\/oriol-estrada-assessor-de-continguts-del-manga-barcelona-ens-ha-parlat-del-spokon-lestreta-relacio-entre-el-manganime-i-lesport-al-japo\/#primaryimage\"},\"image\":{\"@id\":\"https:\/\/www.museuolimpicbcn.cat\/ca\/oriol-estrada-assessor-de-continguts-del-manga-barcelona-ens-ha-parlat-del-spokon-lestreta-relacio-entre-el-manganime-i-lesport-al-japo\/#primaryimage\"},\"thumbnailUrl\":\"https:\/\/www.museuolimpicbcn.cat\/wp-content\/uploads\/sites\/2\/2021\/11\/SPOKON_11-scaled.jpg\",\"datePublished\":\"2021-11-09T12:38:38+00:00\",\"dateModified\":\"2021-11-09T12:44:28+00:00\",\"breadcrumb\":{\"@id\":\"https:\/\/www.museuolimpicbcn.cat\/ca\/oriol-estrada-assessor-de-continguts-del-manga-barcelona-ens-ha-parlat-del-spokon-lestreta-relacio-entre-el-manganime-i-lesport-al-japo\/#breadcrumb\"},\"inLanguage\":\"ca\",\"potentialAction\":[{\"@type\":\"ReadAction\",\"target\":[\"https:\/\/www.museuolimpicbcn.cat\/ca\/oriol-estrada-assessor-de-continguts-del-manga-barcelona-ens-ha-parlat-del-spokon-lestreta-relacio-entre-el-manganime-i-lesport-al-japo\/\"]}]},{\"@type\":\"ImageObject\",\"inLanguage\":\"ca\",\"@id\":\"https:\/\/www.museuolimpicbcn.cat\/ca\/oriol-estrada-assessor-de-continguts-del-manga-barcelona-ens-ha-parlat-del-spokon-lestreta-relacio-entre-el-manganime-i-lesport-al-japo\/#primaryimage\",\"url\":\"https:\/\/www.museuolimpicbcn.cat\/wp-content\/uploads\/sites\/2\/2021\/11\/SPOKON_11-scaled.jpg\",\"contentUrl\":\"https:\/\/www.museuolimpicbcn.cat\/wp-content\/uploads\/sites\/2\/2021\/11\/SPOKON_11-scaled.jpg\",\"width\":2560,\"height\":1800},{\"@type\":\"BreadcrumbList\",\"@id\":\"https:\/\/www.museuolimpicbcn.cat\/ca\/oriol-estrada-assessor-de-continguts-del-manga-barcelona-ens-ha-parlat-del-spokon-lestreta-relacio-entre-el-manganime-i-lesport-al-japo\/#breadcrumb\",\"itemListElement\":[{\"@type\":\"ListItem\",\"position\":1,\"name\":\"Inici\",\"item\":\"https:\/\/www.museuolimpicbcn.cat\/es\/\"},{\"@type\":\"ListItem\",\"position\":2,\"name\":\"Oriol Estrada, assessor de continguts del Manga Barcelona, ens ha parlat del \u201cSpokon: l&#8217;estreta relaci\u00f3 entre el manganime i l&#8217;esport al Jap\u00f3\u201d\"}]},{\"@type\":\"WebSite\",\"@id\":\"https:\/\/www.museuolimpicbcn.cat\/ca\/#website\",\"url\":\"https:\/\/www.museuolimpicbcn.cat\/ca\/\",\"name\":\"Museu Ol\u00edmpic i de l&#039;Esport\",\"description\":\"Altre lloc Web del Museu Ol\u00edmpic i de l&#039;Esport llocs\",\"publisher\":{\"@id\":\"https:\/\/www.museuolimpicbcn.cat\/ca\/#organization\"},\"potentialAction\":[{\"@type\":\"SearchAction\",\"target\":{\"@type\":\"EntryPoint\",\"urlTemplate\":\"https:\/\/www.museuolimpicbcn.cat\/ca\/?s={search_term_string}\"},\"query-input\":{\"@type\":\"PropertyValueSpecification\",\"valueRequired\":true,\"valueName\":\"search_term_string\"}}],\"inLanguage\":\"ca\"},{\"@type\":\"Organization\",\"@id\":\"https:\/\/www.museuolimpicbcn.cat\/ca\/#organization\",\"name\":\"Museu Ol\u00edmpic i de l&#039;Esport\",\"url\":\"https:\/\/www.museuolimpicbcn.cat\/ca\/\",\"logo\":{\"@type\":\"ImageObject\",\"inLanguage\":\"ca\",\"@id\":\"https:\/\/www.museuolimpicbcn.cat\/ca\/#\/schema\/logo\/image\/\",\"url\":\"https:\/\/www.museuolimpicbcn.cat\/wp-content\/uploads\/sites\/2\/2018\/12\/logo-moe-header.svg\",\"contentUrl\":\"https:\/\/www.museuolimpicbcn.cat\/wp-content\/uploads\/sites\/2\/2018\/12\/logo-moe-header.svg\",\"caption\":\"Museu Ol\u00edmpic i de l&#039;Esport\"},\"image\":{\"@id\":\"https:\/\/www.museuolimpicbcn.cat\/ca\/#\/schema\/logo\/image\/\"}},{\"@type\":\"Person\",\"@id\":\"https:\/\/www.museuolimpicbcn.cat\/ca\/#\/schema\/person\/b792834a53f193977df425a499287aa9\",\"name\":\"Ibone\",\"url\":\"https:\/\/www.museuolimpicbcn.cat\/ca\/author\/fbolimpica\/\"}]}<\/script>\n<!-- \/ Yoast SEO plugin. -->","yoast_head_json":{"title":"Oriol Estrada, assessor de continguts del Manga Barcelona, ens ha parlat del \u201cSpokon: l'estreta relaci\u00f3 entre el manganime i l'esport al Jap\u00f3\u201d - Museu Ol\u00edmpic i de l&#039;Esport","robots":{"index":"index","follow":"follow","max-snippet":"max-snippet:-1","max-image-preview":"max-image-preview:large","max-video-preview":"max-video-preview:-1"},"canonical":"https:\/\/www.museuolimpicbcn.cat\/ca\/oriol-estrada-assessor-de-continguts-del-manga-barcelona-ens-ha-parlat-del-spokon-lestreta-relacio-entre-el-manganime-i-lesport-al-japo\/","og_locale":"ca_ES","og_type":"article","og_title":"Oriol Estrada, assessor de continguts del Manga Barcelona, ens ha parlat del \u201cSpokon: l'estreta relaci\u00f3 entre el manganime i l'esport al Jap\u00f3\u201d - Museu Ol\u00edmpic i de l&#039;Esport","og_description":"Francesc Terr\u00f3n, director de la Fundaci\u00f3 Barcelona Ol\u00edmpica juntament amb Yasushi Sato, C\u00f2nsol General del Jap\u00f3 a Barcelona ha inaugurat la xerrada-col\u00b7loqui d\u2019Oriol Estrada, especialista en continguts Manga, qui ha vingut al Museu Ol\u00edmpic de Barcelona a parlar sobre l\u2019Spokon (manga i anime esportiu) Amb motiu dels Jocs Ol\u00edmpics, celebrats aquest any, en el Museu [&hellip;]","og_url":"https:\/\/www.museuolimpicbcn.cat\/ca\/oriol-estrada-assessor-de-continguts-del-manga-barcelona-ens-ha-parlat-del-spokon-lestreta-relacio-entre-el-manganime-i-lesport-al-japo\/","og_site_name":"Museu Ol\u00edmpic i de l&#039;Esport","article_published_time":"2021-11-09T12:38:38+00:00","article_modified_time":"2021-11-09T12:44:28+00:00","og_image":[{"width":2560,"height":1800,"url":"https:\/\/www.museuolimpicbcn.cat\/wp-content\/uploads\/sites\/2\/2021\/11\/SPOKON_11-scaled.jpg","type":"image\/jpeg"}],"author":"Ibone","twitter_card":"summary_large_image","twitter_misc":{"Escrit per":"Ibone","Temps estimat de lectura":"1 minut"},"schema":{"@context":"https:\/\/schema.org","@graph":[{"@type":"Article","@id":"https:\/\/www.museuolimpicbcn.cat\/ca\/oriol-estrada-assessor-de-continguts-del-manga-barcelona-ens-ha-parlat-del-spokon-lestreta-relacio-entre-el-manganime-i-lesport-al-japo\/#article","isPartOf":{"@id":"https:\/\/www.museuolimpicbcn.cat\/ca\/oriol-estrada-assessor-de-continguts-del-manga-barcelona-ens-ha-parlat-del-spokon-lestreta-relacio-entre-el-manganime-i-lesport-al-japo\/"},"author":{"name":"Ibone","@id":"https:\/\/www.museuolimpicbcn.cat\/ca\/#\/schema\/person\/b792834a53f193977df425a499287aa9"},"headline":"Oriol Estrada, assessor de continguts del Manga Barcelona, ens ha parlat del \u201cSpokon: l&#8217;estreta relaci\u00f3 entre el manganime i l&#8217;esport al Jap\u00f3\u201d","datePublished":"2021-11-09T12:38:38+00:00","dateModified":"2021-11-09T12:44:28+00:00","mainEntityOfPage":{"@id":"https:\/\/www.museuolimpicbcn.cat\/ca\/oriol-estrada-assessor-de-continguts-del-manga-barcelona-ens-ha-parlat-del-spokon-lestreta-relacio-entre-el-manganime-i-lesport-al-japo\/"},"wordCount":208,"publisher":{"@id":"https:\/\/www.museuolimpicbcn.cat\/ca\/#organization"},"image":{"@id":"https:\/\/www.museuolimpicbcn.cat\/ca\/oriol-estrada-assessor-de-continguts-del-manga-barcelona-ens-ha-parlat-del-spokon-lestreta-relacio-entre-el-manganime-i-lesport-al-japo\/#primaryimage"},"thumbnailUrl":"https:\/\/www.museuolimpicbcn.cat\/wp-content\/uploads\/sites\/2\/2021\/11\/SPOKON_11-scaled.jpg","articleSection":["Uncategorized @ca"],"inLanguage":"ca"},{"@type":"WebPage","@id":"https:\/\/www.museuolimpicbcn.cat\/ca\/oriol-estrada-assessor-de-continguts-del-manga-barcelona-ens-ha-parlat-del-spokon-lestreta-relacio-entre-el-manganime-i-lesport-al-japo\/","url":"https:\/\/www.museuolimpicbcn.cat\/ca\/oriol-estrada-assessor-de-continguts-del-manga-barcelona-ens-ha-parlat-del-spokon-lestreta-relacio-entre-el-manganime-i-lesport-al-japo\/","name":"Oriol Estrada, assessor de continguts del Manga Barcelona, ens ha parlat del \u201cSpokon: l'estreta relaci\u00f3 entre el manganime i l'esport al Jap\u00f3\u201d - Museu Ol\u00edmpic i de l&#039;Esport","isPartOf":{"@id":"https:\/\/www.museuolimpicbcn.cat\/ca\/#website"},"primaryImageOfPage":{"@id":"https:\/\/www.museuolimpicbcn.cat\/ca\/oriol-estrada-assessor-de-continguts-del-manga-barcelona-ens-ha-parlat-del-spokon-lestreta-relacio-entre-el-manganime-i-lesport-al-japo\/#primaryimage"},"image":{"@id":"https:\/\/www.museuolimpicbcn.cat\/ca\/oriol-estrada-assessor-de-continguts-del-manga-barcelona-ens-ha-parlat-del-spokon-lestreta-relacio-entre-el-manganime-i-lesport-al-japo\/#primaryimage"},"thumbnailUrl":"https:\/\/www.museuolimpicbcn.cat\/wp-content\/uploads\/sites\/2\/2021\/11\/SPOKON_11-scaled.jpg","datePublished":"2021-11-09T12:38:38+00:00","dateModified":"2021-11-09T12:44:28+00:00","breadcrumb":{"@id":"https:\/\/www.museuolimpicbcn.cat\/ca\/oriol-estrada-assessor-de-continguts-del-manga-barcelona-ens-ha-parlat-del-spokon-lestreta-relacio-entre-el-manganime-i-lesport-al-japo\/#breadcrumb"},"inLanguage":"ca","potentialAction":[{"@type":"ReadAction","target":["https:\/\/www.museuolimpicbcn.cat\/ca\/oriol-estrada-assessor-de-continguts-del-manga-barcelona-ens-ha-parlat-del-spokon-lestreta-relacio-entre-el-manganime-i-lesport-al-japo\/"]}]},{"@type":"ImageObject","inLanguage":"ca","@id":"https:\/\/www.museuolimpicbcn.cat\/ca\/oriol-estrada-assessor-de-continguts-del-manga-barcelona-ens-ha-parlat-del-spokon-lestreta-relacio-entre-el-manganime-i-lesport-al-japo\/#primaryimage","url":"https:\/\/www.museuolimpicbcn.cat\/wp-content\/uploads\/sites\/2\/2021\/11\/SPOKON_11-scaled.jpg","contentUrl":"https:\/\/www.museuolimpicbcn.cat\/wp-content\/uploads\/sites\/2\/2021\/11\/SPOKON_11-scaled.jpg","width":2560,"height":1800},{"@type":"BreadcrumbList","@id":"https:\/\/www.museuolimpicbcn.cat\/ca\/oriol-estrada-assessor-de-continguts-del-manga-barcelona-ens-ha-parlat-del-spokon-lestreta-relacio-entre-el-manganime-i-lesport-al-japo\/#breadcrumb","itemListElement":[{"@type":"ListItem","position":1,"name":"Inici","item":"https:\/\/www.museuolimpicbcn.cat\/es\/"},{"@type":"ListItem","position":2,"name":"Oriol Estrada, assessor de continguts del Manga Barcelona, ens ha parlat del \u201cSpokon: l&#8217;estreta relaci\u00f3 entre el manganime i l&#8217;esport al Jap\u00f3\u201d"}]},{"@type":"WebSite","@id":"https:\/\/www.museuolimpicbcn.cat\/ca\/#website","url":"https:\/\/www.museuolimpicbcn.cat\/ca\/","name":"Museu Ol\u00edmpic i de l&#039;Esport","description":"Altre lloc Web del Museu Ol\u00edmpic i de l&#039;Esport llocs","publisher":{"@id":"https:\/\/www.museuolimpicbcn.cat\/ca\/#organization"},"potentialAction":[{"@type":"SearchAction","target":{"@type":"EntryPoint","urlTemplate":"https:\/\/www.museuolimpicbcn.cat\/ca\/?s={search_term_string}"},"query-input":{"@type":"PropertyValueSpecification","valueRequired":true,"valueName":"search_term_string"}}],"inLanguage":"ca"},{"@type":"Organization","@id":"https:\/\/www.museuolimpicbcn.cat\/ca\/#organization","name":"Museu Ol\u00edmpic i de l&#039;Esport","url":"https:\/\/www.museuolimpicbcn.cat\/ca\/","logo":{"@type":"ImageObject","inLanguage":"ca","@id":"https:\/\/www.museuolimpicbcn.cat\/ca\/#\/schema\/logo\/image\/","url":"https:\/\/www.museuolimpicbcn.cat\/wp-content\/uploads\/sites\/2\/2018\/12\/logo-moe-header.svg","contentUrl":"https:\/\/www.museuolimpicbcn.cat\/wp-content\/uploads\/sites\/2\/2018\/12\/logo-moe-header.svg","caption":"Museu Ol\u00edmpic i de l&#039;Esport"},"image":{"@id":"https:\/\/www.museuolimpicbcn.cat\/ca\/#\/schema\/logo\/image\/"}},{"@type":"Person","@id":"https:\/\/www.museuolimpicbcn.cat\/ca\/#\/schema\/person\/b792834a53f193977df425a499287aa9","name":"Ibone","url":"https:\/\/www.museuolimpicbcn.cat\/ca\/author\/fbolimpica\/"}]}},"_links":{"self":[{"href":"https:\/\/www.museuolimpicbcn.cat\/ca\/wp-json\/wp\/v2\/posts\/30580"}],"collection":[{"href":"https:\/\/www.museuolimpicbcn.cat\/ca\/wp-json\/wp\/v2\/posts"}],"about":[{"href":"https:\/\/www.museuolimpicbcn.cat\/ca\/wp-json\/wp\/v2\/types\/post"}],"author":[{"embeddable":true,"href":"https:\/\/www.museuolimpicbcn.cat\/ca\/wp-json\/wp\/v2\/users\/11"}],"replies":[{"embeddable":true,"href":"https:\/\/www.museuolimpicbcn.cat\/ca\/wp-json\/wp\/v2\/comments?post=30580"}],"version-history":[{"count":1,"href":"https:\/\/www.museuolimpicbcn.cat\/ca\/wp-json\/wp\/v2\/posts\/30580\/revisions"}],"predecessor-version":[{"id":30586,"href":"https:\/\/www.museuolimpicbcn.cat\/ca\/wp-json\/wp\/v2\/posts\/30580\/revisions\/30586"}],"wp:featuredmedia":[{"embeddable":true,"href":"https:\/\/www.museuolimpicbcn.cat\/ca\/wp-json\/wp\/v2\/media\/30571"}],"wp:attachment":[{"href":"https:\/\/www.museuolimpicbcn.cat\/ca\/wp-json\/wp\/v2\/media?parent=30580"}],"wp:term":[{"taxonomy":"category","embeddable":true,"href":"https:\/\/www.museuolimpicbcn.cat\/ca\/wp-json\/wp\/v2\/categories?post=30580"},{"taxonomy":"post_tag","embeddable":true,"href":"https:\/\/www.museuolimpicbcn.cat\/ca\/wp-json\/wp\/v2\/tags?post=30580"}],"curies":[{"name":"wp","href":"https:\/\/api.w.org\/{rel}","templated":true}]}}