{"id":31382,"date":"2022-01-24T15:53:00","date_gmt":"2022-01-24T14:53:00","guid":{"rendered":"https:\/\/www.museuolimpicbcn.cat\/la-78a-edicion-de-la-vuelta-ciclista-en-espana-2023-arrancara-desde-barcelona\/"},"modified":"2022-01-24T18:59:23","modified_gmt":"2022-01-24T17:59:23","slug":"la-78a-edicion-de-la-vuelta-ciclista-en-espana-2023-arrancara-desde-barcelona","status":"publish","type":"post","link":"https:\/\/www.museuolimpicbcn.cat\/ca\/la-78a-edicion-de-la-vuelta-ciclista-en-espana-2023-arrancara-desde-barcelona\/","title":{"rendered":"\u201cLa 78\u00aa edici\u00f3 de La Volta Ciclista a Espanya 2023 \u201d arrencar\u00e0 des de Barcelona"},"content":{"rendered":"<p>Jaume Collboni, primer tinent d\u2019Alcaldia, i David Escud\u00e9, regidor d\u2019Esports i president de la Fundaci\u00f3 Barcelona Ol\u00edmpica, han presentat algunes novetats del calendari esportiu de Barcelona per a l\u2019any 2023 i han destacat l\u2019inici de la 78\u00aa edici\u00f3 de la ronda espanyola que arrencar\u00e0 de la ciutat comtal a l&#8217;estiu del 2023. <\/p>\n<p>Els representants de l\u2019Ajuntament han estat acompanyats de Javier Guill\u00e9n, director de la Volta a Espanya, qui ha destacat la import\u00e0ncia de sortir des de Barcelona, una ciutat amb tanta vinculaci\u00f3 amb l\u2019esport.<\/p>\n<p>L\u2019acte de presentaci\u00f3 el poden veure a trav\u00e9s del canal de YouTube de BCN Esports i el web barcelona.cat\/esports.<\/p>\n","protected":false},"excerpt":{"rendered":"<p>Jaume Collboni, primer tinent d\u2019Alcaldia, i David Escud\u00e9, regidor d\u2019Esports i president de la Fundaci\u00f3 Barcelona Ol\u00edmpica, han presentat algunes novetats del calendari esportiu de Barcelona per a l\u2019any 2023 i han destacat l\u2019inici de la 78\u00aa edici\u00f3 de la ronda espanyola que arrencar\u00e0 de la ciutat comtal a l&#8217;estiu del 2023. Els representants de [&hellip;]<\/p>\n","protected":false},"author":11,"featured_media":31379,"comment_status":"closed","ping_status":"closed","sticky":false,"template":"","format":"standard","meta":{"_acf_changed":false,"_price":"","_stock":"","_tribe_ticket_header":"","_tribe_default_ticket_provider":"","_tribe_ticket_capacity":"0","_ticket_start_date":"","_ticket_end_date":"","_tribe_ticket_show_description":"","_tribe_ticket_show_not_going":false,"_tribe_ticket_use_global_stock":"","_tribe_ticket_global_stock_level":"","_global_stock_mode":"","_global_stock_cap":"","_tribe_rsvp_for_event":"","_tribe_ticket_going_count":"","_tribe_ticket_not_going_count":"","_tribe_tickets_list":"[]","_tribe_ticket_has_attendee_info_fields":false,"footnotes":""},"categories":[1],"tags":[],"class_list":["post-31382","post","type-post","status-publish","format-standard","has-post-thumbnail","hentry","category-uncategorized-ca"],"acf":[],"yoast_head":"<!-- This site is optimized with the Yoast SEO plugin v23.7 - https:\/\/yoast.com\/wordpress\/plugins\/seo\/ -->\n<title>\u201cLa 78\u00aa edici\u00f3 de La Volta Ciclista a Espanya 2023 \u201d arrencar\u00e0 des de Barcelona - Museu Ol\u00edmpic i de l&#039;Esport<\/title>\n<meta name=\"robots\" content=\"index, follow, max-snippet:-1, max-image-preview:large, max-video-preview:-1\" \/>\n<link rel=\"canonical\" href=\"https:\/\/www.museuolimpicbcn.cat\/ca\/la-78a-edicion-de-la-vuelta-ciclista-en-espana-2023-arrancara-desde-barcelona\/\" \/>\n<meta property=\"og:locale\" content=\"ca_ES\" \/>\n<meta property=\"og:type\" content=\"article\" \/>\n<meta property=\"og:title\" content=\"\u201cLa 78\u00aa edici\u00f3 de La Volta Ciclista a Espanya 2023 \u201d arrencar\u00e0 des de Barcelona - Museu Ol\u00edmpic i de l&#039;Esport\" \/>\n<meta property=\"og:description\" content=\"Jaume Collboni, primer tinent d\u2019Alcaldia, i David Escud\u00e9, regidor d\u2019Esports i president de la Fundaci\u00f3 Barcelona Ol\u00edmpica, han presentat algunes novetats del calendari esportiu de Barcelona per a l\u2019any 2023 i han destacat l\u2019inici de la 78\u00aa edici\u00f3 de la ronda espanyola que arrencar\u00e0 de la ciutat comtal a l&#8217;estiu del 2023. Els representants de [&hellip;]\" \/>\n<meta property=\"og:url\" content=\"https:\/\/www.museuolimpicbcn.cat\/ca\/la-78a-edicion-de-la-vuelta-ciclista-en-espana-2023-arrancara-desde-barcelona\/\" \/>\n<meta property=\"og:site_name\" content=\"Museu Ol\u00edmpic i de l&#039;Esport\" \/>\n<meta property=\"article:published_time\" content=\"2022-01-24T14:53:00+00:00\" \/>\n<meta property=\"article:modified_time\" content=\"2022-01-24T17:59:23+00:00\" \/>\n<meta property=\"og:image\" content=\"https:\/\/www.museuolimpicbcn.cat\/wp-content\/uploads\/sites\/2\/2022\/01\/La-Vuelta_27-scaled.jpg\" \/>\n\t<meta property=\"og:image:width\" content=\"2560\" \/>\n\t<meta property=\"og:image:height\" content=\"1402\" \/>\n\t<meta property=\"og:image:type\" content=\"image\/jpeg\" \/>\n<meta name=\"author\" content=\"Ibone\" \/>\n<meta name=\"twitter:card\" content=\"summary_large_image\" \/>\n<meta name=\"twitter:label1\" content=\"Escrit per\" \/>\n\t<meta name=\"twitter:data1\" content=\"Ibone\" \/>\n\t<meta name=\"twitter:label2\" content=\"Temps estimat de lectura\" \/>\n\t<meta name=\"twitter:data2\" content=\"1 minut\" \/>\n<script type=\"application\/ld+json\" class=\"yoast-schema-graph\">{\"@context\":\"https:\/\/schema.org\",\"@graph\":[{\"@type\":\"Article\",\"@id\":\"https:\/\/www.museuolimpicbcn.cat\/ca\/la-78a-edicion-de-la-vuelta-ciclista-en-espana-2023-arrancara-desde-barcelona\/#article\",\"isPartOf\":{\"@id\":\"https:\/\/www.museuolimpicbcn.cat\/ca\/la-78a-edicion-de-la-vuelta-ciclista-en-espana-2023-arrancara-desde-barcelona\/\"},\"author\":{\"name\":\"Ibone\",\"@id\":\"https:\/\/www.museuolimpicbcn.cat\/ca\/#\/schema\/person\/b792834a53f193977df425a499287aa9\"},\"headline\":\"\u201cLa 78\u00aa edici\u00f3 de La Volta Ciclista a Espanya 2023 \u201d arrencar\u00e0 des de Barcelona\",\"datePublished\":\"2022-01-24T14:53:00+00:00\",\"dateModified\":\"2022-01-24T17:59:23+00:00\",\"mainEntityOfPage\":{\"@id\":\"https:\/\/www.museuolimpicbcn.cat\/ca\/la-78a-edicion-de-la-vuelta-ciclista-en-espana-2023-arrancara-desde-barcelona\/\"},\"wordCount\":126,\"publisher\":{\"@id\":\"https:\/\/www.museuolimpicbcn.cat\/ca\/#organization\"},\"image\":{\"@id\":\"https:\/\/www.museuolimpicbcn.cat\/ca\/la-78a-edicion-de-la-vuelta-ciclista-en-espana-2023-arrancara-desde-barcelona\/#primaryimage\"},\"thumbnailUrl\":\"https:\/\/www.museuolimpicbcn.cat\/wp-content\/uploads\/sites\/2\/2022\/01\/La-Vuelta_27-scaled.jpg\",\"articleSection\":[\"Uncategorized @ca\"],\"inLanguage\":\"ca\"},{\"@type\":\"WebPage\",\"@id\":\"https:\/\/www.museuolimpicbcn.cat\/ca\/la-78a-edicion-de-la-vuelta-ciclista-en-espana-2023-arrancara-desde-barcelona\/\",\"url\":\"https:\/\/www.museuolimpicbcn.cat\/ca\/la-78a-edicion-de-la-vuelta-ciclista-en-espana-2023-arrancara-desde-barcelona\/\",\"name\":\"\u201cLa 78\u00aa edici\u00f3 de La Volta Ciclista a Espanya 2023 \u201d arrencar\u00e0 des de Barcelona - Museu Ol\u00edmpic i de l&#039;Esport\",\"isPartOf\":{\"@id\":\"https:\/\/www.museuolimpicbcn.cat\/ca\/#website\"},\"primaryImageOfPage\":{\"@id\":\"https:\/\/www.museuolimpicbcn.cat\/ca\/la-78a-edicion-de-la-vuelta-ciclista-en-espana-2023-arrancara-desde-barcelona\/#primaryimage\"},\"image\":{\"@id\":\"https:\/\/www.museuolimpicbcn.cat\/ca\/la-78a-edicion-de-la-vuelta-ciclista-en-espana-2023-arrancara-desde-barcelona\/#primaryimage\"},\"thumbnailUrl\":\"https:\/\/www.museuolimpicbcn.cat\/wp-content\/uploads\/sites\/2\/2022\/01\/La-Vuelta_27-scaled.jpg\",\"datePublished\":\"2022-01-24T14:53:00+00:00\",\"dateModified\":\"2022-01-24T17:59:23+00:00\",\"breadcrumb\":{\"@id\":\"https:\/\/www.museuolimpicbcn.cat\/ca\/la-78a-edicion-de-la-vuelta-ciclista-en-espana-2023-arrancara-desde-barcelona\/#breadcrumb\"},\"inLanguage\":\"ca\",\"potentialAction\":[{\"@type\":\"ReadAction\",\"target\":[\"https:\/\/www.museuolimpicbcn.cat\/ca\/la-78a-edicion-de-la-vuelta-ciclista-en-espana-2023-arrancara-desde-barcelona\/\"]}]},{\"@type\":\"ImageObject\",\"inLanguage\":\"ca\",\"@id\":\"https:\/\/www.museuolimpicbcn.cat\/ca\/la-78a-edicion-de-la-vuelta-ciclista-en-espana-2023-arrancara-desde-barcelona\/#primaryimage\",\"url\":\"https:\/\/www.museuolimpicbcn.cat\/wp-content\/uploads\/sites\/2\/2022\/01\/La-Vuelta_27-scaled.jpg\",\"contentUrl\":\"https:\/\/www.museuolimpicbcn.cat\/wp-content\/uploads\/sites\/2\/2022\/01\/La-Vuelta_27-scaled.jpg\",\"width\":2560,\"height\":1402},{\"@type\":\"BreadcrumbList\",\"@id\":\"https:\/\/www.museuolimpicbcn.cat\/ca\/la-78a-edicion-de-la-vuelta-ciclista-en-espana-2023-arrancara-desde-barcelona\/#breadcrumb\",\"itemListElement\":[{\"@type\":\"ListItem\",\"position\":1,\"name\":\"Inici\",\"item\":\"https:\/\/www.museuolimpicbcn.cat\/es\/\"},{\"@type\":\"ListItem\",\"position\":2,\"name\":\"\u201cLa 78\u00aa edici\u00f3 de La Volta Ciclista a Espanya 2023 \u201d arrencar\u00e0 des de Barcelona\"}]},{\"@type\":\"WebSite\",\"@id\":\"https:\/\/www.museuolimpicbcn.cat\/ca\/#website\",\"url\":\"https:\/\/www.museuolimpicbcn.cat\/ca\/\",\"name\":\"Museu Ol\u00edmpic i de l&#039;Esport\",\"description\":\"Altre lloc Web del Museu Ol\u00edmpic i de l&#039;Esport llocs\",\"publisher\":{\"@id\":\"https:\/\/www.museuolimpicbcn.cat\/ca\/#organization\"},\"potentialAction\":[{\"@type\":\"SearchAction\",\"target\":{\"@type\":\"EntryPoint\",\"urlTemplate\":\"https:\/\/www.museuolimpicbcn.cat\/ca\/?s={search_term_string}\"},\"query-input\":{\"@type\":\"PropertyValueSpecification\",\"valueRequired\":true,\"valueName\":\"search_term_string\"}}],\"inLanguage\":\"ca\"},{\"@type\":\"Organization\",\"@id\":\"https:\/\/www.museuolimpicbcn.cat\/ca\/#organization\",\"name\":\"Museu Ol\u00edmpic i de l&#039;Esport\",\"url\":\"https:\/\/www.museuolimpicbcn.cat\/ca\/\",\"logo\":{\"@type\":\"ImageObject\",\"inLanguage\":\"ca\",\"@id\":\"https:\/\/www.museuolimpicbcn.cat\/ca\/#\/schema\/logo\/image\/\",\"url\":\"https:\/\/www.museuolimpicbcn.cat\/wp-content\/uploads\/sites\/2\/2018\/12\/logo-moe-header.svg\",\"contentUrl\":\"https:\/\/www.museuolimpicbcn.cat\/wp-content\/uploads\/sites\/2\/2018\/12\/logo-moe-header.svg\",\"caption\":\"Museu Ol\u00edmpic i de l&#039;Esport\"},\"image\":{\"@id\":\"https:\/\/www.museuolimpicbcn.cat\/ca\/#\/schema\/logo\/image\/\"}},{\"@type\":\"Person\",\"@id\":\"https:\/\/www.museuolimpicbcn.cat\/ca\/#\/schema\/person\/b792834a53f193977df425a499287aa9\",\"name\":\"Ibone\",\"url\":\"https:\/\/www.museuolimpicbcn.cat\/ca\/author\/fbolimpica\/\"}]}<\/script>\n<!-- \/ Yoast SEO plugin. -->","yoast_head_json":{"title":"\u201cLa 78\u00aa edici\u00f3 de La Volta Ciclista a Espanya 2023 \u201d arrencar\u00e0 des de Barcelona - Museu Ol\u00edmpic i de l&#039;Esport","robots":{"index":"index","follow":"follow","max-snippet":"max-snippet:-1","max-image-preview":"max-image-preview:large","max-video-preview":"max-video-preview:-1"},"canonical":"https:\/\/www.museuolimpicbcn.cat\/ca\/la-78a-edicion-de-la-vuelta-ciclista-en-espana-2023-arrancara-desde-barcelona\/","og_locale":"ca_ES","og_type":"article","og_title":"\u201cLa 78\u00aa edici\u00f3 de La Volta Ciclista a Espanya 2023 \u201d arrencar\u00e0 des de Barcelona - Museu Ol\u00edmpic i de l&#039;Esport","og_description":"Jaume Collboni, primer tinent d\u2019Alcaldia, i David Escud\u00e9, regidor d\u2019Esports i president de la Fundaci\u00f3 Barcelona Ol\u00edmpica, han presentat algunes novetats del calendari esportiu de Barcelona per a l\u2019any 2023 i han destacat l\u2019inici de la 78\u00aa edici\u00f3 de la ronda espanyola que arrencar\u00e0 de la ciutat comtal a l&#8217;estiu del 2023. Els representants de [&hellip;]","og_url":"https:\/\/www.museuolimpicbcn.cat\/ca\/la-78a-edicion-de-la-vuelta-ciclista-en-espana-2023-arrancara-desde-barcelona\/","og_site_name":"Museu Ol\u00edmpic i de l&#039;Esport","article_published_time":"2022-01-24T14:53:00+00:00","article_modified_time":"2022-01-24T17:59:23+00:00","og_image":[{"width":2560,"height":1402,"url":"https:\/\/www.museuolimpicbcn.cat\/wp-content\/uploads\/sites\/2\/2022\/01\/La-Vuelta_27-scaled.jpg","type":"image\/jpeg"}],"author":"Ibone","twitter_card":"summary_large_image","twitter_misc":{"Escrit per":"Ibone","Temps estimat de lectura":"1 minut"},"schema":{"@context":"https:\/\/schema.org","@graph":[{"@type":"Article","@id":"https:\/\/www.museuolimpicbcn.cat\/ca\/la-78a-edicion-de-la-vuelta-ciclista-en-espana-2023-arrancara-desde-barcelona\/#article","isPartOf":{"@id":"https:\/\/www.museuolimpicbcn.cat\/ca\/la-78a-edicion-de-la-vuelta-ciclista-en-espana-2023-arrancara-desde-barcelona\/"},"author":{"name":"Ibone","@id":"https:\/\/www.museuolimpicbcn.cat\/ca\/#\/schema\/person\/b792834a53f193977df425a499287aa9"},"headline":"\u201cLa 78\u00aa edici\u00f3 de La Volta Ciclista a Espanya 2023 \u201d arrencar\u00e0 des de Barcelona","datePublished":"2022-01-24T14:53:00+00:00","dateModified":"2022-01-24T17:59:23+00:00","mainEntityOfPage":{"@id":"https:\/\/www.museuolimpicbcn.cat\/ca\/la-78a-edicion-de-la-vuelta-ciclista-en-espana-2023-arrancara-desde-barcelona\/"},"wordCount":126,"publisher":{"@id":"https:\/\/www.museuolimpicbcn.cat\/ca\/#organization"},"image":{"@id":"https:\/\/www.museuolimpicbcn.cat\/ca\/la-78a-edicion-de-la-vuelta-ciclista-en-espana-2023-arrancara-desde-barcelona\/#primaryimage"},"thumbnailUrl":"https:\/\/www.museuolimpicbcn.cat\/wp-content\/uploads\/sites\/2\/2022\/01\/La-Vuelta_27-scaled.jpg","articleSection":["Uncategorized @ca"],"inLanguage":"ca"},{"@type":"WebPage","@id":"https:\/\/www.museuolimpicbcn.cat\/ca\/la-78a-edicion-de-la-vuelta-ciclista-en-espana-2023-arrancara-desde-barcelona\/","url":"https:\/\/www.museuolimpicbcn.cat\/ca\/la-78a-edicion-de-la-vuelta-ciclista-en-espana-2023-arrancara-desde-barcelona\/","name":"\u201cLa 78\u00aa edici\u00f3 de La Volta Ciclista a Espanya 2023 \u201d arrencar\u00e0 des de Barcelona - Museu Ol\u00edmpic i de l&#039;Esport","isPartOf":{"@id":"https:\/\/www.museuolimpicbcn.cat\/ca\/#website"},"primaryImageOfPage":{"@id":"https:\/\/www.museuolimpicbcn.cat\/ca\/la-78a-edicion-de-la-vuelta-ciclista-en-espana-2023-arrancara-desde-barcelona\/#primaryimage"},"image":{"@id":"https:\/\/www.museuolimpicbcn.cat\/ca\/la-78a-edicion-de-la-vuelta-ciclista-en-espana-2023-arrancara-desde-barcelona\/#primaryimage"},"thumbnailUrl":"https:\/\/www.museuolimpicbcn.cat\/wp-content\/uploads\/sites\/2\/2022\/01\/La-Vuelta_27-scaled.jpg","datePublished":"2022-01-24T14:53:00+00:00","dateModified":"2022-01-24T17:59:23+00:00","breadcrumb":{"@id":"https:\/\/www.museuolimpicbcn.cat\/ca\/la-78a-edicion-de-la-vuelta-ciclista-en-espana-2023-arrancara-desde-barcelona\/#breadcrumb"},"inLanguage":"ca","potentialAction":[{"@type":"ReadAction","target":["https:\/\/www.museuolimpicbcn.cat\/ca\/la-78a-edicion-de-la-vuelta-ciclista-en-espana-2023-arrancara-desde-barcelona\/"]}]},{"@type":"ImageObject","inLanguage":"ca","@id":"https:\/\/www.museuolimpicbcn.cat\/ca\/la-78a-edicion-de-la-vuelta-ciclista-en-espana-2023-arrancara-desde-barcelona\/#primaryimage","url":"https:\/\/www.museuolimpicbcn.cat\/wp-content\/uploads\/sites\/2\/2022\/01\/La-Vuelta_27-scaled.jpg","contentUrl":"https:\/\/www.museuolimpicbcn.cat\/wp-content\/uploads\/sites\/2\/2022\/01\/La-Vuelta_27-scaled.jpg","width":2560,"height":1402},{"@type":"BreadcrumbList","@id":"https:\/\/www.museuolimpicbcn.cat\/ca\/la-78a-edicion-de-la-vuelta-ciclista-en-espana-2023-arrancara-desde-barcelona\/#breadcrumb","itemListElement":[{"@type":"ListItem","position":1,"name":"Inici","item":"https:\/\/www.museuolimpicbcn.cat\/es\/"},{"@type":"ListItem","position":2,"name":"\u201cLa 78\u00aa edici\u00f3 de La Volta Ciclista a Espanya 2023 \u201d arrencar\u00e0 des de Barcelona"}]},{"@type":"WebSite","@id":"https:\/\/www.museuolimpicbcn.cat\/ca\/#website","url":"https:\/\/www.museuolimpicbcn.cat\/ca\/","name":"Museu Ol\u00edmpic i de l&#039;Esport","description":"Altre lloc Web del Museu Ol\u00edmpic i de l&#039;Esport llocs","publisher":{"@id":"https:\/\/www.museuolimpicbcn.cat\/ca\/#organization"},"potentialAction":[{"@type":"SearchAction","target":{"@type":"EntryPoint","urlTemplate":"https:\/\/www.museuolimpicbcn.cat\/ca\/?s={search_term_string}"},"query-input":{"@type":"PropertyValueSpecification","valueRequired":true,"valueName":"search_term_string"}}],"inLanguage":"ca"},{"@type":"Organization","@id":"https:\/\/www.museuolimpicbcn.cat\/ca\/#organization","name":"Museu Ol\u00edmpic i de l&#039;Esport","url":"https:\/\/www.museuolimpicbcn.cat\/ca\/","logo":{"@type":"ImageObject","inLanguage":"ca","@id":"https:\/\/www.museuolimpicbcn.cat\/ca\/#\/schema\/logo\/image\/","url":"https:\/\/www.museuolimpicbcn.cat\/wp-content\/uploads\/sites\/2\/2018\/12\/logo-moe-header.svg","contentUrl":"https:\/\/www.museuolimpicbcn.cat\/wp-content\/uploads\/sites\/2\/2018\/12\/logo-moe-header.svg","caption":"Museu Ol\u00edmpic i de l&#039;Esport"},"image":{"@id":"https:\/\/www.museuolimpicbcn.cat\/ca\/#\/schema\/logo\/image\/"}},{"@type":"Person","@id":"https:\/\/www.museuolimpicbcn.cat\/ca\/#\/schema\/person\/b792834a53f193977df425a499287aa9","name":"Ibone","url":"https:\/\/www.museuolimpicbcn.cat\/ca\/author\/fbolimpica\/"}]}},"_links":{"self":[{"href":"https:\/\/www.museuolimpicbcn.cat\/ca\/wp-json\/wp\/v2\/posts\/31382"}],"collection":[{"href":"https:\/\/www.museuolimpicbcn.cat\/ca\/wp-json\/wp\/v2\/posts"}],"about":[{"href":"https:\/\/www.museuolimpicbcn.cat\/ca\/wp-json\/wp\/v2\/types\/post"}],"author":[{"embeddable":true,"href":"https:\/\/www.museuolimpicbcn.cat\/ca\/wp-json\/wp\/v2\/users\/11"}],"replies":[{"embeddable":true,"href":"https:\/\/www.museuolimpicbcn.cat\/ca\/wp-json\/wp\/v2\/comments?post=31382"}],"version-history":[{"count":2,"href":"https:\/\/www.museuolimpicbcn.cat\/ca\/wp-json\/wp\/v2\/posts\/31382\/revisions"}],"predecessor-version":[{"id":31440,"href":"https:\/\/www.museuolimpicbcn.cat\/ca\/wp-json\/wp\/v2\/posts\/31382\/revisions\/31440"}],"wp:featuredmedia":[{"embeddable":true,"href":"https:\/\/www.museuolimpicbcn.cat\/ca\/wp-json\/wp\/v2\/media\/31379"}],"wp:attachment":[{"href":"https:\/\/www.museuolimpicbcn.cat\/ca\/wp-json\/wp\/v2\/media?parent=31382"}],"wp:term":[{"taxonomy":"category","embeddable":true,"href":"https:\/\/www.museuolimpicbcn.cat\/ca\/wp-json\/wp\/v2\/categories?post=31382"},{"taxonomy":"post_tag","embeddable":true,"href":"https:\/\/www.museuolimpicbcn.cat\/ca\/wp-json\/wp\/v2\/tags?post=31382"}],"curies":[{"name":"wp","href":"https:\/\/api.w.org\/{rel}","templated":true}]}}