{"id":31550,"date":"2022-02-01T17:20:24","date_gmt":"2022-02-01T16:20:24","guid":{"rendered":"https:\/\/www.museuolimpicbcn.cat\/inaugurada-oficialment-lexposicio-de-beijing-2022-junts-per-un-futur-compartit\/"},"modified":"2022-02-01T17:20:24","modified_gmt":"2022-02-01T16:20:24","slug":"inaugurada-oficialment-lexposicio-de-beijing-2022-junts-per-un-futur-compartit","status":"publish","type":"post","link":"https:\/\/www.museuolimpicbcn.cat\/ca\/inaugurada-oficialment-lexposicio-de-beijing-2022-junts-per-un-futur-compartit\/","title":{"rendered":"Inaugurada oficialment l&#8217;exposici\u00f3 de \u201cBeijing 2022, Junts per un futur compartit\u201d"},"content":{"rendered":"<p>David Escud\u00e9, president de la Fundaci\u00f3 Barcelona Ol\u00edmpica ha rebut a Zhu Jingyang, C\u00f2nsol General de la Rep\u00fablica Popular Xinesa a Barcelona en les instal\u00b7lacions del Museu Ol\u00edmpic i de l\u2019Esport JA Samaranch on es troba l&#8217;exposici\u00f3 dedicada a \u201cBeijing 2022\u201d. Durant el recorregut van estar acompanyats de Francesc Terr\u00f3n, director de la Fundaci\u00f3 Barcelona Ol\u00edmpica, entitat gestora del Museu Ol\u00edmpic de Barcelona.<br \/>\nAquesta exposici\u00f3 recull la cultura i hist\u00f2ria xinesa, aix\u00ed com els esports del programa ol\u00edmpic i el leitmotiv d&#8217;aquests Jocs Ol\u00edmpics \u201cGreen, Inclusive, Open and Clean\u201d fent refer\u00e8ncia a la sostenibilitat i cura del planeta.<br \/>\nL&#8217;exposici\u00f3 forma part del taller en fam\u00edlia \u201cBeijing 2022\u201d, un taller dedicat als m\u00e9s petits on podran descobrir de manera din\u00e0mica i divertida la hist\u00f2ria i la cultura xinesa a trav\u00e9s de l\u2019esport.<br \/>\nL&#8217;exposici\u00f3 i el taller estaran oberts al p\u00fablic fins al 3 de juliol del 2022<\/p>\n","protected":false},"excerpt":{"rendered":"<p>David Escud\u00e9, president de la Fundaci\u00f3 Barcelona Ol\u00edmpica ha rebut a Zhu Jingyang, C\u00f2nsol General de la Rep\u00fablica Popular Xinesa a Barcelona en les instal\u00b7lacions del Museu Ol\u00edmpic i de l\u2019Esport JA Samaranch on es troba l&#8217;exposici\u00f3 dedicada a \u201cBeijing 2022\u201d. Durant el recorregut van estar acompanyats de Francesc Terr\u00f3n, director de la Fundaci\u00f3 Barcelona [&hellip;]<\/p>\n","protected":false},"author":11,"featured_media":31524,"comment_status":"closed","ping_status":"closed","sticky":false,"template":"","format":"standard","meta":{"_acf_changed":false,"_price":"","_stock":"","_tribe_ticket_header":"","_tribe_default_ticket_provider":"","_tribe_ticket_capacity":"0","_ticket_start_date":"","_ticket_end_date":"","_tribe_ticket_show_description":"","_tribe_ticket_show_not_going":false,"_tribe_ticket_use_global_stock":"","_tribe_ticket_global_stock_level":"","_global_stock_mode":"","_global_stock_cap":"","_tribe_rsvp_for_event":"","_tribe_ticket_going_count":"","_tribe_ticket_not_going_count":"","_tribe_tickets_list":"[]","_tribe_ticket_has_attendee_info_fields":false,"footnotes":""},"categories":[1],"tags":[],"class_list":["post-31550","post","type-post","status-publish","format-standard","has-post-thumbnail","hentry","category-uncategorized-ca"],"acf":[],"yoast_head":"<!-- This site is optimized with the Yoast SEO plugin v23.7 - https:\/\/yoast.com\/wordpress\/plugins\/seo\/ -->\n<title>Inaugurada oficialment l&#039;exposici\u00f3 de \u201cBeijing 2022, Junts per un futur compartit\u201d - Museu Ol\u00edmpic i de l&#039;Esport<\/title>\n<meta name=\"robots\" content=\"index, follow, max-snippet:-1, max-image-preview:large, max-video-preview:-1\" \/>\n<link rel=\"canonical\" href=\"https:\/\/www.museuolimpicbcn.cat\/ca\/inaugurada-oficialment-lexposicio-de-beijing-2022-junts-per-un-futur-compartit\/\" \/>\n<meta property=\"og:locale\" content=\"ca_ES\" \/>\n<meta property=\"og:type\" content=\"article\" \/>\n<meta property=\"og:title\" content=\"Inaugurada oficialment l&#039;exposici\u00f3 de \u201cBeijing 2022, Junts per un futur compartit\u201d - Museu Ol\u00edmpic i de l&#039;Esport\" \/>\n<meta property=\"og:description\" content=\"David Escud\u00e9, president de la Fundaci\u00f3 Barcelona Ol\u00edmpica ha rebut a Zhu Jingyang, C\u00f2nsol General de la Rep\u00fablica Popular Xinesa a Barcelona en les instal\u00b7lacions del Museu Ol\u00edmpic i de l\u2019Esport JA Samaranch on es troba l&#8217;exposici\u00f3 dedicada a \u201cBeijing 2022\u201d. Durant el recorregut van estar acompanyats de Francesc Terr\u00f3n, director de la Fundaci\u00f3 Barcelona [&hellip;]\" \/>\n<meta property=\"og:url\" content=\"https:\/\/www.museuolimpicbcn.cat\/ca\/inaugurada-oficialment-lexposicio-de-beijing-2022-junts-per-un-futur-compartit\/\" \/>\n<meta property=\"og:site_name\" content=\"Museu Ol\u00edmpic i de l&#039;Esport\" \/>\n<meta property=\"article:published_time\" content=\"2022-02-01T16:20:24+00:00\" \/>\n<meta property=\"og:image\" content=\"https:\/\/www.museuolimpicbcn.cat\/wp-content\/uploads\/sites\/2\/2022\/02\/image11.jpeg\" \/>\n\t<meta property=\"og:image:width\" content=\"640\" \/>\n\t<meta property=\"og:image:height\" content=\"360\" \/>\n\t<meta property=\"og:image:type\" content=\"image\/jpeg\" \/>\n<meta name=\"author\" content=\"Ibone\" \/>\n<meta name=\"twitter:card\" content=\"summary_large_image\" \/>\n<meta name=\"twitter:label1\" content=\"Escrit per\" \/>\n\t<meta name=\"twitter:data1\" content=\"Ibone\" \/>\n\t<meta name=\"twitter:label2\" content=\"Temps estimat de lectura\" \/>\n\t<meta name=\"twitter:data2\" content=\"1 minut\" \/>\n<script type=\"application\/ld+json\" class=\"yoast-schema-graph\">{\"@context\":\"https:\/\/schema.org\",\"@graph\":[{\"@type\":\"Article\",\"@id\":\"https:\/\/www.museuolimpicbcn.cat\/ca\/inaugurada-oficialment-lexposicio-de-beijing-2022-junts-per-un-futur-compartit\/#article\",\"isPartOf\":{\"@id\":\"https:\/\/www.museuolimpicbcn.cat\/ca\/inaugurada-oficialment-lexposicio-de-beijing-2022-junts-per-un-futur-compartit\/\"},\"author\":{\"name\":\"Ibone\",\"@id\":\"https:\/\/www.museuolimpicbcn.cat\/ca\/#\/schema\/person\/b792834a53f193977df425a499287aa9\"},\"headline\":\"Inaugurada oficialment l&#8217;exposici\u00f3 de \u201cBeijing 2022, Junts per un futur compartit\u201d\",\"datePublished\":\"2022-02-01T16:20:24+00:00\",\"dateModified\":\"2022-02-01T16:20:24+00:00\",\"mainEntityOfPage\":{\"@id\":\"https:\/\/www.museuolimpicbcn.cat\/ca\/inaugurada-oficialment-lexposicio-de-beijing-2022-junts-per-un-futur-compartit\/\"},\"wordCount\":172,\"publisher\":{\"@id\":\"https:\/\/www.museuolimpicbcn.cat\/ca\/#organization\"},\"image\":{\"@id\":\"https:\/\/www.museuolimpicbcn.cat\/ca\/inaugurada-oficialment-lexposicio-de-beijing-2022-junts-per-un-futur-compartit\/#primaryimage\"},\"thumbnailUrl\":\"https:\/\/www.museuolimpicbcn.cat\/wp-content\/uploads\/sites\/2\/2022\/02\/image11.jpeg\",\"articleSection\":[\"Uncategorized @ca\"],\"inLanguage\":\"ca\"},{\"@type\":\"WebPage\",\"@id\":\"https:\/\/www.museuolimpicbcn.cat\/ca\/inaugurada-oficialment-lexposicio-de-beijing-2022-junts-per-un-futur-compartit\/\",\"url\":\"https:\/\/www.museuolimpicbcn.cat\/ca\/inaugurada-oficialment-lexposicio-de-beijing-2022-junts-per-un-futur-compartit\/\",\"name\":\"Inaugurada oficialment l'exposici\u00f3 de \u201cBeijing 2022, Junts per un futur compartit\u201d - Museu Ol\u00edmpic i de l&#039;Esport\",\"isPartOf\":{\"@id\":\"https:\/\/www.museuolimpicbcn.cat\/ca\/#website\"},\"primaryImageOfPage\":{\"@id\":\"https:\/\/www.museuolimpicbcn.cat\/ca\/inaugurada-oficialment-lexposicio-de-beijing-2022-junts-per-un-futur-compartit\/#primaryimage\"},\"image\":{\"@id\":\"https:\/\/www.museuolimpicbcn.cat\/ca\/inaugurada-oficialment-lexposicio-de-beijing-2022-junts-per-un-futur-compartit\/#primaryimage\"},\"thumbnailUrl\":\"https:\/\/www.museuolimpicbcn.cat\/wp-content\/uploads\/sites\/2\/2022\/02\/image11.jpeg\",\"datePublished\":\"2022-02-01T16:20:24+00:00\",\"dateModified\":\"2022-02-01T16:20:24+00:00\",\"breadcrumb\":{\"@id\":\"https:\/\/www.museuolimpicbcn.cat\/ca\/inaugurada-oficialment-lexposicio-de-beijing-2022-junts-per-un-futur-compartit\/#breadcrumb\"},\"inLanguage\":\"ca\",\"potentialAction\":[{\"@type\":\"ReadAction\",\"target\":[\"https:\/\/www.museuolimpicbcn.cat\/ca\/inaugurada-oficialment-lexposicio-de-beijing-2022-junts-per-un-futur-compartit\/\"]}]},{\"@type\":\"ImageObject\",\"inLanguage\":\"ca\",\"@id\":\"https:\/\/www.museuolimpicbcn.cat\/ca\/inaugurada-oficialment-lexposicio-de-beijing-2022-junts-per-un-futur-compartit\/#primaryimage\",\"url\":\"https:\/\/www.museuolimpicbcn.cat\/wp-content\/uploads\/sites\/2\/2022\/02\/image11.jpeg\",\"contentUrl\":\"https:\/\/www.museuolimpicbcn.cat\/wp-content\/uploads\/sites\/2\/2022\/02\/image11.jpeg\",\"width\":640,\"height\":360},{\"@type\":\"BreadcrumbList\",\"@id\":\"https:\/\/www.museuolimpicbcn.cat\/ca\/inaugurada-oficialment-lexposicio-de-beijing-2022-junts-per-un-futur-compartit\/#breadcrumb\",\"itemListElement\":[{\"@type\":\"ListItem\",\"position\":1,\"name\":\"Inici\",\"item\":\"https:\/\/www.museuolimpicbcn.cat\/es\/\"},{\"@type\":\"ListItem\",\"position\":2,\"name\":\"Inaugurada oficialment l&#8217;exposici\u00f3 de \u201cBeijing 2022, Junts per un futur compartit\u201d\"}]},{\"@type\":\"WebSite\",\"@id\":\"https:\/\/www.museuolimpicbcn.cat\/ca\/#website\",\"url\":\"https:\/\/www.museuolimpicbcn.cat\/ca\/\",\"name\":\"Museu Ol\u00edmpic i de l&#039;Esport\",\"description\":\"Altre lloc Web del Museu Ol\u00edmpic i de l&#039;Esport llocs\",\"publisher\":{\"@id\":\"https:\/\/www.museuolimpicbcn.cat\/ca\/#organization\"},\"potentialAction\":[{\"@type\":\"SearchAction\",\"target\":{\"@type\":\"EntryPoint\",\"urlTemplate\":\"https:\/\/www.museuolimpicbcn.cat\/ca\/?s={search_term_string}\"},\"query-input\":{\"@type\":\"PropertyValueSpecification\",\"valueRequired\":true,\"valueName\":\"search_term_string\"}}],\"inLanguage\":\"ca\"},{\"@type\":\"Organization\",\"@id\":\"https:\/\/www.museuolimpicbcn.cat\/ca\/#organization\",\"name\":\"Museu Ol\u00edmpic i de l&#039;Esport\",\"url\":\"https:\/\/www.museuolimpicbcn.cat\/ca\/\",\"logo\":{\"@type\":\"ImageObject\",\"inLanguage\":\"ca\",\"@id\":\"https:\/\/www.museuolimpicbcn.cat\/ca\/#\/schema\/logo\/image\/\",\"url\":\"https:\/\/www.museuolimpicbcn.cat\/wp-content\/uploads\/sites\/2\/2018\/12\/logo-moe-header.svg\",\"contentUrl\":\"https:\/\/www.museuolimpicbcn.cat\/wp-content\/uploads\/sites\/2\/2018\/12\/logo-moe-header.svg\",\"caption\":\"Museu Ol\u00edmpic i de l&#039;Esport\"},\"image\":{\"@id\":\"https:\/\/www.museuolimpicbcn.cat\/ca\/#\/schema\/logo\/image\/\"}},{\"@type\":\"Person\",\"@id\":\"https:\/\/www.museuolimpicbcn.cat\/ca\/#\/schema\/person\/b792834a53f193977df425a499287aa9\",\"name\":\"Ibone\",\"url\":\"https:\/\/www.museuolimpicbcn.cat\/ca\/author\/fbolimpica\/\"}]}<\/script>\n<!-- \/ Yoast SEO plugin. -->","yoast_head_json":{"title":"Inaugurada oficialment l'exposici\u00f3 de \u201cBeijing 2022, Junts per un futur compartit\u201d - Museu Ol\u00edmpic i de l&#039;Esport","robots":{"index":"index","follow":"follow","max-snippet":"max-snippet:-1","max-image-preview":"max-image-preview:large","max-video-preview":"max-video-preview:-1"},"canonical":"https:\/\/www.museuolimpicbcn.cat\/ca\/inaugurada-oficialment-lexposicio-de-beijing-2022-junts-per-un-futur-compartit\/","og_locale":"ca_ES","og_type":"article","og_title":"Inaugurada oficialment l'exposici\u00f3 de \u201cBeijing 2022, Junts per un futur compartit\u201d - Museu Ol\u00edmpic i de l&#039;Esport","og_description":"David Escud\u00e9, president de la Fundaci\u00f3 Barcelona Ol\u00edmpica ha rebut a Zhu Jingyang, C\u00f2nsol General de la Rep\u00fablica Popular Xinesa a Barcelona en les instal\u00b7lacions del Museu Ol\u00edmpic i de l\u2019Esport JA Samaranch on es troba l&#8217;exposici\u00f3 dedicada a \u201cBeijing 2022\u201d. Durant el recorregut van estar acompanyats de Francesc Terr\u00f3n, director de la Fundaci\u00f3 Barcelona [&hellip;]","og_url":"https:\/\/www.museuolimpicbcn.cat\/ca\/inaugurada-oficialment-lexposicio-de-beijing-2022-junts-per-un-futur-compartit\/","og_site_name":"Museu Ol\u00edmpic i de l&#039;Esport","article_published_time":"2022-02-01T16:20:24+00:00","og_image":[{"width":640,"height":360,"url":"https:\/\/www.museuolimpicbcn.cat\/wp-content\/uploads\/sites\/2\/2022\/02\/image11.jpeg","type":"image\/jpeg"}],"author":"Ibone","twitter_card":"summary_large_image","twitter_misc":{"Escrit per":"Ibone","Temps estimat de lectura":"1 minut"},"schema":{"@context":"https:\/\/schema.org","@graph":[{"@type":"Article","@id":"https:\/\/www.museuolimpicbcn.cat\/ca\/inaugurada-oficialment-lexposicio-de-beijing-2022-junts-per-un-futur-compartit\/#article","isPartOf":{"@id":"https:\/\/www.museuolimpicbcn.cat\/ca\/inaugurada-oficialment-lexposicio-de-beijing-2022-junts-per-un-futur-compartit\/"},"author":{"name":"Ibone","@id":"https:\/\/www.museuolimpicbcn.cat\/ca\/#\/schema\/person\/b792834a53f193977df425a499287aa9"},"headline":"Inaugurada oficialment l&#8217;exposici\u00f3 de \u201cBeijing 2022, Junts per un futur compartit\u201d","datePublished":"2022-02-01T16:20:24+00:00","dateModified":"2022-02-01T16:20:24+00:00","mainEntityOfPage":{"@id":"https:\/\/www.museuolimpicbcn.cat\/ca\/inaugurada-oficialment-lexposicio-de-beijing-2022-junts-per-un-futur-compartit\/"},"wordCount":172,"publisher":{"@id":"https:\/\/www.museuolimpicbcn.cat\/ca\/#organization"},"image":{"@id":"https:\/\/www.museuolimpicbcn.cat\/ca\/inaugurada-oficialment-lexposicio-de-beijing-2022-junts-per-un-futur-compartit\/#primaryimage"},"thumbnailUrl":"https:\/\/www.museuolimpicbcn.cat\/wp-content\/uploads\/sites\/2\/2022\/02\/image11.jpeg","articleSection":["Uncategorized @ca"],"inLanguage":"ca"},{"@type":"WebPage","@id":"https:\/\/www.museuolimpicbcn.cat\/ca\/inaugurada-oficialment-lexposicio-de-beijing-2022-junts-per-un-futur-compartit\/","url":"https:\/\/www.museuolimpicbcn.cat\/ca\/inaugurada-oficialment-lexposicio-de-beijing-2022-junts-per-un-futur-compartit\/","name":"Inaugurada oficialment l'exposici\u00f3 de \u201cBeijing 2022, Junts per un futur compartit\u201d - Museu Ol\u00edmpic i de l&#039;Esport","isPartOf":{"@id":"https:\/\/www.museuolimpicbcn.cat\/ca\/#website"},"primaryImageOfPage":{"@id":"https:\/\/www.museuolimpicbcn.cat\/ca\/inaugurada-oficialment-lexposicio-de-beijing-2022-junts-per-un-futur-compartit\/#primaryimage"},"image":{"@id":"https:\/\/www.museuolimpicbcn.cat\/ca\/inaugurada-oficialment-lexposicio-de-beijing-2022-junts-per-un-futur-compartit\/#primaryimage"},"thumbnailUrl":"https:\/\/www.museuolimpicbcn.cat\/wp-content\/uploads\/sites\/2\/2022\/02\/image11.jpeg","datePublished":"2022-02-01T16:20:24+00:00","dateModified":"2022-02-01T16:20:24+00:00","breadcrumb":{"@id":"https:\/\/www.museuolimpicbcn.cat\/ca\/inaugurada-oficialment-lexposicio-de-beijing-2022-junts-per-un-futur-compartit\/#breadcrumb"},"inLanguage":"ca","potentialAction":[{"@type":"ReadAction","target":["https:\/\/www.museuolimpicbcn.cat\/ca\/inaugurada-oficialment-lexposicio-de-beijing-2022-junts-per-un-futur-compartit\/"]}]},{"@type":"ImageObject","inLanguage":"ca","@id":"https:\/\/www.museuolimpicbcn.cat\/ca\/inaugurada-oficialment-lexposicio-de-beijing-2022-junts-per-un-futur-compartit\/#primaryimage","url":"https:\/\/www.museuolimpicbcn.cat\/wp-content\/uploads\/sites\/2\/2022\/02\/image11.jpeg","contentUrl":"https:\/\/www.museuolimpicbcn.cat\/wp-content\/uploads\/sites\/2\/2022\/02\/image11.jpeg","width":640,"height":360},{"@type":"BreadcrumbList","@id":"https:\/\/www.museuolimpicbcn.cat\/ca\/inaugurada-oficialment-lexposicio-de-beijing-2022-junts-per-un-futur-compartit\/#breadcrumb","itemListElement":[{"@type":"ListItem","position":1,"name":"Inici","item":"https:\/\/www.museuolimpicbcn.cat\/es\/"},{"@type":"ListItem","position":2,"name":"Inaugurada oficialment l&#8217;exposici\u00f3 de \u201cBeijing 2022, Junts per un futur compartit\u201d"}]},{"@type":"WebSite","@id":"https:\/\/www.museuolimpicbcn.cat\/ca\/#website","url":"https:\/\/www.museuolimpicbcn.cat\/ca\/","name":"Museu Ol\u00edmpic i de l&#039;Esport","description":"Altre lloc Web del Museu Ol\u00edmpic i de l&#039;Esport llocs","publisher":{"@id":"https:\/\/www.museuolimpicbcn.cat\/ca\/#organization"},"potentialAction":[{"@type":"SearchAction","target":{"@type":"EntryPoint","urlTemplate":"https:\/\/www.museuolimpicbcn.cat\/ca\/?s={search_term_string}"},"query-input":{"@type":"PropertyValueSpecification","valueRequired":true,"valueName":"search_term_string"}}],"inLanguage":"ca"},{"@type":"Organization","@id":"https:\/\/www.museuolimpicbcn.cat\/ca\/#organization","name":"Museu Ol\u00edmpic i de l&#039;Esport","url":"https:\/\/www.museuolimpicbcn.cat\/ca\/","logo":{"@type":"ImageObject","inLanguage":"ca","@id":"https:\/\/www.museuolimpicbcn.cat\/ca\/#\/schema\/logo\/image\/","url":"https:\/\/www.museuolimpicbcn.cat\/wp-content\/uploads\/sites\/2\/2018\/12\/logo-moe-header.svg","contentUrl":"https:\/\/www.museuolimpicbcn.cat\/wp-content\/uploads\/sites\/2\/2018\/12\/logo-moe-header.svg","caption":"Museu Ol\u00edmpic i de l&#039;Esport"},"image":{"@id":"https:\/\/www.museuolimpicbcn.cat\/ca\/#\/schema\/logo\/image\/"}},{"@type":"Person","@id":"https:\/\/www.museuolimpicbcn.cat\/ca\/#\/schema\/person\/b792834a53f193977df425a499287aa9","name":"Ibone","url":"https:\/\/www.museuolimpicbcn.cat\/ca\/author\/fbolimpica\/"}]}},"_links":{"self":[{"href":"https:\/\/www.museuolimpicbcn.cat\/ca\/wp-json\/wp\/v2\/posts\/31550"}],"collection":[{"href":"https:\/\/www.museuolimpicbcn.cat\/ca\/wp-json\/wp\/v2\/posts"}],"about":[{"href":"https:\/\/www.museuolimpicbcn.cat\/ca\/wp-json\/wp\/v2\/types\/post"}],"author":[{"embeddable":true,"href":"https:\/\/www.museuolimpicbcn.cat\/ca\/wp-json\/wp\/v2\/users\/11"}],"replies":[{"embeddable":true,"href":"https:\/\/www.museuolimpicbcn.cat\/ca\/wp-json\/wp\/v2\/comments?post=31550"}],"version-history":[{"count":0,"href":"https:\/\/www.museuolimpicbcn.cat\/ca\/wp-json\/wp\/v2\/posts\/31550\/revisions"}],"wp:featuredmedia":[{"embeddable":true,"href":"https:\/\/www.museuolimpicbcn.cat\/ca\/wp-json\/wp\/v2\/media\/31524"}],"wp:attachment":[{"href":"https:\/\/www.museuolimpicbcn.cat\/ca\/wp-json\/wp\/v2\/media?parent=31550"}],"wp:term":[{"taxonomy":"category","embeddable":true,"href":"https:\/\/www.museuolimpicbcn.cat\/ca\/wp-json\/wp\/v2\/categories?post=31550"},{"taxonomy":"post_tag","embeddable":true,"href":"https:\/\/www.museuolimpicbcn.cat\/ca\/wp-json\/wp\/v2\/tags?post=31550"}],"curies":[{"name":"wp","href":"https:\/\/api.w.org\/{rel}","templated":true}]}}