{"id":31912,"date":"2022-03-16T16:31:58","date_gmt":"2022-03-16T15:31:58","guid":{"rendered":"https:\/\/www.museuolimpicbcn.cat\/amb-motiu-del-seu-175-aniversari-el-gran-teatre-liceu-ha-reunit-119-centres-culturals-per-a-lexposicio-una-historia-compartida\/"},"modified":"2022-03-16T16:31:58","modified_gmt":"2022-03-16T15:31:58","slug":"amb-motiu-del-seu-175-aniversari-el-gran-teatre-liceu-ha-reunit-119-centres-culturals-per-a-lexposicio-una-historia-compartida","status":"publish","type":"post","link":"https:\/\/www.museuolimpicbcn.cat\/ca\/amb-motiu-del-seu-175-aniversari-el-gran-teatre-liceu-ha-reunit-119-centres-culturals-per-a-lexposicio-una-historia-compartida\/","title":{"rendered":"Amb motiu del seu 175 aniversari, el Gran Teatre Liceu ha reunit 119 centres culturals per a l&#8217;exposici\u00f3 \u201cUna Hist\u00f2ria Compartida\u201d."},"content":{"rendered":"<p>Aquest nost\u00e0lgic projecte encap\u00e7alat pel Liceu ha comptat amb m\u00e9s de 100 centres de tota Catalunya relacionats amb la hist\u00f2ria del Gran Teatre.<\/p>\n<p>Entre les m\u00e9s de 145 obres, que compr\u00e8n pintures, fotografies, esbossos escenogr\u00e0fics, diorames, documents, instruments, etc., es troba H\u00e8rcules, la figura estrella de la Cerim\u00f2nia d&#8217;inauguraci\u00f3 dels Jocs Ol\u00edmpics de Barcelona en l&#8217;escenografia \u201cMediterrani, mar ol\u00edmpic\u201d de la Fura dels Baus. Aquesta grandiosa pe\u00e7a forma part del patrimoni de la Fundaci\u00f3 Barcelona Ol\u00edmpica i est\u00e0 exposada en el Museu Ol\u00edmpic i de l\u2019Esport Joan Antoni Samaranch. http:\/\/museus.liceu.whads.com\/ca\/hercules<\/p>\n<p>Fins a juliol 2023 l&#8217;exposici\u00f3 virtual estar\u00e0 activa a trav\u00e9s de la web: <a href=\"https:\/\/liceualsmuseus.cat\/\">https:\/\/liceualsmuseus.cat\/<\/a><\/p>\n","protected":false},"excerpt":{"rendered":"<p>Aquest nost\u00e0lgic projecte encap\u00e7alat pel Liceu ha comptat amb m\u00e9s de 100 centres de tota Catalunya relacionats amb la hist\u00f2ria del Gran Teatre. Entre les m\u00e9s de 145 obres, que compr\u00e8n pintures, fotografies, esbossos escenogr\u00e0fics, diorames, documents, instruments, etc., es troba H\u00e8rcules, la figura estrella de la Cerim\u00f2nia d&#8217;inauguraci\u00f3 dels Jocs Ol\u00edmpics de Barcelona en [&hellip;]<\/p>\n","protected":false},"author":11,"featured_media":31909,"comment_status":"closed","ping_status":"closed","sticky":false,"template":"","format":"standard","meta":{"_acf_changed":false,"_price":"","_stock":"","_tribe_ticket_header":"","_tribe_default_ticket_provider":"","_tribe_ticket_capacity":"0","_ticket_start_date":"","_ticket_end_date":"","_tribe_ticket_show_description":"","_tribe_ticket_show_not_going":false,"_tribe_ticket_use_global_stock":"","_tribe_ticket_global_stock_level":"","_global_stock_mode":"","_global_stock_cap":"","_tribe_rsvp_for_event":"","_tribe_ticket_going_count":"","_tribe_ticket_not_going_count":"","_tribe_tickets_list":"[]","_tribe_ticket_has_attendee_info_fields":false,"footnotes":""},"categories":[1],"tags":[],"class_list":["post-31912","post","type-post","status-publish","format-standard","has-post-thumbnail","hentry","category-uncategorized-ca"],"acf":[],"yoast_head":"<!-- This site is optimized with the Yoast SEO plugin v23.7 - https:\/\/yoast.com\/wordpress\/plugins\/seo\/ -->\n<title>Amb motiu del seu 175 aniversari, el Gran Teatre Liceu ha reunit 119 centres culturals per a l&#039;exposici\u00f3 \u201cUna Hist\u00f2ria Compartida\u201d. - Museu Ol\u00edmpic i de l&#039;Esport<\/title>\n<meta name=\"robots\" content=\"index, follow, max-snippet:-1, max-image-preview:large, max-video-preview:-1\" \/>\n<link rel=\"canonical\" href=\"https:\/\/www.museuolimpicbcn.cat\/ca\/amb-motiu-del-seu-175-aniversari-el-gran-teatre-liceu-ha-reunit-119-centres-culturals-per-a-lexposicio-una-historia-compartida\/\" \/>\n<meta property=\"og:locale\" content=\"ca_ES\" \/>\n<meta property=\"og:type\" content=\"article\" \/>\n<meta property=\"og:title\" content=\"Amb motiu del seu 175 aniversari, el Gran Teatre Liceu ha reunit 119 centres culturals per a l&#039;exposici\u00f3 \u201cUna Hist\u00f2ria Compartida\u201d. - Museu Ol\u00edmpic i de l&#039;Esport\" \/>\n<meta property=\"og:description\" content=\"Aquest nost\u00e0lgic projecte encap\u00e7alat pel Liceu ha comptat amb m\u00e9s de 100 centres de tota Catalunya relacionats amb la hist\u00f2ria del Gran Teatre. Entre les m\u00e9s de 145 obres, que compr\u00e8n pintures, fotografies, esbossos escenogr\u00e0fics, diorames, documents, instruments, etc., es troba H\u00e8rcules, la figura estrella de la Cerim\u00f2nia d&#8217;inauguraci\u00f3 dels Jocs Ol\u00edmpics de Barcelona en [&hellip;]\" \/>\n<meta property=\"og:url\" content=\"https:\/\/www.museuolimpicbcn.cat\/ca\/amb-motiu-del-seu-175-aniversari-el-gran-teatre-liceu-ha-reunit-119-centres-culturals-per-a-lexposicio-una-historia-compartida\/\" \/>\n<meta property=\"og:site_name\" content=\"Museu Ol\u00edmpic i de l&#039;Esport\" \/>\n<meta property=\"article:published_time\" content=\"2022-03-16T15:31:58+00:00\" \/>\n<meta property=\"og:image\" content=\"https:\/\/www.museuolimpicbcn.cat\/wp-content\/uploads\/sites\/2\/2022\/03\/LOW-sergi-panizo_220315_liceu-museus_002-scaled.jpg\" \/>\n\t<meta property=\"og:image:width\" content=\"2560\" \/>\n\t<meta property=\"og:image:height\" content=\"1040\" \/>\n\t<meta property=\"og:image:type\" content=\"image\/jpeg\" \/>\n<meta name=\"author\" content=\"Ibone\" \/>\n<meta name=\"twitter:card\" content=\"summary_large_image\" \/>\n<meta name=\"twitter:label1\" content=\"Escrit per\" \/>\n\t<meta name=\"twitter:data1\" content=\"Ibone\" \/>\n\t<meta name=\"twitter:label2\" content=\"Temps estimat de lectura\" \/>\n\t<meta name=\"twitter:data2\" content=\"1 minut\" \/>\n<script type=\"application\/ld+json\" class=\"yoast-schema-graph\">{\"@context\":\"https:\/\/schema.org\",\"@graph\":[{\"@type\":\"Article\",\"@id\":\"https:\/\/www.museuolimpicbcn.cat\/ca\/amb-motiu-del-seu-175-aniversari-el-gran-teatre-liceu-ha-reunit-119-centres-culturals-per-a-lexposicio-una-historia-compartida\/#article\",\"isPartOf\":{\"@id\":\"https:\/\/www.museuolimpicbcn.cat\/ca\/amb-motiu-del-seu-175-aniversari-el-gran-teatre-liceu-ha-reunit-119-centres-culturals-per-a-lexposicio-una-historia-compartida\/\"},\"author\":{\"name\":\"Ibone\",\"@id\":\"https:\/\/www.museuolimpicbcn.cat\/ca\/#\/schema\/person\/b792834a53f193977df425a499287aa9\"},\"headline\":\"Amb motiu del seu 175 aniversari, el Gran Teatre Liceu ha reunit 119 centres culturals per a l&#8217;exposici\u00f3 \u201cUna Hist\u00f2ria Compartida\u201d.\",\"datePublished\":\"2022-03-16T15:31:58+00:00\",\"dateModified\":\"2022-03-16T15:31:58+00:00\",\"mainEntityOfPage\":{\"@id\":\"https:\/\/www.museuolimpicbcn.cat\/ca\/amb-motiu-del-seu-175-aniversari-el-gran-teatre-liceu-ha-reunit-119-centres-culturals-per-a-lexposicio-una-historia-compartida\/\"},\"wordCount\":145,\"publisher\":{\"@id\":\"https:\/\/www.museuolimpicbcn.cat\/ca\/#organization\"},\"image\":{\"@id\":\"https:\/\/www.museuolimpicbcn.cat\/ca\/amb-motiu-del-seu-175-aniversari-el-gran-teatre-liceu-ha-reunit-119-centres-culturals-per-a-lexposicio-una-historia-compartida\/#primaryimage\"},\"thumbnailUrl\":\"https:\/\/www.museuolimpicbcn.cat\/wp-content\/uploads\/sites\/2\/2022\/03\/LOW-sergi-panizo_220315_liceu-museus_002-scaled.jpg\",\"articleSection\":[\"Uncategorized @ca\"],\"inLanguage\":\"ca\"},{\"@type\":\"WebPage\",\"@id\":\"https:\/\/www.museuolimpicbcn.cat\/ca\/amb-motiu-del-seu-175-aniversari-el-gran-teatre-liceu-ha-reunit-119-centres-culturals-per-a-lexposicio-una-historia-compartida\/\",\"url\":\"https:\/\/www.museuolimpicbcn.cat\/ca\/amb-motiu-del-seu-175-aniversari-el-gran-teatre-liceu-ha-reunit-119-centres-culturals-per-a-lexposicio-una-historia-compartida\/\",\"name\":\"Amb motiu del seu 175 aniversari, el Gran Teatre Liceu ha reunit 119 centres culturals per a l'exposici\u00f3 \u201cUna Hist\u00f2ria Compartida\u201d. - Museu Ol\u00edmpic i de l&#039;Esport\",\"isPartOf\":{\"@id\":\"https:\/\/www.museuolimpicbcn.cat\/ca\/#website\"},\"primaryImageOfPage\":{\"@id\":\"https:\/\/www.museuolimpicbcn.cat\/ca\/amb-motiu-del-seu-175-aniversari-el-gran-teatre-liceu-ha-reunit-119-centres-culturals-per-a-lexposicio-una-historia-compartida\/#primaryimage\"},\"image\":{\"@id\":\"https:\/\/www.museuolimpicbcn.cat\/ca\/amb-motiu-del-seu-175-aniversari-el-gran-teatre-liceu-ha-reunit-119-centres-culturals-per-a-lexposicio-una-historia-compartida\/#primaryimage\"},\"thumbnailUrl\":\"https:\/\/www.museuolimpicbcn.cat\/wp-content\/uploads\/sites\/2\/2022\/03\/LOW-sergi-panizo_220315_liceu-museus_002-scaled.jpg\",\"datePublished\":\"2022-03-16T15:31:58+00:00\",\"dateModified\":\"2022-03-16T15:31:58+00:00\",\"breadcrumb\":{\"@id\":\"https:\/\/www.museuolimpicbcn.cat\/ca\/amb-motiu-del-seu-175-aniversari-el-gran-teatre-liceu-ha-reunit-119-centres-culturals-per-a-lexposicio-una-historia-compartida\/#breadcrumb\"},\"inLanguage\":\"ca\",\"potentialAction\":[{\"@type\":\"ReadAction\",\"target\":[\"https:\/\/www.museuolimpicbcn.cat\/ca\/amb-motiu-del-seu-175-aniversari-el-gran-teatre-liceu-ha-reunit-119-centres-culturals-per-a-lexposicio-una-historia-compartida\/\"]}]},{\"@type\":\"ImageObject\",\"inLanguage\":\"ca\",\"@id\":\"https:\/\/www.museuolimpicbcn.cat\/ca\/amb-motiu-del-seu-175-aniversari-el-gran-teatre-liceu-ha-reunit-119-centres-culturals-per-a-lexposicio-una-historia-compartida\/#primaryimage\",\"url\":\"https:\/\/www.museuolimpicbcn.cat\/wp-content\/uploads\/sites\/2\/2022\/03\/LOW-sergi-panizo_220315_liceu-museus_002-scaled.jpg\",\"contentUrl\":\"https:\/\/www.museuolimpicbcn.cat\/wp-content\/uploads\/sites\/2\/2022\/03\/LOW-sergi-panizo_220315_liceu-museus_002-scaled.jpg\",\"width\":2560,\"height\":1040},{\"@type\":\"BreadcrumbList\",\"@id\":\"https:\/\/www.museuolimpicbcn.cat\/ca\/amb-motiu-del-seu-175-aniversari-el-gran-teatre-liceu-ha-reunit-119-centres-culturals-per-a-lexposicio-una-historia-compartida\/#breadcrumb\",\"itemListElement\":[{\"@type\":\"ListItem\",\"position\":1,\"name\":\"Inici\",\"item\":\"https:\/\/www.museuolimpicbcn.cat\/es\/\"},{\"@type\":\"ListItem\",\"position\":2,\"name\":\"Amb motiu del seu 175 aniversari, el Gran Teatre Liceu ha reunit 119 centres culturals per a l&#8217;exposici\u00f3 \u201cUna Hist\u00f2ria Compartida\u201d.\"}]},{\"@type\":\"WebSite\",\"@id\":\"https:\/\/www.museuolimpicbcn.cat\/ca\/#website\",\"url\":\"https:\/\/www.museuolimpicbcn.cat\/ca\/\",\"name\":\"Museu Ol\u00edmpic i de l&#039;Esport\",\"description\":\"Altre lloc Web del Museu Ol\u00edmpic i de l&#039;Esport llocs\",\"publisher\":{\"@id\":\"https:\/\/www.museuolimpicbcn.cat\/ca\/#organization\"},\"potentialAction\":[{\"@type\":\"SearchAction\",\"target\":{\"@type\":\"EntryPoint\",\"urlTemplate\":\"https:\/\/www.museuolimpicbcn.cat\/ca\/?s={search_term_string}\"},\"query-input\":{\"@type\":\"PropertyValueSpecification\",\"valueRequired\":true,\"valueName\":\"search_term_string\"}}],\"inLanguage\":\"ca\"},{\"@type\":\"Organization\",\"@id\":\"https:\/\/www.museuolimpicbcn.cat\/ca\/#organization\",\"name\":\"Museu Ol\u00edmpic i de l&#039;Esport\",\"url\":\"https:\/\/www.museuolimpicbcn.cat\/ca\/\",\"logo\":{\"@type\":\"ImageObject\",\"inLanguage\":\"ca\",\"@id\":\"https:\/\/www.museuolimpicbcn.cat\/ca\/#\/schema\/logo\/image\/\",\"url\":\"https:\/\/www.museuolimpicbcn.cat\/wp-content\/uploads\/sites\/2\/2018\/12\/logo-moe-header.svg\",\"contentUrl\":\"https:\/\/www.museuolimpicbcn.cat\/wp-content\/uploads\/sites\/2\/2018\/12\/logo-moe-header.svg\",\"caption\":\"Museu Ol\u00edmpic i de l&#039;Esport\"},\"image\":{\"@id\":\"https:\/\/www.museuolimpicbcn.cat\/ca\/#\/schema\/logo\/image\/\"}},{\"@type\":\"Person\",\"@id\":\"https:\/\/www.museuolimpicbcn.cat\/ca\/#\/schema\/person\/b792834a53f193977df425a499287aa9\",\"name\":\"Ibone\",\"url\":\"https:\/\/www.museuolimpicbcn.cat\/ca\/author\/fbolimpica\/\"}]}<\/script>\n<!-- \/ Yoast SEO plugin. -->","yoast_head_json":{"title":"Amb motiu del seu 175 aniversari, el Gran Teatre Liceu ha reunit 119 centres culturals per a l'exposici\u00f3 \u201cUna Hist\u00f2ria Compartida\u201d. - Museu Ol\u00edmpic i de l&#039;Esport","robots":{"index":"index","follow":"follow","max-snippet":"max-snippet:-1","max-image-preview":"max-image-preview:large","max-video-preview":"max-video-preview:-1"},"canonical":"https:\/\/www.museuolimpicbcn.cat\/ca\/amb-motiu-del-seu-175-aniversari-el-gran-teatre-liceu-ha-reunit-119-centres-culturals-per-a-lexposicio-una-historia-compartida\/","og_locale":"ca_ES","og_type":"article","og_title":"Amb motiu del seu 175 aniversari, el Gran Teatre Liceu ha reunit 119 centres culturals per a l'exposici\u00f3 \u201cUna Hist\u00f2ria Compartida\u201d. - Museu Ol\u00edmpic i de l&#039;Esport","og_description":"Aquest nost\u00e0lgic projecte encap\u00e7alat pel Liceu ha comptat amb m\u00e9s de 100 centres de tota Catalunya relacionats amb la hist\u00f2ria del Gran Teatre. Entre les m\u00e9s de 145 obres, que compr\u00e8n pintures, fotografies, esbossos escenogr\u00e0fics, diorames, documents, instruments, etc., es troba H\u00e8rcules, la figura estrella de la Cerim\u00f2nia d&#8217;inauguraci\u00f3 dels Jocs Ol\u00edmpics de Barcelona en [&hellip;]","og_url":"https:\/\/www.museuolimpicbcn.cat\/ca\/amb-motiu-del-seu-175-aniversari-el-gran-teatre-liceu-ha-reunit-119-centres-culturals-per-a-lexposicio-una-historia-compartida\/","og_site_name":"Museu Ol\u00edmpic i de l&#039;Esport","article_published_time":"2022-03-16T15:31:58+00:00","og_image":[{"width":2560,"height":1040,"url":"https:\/\/www.museuolimpicbcn.cat\/wp-content\/uploads\/sites\/2\/2022\/03\/LOW-sergi-panizo_220315_liceu-museus_002-scaled.jpg","type":"image\/jpeg"}],"author":"Ibone","twitter_card":"summary_large_image","twitter_misc":{"Escrit per":"Ibone","Temps estimat de lectura":"1 minut"},"schema":{"@context":"https:\/\/schema.org","@graph":[{"@type":"Article","@id":"https:\/\/www.museuolimpicbcn.cat\/ca\/amb-motiu-del-seu-175-aniversari-el-gran-teatre-liceu-ha-reunit-119-centres-culturals-per-a-lexposicio-una-historia-compartida\/#article","isPartOf":{"@id":"https:\/\/www.museuolimpicbcn.cat\/ca\/amb-motiu-del-seu-175-aniversari-el-gran-teatre-liceu-ha-reunit-119-centres-culturals-per-a-lexposicio-una-historia-compartida\/"},"author":{"name":"Ibone","@id":"https:\/\/www.museuolimpicbcn.cat\/ca\/#\/schema\/person\/b792834a53f193977df425a499287aa9"},"headline":"Amb motiu del seu 175 aniversari, el Gran Teatre Liceu ha reunit 119 centres culturals per a l&#8217;exposici\u00f3 \u201cUna Hist\u00f2ria Compartida\u201d.","datePublished":"2022-03-16T15:31:58+00:00","dateModified":"2022-03-16T15:31:58+00:00","mainEntityOfPage":{"@id":"https:\/\/www.museuolimpicbcn.cat\/ca\/amb-motiu-del-seu-175-aniversari-el-gran-teatre-liceu-ha-reunit-119-centres-culturals-per-a-lexposicio-una-historia-compartida\/"},"wordCount":145,"publisher":{"@id":"https:\/\/www.museuolimpicbcn.cat\/ca\/#organization"},"image":{"@id":"https:\/\/www.museuolimpicbcn.cat\/ca\/amb-motiu-del-seu-175-aniversari-el-gran-teatre-liceu-ha-reunit-119-centres-culturals-per-a-lexposicio-una-historia-compartida\/#primaryimage"},"thumbnailUrl":"https:\/\/www.museuolimpicbcn.cat\/wp-content\/uploads\/sites\/2\/2022\/03\/LOW-sergi-panizo_220315_liceu-museus_002-scaled.jpg","articleSection":["Uncategorized @ca"],"inLanguage":"ca"},{"@type":"WebPage","@id":"https:\/\/www.museuolimpicbcn.cat\/ca\/amb-motiu-del-seu-175-aniversari-el-gran-teatre-liceu-ha-reunit-119-centres-culturals-per-a-lexposicio-una-historia-compartida\/","url":"https:\/\/www.museuolimpicbcn.cat\/ca\/amb-motiu-del-seu-175-aniversari-el-gran-teatre-liceu-ha-reunit-119-centres-culturals-per-a-lexposicio-una-historia-compartida\/","name":"Amb motiu del seu 175 aniversari, el Gran Teatre Liceu ha reunit 119 centres culturals per a l'exposici\u00f3 \u201cUna Hist\u00f2ria Compartida\u201d. - Museu Ol\u00edmpic i de l&#039;Esport","isPartOf":{"@id":"https:\/\/www.museuolimpicbcn.cat\/ca\/#website"},"primaryImageOfPage":{"@id":"https:\/\/www.museuolimpicbcn.cat\/ca\/amb-motiu-del-seu-175-aniversari-el-gran-teatre-liceu-ha-reunit-119-centres-culturals-per-a-lexposicio-una-historia-compartida\/#primaryimage"},"image":{"@id":"https:\/\/www.museuolimpicbcn.cat\/ca\/amb-motiu-del-seu-175-aniversari-el-gran-teatre-liceu-ha-reunit-119-centres-culturals-per-a-lexposicio-una-historia-compartida\/#primaryimage"},"thumbnailUrl":"https:\/\/www.museuolimpicbcn.cat\/wp-content\/uploads\/sites\/2\/2022\/03\/LOW-sergi-panizo_220315_liceu-museus_002-scaled.jpg","datePublished":"2022-03-16T15:31:58+00:00","dateModified":"2022-03-16T15:31:58+00:00","breadcrumb":{"@id":"https:\/\/www.museuolimpicbcn.cat\/ca\/amb-motiu-del-seu-175-aniversari-el-gran-teatre-liceu-ha-reunit-119-centres-culturals-per-a-lexposicio-una-historia-compartida\/#breadcrumb"},"inLanguage":"ca","potentialAction":[{"@type":"ReadAction","target":["https:\/\/www.museuolimpicbcn.cat\/ca\/amb-motiu-del-seu-175-aniversari-el-gran-teatre-liceu-ha-reunit-119-centres-culturals-per-a-lexposicio-una-historia-compartida\/"]}]},{"@type":"ImageObject","inLanguage":"ca","@id":"https:\/\/www.museuolimpicbcn.cat\/ca\/amb-motiu-del-seu-175-aniversari-el-gran-teatre-liceu-ha-reunit-119-centres-culturals-per-a-lexposicio-una-historia-compartida\/#primaryimage","url":"https:\/\/www.museuolimpicbcn.cat\/wp-content\/uploads\/sites\/2\/2022\/03\/LOW-sergi-panizo_220315_liceu-museus_002-scaled.jpg","contentUrl":"https:\/\/www.museuolimpicbcn.cat\/wp-content\/uploads\/sites\/2\/2022\/03\/LOW-sergi-panizo_220315_liceu-museus_002-scaled.jpg","width":2560,"height":1040},{"@type":"BreadcrumbList","@id":"https:\/\/www.museuolimpicbcn.cat\/ca\/amb-motiu-del-seu-175-aniversari-el-gran-teatre-liceu-ha-reunit-119-centres-culturals-per-a-lexposicio-una-historia-compartida\/#breadcrumb","itemListElement":[{"@type":"ListItem","position":1,"name":"Inici","item":"https:\/\/www.museuolimpicbcn.cat\/es\/"},{"@type":"ListItem","position":2,"name":"Amb motiu del seu 175 aniversari, el Gran Teatre Liceu ha reunit 119 centres culturals per a l&#8217;exposici\u00f3 \u201cUna Hist\u00f2ria Compartida\u201d."}]},{"@type":"WebSite","@id":"https:\/\/www.museuolimpicbcn.cat\/ca\/#website","url":"https:\/\/www.museuolimpicbcn.cat\/ca\/","name":"Museu Ol\u00edmpic i de l&#039;Esport","description":"Altre lloc Web del Museu Ol\u00edmpic i de l&#039;Esport llocs","publisher":{"@id":"https:\/\/www.museuolimpicbcn.cat\/ca\/#organization"},"potentialAction":[{"@type":"SearchAction","target":{"@type":"EntryPoint","urlTemplate":"https:\/\/www.museuolimpicbcn.cat\/ca\/?s={search_term_string}"},"query-input":{"@type":"PropertyValueSpecification","valueRequired":true,"valueName":"search_term_string"}}],"inLanguage":"ca"},{"@type":"Organization","@id":"https:\/\/www.museuolimpicbcn.cat\/ca\/#organization","name":"Museu Ol\u00edmpic i de l&#039;Esport","url":"https:\/\/www.museuolimpicbcn.cat\/ca\/","logo":{"@type":"ImageObject","inLanguage":"ca","@id":"https:\/\/www.museuolimpicbcn.cat\/ca\/#\/schema\/logo\/image\/","url":"https:\/\/www.museuolimpicbcn.cat\/wp-content\/uploads\/sites\/2\/2018\/12\/logo-moe-header.svg","contentUrl":"https:\/\/www.museuolimpicbcn.cat\/wp-content\/uploads\/sites\/2\/2018\/12\/logo-moe-header.svg","caption":"Museu Ol\u00edmpic i de l&#039;Esport"},"image":{"@id":"https:\/\/www.museuolimpicbcn.cat\/ca\/#\/schema\/logo\/image\/"}},{"@type":"Person","@id":"https:\/\/www.museuolimpicbcn.cat\/ca\/#\/schema\/person\/b792834a53f193977df425a499287aa9","name":"Ibone","url":"https:\/\/www.museuolimpicbcn.cat\/ca\/author\/fbolimpica\/"}]}},"_links":{"self":[{"href":"https:\/\/www.museuolimpicbcn.cat\/ca\/wp-json\/wp\/v2\/posts\/31912"}],"collection":[{"href":"https:\/\/www.museuolimpicbcn.cat\/ca\/wp-json\/wp\/v2\/posts"}],"about":[{"href":"https:\/\/www.museuolimpicbcn.cat\/ca\/wp-json\/wp\/v2\/types\/post"}],"author":[{"embeddable":true,"href":"https:\/\/www.museuolimpicbcn.cat\/ca\/wp-json\/wp\/v2\/users\/11"}],"replies":[{"embeddable":true,"href":"https:\/\/www.museuolimpicbcn.cat\/ca\/wp-json\/wp\/v2\/comments?post=31912"}],"version-history":[{"count":0,"href":"https:\/\/www.museuolimpicbcn.cat\/ca\/wp-json\/wp\/v2\/posts\/31912\/revisions"}],"wp:featuredmedia":[{"embeddable":true,"href":"https:\/\/www.museuolimpicbcn.cat\/ca\/wp-json\/wp\/v2\/media\/31909"}],"wp:attachment":[{"href":"https:\/\/www.museuolimpicbcn.cat\/ca\/wp-json\/wp\/v2\/media?parent=31912"}],"wp:term":[{"taxonomy":"category","embeddable":true,"href":"https:\/\/www.museuolimpicbcn.cat\/ca\/wp-json\/wp\/v2\/categories?post=31912"},{"taxonomy":"post_tag","embeddable":true,"href":"https:\/\/www.museuolimpicbcn.cat\/ca\/wp-json\/wp\/v2\/tags?post=31912"}],"curies":[{"name":"wp","href":"https:\/\/api.w.org\/{rel}","templated":true}]}}