{"id":32064,"date":"2022-03-23T19:05:13","date_gmt":"2022-03-23T18:05:13","guid":{"rendered":"https:\/\/www.museuolimpicbcn.cat\/?p=32064"},"modified":"2022-03-23T19:05:13","modified_gmt":"2022-03-23T18:05:13","slug":"jornada-desenvolupament-sostenible-i-esport-contribucio-de-lesport-en-lassoliment-dels-ods","status":"publish","type":"post","link":"https:\/\/www.museuolimpicbcn.cat\/ca\/jornada-desenvolupament-sostenible-i-esport-contribucio-de-lesport-en-lassoliment-dels-ods\/","title":{"rendered":"Jornada \u201cDesenvolupament sostenible i esport. Contribuci\u00f3 de l&#8217;esport en l&#8217;assoliment dels ODS\u201d"},"content":{"rendered":"<p>La jornada <strong>\u201cDesenvolupament sostenible i esport. Contribuci\u00f3 de l&#8217;esport en l&#8217;assoliment dels ODS\u201d<\/strong> del cicle de confer\u00e8ncies \u201cEl valor de l\u2019esport en el segle XXI\u201d s\u2019ha realitzat via streaming en les instal\u00b7lacions del Museu Ol\u00edmpic i ha estat retransmesa a trav\u00e9s de la p\u00e0gina web<a href=\"http:\/\/www.museuolimpicbcn.cat\">www.museuolimpicbcn.cat<\/a> i del <a href=\"https:\/\/youtu.be\/HfCX_U23QYI\">canal YouTube de la Fundaci\u00f3 Barcelona Ol\u00edmpica- Museu Ol\u00edmpic<\/a> on pots tornar a gaudir de la jornada.<\/p>\n<p><strong>David Escud\u00e9<\/strong>, president de la Fundaci\u00f3 Barcelona Ol\u00edmpica i regidor d\u2019Esports, ha estat l&#8217;encarregat de donar la benvinguda a aquest nou cicle de confer\u00e8ncies 2022 de \u201cEl valor de l&#8217;esport en el segle XXI\u201d i ha destacat la import\u00e0ncia d&#8217;aquestes jornades, on s\u2019han posat sobre la taula temes d&#8217;actualitat amb professionals del sector i la interacci\u00f3 directa de la ciutadania a trav\u00e9s del xat.<br \/>\nLa jornada, coordinada pel periodista de TV3 Jordi Fandi\u00f1o ha comptat amb la pres\u00e8ncia de <strong>Montse Ortiz<\/strong>, Coordinadora de la unitat de sensibilitzaci\u00f3 de la Fundaci\u00f3 Vicente Ferrer, que defensa la idea de \u201cl\u2019esport com a eina de transformaci\u00f3 social: promou la igualtat de g\u00e8nere en una societat. A trav\u00e9s de l\u2019esport es trenquen barreres, les noies i els nois fan esport junts. I tamb\u00e9 ajuda a superar les desigualtats de casta i les persones amb discapacitat\u201d. <strong>Miquel Rodr\u00edguez<\/strong>, Comissionat d&#8217;Agenda 2030 de l&#8217;Ajuntament de Barcelona, qui ens ha explicat algunes de les iniciatives de l&#8217;Ajuntament de Barcelona per a estar en sintonia amb l&#8217;Agenda 2030. <strong>Miquel Rafa,<\/strong> vicepresident primer d&#8217;Ecologia i Sostenibilitat del Centre Excursionista de Catalunya. El Centre Excursionista de Catalunya, primer club esportiu del m\u00f3n en obtenir la certificaci\u00f3 d\u2019alineament en ODS, on s\u2019han modificat aspectes com l\u2019organitzaci\u00f3, les compres, la reducci\u00f3 de residus, els subministraments, la gesti\u00f3 dels refugis de muntanya, un transport m\u00e9s sostenible, aspectes que ha estat menys dif\u00edcil del que semblava adaptar-s\u2019hi.<\/p>\n<p>Una confer\u00e8ncia molt interessant que pots tornar a veure <a href=\"https:\/\/youtu.be\/HfCX_U23QYI\"><strong>aqu\u00ed<\/strong><\/a><\/p>\n<p>El cicle de confer\u00e8ncies \u201cEl valor de l\u2019Esport en el segle XXI\u201d est\u00e0 organitzat per la Fundaci\u00f3 Barcelona Ol\u00edmpica en col\u00b7laboraci\u00f3 amb l\u2019Institut Barcelona Esports.<\/p>\n<p><a href=\"https:\/\/www.fundaciobarcelonaolimpica.es\/ca\/aceptar-newletter\/\"><strong>Inscriu-te al butllet\u00ed<\/strong><\/a><strong> de confer\u00e8ncies i descobreix la pr\u00f2xima.<\/strong><\/p>\n","protected":false},"excerpt":{"rendered":"<p>La jornada \u201cDesenvolupament sostenible i esport. Contribuci\u00f3 de l&#8217;esport en l&#8217;assoliment dels ODS\u201d del cicle de confer\u00e8ncies \u201cEl valor de l\u2019esport en el segle XXI\u201d s\u2019ha realitzat via streaming en les instal\u00b7lacions del Museu Ol\u00edmpic i ha estat retransmesa a trav\u00e9s de la p\u00e0gina webwww.museuolimpicbcn.cat i del canal YouTube de la Fundaci\u00f3 Barcelona Ol\u00edmpica- Museu [&hellip;]<\/p>\n","protected":false},"author":11,"featured_media":32068,"comment_status":"closed","ping_status":"closed","sticky":false,"template":"","format":"standard","meta":{"_acf_changed":false,"_price":"","_stock":"","_tribe_ticket_header":"","_tribe_default_ticket_provider":"","_tribe_ticket_capacity":"0","_ticket_start_date":"","_ticket_end_date":"","_tribe_ticket_show_description":"","_tribe_ticket_show_not_going":false,"_tribe_ticket_use_global_stock":"","_tribe_ticket_global_stock_level":"","_global_stock_mode":"","_global_stock_cap":"","_tribe_rsvp_for_event":"","_tribe_ticket_going_count":"","_tribe_ticket_not_going_count":"","_tribe_tickets_list":"[]","_tribe_ticket_has_attendee_info_fields":false,"footnotes":""},"categories":[1],"tags":[],"class_list":["post-32064","post","type-post","status-publish","format-standard","has-post-thumbnail","hentry","category-uncategorized-ca"],"acf":[],"yoast_head":"<!-- This site is optimized with the Yoast SEO plugin v23.7 - https:\/\/yoast.com\/wordpress\/plugins\/seo\/ -->\n<title>Jornada \u201cDesenvolupament sostenible i esport. Contribuci\u00f3 de l&#039;esport en l&#039;assoliment dels ODS\u201d - Museu Ol\u00edmpic i de l&#039;Esport<\/title>\n<meta name=\"robots\" content=\"index, follow, max-snippet:-1, max-image-preview:large, max-video-preview:-1\" \/>\n<link rel=\"canonical\" href=\"https:\/\/www.museuolimpicbcn.cat\/ca\/jornada-desenvolupament-sostenible-i-esport-contribucio-de-lesport-en-lassoliment-dels-ods\/\" \/>\n<meta property=\"og:locale\" content=\"ca_ES\" \/>\n<meta property=\"og:type\" content=\"article\" \/>\n<meta property=\"og:title\" content=\"Jornada \u201cDesenvolupament sostenible i esport. Contribuci\u00f3 de l&#039;esport en l&#039;assoliment dels ODS\u201d - Museu Ol\u00edmpic i de l&#039;Esport\" \/>\n<meta property=\"og:description\" content=\"La jornada \u201cDesenvolupament sostenible i esport. Contribuci\u00f3 de l&#8217;esport en l&#8217;assoliment dels ODS\u201d del cicle de confer\u00e8ncies \u201cEl valor de l\u2019esport en el segle XXI\u201d s\u2019ha realitzat via streaming en les instal\u00b7lacions del Museu Ol\u00edmpic i ha estat retransmesa a trav\u00e9s de la p\u00e0gina webwww.museuolimpicbcn.cat i del canal YouTube de la Fundaci\u00f3 Barcelona Ol\u00edmpica- Museu [&hellip;]\" \/>\n<meta property=\"og:url\" content=\"https:\/\/www.museuolimpicbcn.cat\/ca\/jornada-desenvolupament-sostenible-i-esport-contribucio-de-lesport-en-lassoliment-dels-ods\/\" \/>\n<meta property=\"og:site_name\" content=\"Museu Ol\u00edmpic i de l&#039;Esport\" \/>\n<meta property=\"article:published_time\" content=\"2022-03-23T18:05:13+00:00\" \/>\n<meta property=\"og:image\" content=\"https:\/\/www.museuolimpicbcn.cat\/wp-content\/uploads\/sites\/2\/2022\/03\/Valoresport-Museu-Olimpic-_23-scaled.jpg\" \/>\n\t<meta property=\"og:image:width\" content=\"2560\" \/>\n\t<meta property=\"og:image:height\" content=\"1742\" \/>\n\t<meta property=\"og:image:type\" content=\"image\/jpeg\" \/>\n<meta name=\"author\" content=\"Ibone\" \/>\n<meta name=\"twitter:card\" content=\"summary_large_image\" \/>\n<meta name=\"twitter:label1\" content=\"Escrit per\" \/>\n\t<meta name=\"twitter:data1\" content=\"Ibone\" \/>\n\t<meta name=\"twitter:label2\" content=\"Temps estimat de lectura\" \/>\n\t<meta name=\"twitter:data2\" content=\"2 minuts\" \/>\n<script type=\"application\/ld+json\" class=\"yoast-schema-graph\">{\"@context\":\"https:\/\/schema.org\",\"@graph\":[{\"@type\":\"Article\",\"@id\":\"https:\/\/www.museuolimpicbcn.cat\/ca\/jornada-desenvolupament-sostenible-i-esport-contribucio-de-lesport-en-lassoliment-dels-ods\/#article\",\"isPartOf\":{\"@id\":\"https:\/\/www.museuolimpicbcn.cat\/ca\/jornada-desenvolupament-sostenible-i-esport-contribucio-de-lesport-en-lassoliment-dels-ods\/\"},\"author\":{\"name\":\"Ibone\",\"@id\":\"https:\/\/www.museuolimpicbcn.cat\/ca\/#\/schema\/person\/b792834a53f193977df425a499287aa9\"},\"headline\":\"Jornada \u201cDesenvolupament sostenible i esport. Contribuci\u00f3 de l&#8217;esport en l&#8217;assoliment dels ODS\u201d\",\"datePublished\":\"2022-03-23T18:05:13+00:00\",\"dateModified\":\"2022-03-23T18:05:13+00:00\",\"mainEntityOfPage\":{\"@id\":\"https:\/\/www.museuolimpicbcn.cat\/ca\/jornada-desenvolupament-sostenible-i-esport-contribucio-de-lesport-en-lassoliment-dels-ods\/\"},\"wordCount\":389,\"publisher\":{\"@id\":\"https:\/\/www.museuolimpicbcn.cat\/ca\/#organization\"},\"image\":{\"@id\":\"https:\/\/www.museuolimpicbcn.cat\/ca\/jornada-desenvolupament-sostenible-i-esport-contribucio-de-lesport-en-lassoliment-dels-ods\/#primaryimage\"},\"thumbnailUrl\":\"https:\/\/www.museuolimpicbcn.cat\/wp-content\/uploads\/sites\/2\/2022\/03\/Valoresport-Museu-Olimpic-_23-scaled.jpg\",\"articleSection\":[\"Uncategorized @ca\"],\"inLanguage\":\"ca\"},{\"@type\":\"WebPage\",\"@id\":\"https:\/\/www.museuolimpicbcn.cat\/ca\/jornada-desenvolupament-sostenible-i-esport-contribucio-de-lesport-en-lassoliment-dels-ods\/\",\"url\":\"https:\/\/www.museuolimpicbcn.cat\/ca\/jornada-desenvolupament-sostenible-i-esport-contribucio-de-lesport-en-lassoliment-dels-ods\/\",\"name\":\"Jornada \u201cDesenvolupament sostenible i esport. Contribuci\u00f3 de l'esport en l'assoliment dels ODS\u201d - Museu Ol\u00edmpic i de l&#039;Esport\",\"isPartOf\":{\"@id\":\"https:\/\/www.museuolimpicbcn.cat\/ca\/#website\"},\"primaryImageOfPage\":{\"@id\":\"https:\/\/www.museuolimpicbcn.cat\/ca\/jornada-desenvolupament-sostenible-i-esport-contribucio-de-lesport-en-lassoliment-dels-ods\/#primaryimage\"},\"image\":{\"@id\":\"https:\/\/www.museuolimpicbcn.cat\/ca\/jornada-desenvolupament-sostenible-i-esport-contribucio-de-lesport-en-lassoliment-dels-ods\/#primaryimage\"},\"thumbnailUrl\":\"https:\/\/www.museuolimpicbcn.cat\/wp-content\/uploads\/sites\/2\/2022\/03\/Valoresport-Museu-Olimpic-_23-scaled.jpg\",\"datePublished\":\"2022-03-23T18:05:13+00:00\",\"dateModified\":\"2022-03-23T18:05:13+00:00\",\"breadcrumb\":{\"@id\":\"https:\/\/www.museuolimpicbcn.cat\/ca\/jornada-desenvolupament-sostenible-i-esport-contribucio-de-lesport-en-lassoliment-dels-ods\/#breadcrumb\"},\"inLanguage\":\"ca\",\"potentialAction\":[{\"@type\":\"ReadAction\",\"target\":[\"https:\/\/www.museuolimpicbcn.cat\/ca\/jornada-desenvolupament-sostenible-i-esport-contribucio-de-lesport-en-lassoliment-dels-ods\/\"]}]},{\"@type\":\"ImageObject\",\"inLanguage\":\"ca\",\"@id\":\"https:\/\/www.museuolimpicbcn.cat\/ca\/jornada-desenvolupament-sostenible-i-esport-contribucio-de-lesport-en-lassoliment-dels-ods\/#primaryimage\",\"url\":\"https:\/\/www.museuolimpicbcn.cat\/wp-content\/uploads\/sites\/2\/2022\/03\/Valoresport-Museu-Olimpic-_23-scaled.jpg\",\"contentUrl\":\"https:\/\/www.museuolimpicbcn.cat\/wp-content\/uploads\/sites\/2\/2022\/03\/Valoresport-Museu-Olimpic-_23-scaled.jpg\",\"width\":2560,\"height\":1742},{\"@type\":\"BreadcrumbList\",\"@id\":\"https:\/\/www.museuolimpicbcn.cat\/ca\/jornada-desenvolupament-sostenible-i-esport-contribucio-de-lesport-en-lassoliment-dels-ods\/#breadcrumb\",\"itemListElement\":[{\"@type\":\"ListItem\",\"position\":1,\"name\":\"Inici\",\"item\":\"https:\/\/www.museuolimpicbcn.cat\/es\/\"},{\"@type\":\"ListItem\",\"position\":2,\"name\":\"Jornada \u201cDesenvolupament sostenible i esport. Contribuci\u00f3 de l&#8217;esport en l&#8217;assoliment dels ODS\u201d\"}]},{\"@type\":\"WebSite\",\"@id\":\"https:\/\/www.museuolimpicbcn.cat\/ca\/#website\",\"url\":\"https:\/\/www.museuolimpicbcn.cat\/ca\/\",\"name\":\"Museu Ol\u00edmpic i de l&#039;Esport\",\"description\":\"Altre lloc Web del Museu Ol\u00edmpic i de l&#039;Esport llocs\",\"publisher\":{\"@id\":\"https:\/\/www.museuolimpicbcn.cat\/ca\/#organization\"},\"potentialAction\":[{\"@type\":\"SearchAction\",\"target\":{\"@type\":\"EntryPoint\",\"urlTemplate\":\"https:\/\/www.museuolimpicbcn.cat\/ca\/?s={search_term_string}\"},\"query-input\":{\"@type\":\"PropertyValueSpecification\",\"valueRequired\":true,\"valueName\":\"search_term_string\"}}],\"inLanguage\":\"ca\"},{\"@type\":\"Organization\",\"@id\":\"https:\/\/www.museuolimpicbcn.cat\/ca\/#organization\",\"name\":\"Museu Ol\u00edmpic i de l&#039;Esport\",\"url\":\"https:\/\/www.museuolimpicbcn.cat\/ca\/\",\"logo\":{\"@type\":\"ImageObject\",\"inLanguage\":\"ca\",\"@id\":\"https:\/\/www.museuolimpicbcn.cat\/ca\/#\/schema\/logo\/image\/\",\"url\":\"https:\/\/www.museuolimpicbcn.cat\/wp-content\/uploads\/sites\/2\/2018\/12\/logo-moe-header.svg\",\"contentUrl\":\"https:\/\/www.museuolimpicbcn.cat\/wp-content\/uploads\/sites\/2\/2018\/12\/logo-moe-header.svg\",\"caption\":\"Museu Ol\u00edmpic i de l&#039;Esport\"},\"image\":{\"@id\":\"https:\/\/www.museuolimpicbcn.cat\/ca\/#\/schema\/logo\/image\/\"}},{\"@type\":\"Person\",\"@id\":\"https:\/\/www.museuolimpicbcn.cat\/ca\/#\/schema\/person\/b792834a53f193977df425a499287aa9\",\"name\":\"Ibone\",\"url\":\"https:\/\/www.museuolimpicbcn.cat\/ca\/author\/fbolimpica\/\"}]}<\/script>\n<!-- \/ Yoast SEO plugin. -->","yoast_head_json":{"title":"Jornada \u201cDesenvolupament sostenible i esport. Contribuci\u00f3 de l'esport en l'assoliment dels ODS\u201d - Museu Ol\u00edmpic i de l&#039;Esport","robots":{"index":"index","follow":"follow","max-snippet":"max-snippet:-1","max-image-preview":"max-image-preview:large","max-video-preview":"max-video-preview:-1"},"canonical":"https:\/\/www.museuolimpicbcn.cat\/ca\/jornada-desenvolupament-sostenible-i-esport-contribucio-de-lesport-en-lassoliment-dels-ods\/","og_locale":"ca_ES","og_type":"article","og_title":"Jornada \u201cDesenvolupament sostenible i esport. Contribuci\u00f3 de l'esport en l'assoliment dels ODS\u201d - Museu Ol\u00edmpic i de l&#039;Esport","og_description":"La jornada \u201cDesenvolupament sostenible i esport. Contribuci\u00f3 de l&#8217;esport en l&#8217;assoliment dels ODS\u201d del cicle de confer\u00e8ncies \u201cEl valor de l\u2019esport en el segle XXI\u201d s\u2019ha realitzat via streaming en les instal\u00b7lacions del Museu Ol\u00edmpic i ha estat retransmesa a trav\u00e9s de la p\u00e0gina webwww.museuolimpicbcn.cat i del canal YouTube de la Fundaci\u00f3 Barcelona Ol\u00edmpica- Museu [&hellip;]","og_url":"https:\/\/www.museuolimpicbcn.cat\/ca\/jornada-desenvolupament-sostenible-i-esport-contribucio-de-lesport-en-lassoliment-dels-ods\/","og_site_name":"Museu Ol\u00edmpic i de l&#039;Esport","article_published_time":"2022-03-23T18:05:13+00:00","og_image":[{"width":2560,"height":1742,"url":"https:\/\/www.museuolimpicbcn.cat\/wp-content\/uploads\/sites\/2\/2022\/03\/Valoresport-Museu-Olimpic-_23-scaled.jpg","type":"image\/jpeg"}],"author":"Ibone","twitter_card":"summary_large_image","twitter_misc":{"Escrit per":"Ibone","Temps estimat de lectura":"2 minuts"},"schema":{"@context":"https:\/\/schema.org","@graph":[{"@type":"Article","@id":"https:\/\/www.museuolimpicbcn.cat\/ca\/jornada-desenvolupament-sostenible-i-esport-contribucio-de-lesport-en-lassoliment-dels-ods\/#article","isPartOf":{"@id":"https:\/\/www.museuolimpicbcn.cat\/ca\/jornada-desenvolupament-sostenible-i-esport-contribucio-de-lesport-en-lassoliment-dels-ods\/"},"author":{"name":"Ibone","@id":"https:\/\/www.museuolimpicbcn.cat\/ca\/#\/schema\/person\/b792834a53f193977df425a499287aa9"},"headline":"Jornada \u201cDesenvolupament sostenible i esport. Contribuci\u00f3 de l&#8217;esport en l&#8217;assoliment dels ODS\u201d","datePublished":"2022-03-23T18:05:13+00:00","dateModified":"2022-03-23T18:05:13+00:00","mainEntityOfPage":{"@id":"https:\/\/www.museuolimpicbcn.cat\/ca\/jornada-desenvolupament-sostenible-i-esport-contribucio-de-lesport-en-lassoliment-dels-ods\/"},"wordCount":389,"publisher":{"@id":"https:\/\/www.museuolimpicbcn.cat\/ca\/#organization"},"image":{"@id":"https:\/\/www.museuolimpicbcn.cat\/ca\/jornada-desenvolupament-sostenible-i-esport-contribucio-de-lesport-en-lassoliment-dels-ods\/#primaryimage"},"thumbnailUrl":"https:\/\/www.museuolimpicbcn.cat\/wp-content\/uploads\/sites\/2\/2022\/03\/Valoresport-Museu-Olimpic-_23-scaled.jpg","articleSection":["Uncategorized @ca"],"inLanguage":"ca"},{"@type":"WebPage","@id":"https:\/\/www.museuolimpicbcn.cat\/ca\/jornada-desenvolupament-sostenible-i-esport-contribucio-de-lesport-en-lassoliment-dels-ods\/","url":"https:\/\/www.museuolimpicbcn.cat\/ca\/jornada-desenvolupament-sostenible-i-esport-contribucio-de-lesport-en-lassoliment-dels-ods\/","name":"Jornada \u201cDesenvolupament sostenible i esport. Contribuci\u00f3 de l'esport en l'assoliment dels ODS\u201d - Museu Ol\u00edmpic i de l&#039;Esport","isPartOf":{"@id":"https:\/\/www.museuolimpicbcn.cat\/ca\/#website"},"primaryImageOfPage":{"@id":"https:\/\/www.museuolimpicbcn.cat\/ca\/jornada-desenvolupament-sostenible-i-esport-contribucio-de-lesport-en-lassoliment-dels-ods\/#primaryimage"},"image":{"@id":"https:\/\/www.museuolimpicbcn.cat\/ca\/jornada-desenvolupament-sostenible-i-esport-contribucio-de-lesport-en-lassoliment-dels-ods\/#primaryimage"},"thumbnailUrl":"https:\/\/www.museuolimpicbcn.cat\/wp-content\/uploads\/sites\/2\/2022\/03\/Valoresport-Museu-Olimpic-_23-scaled.jpg","datePublished":"2022-03-23T18:05:13+00:00","dateModified":"2022-03-23T18:05:13+00:00","breadcrumb":{"@id":"https:\/\/www.museuolimpicbcn.cat\/ca\/jornada-desenvolupament-sostenible-i-esport-contribucio-de-lesport-en-lassoliment-dels-ods\/#breadcrumb"},"inLanguage":"ca","potentialAction":[{"@type":"ReadAction","target":["https:\/\/www.museuolimpicbcn.cat\/ca\/jornada-desenvolupament-sostenible-i-esport-contribucio-de-lesport-en-lassoliment-dels-ods\/"]}]},{"@type":"ImageObject","inLanguage":"ca","@id":"https:\/\/www.museuolimpicbcn.cat\/ca\/jornada-desenvolupament-sostenible-i-esport-contribucio-de-lesport-en-lassoliment-dels-ods\/#primaryimage","url":"https:\/\/www.museuolimpicbcn.cat\/wp-content\/uploads\/sites\/2\/2022\/03\/Valoresport-Museu-Olimpic-_23-scaled.jpg","contentUrl":"https:\/\/www.museuolimpicbcn.cat\/wp-content\/uploads\/sites\/2\/2022\/03\/Valoresport-Museu-Olimpic-_23-scaled.jpg","width":2560,"height":1742},{"@type":"BreadcrumbList","@id":"https:\/\/www.museuolimpicbcn.cat\/ca\/jornada-desenvolupament-sostenible-i-esport-contribucio-de-lesport-en-lassoliment-dels-ods\/#breadcrumb","itemListElement":[{"@type":"ListItem","position":1,"name":"Inici","item":"https:\/\/www.museuolimpicbcn.cat\/es\/"},{"@type":"ListItem","position":2,"name":"Jornada \u201cDesenvolupament sostenible i esport. Contribuci\u00f3 de l&#8217;esport en l&#8217;assoliment dels ODS\u201d"}]},{"@type":"WebSite","@id":"https:\/\/www.museuolimpicbcn.cat\/ca\/#website","url":"https:\/\/www.museuolimpicbcn.cat\/ca\/","name":"Museu Ol\u00edmpic i de l&#039;Esport","description":"Altre lloc Web del Museu Ol\u00edmpic i de l&#039;Esport llocs","publisher":{"@id":"https:\/\/www.museuolimpicbcn.cat\/ca\/#organization"},"potentialAction":[{"@type":"SearchAction","target":{"@type":"EntryPoint","urlTemplate":"https:\/\/www.museuolimpicbcn.cat\/ca\/?s={search_term_string}"},"query-input":{"@type":"PropertyValueSpecification","valueRequired":true,"valueName":"search_term_string"}}],"inLanguage":"ca"},{"@type":"Organization","@id":"https:\/\/www.museuolimpicbcn.cat\/ca\/#organization","name":"Museu Ol\u00edmpic i de l&#039;Esport","url":"https:\/\/www.museuolimpicbcn.cat\/ca\/","logo":{"@type":"ImageObject","inLanguage":"ca","@id":"https:\/\/www.museuolimpicbcn.cat\/ca\/#\/schema\/logo\/image\/","url":"https:\/\/www.museuolimpicbcn.cat\/wp-content\/uploads\/sites\/2\/2018\/12\/logo-moe-header.svg","contentUrl":"https:\/\/www.museuolimpicbcn.cat\/wp-content\/uploads\/sites\/2\/2018\/12\/logo-moe-header.svg","caption":"Museu Ol\u00edmpic i de l&#039;Esport"},"image":{"@id":"https:\/\/www.museuolimpicbcn.cat\/ca\/#\/schema\/logo\/image\/"}},{"@type":"Person","@id":"https:\/\/www.museuolimpicbcn.cat\/ca\/#\/schema\/person\/b792834a53f193977df425a499287aa9","name":"Ibone","url":"https:\/\/www.museuolimpicbcn.cat\/ca\/author\/fbolimpica\/"}]}},"_links":{"self":[{"href":"https:\/\/www.museuolimpicbcn.cat\/ca\/wp-json\/wp\/v2\/posts\/32064"}],"collection":[{"href":"https:\/\/www.museuolimpicbcn.cat\/ca\/wp-json\/wp\/v2\/posts"}],"about":[{"href":"https:\/\/www.museuolimpicbcn.cat\/ca\/wp-json\/wp\/v2\/types\/post"}],"author":[{"embeddable":true,"href":"https:\/\/www.museuolimpicbcn.cat\/ca\/wp-json\/wp\/v2\/users\/11"}],"replies":[{"embeddable":true,"href":"https:\/\/www.museuolimpicbcn.cat\/ca\/wp-json\/wp\/v2\/comments?post=32064"}],"version-history":[{"count":1,"href":"https:\/\/www.museuolimpicbcn.cat\/ca\/wp-json\/wp\/v2\/posts\/32064\/revisions"}],"predecessor-version":[{"id":32092,"href":"https:\/\/www.museuolimpicbcn.cat\/ca\/wp-json\/wp\/v2\/posts\/32064\/revisions\/32092"}],"wp:featuredmedia":[{"embeddable":true,"href":"https:\/\/www.museuolimpicbcn.cat\/ca\/wp-json\/wp\/v2\/media\/32068"}],"wp:attachment":[{"href":"https:\/\/www.museuolimpicbcn.cat\/ca\/wp-json\/wp\/v2\/media?parent=32064"}],"wp:term":[{"taxonomy":"category","embeddable":true,"href":"https:\/\/www.museuolimpicbcn.cat\/ca\/wp-json\/wp\/v2\/categories?post=32064"},{"taxonomy":"post_tag","embeddable":true,"href":"https:\/\/www.museuolimpicbcn.cat\/ca\/wp-json\/wp\/v2\/tags?post=32064"}],"curies":[{"name":"wp","href":"https:\/\/api.w.org\/{rel}","templated":true}]}}