{"id":32455,"date":"2022-05-09T10:53:23","date_gmt":"2022-05-09T08:53:23","guid":{"rendered":"https:\/\/www.museuolimpicbcn.cat\/?p=32455"},"modified":"2022-05-09T10:53:23","modified_gmt":"2022-05-09T08:53:23","slug":"presentacion-de-la-43-edicion-de-la-zurich-marato-barcelona","status":"publish","type":"post","link":"https:\/\/www.museuolimpicbcn.cat\/ca\/presentacion-de-la-43-edicion-de-la-zurich-marato-barcelona\/","title":{"rendered":"Presentaci\u00f3n de la 43 edici\u00f3n de la Zurich Marat\u00f3 Barcelona"},"content":{"rendered":"<p>David Escud\u00e9, regidor de Deportes y Mauro Llorens, director de la Zurich Marat\u00f3 Barcelona, han presentado la 43 edici\u00f3n de la Zurich Marat\u00f3 Barcelona en el Museo Ol\u00edmpico.<br \/>\nEl acto ha contado con la presencia de los y las atletas de \u00e9lite que participan en la carrera: Samuel Kosgei, Abel Kirui, Tadelech Bekele y Meseret Gebre.<\/p>\n","protected":false},"excerpt":{"rendered":"<p>David Escud\u00e9, regidor de Deportes y Mauro Llorens, director de la Zurich Marat\u00f3 Barcelona, han presentado la 43 edici\u00f3n de la Zurich Marat\u00f3 Barcelona en el Museo Ol\u00edmpico. El acto ha contado con la presencia de los y las atletas de \u00e9lite que participan en la carrera: Samuel Kosgei, Abel Kirui, Tadelech Bekele y Meseret [&hellip;]<\/p>\n","protected":false},"author":11,"featured_media":32464,"comment_status":"closed","ping_status":"closed","sticky":false,"template":"","format":"standard","meta":{"_acf_changed":false,"_price":"","_stock":"","_tribe_ticket_header":"","_tribe_default_ticket_provider":"","_tribe_ticket_capacity":"0","_ticket_start_date":"","_ticket_end_date":"","_tribe_ticket_show_description":"","_tribe_ticket_show_not_going":false,"_tribe_ticket_use_global_stock":"","_tribe_ticket_global_stock_level":"","_global_stock_mode":"","_global_stock_cap":"","_tribe_rsvp_for_event":"","_tribe_ticket_going_count":"","_tribe_ticket_not_going_count":"","_tribe_tickets_list":"[]","_tribe_ticket_has_attendee_info_fields":false,"footnotes":""},"categories":[1],"tags":[],"class_list":["post-32455","post","type-post","status-publish","format-standard","has-post-thumbnail","hentry","category-uncategorized-ca"],"acf":[],"yoast_head":"<!-- This site is optimized with the Yoast SEO plugin v23.7 - https:\/\/yoast.com\/wordpress\/plugins\/seo\/ -->\n<title>Presentaci\u00f3n de la 43 edici\u00f3n de la Zurich Marat\u00f3 Barcelona - Museu Ol\u00edmpic i de l&#039;Esport<\/title>\n<meta name=\"robots\" content=\"index, follow, max-snippet:-1, max-image-preview:large, max-video-preview:-1\" \/>\n<link rel=\"canonical\" href=\"https:\/\/www.museuolimpicbcn.cat\/ca\/presentacion-de-la-43-edicion-de-la-zurich-marato-barcelona\/\" \/>\n<meta property=\"og:locale\" content=\"ca_ES\" \/>\n<meta property=\"og:type\" content=\"article\" \/>\n<meta property=\"og:title\" content=\"Presentaci\u00f3n de la 43 edici\u00f3n de la Zurich Marat\u00f3 Barcelona - Museu Ol\u00edmpic i de l&#039;Esport\" \/>\n<meta property=\"og:description\" content=\"David Escud\u00e9, regidor de Deportes y Mauro Llorens, director de la Zurich Marat\u00f3 Barcelona, han presentado la 43 edici\u00f3n de la Zurich Marat\u00f3 Barcelona en el Museo Ol\u00edmpico. El acto ha contado con la presencia de los y las atletas de \u00e9lite que participan en la carrera: Samuel Kosgei, Abel Kirui, Tadelech Bekele y Meseret [&hellip;]\" \/>\n<meta property=\"og:url\" content=\"https:\/\/www.museuolimpicbcn.cat\/ca\/presentacion-de-la-43-edicion-de-la-zurich-marato-barcelona\/\" \/>\n<meta property=\"og:site_name\" content=\"Museu Ol\u00edmpic i de l&#039;Esport\" \/>\n<meta property=\"article:published_time\" content=\"2022-05-09T08:53:23+00:00\" \/>\n<meta property=\"og:image\" content=\"https:\/\/www.museuolimpicbcn.cat\/wp-content\/uploads\/sites\/2\/2022\/05\/20220505_123330-scaled.jpeg\" \/>\n\t<meta property=\"og:image:width\" content=\"2560\" \/>\n\t<meta property=\"og:image:height\" content=\"1920\" \/>\n\t<meta property=\"og:image:type\" content=\"image\/jpeg\" \/>\n<meta name=\"author\" content=\"Ibone\" \/>\n<meta name=\"twitter:card\" content=\"summary_large_image\" \/>\n<meta name=\"twitter:label1\" content=\"Escrit per\" \/>\n\t<meta name=\"twitter:data1\" content=\"Ibone\" \/>\n<script type=\"application\/ld+json\" class=\"yoast-schema-graph\">{\"@context\":\"https:\/\/schema.org\",\"@graph\":[{\"@type\":\"Article\",\"@id\":\"https:\/\/www.museuolimpicbcn.cat\/ca\/presentacion-de-la-43-edicion-de-la-zurich-marato-barcelona\/#article\",\"isPartOf\":{\"@id\":\"https:\/\/www.museuolimpicbcn.cat\/ca\/presentacion-de-la-43-edicion-de-la-zurich-marato-barcelona\/\"},\"author\":{\"name\":\"Ibone\",\"@id\":\"https:\/\/www.museuolimpicbcn.cat\/ca\/#\/schema\/person\/b792834a53f193977df425a499287aa9\"},\"headline\":\"Presentaci\u00f3n de la 43 edici\u00f3n de la Zurich Marat\u00f3 Barcelona\",\"datePublished\":\"2022-05-09T08:53:23+00:00\",\"dateModified\":\"2022-05-09T08:53:23+00:00\",\"mainEntityOfPage\":{\"@id\":\"https:\/\/www.museuolimpicbcn.cat\/ca\/presentacion-de-la-43-edicion-de-la-zurich-marato-barcelona\/\"},\"wordCount\":68,\"publisher\":{\"@id\":\"https:\/\/www.museuolimpicbcn.cat\/ca\/#organization\"},\"image\":{\"@id\":\"https:\/\/www.museuolimpicbcn.cat\/ca\/presentacion-de-la-43-edicion-de-la-zurich-marato-barcelona\/#primaryimage\"},\"thumbnailUrl\":\"https:\/\/www.museuolimpicbcn.cat\/wp-content\/uploads\/sites\/2\/2022\/05\/20220505_123330-scaled.jpeg\",\"articleSection\":[\"Uncategorized @ca\"],\"inLanguage\":\"ca\"},{\"@type\":\"WebPage\",\"@id\":\"https:\/\/www.museuolimpicbcn.cat\/ca\/presentacion-de-la-43-edicion-de-la-zurich-marato-barcelona\/\",\"url\":\"https:\/\/www.museuolimpicbcn.cat\/ca\/presentacion-de-la-43-edicion-de-la-zurich-marato-barcelona\/\",\"name\":\"Presentaci\u00f3n de la 43 edici\u00f3n de la Zurich Marat\u00f3 Barcelona - Museu Ol\u00edmpic i de l&#039;Esport\",\"isPartOf\":{\"@id\":\"https:\/\/www.museuolimpicbcn.cat\/ca\/#website\"},\"primaryImageOfPage\":{\"@id\":\"https:\/\/www.museuolimpicbcn.cat\/ca\/presentacion-de-la-43-edicion-de-la-zurich-marato-barcelona\/#primaryimage\"},\"image\":{\"@id\":\"https:\/\/www.museuolimpicbcn.cat\/ca\/presentacion-de-la-43-edicion-de-la-zurich-marato-barcelona\/#primaryimage\"},\"thumbnailUrl\":\"https:\/\/www.museuolimpicbcn.cat\/wp-content\/uploads\/sites\/2\/2022\/05\/20220505_123330-scaled.jpeg\",\"datePublished\":\"2022-05-09T08:53:23+00:00\",\"dateModified\":\"2022-05-09T08:53:23+00:00\",\"breadcrumb\":{\"@id\":\"https:\/\/www.museuolimpicbcn.cat\/ca\/presentacion-de-la-43-edicion-de-la-zurich-marato-barcelona\/#breadcrumb\"},\"inLanguage\":\"ca\",\"potentialAction\":[{\"@type\":\"ReadAction\",\"target\":[\"https:\/\/www.museuolimpicbcn.cat\/ca\/presentacion-de-la-43-edicion-de-la-zurich-marato-barcelona\/\"]}]},{\"@type\":\"ImageObject\",\"inLanguage\":\"ca\",\"@id\":\"https:\/\/www.museuolimpicbcn.cat\/ca\/presentacion-de-la-43-edicion-de-la-zurich-marato-barcelona\/#primaryimage\",\"url\":\"https:\/\/www.museuolimpicbcn.cat\/wp-content\/uploads\/sites\/2\/2022\/05\/20220505_123330-scaled.jpeg\",\"contentUrl\":\"https:\/\/www.museuolimpicbcn.cat\/wp-content\/uploads\/sites\/2\/2022\/05\/20220505_123330-scaled.jpeg\",\"width\":2560,\"height\":1920},{\"@type\":\"BreadcrumbList\",\"@id\":\"https:\/\/www.museuolimpicbcn.cat\/ca\/presentacion-de-la-43-edicion-de-la-zurich-marato-barcelona\/#breadcrumb\",\"itemListElement\":[{\"@type\":\"ListItem\",\"position\":1,\"name\":\"Inici\",\"item\":\"https:\/\/www.museuolimpicbcn.cat\/es\/\"},{\"@type\":\"ListItem\",\"position\":2,\"name\":\"Presentaci\u00f3n de la 43 edici\u00f3n de la Zurich Marat\u00f3 Barcelona\"}]},{\"@type\":\"WebSite\",\"@id\":\"https:\/\/www.museuolimpicbcn.cat\/ca\/#website\",\"url\":\"https:\/\/www.museuolimpicbcn.cat\/ca\/\",\"name\":\"Museu Ol\u00edmpic i de l&#039;Esport\",\"description\":\"Altre lloc Web del Museu Ol\u00edmpic i de l&#039;Esport llocs\",\"publisher\":{\"@id\":\"https:\/\/www.museuolimpicbcn.cat\/ca\/#organization\"},\"potentialAction\":[{\"@type\":\"SearchAction\",\"target\":{\"@type\":\"EntryPoint\",\"urlTemplate\":\"https:\/\/www.museuolimpicbcn.cat\/ca\/?s={search_term_string}\"},\"query-input\":{\"@type\":\"PropertyValueSpecification\",\"valueRequired\":true,\"valueName\":\"search_term_string\"}}],\"inLanguage\":\"ca\"},{\"@type\":\"Organization\",\"@id\":\"https:\/\/www.museuolimpicbcn.cat\/ca\/#organization\",\"name\":\"Museu Ol\u00edmpic i de l&#039;Esport\",\"url\":\"https:\/\/www.museuolimpicbcn.cat\/ca\/\",\"logo\":{\"@type\":\"ImageObject\",\"inLanguage\":\"ca\",\"@id\":\"https:\/\/www.museuolimpicbcn.cat\/ca\/#\/schema\/logo\/image\/\",\"url\":\"https:\/\/www.museuolimpicbcn.cat\/wp-content\/uploads\/sites\/2\/2018\/12\/logo-moe-header.svg\",\"contentUrl\":\"https:\/\/www.museuolimpicbcn.cat\/wp-content\/uploads\/sites\/2\/2018\/12\/logo-moe-header.svg\",\"caption\":\"Museu Ol\u00edmpic i de l&#039;Esport\"},\"image\":{\"@id\":\"https:\/\/www.museuolimpicbcn.cat\/ca\/#\/schema\/logo\/image\/\"}},{\"@type\":\"Person\",\"@id\":\"https:\/\/www.museuolimpicbcn.cat\/ca\/#\/schema\/person\/b792834a53f193977df425a499287aa9\",\"name\":\"Ibone\",\"url\":\"https:\/\/www.museuolimpicbcn.cat\/ca\/author\/fbolimpica\/\"}]}<\/script>\n<!-- \/ Yoast SEO plugin. -->","yoast_head_json":{"title":"Presentaci\u00f3n de la 43 edici\u00f3n de la Zurich Marat\u00f3 Barcelona - Museu Ol\u00edmpic i de l&#039;Esport","robots":{"index":"index","follow":"follow","max-snippet":"max-snippet:-1","max-image-preview":"max-image-preview:large","max-video-preview":"max-video-preview:-1"},"canonical":"https:\/\/www.museuolimpicbcn.cat\/ca\/presentacion-de-la-43-edicion-de-la-zurich-marato-barcelona\/","og_locale":"ca_ES","og_type":"article","og_title":"Presentaci\u00f3n de la 43 edici\u00f3n de la Zurich Marat\u00f3 Barcelona - Museu Ol\u00edmpic i de l&#039;Esport","og_description":"David Escud\u00e9, regidor de Deportes y Mauro Llorens, director de la Zurich Marat\u00f3 Barcelona, han presentado la 43 edici\u00f3n de la Zurich Marat\u00f3 Barcelona en el Museo Ol\u00edmpico. El acto ha contado con la presencia de los y las atletas de \u00e9lite que participan en la carrera: Samuel Kosgei, Abel Kirui, Tadelech Bekele y Meseret [&hellip;]","og_url":"https:\/\/www.museuolimpicbcn.cat\/ca\/presentacion-de-la-43-edicion-de-la-zurich-marato-barcelona\/","og_site_name":"Museu Ol\u00edmpic i de l&#039;Esport","article_published_time":"2022-05-09T08:53:23+00:00","og_image":[{"width":2560,"height":1920,"url":"https:\/\/www.museuolimpicbcn.cat\/wp-content\/uploads\/sites\/2\/2022\/05\/20220505_123330-scaled.jpeg","type":"image\/jpeg"}],"author":"Ibone","twitter_card":"summary_large_image","twitter_misc":{"Escrit per":"Ibone"},"schema":{"@context":"https:\/\/schema.org","@graph":[{"@type":"Article","@id":"https:\/\/www.museuolimpicbcn.cat\/ca\/presentacion-de-la-43-edicion-de-la-zurich-marato-barcelona\/#article","isPartOf":{"@id":"https:\/\/www.museuolimpicbcn.cat\/ca\/presentacion-de-la-43-edicion-de-la-zurich-marato-barcelona\/"},"author":{"name":"Ibone","@id":"https:\/\/www.museuolimpicbcn.cat\/ca\/#\/schema\/person\/b792834a53f193977df425a499287aa9"},"headline":"Presentaci\u00f3n de la 43 edici\u00f3n de la Zurich Marat\u00f3 Barcelona","datePublished":"2022-05-09T08:53:23+00:00","dateModified":"2022-05-09T08:53:23+00:00","mainEntityOfPage":{"@id":"https:\/\/www.museuolimpicbcn.cat\/ca\/presentacion-de-la-43-edicion-de-la-zurich-marato-barcelona\/"},"wordCount":68,"publisher":{"@id":"https:\/\/www.museuolimpicbcn.cat\/ca\/#organization"},"image":{"@id":"https:\/\/www.museuolimpicbcn.cat\/ca\/presentacion-de-la-43-edicion-de-la-zurich-marato-barcelona\/#primaryimage"},"thumbnailUrl":"https:\/\/www.museuolimpicbcn.cat\/wp-content\/uploads\/sites\/2\/2022\/05\/20220505_123330-scaled.jpeg","articleSection":["Uncategorized @ca"],"inLanguage":"ca"},{"@type":"WebPage","@id":"https:\/\/www.museuolimpicbcn.cat\/ca\/presentacion-de-la-43-edicion-de-la-zurich-marato-barcelona\/","url":"https:\/\/www.museuolimpicbcn.cat\/ca\/presentacion-de-la-43-edicion-de-la-zurich-marato-barcelona\/","name":"Presentaci\u00f3n de la 43 edici\u00f3n de la Zurich Marat\u00f3 Barcelona - Museu Ol\u00edmpic i de l&#039;Esport","isPartOf":{"@id":"https:\/\/www.museuolimpicbcn.cat\/ca\/#website"},"primaryImageOfPage":{"@id":"https:\/\/www.museuolimpicbcn.cat\/ca\/presentacion-de-la-43-edicion-de-la-zurich-marato-barcelona\/#primaryimage"},"image":{"@id":"https:\/\/www.museuolimpicbcn.cat\/ca\/presentacion-de-la-43-edicion-de-la-zurich-marato-barcelona\/#primaryimage"},"thumbnailUrl":"https:\/\/www.museuolimpicbcn.cat\/wp-content\/uploads\/sites\/2\/2022\/05\/20220505_123330-scaled.jpeg","datePublished":"2022-05-09T08:53:23+00:00","dateModified":"2022-05-09T08:53:23+00:00","breadcrumb":{"@id":"https:\/\/www.museuolimpicbcn.cat\/ca\/presentacion-de-la-43-edicion-de-la-zurich-marato-barcelona\/#breadcrumb"},"inLanguage":"ca","potentialAction":[{"@type":"ReadAction","target":["https:\/\/www.museuolimpicbcn.cat\/ca\/presentacion-de-la-43-edicion-de-la-zurich-marato-barcelona\/"]}]},{"@type":"ImageObject","inLanguage":"ca","@id":"https:\/\/www.museuolimpicbcn.cat\/ca\/presentacion-de-la-43-edicion-de-la-zurich-marato-barcelona\/#primaryimage","url":"https:\/\/www.museuolimpicbcn.cat\/wp-content\/uploads\/sites\/2\/2022\/05\/20220505_123330-scaled.jpeg","contentUrl":"https:\/\/www.museuolimpicbcn.cat\/wp-content\/uploads\/sites\/2\/2022\/05\/20220505_123330-scaled.jpeg","width":2560,"height":1920},{"@type":"BreadcrumbList","@id":"https:\/\/www.museuolimpicbcn.cat\/ca\/presentacion-de-la-43-edicion-de-la-zurich-marato-barcelona\/#breadcrumb","itemListElement":[{"@type":"ListItem","position":1,"name":"Inici","item":"https:\/\/www.museuolimpicbcn.cat\/es\/"},{"@type":"ListItem","position":2,"name":"Presentaci\u00f3n de la 43 edici\u00f3n de la Zurich Marat\u00f3 Barcelona"}]},{"@type":"WebSite","@id":"https:\/\/www.museuolimpicbcn.cat\/ca\/#website","url":"https:\/\/www.museuolimpicbcn.cat\/ca\/","name":"Museu Ol\u00edmpic i de l&#039;Esport","description":"Altre lloc Web del Museu Ol\u00edmpic i de l&#039;Esport llocs","publisher":{"@id":"https:\/\/www.museuolimpicbcn.cat\/ca\/#organization"},"potentialAction":[{"@type":"SearchAction","target":{"@type":"EntryPoint","urlTemplate":"https:\/\/www.museuolimpicbcn.cat\/ca\/?s={search_term_string}"},"query-input":{"@type":"PropertyValueSpecification","valueRequired":true,"valueName":"search_term_string"}}],"inLanguage":"ca"},{"@type":"Organization","@id":"https:\/\/www.museuolimpicbcn.cat\/ca\/#organization","name":"Museu Ol\u00edmpic i de l&#039;Esport","url":"https:\/\/www.museuolimpicbcn.cat\/ca\/","logo":{"@type":"ImageObject","inLanguage":"ca","@id":"https:\/\/www.museuolimpicbcn.cat\/ca\/#\/schema\/logo\/image\/","url":"https:\/\/www.museuolimpicbcn.cat\/wp-content\/uploads\/sites\/2\/2018\/12\/logo-moe-header.svg","contentUrl":"https:\/\/www.museuolimpicbcn.cat\/wp-content\/uploads\/sites\/2\/2018\/12\/logo-moe-header.svg","caption":"Museu Ol\u00edmpic i de l&#039;Esport"},"image":{"@id":"https:\/\/www.museuolimpicbcn.cat\/ca\/#\/schema\/logo\/image\/"}},{"@type":"Person","@id":"https:\/\/www.museuolimpicbcn.cat\/ca\/#\/schema\/person\/b792834a53f193977df425a499287aa9","name":"Ibone","url":"https:\/\/www.museuolimpicbcn.cat\/ca\/author\/fbolimpica\/"}]}},"_links":{"self":[{"href":"https:\/\/www.museuolimpicbcn.cat\/ca\/wp-json\/wp\/v2\/posts\/32455"}],"collection":[{"href":"https:\/\/www.museuolimpicbcn.cat\/ca\/wp-json\/wp\/v2\/posts"}],"about":[{"href":"https:\/\/www.museuolimpicbcn.cat\/ca\/wp-json\/wp\/v2\/types\/post"}],"author":[{"embeddable":true,"href":"https:\/\/www.museuolimpicbcn.cat\/ca\/wp-json\/wp\/v2\/users\/11"}],"replies":[{"embeddable":true,"href":"https:\/\/www.museuolimpicbcn.cat\/ca\/wp-json\/wp\/v2\/comments?post=32455"}],"version-history":[{"count":1,"href":"https:\/\/www.museuolimpicbcn.cat\/ca\/wp-json\/wp\/v2\/posts\/32455\/revisions"}],"predecessor-version":[{"id":32466,"href":"https:\/\/www.museuolimpicbcn.cat\/ca\/wp-json\/wp\/v2\/posts\/32455\/revisions\/32466"}],"wp:featuredmedia":[{"embeddable":true,"href":"https:\/\/www.museuolimpicbcn.cat\/ca\/wp-json\/wp\/v2\/media\/32464"}],"wp:attachment":[{"href":"https:\/\/www.museuolimpicbcn.cat\/ca\/wp-json\/wp\/v2\/media?parent=32455"}],"wp:term":[{"taxonomy":"category","embeddable":true,"href":"https:\/\/www.museuolimpicbcn.cat\/ca\/wp-json\/wp\/v2\/categories?post=32455"},{"taxonomy":"post_tag","embeddable":true,"href":"https:\/\/www.museuolimpicbcn.cat\/ca\/wp-json\/wp\/v2\/tags?post=32455"}],"curies":[{"name":"wp","href":"https:\/\/api.w.org\/{rel}","templated":true}]}}