{"id":32503,"date":"2022-05-11T13:46:08","date_gmt":"2022-05-11T11:46:08","guid":{"rendered":"https:\/\/www.museuolimpicbcn.cat\/kungfu-i-dansa-del-lleo-a-la-nit-dels-museus\/"},"modified":"2022-05-11T13:49:04","modified_gmt":"2022-05-11T11:49:04","slug":"kungfu-i-dansa-del-lleo-a-la-nit-dels-museus","status":"publish","type":"post","link":"https:\/\/www.museuolimpicbcn.cat\/ca\/kungfu-i-dansa-del-lleo-a-la-nit-dels-museus\/","title":{"rendered":"kungf\u00fa i dansa del lle\u00f3 a la Nit dels Museus"},"content":{"rendered":"<p>La Fundaci\u00f3 Institut Confuci de Barcelona, en col\u00b7laboraci\u00f3 amb el Museu Ol\u00edmpic i de l\u2019Esport Joan Antoni Samaranch, organitza tallers de cultura xinesa en el marc de la Nit dels Museus 2022.<br \/>\nEl pr\u00f2xim dissabte tindrem tallers de kungf\u00fa i dansa del lle\u00f3 xin\u00e8s, a m\u00e9s d\u2019una mostra de cal\u00b7ligrafia xinesa, a les portes del Museu. Aquesta activitat \u00e9s gratu\u00efta i complement\u00e0ria a l\u2019exposici\u00f3 \u201cBeijing 2022. Junts per un futur compartit\u201d. <\/p>\n<p>Us hi esperem!<\/p>\n<p>Informaci\u00f3 de l\u2019activitat<br \/>\nDissabte 14 de maig, 19:30 h. a 21:30 h.<\/p>\n<p>Museu Ol\u00edmpic i de l\u2019Esport Joan Antoni Samaranch\u2028<br \/>\nAv. de l&#8217;Estadi, 60, 08038 Barcelona<\/p>\n<p>Activitat gratu\u00efta.<\/p>\n<p>La Nit dels Museus \u00e9s un esdeveniment cultural que s\u2019organitza al voltant del Dia Internacional dels Museus. Enguany se celebra el dissabte 14 de maig i els museus i centres culturals de la ciutat de Barcelona obren les seves portes de 19 hores de la tarda del dia 14 de maig a la 1 de la matinada del dia 15 de maig.<\/p>\n<p>La Nit dels Museus comen\u00e7ar\u00e0 a les 19h de la tarda del dissabte 14 de maig i finalitzar\u00e0 a la 1 de la matinada del 15 de maig.Durant aquest horari, els diferents museus, centres i espais culturals adscrits a l&#8217;esdeveniment oferiran acc\u00e9s gratu\u00eft a les seves instal\u00b7lacions.<\/p>\n<p>INSCRIU-TE<\/p>\n<div class=\"caldera-grid\" id=\"caldera_form_1\" data-cf-ver=\"1.9.4\" data-cf-form-id=\"CF626ff87ee7823\"><div id=\"caldera_notices_1\" data-spinner=\"https:\/\/www.museuolimpicbcn.cat\/wp-admin\/images\/spinner.gif\"><\/div><form data-instance=\"1\" class=\"CF626ff87ee7823 caldera_forms_form cfajax-trigger\" method=\"POST\" enctype=\"multipart\/form-data\" id=\"CF626ff87ee7823_1\" data-form-id=\"CF626ff87ee7823\" aria-label=\"Urban Sketchers Barcelona\" data-target=\"#caldera_notices_1\" data-template=\"#cfajax_CF626ff87ee7823-tmpl\" data-cfajax=\"CF626ff87ee7823\" data-load-element=\"_parent\" data-load-class=\"cf_processing\" data-post-disable=\"0\" data-action=\"cf_process_ajax_submit\" data-request=\"https:\/\/www.museuolimpicbcn.cat\/ca\/\/cf-api\/CF626ff87ee7823\" data-hiderows=\"true\">\r\n<input type=\"hidden\" id=\"_cf_verify_CF626ff87ee7823\" name=\"_cf_verify\" value=\"ab9f83a9f8\"  data-nonce-time=\"1777802085\" \/><input type=\"hidden\" name=\"_wp_http_referer\" value=\"\/ca\/wp-json\/wp\/v2\/posts\/32503\" \/><div id=\"cf2-CF626ff87ee7823_1\"><\/div><input type=\"hidden\" name=\"_cf_frm_id\" value=\"CF626ff87ee7823\">\r\n<input type=\"hidden\" name=\"_cf_frm_ct\" value=\"1\">\r\n<input type=\"hidden\" name=\"cfajax\" value=\"CF626ff87ee7823\">\r\n<input type=\"hidden\" name=\"_cf_cr_pst\" value=\"32503\">\r\n<div class=\"hide\" style=\"display:none; overflow:hidden;height:0;width:0;\">\r\n<label>Web Site<\/label><input type=\"text\" name=\"web_site\" value=\"\" autocomplete=\"off\">\r\n<\/div><div id=\"CF626ff87ee7823_1-row-1\"  class=\"row  first_row\"><div  class=\"col-sm-12  single\"><div class=\"\"><h3>Inscripcions<\/h3>\n<h2><strong>Urban Sketchers Barcelona<\/strong><\/h2>\n<h3>05\/10\/25<\/h3>\n<p><strong>Dibuixem el Viu Montju\u00efc<\/strong> et convida a gaudir d\u2019una passejada pel Parc de Montju\u00efc amb mirada d\u2019urban sketcher. De la m\u00e0 d\u2019<em>Urban Sketchers Barcelona<\/em>, ens trobarem en tres espais emblem\u00e0tics del parc per il\u00b7lustrar l\u2019ambient i la vida del festival. Porta els teus estris de dibuix i acompanya\u2019ns a capturar paisatges, espectacles i persones que fan viu el Montju\u00efc!<\/p>\n<ul>\n<li><strong>10:00 - 11:45h<\/strong> \u00b7 Poble Espanyol<\/li>\n<li><strong>12:15 - 13:45h<\/strong> \u00b7 Museu Ol\u00edmpic i de l'Esport<\/li>\n<li><strong>14:15 - 17:30h<\/strong> \u00b7 Castell de Montju\u00efc<\/li>\n<\/ul>\n<\/div><\/div><\/div><div id=\"CF626ff87ee7823_1-row-2\"  class=\"row \"><div  class=\"col-sm-4  first_col\"><div data-field-wrapper=\"fld_8768091\" class=\"form-group\" id=\"fld_8768091_1-wrap\">\r\n\t<label id=\"fld_8768091Label\" for=\"fld_8768091_1\" class=\"control-label\">Nom <span aria-hidden=\"true\" role=\"presentation\" class=\"field_required\" style=\"color:#ee0000;\">*<\/span><\/label>\r\n\t<div class=\"\">\r\n\t\t<input   required type=\"text\" data-field=\"fld_8768091\" class=\" form-control\" id=\"fld_8768091_1\" name=\"fld_8768091\" value=\"\" data-type=\"text\" aria-required=\"true\"   aria-labelledby=\"fld_8768091Label\" >\t\t\t<\/div>\r\n<\/div>\r\n<div data-field-wrapper=\"fld_5697805\" class=\"form-group\" id=\"fld_5697805_1-wrap\">\r\n\t<label id=\"fld_5697805Label\" for=\"fld_5697805_1\" class=\"control-label\">Espai de trobada<\/label>\r\n\t<div class=\"\">\r\n\t\t<select name=\"fld_5697805\" value=\"\" data-field=\"fld_5697805\" class=\"form-control\" id=\"fld_5697805_1\"    aria-labelledby=\"fld_5697805Label\" >\n\t\t<option value=\"\"><\/option>\r\n\t\t\t\t\t<option value=\"10h Poble Espanyol \"  data-calc-value=\"10h Poble Espanyol \" >\n\t\t\t\t\t\t10h Poble Espanyol \t\t\t\t\t<\/option>\n\t\t\t\t\t\t\t\t\t\t<option value=\"12:15h Museu Ol\u00edmpic\"  data-calc-value=\"12:15h Museu Ol\u00edmpic\" >\n\t\t\t\t\t\t12:15h Museu Ol\u00edmpic\t\t\t\t\t<\/option>\n\t\t\t\t\t\t\t\t\t\t<option value=\"14:15h Castell de Montju\u00efc\"  data-calc-value=\"14:15h Castell de Montju\u00efc\" >\n\t\t\t\t\t\t14:15h Castell de Montju\u00efc\t\t\t\t\t<\/option>\n\t\t\t\t\t\t\t<\/select>\n\t\t\t<\/div>\r\n<\/div>\r\n<div data-field-wrapper=\"fld_3996805\" class=\"form-group\" id=\"fld_3996805_1-wrap\">\r\n\t<label id=\"fld_3996805Label\" for=\"fld_3996805_1\" class=\"control-label\">Nombre de places reservades<\/label>\r\n\t<div class=\"\">\r\n\t\t<input    type=\"number\" data-field=\"fld_3996805\" class=\" form-control\" id=\"fld_3996805_1\" name=\"fld_3996805\" value=\"\" data-type=\"number\" data-parsley-type=\"number\"   aria-labelledby=\"fld_3996805Label\" >\t\t\t<\/div>\r\n<\/div>\r\n<\/div><div  class=\"col-sm-4 \"><div data-field-wrapper=\"fld_9970286\" class=\"form-group\" id=\"fld_9970286_1-wrap\">\r\n\t<label id=\"fld_9970286Label\" for=\"fld_9970286_1\" class=\"control-label\">Cognom <span aria-hidden=\"true\" role=\"presentation\" class=\"field_required\" style=\"color:#ee0000;\">*<\/span><\/label>\r\n\t<div class=\"\">\r\n\t\t<input   required type=\"text\" data-field=\"fld_9970286\" class=\" form-control\" id=\"fld_9970286_1\" name=\"fld_9970286\" value=\"\" data-type=\"text\" aria-required=\"true\"   aria-labelledby=\"fld_9970286Label\" >\t\t\t<\/div>\r\n<\/div>\r\n<\/div><div  class=\"col-sm-4  last_col\"><div data-field-wrapper=\"fld_6009157\" class=\"form-group\" id=\"fld_6009157_1-wrap\">\r\n\t<label id=\"fld_6009157Label\" for=\"fld_6009157_1\" class=\"control-label\">E-mail <span aria-hidden=\"true\" role=\"presentation\" class=\"field_required\" style=\"color:#ee0000;\">*<\/span><\/label>\r\n\t<div class=\"\">\r\n\t\t<input   required type=\"email\" data-field=\"fld_6009157\" class=\" form-control\" id=\"fld_6009157_1\" name=\"fld_6009157\" value=\"\" data-type=\"email\" aria-required=\"true\"   aria-labelledby=\"fld_6009157Label\" >\t\t\t<\/div>\r\n<\/div>\r\n<\/div><\/div><div id=\"CF626ff87ee7823_1-row-3\"  class=\"row \"><div  class=\"col-sm-12  single\"><\/div><\/div><div id=\"CF626ff87ee7823_1-row-4\"  class=\"row \"><div  class=\"col-sm-12  single\"><div data-field-wrapper=\"fld_7683514\" class=\"form-group\" id=\"fld_7683514_1-wrap\">\r\n\t<label id=\"fld_7683514Label\" for=\"fld_7683514_1\" class=\"control-label\">Observations<\/label>\r\n\t<div class=\"\">\r\n\t\t<textarea name=\"fld_7683514\" value=\"\" data-field=\"fld_7683514\" class=\"form-control\" id=\"fld_7683514_1\" rows=\"7\"    aria-labelledby=\"fld_7683514Label\" ><\/textarea>\n\t\t\t<\/div>\r\n<\/div>\r\n<\/div><\/div><div id=\"CF626ff87ee7823_1-row-5\"  class=\"row \"><div  class=\"col-sm-12  single\"><div data-field-wrapper=\"fld_7304126\" class=\"form-group\" id=\"fld_7304126_1-wrap\">\r\n\t<label id=\"fld_7304126Label\" for=\"fld_7304126_1\" class=\"control-label screen-reader-text sr-only\">Acepto pol\u00edtica de privacidad<\/label>\r\n\t<div class=\"\">\r\n\t\t\t\t\t\t\n                <label  class=\"checkbox-inline\"                        for=\"fld_7304126_1_opt1484112\"\n                >\n                            <input\n                                data-parsley-required=\"true\" data-parsley-group=\"fld_7304126_1\" data-parsley-multiple=\"fld_7304126_1\"                                type=\"checkbox\"\n                                data-label=\"He llegit i accepto la &lt;a href=&quot;\/ca\/politica-de-privacitat\/&quot; class=&quot;lnk&quot;&gt;Pol\u00edtica de privacitat&lt;\/a&gt; de la Fundaci\u00f3 Barcelona Ol\u00edmpica. &lt;br&gt;.\"\n                                data-field=\"fld_7304126\"\n                                id=\"fld_7304126_1_opt1484112\"\n                                class=\"fld_7304126_1 option-required\"\n                                name=\"fld_7304126[opt1484112]\"\n                                value=\"Si\"\n                                                                data-type=\"checkbox\"\n                                data-checkbox-field=\"fld_7304126_1\"\n                                                                data-calc-value=\"Si\"\n                            >\n                    He llegit i accepto la <a href=\"\/ca\/politica-de-privacitat\/\" class=\"lnk\">Pol\u00edtica de privacitat<\/a> de la Fundaci\u00f3 Barcelona Ol\u00edmpica. <br>.                <\/label>\n\n                \t\t\t\t\t\t\t<\/div>\r\n<\/div>\r\n<\/div><\/div><div id=\"CF626ff87ee7823_1-row-6\"  class=\"row \"><div  class=\"col-sm-12  single\"><\/div><\/div><div id=\"CF626ff87ee7823_1-row-7\"  class=\"row  last_row\"><div  class=\"col-sm-12  single\"><div data-field-wrapper=\"fld_7908577\" class=\"form-group\" id=\"fld_7908577_1-wrap\">\r\n<div class=\"\">\r\n\t<input  class=\"btn-form btn-submit\" type=\"submit\" name=\"fld_7908577\" id=\"fld_7908577_1\" value=\"Enviar \/ sent\" data-field=\"fld_7908577\"  >\n<\/div>\r\n<\/div>\r\n\t<input class=\"button_trigger_1\" type=\"hidden\" name=\"fld_7908577\" id=\"fld_7908577_1_btn\" value=\"\" data-field=\"fld_7908577\"  \/>\n<\/div><\/div><\/form>\r\n<\/div>\r\n\n<p><img fetchpriority=\"high\" decoding=\"async\" class=\"aligncenter wp-image-32497 size-full\" src=\"https:\/\/www.museuolimpicbcn.cat\/wp-content\/uploads\/sites\/2\/2022\/05\/220505_nitsmuseus.jpg\" alt=\"\" width=\"823\" height=\"400\" srcset=\"https:\/\/www.museuolimpicbcn.cat\/wp-content\/uploads\/sites\/2\/2022\/05\/220505_nitsmuseus.jpg 823w, https:\/\/www.museuolimpicbcn.cat\/wp-content\/uploads\/sites\/2\/2022\/05\/220505_nitsmuseus-300x146.jpg 300w, https:\/\/www.museuolimpicbcn.cat\/wp-content\/uploads\/sites\/2\/2022\/05\/220505_nitsmuseus-768x373.jpg 768w, https:\/\/www.museuolimpicbcn.cat\/wp-content\/uploads\/sites\/2\/2022\/05\/220505_nitsmuseus-600x292.jpg 600w\" sizes=\"(max-width: 823px) 100vw, 823px\" \/><\/p>\n","protected":false},"excerpt":{"rendered":"<p>La Fundaci\u00f3 Institut Confuci de Barcelona, en col\u00b7laboraci\u00f3 amb el Museu Ol\u00edmpic i de l\u2019Esport Joan Antoni Samaranch, organitza tallers de cultura xinesa en el marc de la Nit dels Museus 2022. El pr\u00f2xim dissabte tindrem tallers de kungf\u00fa i dansa del lle\u00f3 xin\u00e8s, a m\u00e9s d\u2019una mostra de cal\u00b7ligrafia xinesa, a les portes del [&hellip;]<\/p>\n","protected":false},"author":11,"featured_media":32421,"comment_status":"closed","ping_status":"closed","sticky":false,"template":"","format":"standard","meta":{"_acf_changed":false,"_price":"","_stock":"","_tribe_ticket_header":"","_tribe_default_ticket_provider":"","_tribe_ticket_capacity":"0","_ticket_start_date":"","_ticket_end_date":"","_tribe_ticket_show_description":"","_tribe_ticket_show_not_going":false,"_tribe_ticket_use_global_stock":"","_tribe_ticket_global_stock_level":"","_global_stock_mode":"","_global_stock_cap":"","_tribe_rsvp_for_event":"","_tribe_ticket_going_count":"","_tribe_ticket_not_going_count":"","_tribe_tickets_list":"[]","_tribe_ticket_has_attendee_info_fields":false,"footnotes":""},"categories":[1],"tags":[],"class_list":["post-32503","post","type-post","status-publish","format-standard","has-post-thumbnail","hentry","category-uncategorized-ca"],"acf":[],"yoast_head":"<!-- This site is optimized with the Yoast SEO plugin v23.7 - https:\/\/yoast.com\/wordpress\/plugins\/seo\/ -->\n<title>kungf\u00fa i dansa del lle\u00f3 a la Nit dels Museus - Museu Ol\u00edmpic i de l&#039;Esport<\/title>\n<meta name=\"robots\" content=\"index, follow, max-snippet:-1, max-image-preview:large, max-video-preview:-1\" \/>\n<link rel=\"canonical\" href=\"https:\/\/www.museuolimpicbcn.cat\/ca\/kungfu-i-dansa-del-lleo-a-la-nit-dels-museus\/\" \/>\n<meta property=\"og:locale\" content=\"ca_ES\" \/>\n<meta property=\"og:type\" content=\"article\" \/>\n<meta property=\"og:title\" content=\"kungf\u00fa i dansa del lle\u00f3 a la Nit dels Museus - Museu Ol\u00edmpic i de l&#039;Esport\" \/>\n<meta property=\"og:description\" content=\"La Fundaci\u00f3 Institut Confuci de Barcelona, en col\u00b7laboraci\u00f3 amb el Museu Ol\u00edmpic i de l\u2019Esport Joan Antoni Samaranch, organitza tallers de cultura xinesa en el marc de la Nit dels Museus 2022. El pr\u00f2xim dissabte tindrem tallers de kungf\u00fa i dansa del lle\u00f3 xin\u00e8s, a m\u00e9s d\u2019una mostra de cal\u00b7ligrafia xinesa, a les portes del [&hellip;]\" \/>\n<meta property=\"og:url\" content=\"https:\/\/www.museuolimpicbcn.cat\/ca\/kungfu-i-dansa-del-lleo-a-la-nit-dels-museus\/\" \/>\n<meta property=\"og:site_name\" content=\"Museu Ol\u00edmpic i de l&#039;Esport\" \/>\n<meta property=\"article:published_time\" content=\"2022-05-11T11:46:08+00:00\" \/>\n<meta property=\"article:modified_time\" content=\"2022-05-11T11:49:04+00:00\" \/>\n<meta property=\"og:image\" content=\"https:\/\/www.museuolimpicbcn.cat\/wp-content\/uploads\/sites\/2\/2022\/03\/Pantalla-1920x1080dinamic.gif\" \/>\n\t<meta property=\"og:image:width\" content=\"1920\" \/>\n\t<meta property=\"og:image:height\" content=\"1080\" \/>\n\t<meta property=\"og:image:type\" content=\"image\/gif\" \/>\n<meta name=\"author\" content=\"Ibone\" \/>\n<meta name=\"twitter:card\" content=\"summary_large_image\" \/>\n<meta name=\"twitter:label1\" content=\"Escrit per\" \/>\n\t<meta name=\"twitter:data1\" content=\"Ibone\" \/>\n\t<meta name=\"twitter:label2\" content=\"Temps estimat de lectura\" \/>\n\t<meta name=\"twitter:data2\" content=\"1 minut\" \/>\n<script type=\"application\/ld+json\" class=\"yoast-schema-graph\">{\"@context\":\"https:\/\/schema.org\",\"@graph\":[{\"@type\":\"Article\",\"@id\":\"https:\/\/www.museuolimpicbcn.cat\/ca\/kungfu-i-dansa-del-lleo-a-la-nit-dels-museus\/#article\",\"isPartOf\":{\"@id\":\"https:\/\/www.museuolimpicbcn.cat\/ca\/kungfu-i-dansa-del-lleo-a-la-nit-dels-museus\/\"},\"author\":{\"name\":\"Ibone\",\"@id\":\"https:\/\/www.museuolimpicbcn.cat\/ca\/#\/schema\/person\/b792834a53f193977df425a499287aa9\"},\"headline\":\"kungf\u00fa i dansa del lle\u00f3 a la Nit dels Museus\",\"datePublished\":\"2022-05-11T11:46:08+00:00\",\"dateModified\":\"2022-05-11T11:49:04+00:00\",\"mainEntityOfPage\":{\"@id\":\"https:\/\/www.museuolimpicbcn.cat\/ca\/kungfu-i-dansa-del-lleo-a-la-nit-dels-museus\/\"},\"wordCount\":234,\"publisher\":{\"@id\":\"https:\/\/www.museuolimpicbcn.cat\/ca\/#organization\"},\"image\":{\"@id\":\"https:\/\/www.museuolimpicbcn.cat\/ca\/kungfu-i-dansa-del-lleo-a-la-nit-dels-museus\/#primaryimage\"},\"thumbnailUrl\":\"https:\/\/www.museuolimpicbcn.cat\/wp-content\/uploads\/sites\/2\/2022\/03\/Pantalla-1920x1080dinamic.gif\",\"articleSection\":[\"Uncategorized @ca\"],\"inLanguage\":\"ca\"},{\"@type\":\"WebPage\",\"@id\":\"https:\/\/www.museuolimpicbcn.cat\/ca\/kungfu-i-dansa-del-lleo-a-la-nit-dels-museus\/\",\"url\":\"https:\/\/www.museuolimpicbcn.cat\/ca\/kungfu-i-dansa-del-lleo-a-la-nit-dels-museus\/\",\"name\":\"kungf\u00fa i dansa del lle\u00f3 a la Nit dels Museus - Museu Ol\u00edmpic i de l&#039;Esport\",\"isPartOf\":{\"@id\":\"https:\/\/www.museuolimpicbcn.cat\/ca\/#website\"},\"primaryImageOfPage\":{\"@id\":\"https:\/\/www.museuolimpicbcn.cat\/ca\/kungfu-i-dansa-del-lleo-a-la-nit-dels-museus\/#primaryimage\"},\"image\":{\"@id\":\"https:\/\/www.museuolimpicbcn.cat\/ca\/kungfu-i-dansa-del-lleo-a-la-nit-dels-museus\/#primaryimage\"},\"thumbnailUrl\":\"https:\/\/www.museuolimpicbcn.cat\/wp-content\/uploads\/sites\/2\/2022\/03\/Pantalla-1920x1080dinamic.gif\",\"datePublished\":\"2022-05-11T11:46:08+00:00\",\"dateModified\":\"2022-05-11T11:49:04+00:00\",\"breadcrumb\":{\"@id\":\"https:\/\/www.museuolimpicbcn.cat\/ca\/kungfu-i-dansa-del-lleo-a-la-nit-dels-museus\/#breadcrumb\"},\"inLanguage\":\"ca\",\"potentialAction\":[{\"@type\":\"ReadAction\",\"target\":[\"https:\/\/www.museuolimpicbcn.cat\/ca\/kungfu-i-dansa-del-lleo-a-la-nit-dels-museus\/\"]}]},{\"@type\":\"ImageObject\",\"inLanguage\":\"ca\",\"@id\":\"https:\/\/www.museuolimpicbcn.cat\/ca\/kungfu-i-dansa-del-lleo-a-la-nit-dels-museus\/#primaryimage\",\"url\":\"https:\/\/www.museuolimpicbcn.cat\/wp-content\/uploads\/sites\/2\/2022\/03\/Pantalla-1920x1080dinamic.gif\",\"contentUrl\":\"https:\/\/www.museuolimpicbcn.cat\/wp-content\/uploads\/sites\/2\/2022\/03\/Pantalla-1920x1080dinamic.gif\",\"width\":1920,\"height\":1080},{\"@type\":\"BreadcrumbList\",\"@id\":\"https:\/\/www.museuolimpicbcn.cat\/ca\/kungfu-i-dansa-del-lleo-a-la-nit-dels-museus\/#breadcrumb\",\"itemListElement\":[{\"@type\":\"ListItem\",\"position\":1,\"name\":\"Inici\",\"item\":\"https:\/\/www.museuolimpicbcn.cat\/es\/\"},{\"@type\":\"ListItem\",\"position\":2,\"name\":\"kungf\u00fa i dansa del lle\u00f3 a la Nit dels Museus\"}]},{\"@type\":\"WebSite\",\"@id\":\"https:\/\/www.museuolimpicbcn.cat\/ca\/#website\",\"url\":\"https:\/\/www.museuolimpicbcn.cat\/ca\/\",\"name\":\"Museu Ol\u00edmpic i de l&#039;Esport\",\"description\":\"Altre lloc Web del Museu Ol\u00edmpic i de l&#039;Esport llocs\",\"publisher\":{\"@id\":\"https:\/\/www.museuolimpicbcn.cat\/ca\/#organization\"},\"potentialAction\":[{\"@type\":\"SearchAction\",\"target\":{\"@type\":\"EntryPoint\",\"urlTemplate\":\"https:\/\/www.museuolimpicbcn.cat\/ca\/?s={search_term_string}\"},\"query-input\":{\"@type\":\"PropertyValueSpecification\",\"valueRequired\":true,\"valueName\":\"search_term_string\"}}],\"inLanguage\":\"ca\"},{\"@type\":\"Organization\",\"@id\":\"https:\/\/www.museuolimpicbcn.cat\/ca\/#organization\",\"name\":\"Museu Ol\u00edmpic i de l&#039;Esport\",\"url\":\"https:\/\/www.museuolimpicbcn.cat\/ca\/\",\"logo\":{\"@type\":\"ImageObject\",\"inLanguage\":\"ca\",\"@id\":\"https:\/\/www.museuolimpicbcn.cat\/ca\/#\/schema\/logo\/image\/\",\"url\":\"https:\/\/www.museuolimpicbcn.cat\/wp-content\/uploads\/sites\/2\/2018\/12\/logo-moe-header.svg\",\"contentUrl\":\"https:\/\/www.museuolimpicbcn.cat\/wp-content\/uploads\/sites\/2\/2018\/12\/logo-moe-header.svg\",\"caption\":\"Museu Ol\u00edmpic i de l&#039;Esport\"},\"image\":{\"@id\":\"https:\/\/www.museuolimpicbcn.cat\/ca\/#\/schema\/logo\/image\/\"}},{\"@type\":\"Person\",\"@id\":\"https:\/\/www.museuolimpicbcn.cat\/ca\/#\/schema\/person\/b792834a53f193977df425a499287aa9\",\"name\":\"Ibone\",\"url\":\"https:\/\/www.museuolimpicbcn.cat\/ca\/author\/fbolimpica\/\"}]}<\/script>\n<!-- \/ Yoast SEO plugin. -->","yoast_head_json":{"title":"kungf\u00fa i dansa del lle\u00f3 a la Nit dels Museus - Museu Ol\u00edmpic i de l&#039;Esport","robots":{"index":"index","follow":"follow","max-snippet":"max-snippet:-1","max-image-preview":"max-image-preview:large","max-video-preview":"max-video-preview:-1"},"canonical":"https:\/\/www.museuolimpicbcn.cat\/ca\/kungfu-i-dansa-del-lleo-a-la-nit-dels-museus\/","og_locale":"ca_ES","og_type":"article","og_title":"kungf\u00fa i dansa del lle\u00f3 a la Nit dels Museus - Museu Ol\u00edmpic i de l&#039;Esport","og_description":"La Fundaci\u00f3 Institut Confuci de Barcelona, en col\u00b7laboraci\u00f3 amb el Museu Ol\u00edmpic i de l\u2019Esport Joan Antoni Samaranch, organitza tallers de cultura xinesa en el marc de la Nit dels Museus 2022. El pr\u00f2xim dissabte tindrem tallers de kungf\u00fa i dansa del lle\u00f3 xin\u00e8s, a m\u00e9s d\u2019una mostra de cal\u00b7ligrafia xinesa, a les portes del [&hellip;]","og_url":"https:\/\/www.museuolimpicbcn.cat\/ca\/kungfu-i-dansa-del-lleo-a-la-nit-dels-museus\/","og_site_name":"Museu Ol\u00edmpic i de l&#039;Esport","article_published_time":"2022-05-11T11:46:08+00:00","article_modified_time":"2022-05-11T11:49:04+00:00","og_image":[{"width":1920,"height":1080,"url":"https:\/\/www.museuolimpicbcn.cat\/wp-content\/uploads\/sites\/2\/2022\/03\/Pantalla-1920x1080dinamic.gif","type":"image\/gif"}],"author":"Ibone","twitter_card":"summary_large_image","twitter_misc":{"Escrit per":"Ibone","Temps estimat de lectura":"1 minut"},"schema":{"@context":"https:\/\/schema.org","@graph":[{"@type":"Article","@id":"https:\/\/www.museuolimpicbcn.cat\/ca\/kungfu-i-dansa-del-lleo-a-la-nit-dels-museus\/#article","isPartOf":{"@id":"https:\/\/www.museuolimpicbcn.cat\/ca\/kungfu-i-dansa-del-lleo-a-la-nit-dels-museus\/"},"author":{"name":"Ibone","@id":"https:\/\/www.museuolimpicbcn.cat\/ca\/#\/schema\/person\/b792834a53f193977df425a499287aa9"},"headline":"kungf\u00fa i dansa del lle\u00f3 a la Nit dels Museus","datePublished":"2022-05-11T11:46:08+00:00","dateModified":"2022-05-11T11:49:04+00:00","mainEntityOfPage":{"@id":"https:\/\/www.museuolimpicbcn.cat\/ca\/kungfu-i-dansa-del-lleo-a-la-nit-dels-museus\/"},"wordCount":234,"publisher":{"@id":"https:\/\/www.museuolimpicbcn.cat\/ca\/#organization"},"image":{"@id":"https:\/\/www.museuolimpicbcn.cat\/ca\/kungfu-i-dansa-del-lleo-a-la-nit-dels-museus\/#primaryimage"},"thumbnailUrl":"https:\/\/www.museuolimpicbcn.cat\/wp-content\/uploads\/sites\/2\/2022\/03\/Pantalla-1920x1080dinamic.gif","articleSection":["Uncategorized @ca"],"inLanguage":"ca"},{"@type":"WebPage","@id":"https:\/\/www.museuolimpicbcn.cat\/ca\/kungfu-i-dansa-del-lleo-a-la-nit-dels-museus\/","url":"https:\/\/www.museuolimpicbcn.cat\/ca\/kungfu-i-dansa-del-lleo-a-la-nit-dels-museus\/","name":"kungf\u00fa i dansa del lle\u00f3 a la Nit dels Museus - Museu Ol\u00edmpic i de l&#039;Esport","isPartOf":{"@id":"https:\/\/www.museuolimpicbcn.cat\/ca\/#website"},"primaryImageOfPage":{"@id":"https:\/\/www.museuolimpicbcn.cat\/ca\/kungfu-i-dansa-del-lleo-a-la-nit-dels-museus\/#primaryimage"},"image":{"@id":"https:\/\/www.museuolimpicbcn.cat\/ca\/kungfu-i-dansa-del-lleo-a-la-nit-dels-museus\/#primaryimage"},"thumbnailUrl":"https:\/\/www.museuolimpicbcn.cat\/wp-content\/uploads\/sites\/2\/2022\/03\/Pantalla-1920x1080dinamic.gif","datePublished":"2022-05-11T11:46:08+00:00","dateModified":"2022-05-11T11:49:04+00:00","breadcrumb":{"@id":"https:\/\/www.museuolimpicbcn.cat\/ca\/kungfu-i-dansa-del-lleo-a-la-nit-dels-museus\/#breadcrumb"},"inLanguage":"ca","potentialAction":[{"@type":"ReadAction","target":["https:\/\/www.museuolimpicbcn.cat\/ca\/kungfu-i-dansa-del-lleo-a-la-nit-dels-museus\/"]}]},{"@type":"ImageObject","inLanguage":"ca","@id":"https:\/\/www.museuolimpicbcn.cat\/ca\/kungfu-i-dansa-del-lleo-a-la-nit-dels-museus\/#primaryimage","url":"https:\/\/www.museuolimpicbcn.cat\/wp-content\/uploads\/sites\/2\/2022\/03\/Pantalla-1920x1080dinamic.gif","contentUrl":"https:\/\/www.museuolimpicbcn.cat\/wp-content\/uploads\/sites\/2\/2022\/03\/Pantalla-1920x1080dinamic.gif","width":1920,"height":1080},{"@type":"BreadcrumbList","@id":"https:\/\/www.museuolimpicbcn.cat\/ca\/kungfu-i-dansa-del-lleo-a-la-nit-dels-museus\/#breadcrumb","itemListElement":[{"@type":"ListItem","position":1,"name":"Inici","item":"https:\/\/www.museuolimpicbcn.cat\/es\/"},{"@type":"ListItem","position":2,"name":"kungf\u00fa i dansa del lle\u00f3 a la Nit dels Museus"}]},{"@type":"WebSite","@id":"https:\/\/www.museuolimpicbcn.cat\/ca\/#website","url":"https:\/\/www.museuolimpicbcn.cat\/ca\/","name":"Museu Ol\u00edmpic i de l&#039;Esport","description":"Altre lloc Web del Museu Ol\u00edmpic i de l&#039;Esport llocs","publisher":{"@id":"https:\/\/www.museuolimpicbcn.cat\/ca\/#organization"},"potentialAction":[{"@type":"SearchAction","target":{"@type":"EntryPoint","urlTemplate":"https:\/\/www.museuolimpicbcn.cat\/ca\/?s={search_term_string}"},"query-input":{"@type":"PropertyValueSpecification","valueRequired":true,"valueName":"search_term_string"}}],"inLanguage":"ca"},{"@type":"Organization","@id":"https:\/\/www.museuolimpicbcn.cat\/ca\/#organization","name":"Museu Ol\u00edmpic i de l&#039;Esport","url":"https:\/\/www.museuolimpicbcn.cat\/ca\/","logo":{"@type":"ImageObject","inLanguage":"ca","@id":"https:\/\/www.museuolimpicbcn.cat\/ca\/#\/schema\/logo\/image\/","url":"https:\/\/www.museuolimpicbcn.cat\/wp-content\/uploads\/sites\/2\/2018\/12\/logo-moe-header.svg","contentUrl":"https:\/\/www.museuolimpicbcn.cat\/wp-content\/uploads\/sites\/2\/2018\/12\/logo-moe-header.svg","caption":"Museu Ol\u00edmpic i de l&#039;Esport"},"image":{"@id":"https:\/\/www.museuolimpicbcn.cat\/ca\/#\/schema\/logo\/image\/"}},{"@type":"Person","@id":"https:\/\/www.museuolimpicbcn.cat\/ca\/#\/schema\/person\/b792834a53f193977df425a499287aa9","name":"Ibone","url":"https:\/\/www.museuolimpicbcn.cat\/ca\/author\/fbolimpica\/"}]}},"_links":{"self":[{"href":"https:\/\/www.museuolimpicbcn.cat\/ca\/wp-json\/wp\/v2\/posts\/32503"}],"collection":[{"href":"https:\/\/www.museuolimpicbcn.cat\/ca\/wp-json\/wp\/v2\/posts"}],"about":[{"href":"https:\/\/www.museuolimpicbcn.cat\/ca\/wp-json\/wp\/v2\/types\/post"}],"author":[{"embeddable":true,"href":"https:\/\/www.museuolimpicbcn.cat\/ca\/wp-json\/wp\/v2\/users\/11"}],"replies":[{"embeddable":true,"href":"https:\/\/www.museuolimpicbcn.cat\/ca\/wp-json\/wp\/v2\/comments?post=32503"}],"version-history":[{"count":1,"href":"https:\/\/www.museuolimpicbcn.cat\/ca\/wp-json\/wp\/v2\/posts\/32503\/revisions"}],"predecessor-version":[{"id":32505,"href":"https:\/\/www.museuolimpicbcn.cat\/ca\/wp-json\/wp\/v2\/posts\/32503\/revisions\/32505"}],"wp:featuredmedia":[{"embeddable":true,"href":"https:\/\/www.museuolimpicbcn.cat\/ca\/wp-json\/wp\/v2\/media\/32421"}],"wp:attachment":[{"href":"https:\/\/www.museuolimpicbcn.cat\/ca\/wp-json\/wp\/v2\/media?parent=32503"}],"wp:term":[{"taxonomy":"category","embeddable":true,"href":"https:\/\/www.museuolimpicbcn.cat\/ca\/wp-json\/wp\/v2\/categories?post=32503"},{"taxonomy":"post_tag","embeddable":true,"href":"https:\/\/www.museuolimpicbcn.cat\/ca\/wp-json\/wp\/v2\/tags?post=32503"}],"curies":[{"name":"wp","href":"https:\/\/api.w.org\/{rel}","templated":true}]}}