{"id":32907,"date":"2022-05-27T12:13:05","date_gmt":"2022-05-27T10:13:05","guid":{"rendered":"https:\/\/www.museuolimpicbcn.cat\/amb-motiu-de-la-nit-dels-museus-el-museu-olimpic-ha-organitzat-en-collaboracio-amb-la-fundacio-institut-confuci-de-barcelona-tallers-de-cultura-xinesa\/"},"modified":"2022-05-27T12:16:48","modified_gmt":"2022-05-27T10:16:48","slug":"amb-motiu-de-la-nit-dels-museus-el-museu-olimpic-ha-organitzat-en-collaboracio-amb-la-fundacio-institut-confuci-de-barcelona-tallers-de-cultura-xinesa","status":"publish","type":"post","link":"https:\/\/www.museuolimpicbcn.cat\/ca\/amb-motiu-de-la-nit-dels-museus-el-museu-olimpic-ha-organitzat-en-collaboracio-amb-la-fundacio-institut-confuci-de-barcelona-tallers-de-cultura-xinesa\/","title":{"rendered":"Amb motiu de la Nit dels Museus, el Museu Ol\u00edmpic ha organitzat, en col\u00b7laboraci\u00f3 amb  la Fundaci\u00f3 Institut Confuci de Barcelona, tallers de cultura xinesa"},"content":{"rendered":"<p>La Fundaci\u00f3 Institut Confuci de Barcelona, ha realitzat, davant del Museu Ol\u00edmpic, tallers de kungf\u00fa i dansa del lle\u00f3 xin\u00e8s, a m\u00e9s d\u2019una mostra de cal\u00b7ligrafia xinesa,<br \/>\n Aquesta activitat queda recollida en el marc de l&#8217;exposici\u00f3 temporal \u201cBeijing 2022. Junts per un futur compartit\u201d<\/p>\n","protected":false},"excerpt":{"rendered":"<p>La Fundaci\u00f3 Institut Confuci de Barcelona, ha realitzat, davant del Museu Ol\u00edmpic, tallers de kungf\u00fa i dansa del lle\u00f3 xin\u00e8s, a m\u00e9s d\u2019una mostra de cal\u00b7ligrafia xinesa, Aquesta activitat queda recollida en el marc de l&#8217;exposici\u00f3 temporal \u201cBeijing 2022. Junts per un futur compartit\u201d<\/p>\n","protected":false},"author":11,"featured_media":32894,"comment_status":"closed","ping_status":"closed","sticky":false,"template":"","format":"standard","meta":{"_acf_changed":false,"_price":"","_stock":"","_tribe_ticket_header":"","_tribe_default_ticket_provider":"","_tribe_ticket_capacity":"0","_ticket_start_date":"","_ticket_end_date":"","_tribe_ticket_show_description":"","_tribe_ticket_show_not_going":false,"_tribe_ticket_use_global_stock":"","_tribe_ticket_global_stock_level":"","_global_stock_mode":"","_global_stock_cap":"","_tribe_rsvp_for_event":"","_tribe_ticket_going_count":"","_tribe_ticket_not_going_count":"","_tribe_tickets_list":"[]","_tribe_ticket_has_attendee_info_fields":false,"footnotes":""},"categories":[1],"tags":[],"class_list":["post-32907","post","type-post","status-publish","format-standard","has-post-thumbnail","hentry","category-uncategorized-ca"],"acf":[],"yoast_head":"<!-- This site is optimized with the Yoast SEO plugin v23.7 - https:\/\/yoast.com\/wordpress\/plugins\/seo\/ -->\n<title>Amb motiu de la Nit dels Museus, el Museu Ol\u00edmpic ha organitzat, en col\u00b7laboraci\u00f3 amb la Fundaci\u00f3 Institut Confuci de Barcelona, tallers de cultura xinesa - Museu Ol\u00edmpic i de l&#039;Esport<\/title>\n<meta name=\"robots\" content=\"index, follow, max-snippet:-1, max-image-preview:large, max-video-preview:-1\" \/>\n<link rel=\"canonical\" href=\"https:\/\/www.museuolimpicbcn.cat\/ca\/amb-motiu-de-la-nit-dels-museus-el-museu-olimpic-ha-organitzat-en-collaboracio-amb-la-fundacio-institut-confuci-de-barcelona-tallers-de-cultura-xinesa\/\" \/>\n<meta property=\"og:locale\" content=\"ca_ES\" \/>\n<meta property=\"og:type\" content=\"article\" \/>\n<meta property=\"og:title\" content=\"Amb motiu de la Nit dels Museus, el Museu Ol\u00edmpic ha organitzat, en col\u00b7laboraci\u00f3 amb la Fundaci\u00f3 Institut Confuci de Barcelona, tallers de cultura xinesa - Museu Ol\u00edmpic i de l&#039;Esport\" \/>\n<meta property=\"og:description\" content=\"La Fundaci\u00f3 Institut Confuci de Barcelona, ha realitzat, davant del Museu Ol\u00edmpic, tallers de kungf\u00fa i dansa del lle\u00f3 xin\u00e8s, a m\u00e9s d\u2019una mostra de cal\u00b7ligrafia xinesa, Aquesta activitat queda recollida en el marc de l&#8217;exposici\u00f3 temporal \u201cBeijing 2022. Junts per un futur compartit\u201d\" \/>\n<meta property=\"og:url\" content=\"https:\/\/www.museuolimpicbcn.cat\/ca\/amb-motiu-de-la-nit-dels-museus-el-museu-olimpic-ha-organitzat-en-collaboracio-amb-la-fundacio-institut-confuci-de-barcelona-tallers-de-cultura-xinesa\/\" \/>\n<meta property=\"og:site_name\" content=\"Museu Ol\u00edmpic i de l&#039;Esport\" \/>\n<meta property=\"article:published_time\" content=\"2022-05-27T10:13:05+00:00\" \/>\n<meta property=\"article:modified_time\" content=\"2022-05-27T10:16:48+00:00\" \/>\n<meta property=\"og:image\" content=\"https:\/\/www.museuolimpicbcn.cat\/wp-content\/uploads\/sites\/2\/2022\/05\/IMG_6593-scaled.jpg\" \/>\n\t<meta property=\"og:image:width\" content=\"2560\" \/>\n\t<meta property=\"og:image:height\" content=\"1920\" \/>\n\t<meta property=\"og:image:type\" content=\"image\/jpeg\" \/>\n<meta name=\"author\" content=\"Ibone\" \/>\n<meta name=\"twitter:card\" content=\"summary_large_image\" \/>\n<meta name=\"twitter:label1\" content=\"Escrit per\" \/>\n\t<meta name=\"twitter:data1\" content=\"Ibone\" \/>\n<script type=\"application\/ld+json\" class=\"yoast-schema-graph\">{\"@context\":\"https:\/\/schema.org\",\"@graph\":[{\"@type\":\"Article\",\"@id\":\"https:\/\/www.museuolimpicbcn.cat\/ca\/amb-motiu-de-la-nit-dels-museus-el-museu-olimpic-ha-organitzat-en-collaboracio-amb-la-fundacio-institut-confuci-de-barcelona-tallers-de-cultura-xinesa\/#article\",\"isPartOf\":{\"@id\":\"https:\/\/www.museuolimpicbcn.cat\/ca\/amb-motiu-de-la-nit-dels-museus-el-museu-olimpic-ha-organitzat-en-collaboracio-amb-la-fundacio-institut-confuci-de-barcelona-tallers-de-cultura-xinesa\/\"},\"author\":{\"name\":\"Ibone\",\"@id\":\"https:\/\/www.museuolimpicbcn.cat\/ca\/#\/schema\/person\/b792834a53f193977df425a499287aa9\"},\"headline\":\"Amb motiu de la Nit dels Museus, el Museu Ol\u00edmpic ha organitzat, en col\u00b7laboraci\u00f3 amb la Fundaci\u00f3 Institut Confuci de Barcelona, tallers de cultura xinesa\",\"datePublished\":\"2022-05-27T10:13:05+00:00\",\"dateModified\":\"2022-05-27T10:16:48+00:00\",\"mainEntityOfPage\":{\"@id\":\"https:\/\/www.museuolimpicbcn.cat\/ca\/amb-motiu-de-la-nit-dels-museus-el-museu-olimpic-ha-organitzat-en-collaboracio-amb-la-fundacio-institut-confuci-de-barcelona-tallers-de-cultura-xinesa\/\"},\"wordCount\":75,\"publisher\":{\"@id\":\"https:\/\/www.museuolimpicbcn.cat\/ca\/#organization\"},\"image\":{\"@id\":\"https:\/\/www.museuolimpicbcn.cat\/ca\/amb-motiu-de-la-nit-dels-museus-el-museu-olimpic-ha-organitzat-en-collaboracio-amb-la-fundacio-institut-confuci-de-barcelona-tallers-de-cultura-xinesa\/#primaryimage\"},\"thumbnailUrl\":\"https:\/\/www.museuolimpicbcn.cat\/wp-content\/uploads\/sites\/2\/2022\/05\/IMG_6593-scaled.jpg\",\"articleSection\":[\"Uncategorized @ca\"],\"inLanguage\":\"ca\"},{\"@type\":\"WebPage\",\"@id\":\"https:\/\/www.museuolimpicbcn.cat\/ca\/amb-motiu-de-la-nit-dels-museus-el-museu-olimpic-ha-organitzat-en-collaboracio-amb-la-fundacio-institut-confuci-de-barcelona-tallers-de-cultura-xinesa\/\",\"url\":\"https:\/\/www.museuolimpicbcn.cat\/ca\/amb-motiu-de-la-nit-dels-museus-el-museu-olimpic-ha-organitzat-en-collaboracio-amb-la-fundacio-institut-confuci-de-barcelona-tallers-de-cultura-xinesa\/\",\"name\":\"Amb motiu de la Nit dels Museus, el Museu Ol\u00edmpic ha organitzat, en col\u00b7laboraci\u00f3 amb la Fundaci\u00f3 Institut Confuci de Barcelona, tallers de cultura xinesa - Museu Ol\u00edmpic i de l&#039;Esport\",\"isPartOf\":{\"@id\":\"https:\/\/www.museuolimpicbcn.cat\/ca\/#website\"},\"primaryImageOfPage\":{\"@id\":\"https:\/\/www.museuolimpicbcn.cat\/ca\/amb-motiu-de-la-nit-dels-museus-el-museu-olimpic-ha-organitzat-en-collaboracio-amb-la-fundacio-institut-confuci-de-barcelona-tallers-de-cultura-xinesa\/#primaryimage\"},\"image\":{\"@id\":\"https:\/\/www.museuolimpicbcn.cat\/ca\/amb-motiu-de-la-nit-dels-museus-el-museu-olimpic-ha-organitzat-en-collaboracio-amb-la-fundacio-institut-confuci-de-barcelona-tallers-de-cultura-xinesa\/#primaryimage\"},\"thumbnailUrl\":\"https:\/\/www.museuolimpicbcn.cat\/wp-content\/uploads\/sites\/2\/2022\/05\/IMG_6593-scaled.jpg\",\"datePublished\":\"2022-05-27T10:13:05+00:00\",\"dateModified\":\"2022-05-27T10:16:48+00:00\",\"breadcrumb\":{\"@id\":\"https:\/\/www.museuolimpicbcn.cat\/ca\/amb-motiu-de-la-nit-dels-museus-el-museu-olimpic-ha-organitzat-en-collaboracio-amb-la-fundacio-institut-confuci-de-barcelona-tallers-de-cultura-xinesa\/#breadcrumb\"},\"inLanguage\":\"ca\",\"potentialAction\":[{\"@type\":\"ReadAction\",\"target\":[\"https:\/\/www.museuolimpicbcn.cat\/ca\/amb-motiu-de-la-nit-dels-museus-el-museu-olimpic-ha-organitzat-en-collaboracio-amb-la-fundacio-institut-confuci-de-barcelona-tallers-de-cultura-xinesa\/\"]}]},{\"@type\":\"ImageObject\",\"inLanguage\":\"ca\",\"@id\":\"https:\/\/www.museuolimpicbcn.cat\/ca\/amb-motiu-de-la-nit-dels-museus-el-museu-olimpic-ha-organitzat-en-collaboracio-amb-la-fundacio-institut-confuci-de-barcelona-tallers-de-cultura-xinesa\/#primaryimage\",\"url\":\"https:\/\/www.museuolimpicbcn.cat\/wp-content\/uploads\/sites\/2\/2022\/05\/IMG_6593-scaled.jpg\",\"contentUrl\":\"https:\/\/www.museuolimpicbcn.cat\/wp-content\/uploads\/sites\/2\/2022\/05\/IMG_6593-scaled.jpg\",\"width\":2560,\"height\":1920},{\"@type\":\"BreadcrumbList\",\"@id\":\"https:\/\/www.museuolimpicbcn.cat\/ca\/amb-motiu-de-la-nit-dels-museus-el-museu-olimpic-ha-organitzat-en-collaboracio-amb-la-fundacio-institut-confuci-de-barcelona-tallers-de-cultura-xinesa\/#breadcrumb\",\"itemListElement\":[{\"@type\":\"ListItem\",\"position\":1,\"name\":\"Inici\",\"item\":\"https:\/\/www.museuolimpicbcn.cat\/es\/\"},{\"@type\":\"ListItem\",\"position\":2,\"name\":\"Amb motiu de la Nit dels Museus, el Museu Ol\u00edmpic ha organitzat, en col\u00b7laboraci\u00f3 amb la Fundaci\u00f3 Institut Confuci de Barcelona, tallers de cultura xinesa\"}]},{\"@type\":\"WebSite\",\"@id\":\"https:\/\/www.museuolimpicbcn.cat\/ca\/#website\",\"url\":\"https:\/\/www.museuolimpicbcn.cat\/ca\/\",\"name\":\"Museu Ol\u00edmpic i de l&#039;Esport\",\"description\":\"Altre lloc Web del Museu Ol\u00edmpic i de l&#039;Esport llocs\",\"publisher\":{\"@id\":\"https:\/\/www.museuolimpicbcn.cat\/ca\/#organization\"},\"potentialAction\":[{\"@type\":\"SearchAction\",\"target\":{\"@type\":\"EntryPoint\",\"urlTemplate\":\"https:\/\/www.museuolimpicbcn.cat\/ca\/?s={search_term_string}\"},\"query-input\":{\"@type\":\"PropertyValueSpecification\",\"valueRequired\":true,\"valueName\":\"search_term_string\"}}],\"inLanguage\":\"ca\"},{\"@type\":\"Organization\",\"@id\":\"https:\/\/www.museuolimpicbcn.cat\/ca\/#organization\",\"name\":\"Museu Ol\u00edmpic i de l&#039;Esport\",\"url\":\"https:\/\/www.museuolimpicbcn.cat\/ca\/\",\"logo\":{\"@type\":\"ImageObject\",\"inLanguage\":\"ca\",\"@id\":\"https:\/\/www.museuolimpicbcn.cat\/ca\/#\/schema\/logo\/image\/\",\"url\":\"https:\/\/www.museuolimpicbcn.cat\/wp-content\/uploads\/sites\/2\/2018\/12\/logo-moe-header.svg\",\"contentUrl\":\"https:\/\/www.museuolimpicbcn.cat\/wp-content\/uploads\/sites\/2\/2018\/12\/logo-moe-header.svg\",\"caption\":\"Museu Ol\u00edmpic i de l&#039;Esport\"},\"image\":{\"@id\":\"https:\/\/www.museuolimpicbcn.cat\/ca\/#\/schema\/logo\/image\/\"}},{\"@type\":\"Person\",\"@id\":\"https:\/\/www.museuolimpicbcn.cat\/ca\/#\/schema\/person\/b792834a53f193977df425a499287aa9\",\"name\":\"Ibone\",\"url\":\"https:\/\/www.museuolimpicbcn.cat\/ca\/author\/fbolimpica\/\"}]}<\/script>\n<!-- \/ Yoast SEO plugin. -->","yoast_head_json":{"title":"Amb motiu de la Nit dels Museus, el Museu Ol\u00edmpic ha organitzat, en col\u00b7laboraci\u00f3 amb la Fundaci\u00f3 Institut Confuci de Barcelona, tallers de cultura xinesa - Museu Ol\u00edmpic i de l&#039;Esport","robots":{"index":"index","follow":"follow","max-snippet":"max-snippet:-1","max-image-preview":"max-image-preview:large","max-video-preview":"max-video-preview:-1"},"canonical":"https:\/\/www.museuolimpicbcn.cat\/ca\/amb-motiu-de-la-nit-dels-museus-el-museu-olimpic-ha-organitzat-en-collaboracio-amb-la-fundacio-institut-confuci-de-barcelona-tallers-de-cultura-xinesa\/","og_locale":"ca_ES","og_type":"article","og_title":"Amb motiu de la Nit dels Museus, el Museu Ol\u00edmpic ha organitzat, en col\u00b7laboraci\u00f3 amb la Fundaci\u00f3 Institut Confuci de Barcelona, tallers de cultura xinesa - Museu Ol\u00edmpic i de l&#039;Esport","og_description":"La Fundaci\u00f3 Institut Confuci de Barcelona, ha realitzat, davant del Museu Ol\u00edmpic, tallers de kungf\u00fa i dansa del lle\u00f3 xin\u00e8s, a m\u00e9s d\u2019una mostra de cal\u00b7ligrafia xinesa, Aquesta activitat queda recollida en el marc de l&#8217;exposici\u00f3 temporal \u201cBeijing 2022. Junts per un futur compartit\u201d","og_url":"https:\/\/www.museuolimpicbcn.cat\/ca\/amb-motiu-de-la-nit-dels-museus-el-museu-olimpic-ha-organitzat-en-collaboracio-amb-la-fundacio-institut-confuci-de-barcelona-tallers-de-cultura-xinesa\/","og_site_name":"Museu Ol\u00edmpic i de l&#039;Esport","article_published_time":"2022-05-27T10:13:05+00:00","article_modified_time":"2022-05-27T10:16:48+00:00","og_image":[{"width":2560,"height":1920,"url":"https:\/\/www.museuolimpicbcn.cat\/wp-content\/uploads\/sites\/2\/2022\/05\/IMG_6593-scaled.jpg","type":"image\/jpeg"}],"author":"Ibone","twitter_card":"summary_large_image","twitter_misc":{"Escrit per":"Ibone"},"schema":{"@context":"https:\/\/schema.org","@graph":[{"@type":"Article","@id":"https:\/\/www.museuolimpicbcn.cat\/ca\/amb-motiu-de-la-nit-dels-museus-el-museu-olimpic-ha-organitzat-en-collaboracio-amb-la-fundacio-institut-confuci-de-barcelona-tallers-de-cultura-xinesa\/#article","isPartOf":{"@id":"https:\/\/www.museuolimpicbcn.cat\/ca\/amb-motiu-de-la-nit-dels-museus-el-museu-olimpic-ha-organitzat-en-collaboracio-amb-la-fundacio-institut-confuci-de-barcelona-tallers-de-cultura-xinesa\/"},"author":{"name":"Ibone","@id":"https:\/\/www.museuolimpicbcn.cat\/ca\/#\/schema\/person\/b792834a53f193977df425a499287aa9"},"headline":"Amb motiu de la Nit dels Museus, el Museu Ol\u00edmpic ha organitzat, en col\u00b7laboraci\u00f3 amb la Fundaci\u00f3 Institut Confuci de Barcelona, tallers de cultura xinesa","datePublished":"2022-05-27T10:13:05+00:00","dateModified":"2022-05-27T10:16:48+00:00","mainEntityOfPage":{"@id":"https:\/\/www.museuolimpicbcn.cat\/ca\/amb-motiu-de-la-nit-dels-museus-el-museu-olimpic-ha-organitzat-en-collaboracio-amb-la-fundacio-institut-confuci-de-barcelona-tallers-de-cultura-xinesa\/"},"wordCount":75,"publisher":{"@id":"https:\/\/www.museuolimpicbcn.cat\/ca\/#organization"},"image":{"@id":"https:\/\/www.museuolimpicbcn.cat\/ca\/amb-motiu-de-la-nit-dels-museus-el-museu-olimpic-ha-organitzat-en-collaboracio-amb-la-fundacio-institut-confuci-de-barcelona-tallers-de-cultura-xinesa\/#primaryimage"},"thumbnailUrl":"https:\/\/www.museuolimpicbcn.cat\/wp-content\/uploads\/sites\/2\/2022\/05\/IMG_6593-scaled.jpg","articleSection":["Uncategorized @ca"],"inLanguage":"ca"},{"@type":"WebPage","@id":"https:\/\/www.museuolimpicbcn.cat\/ca\/amb-motiu-de-la-nit-dels-museus-el-museu-olimpic-ha-organitzat-en-collaboracio-amb-la-fundacio-institut-confuci-de-barcelona-tallers-de-cultura-xinesa\/","url":"https:\/\/www.museuolimpicbcn.cat\/ca\/amb-motiu-de-la-nit-dels-museus-el-museu-olimpic-ha-organitzat-en-collaboracio-amb-la-fundacio-institut-confuci-de-barcelona-tallers-de-cultura-xinesa\/","name":"Amb motiu de la Nit dels Museus, el Museu Ol\u00edmpic ha organitzat, en col\u00b7laboraci\u00f3 amb la Fundaci\u00f3 Institut Confuci de Barcelona, tallers de cultura xinesa - Museu Ol\u00edmpic i de l&#039;Esport","isPartOf":{"@id":"https:\/\/www.museuolimpicbcn.cat\/ca\/#website"},"primaryImageOfPage":{"@id":"https:\/\/www.museuolimpicbcn.cat\/ca\/amb-motiu-de-la-nit-dels-museus-el-museu-olimpic-ha-organitzat-en-collaboracio-amb-la-fundacio-institut-confuci-de-barcelona-tallers-de-cultura-xinesa\/#primaryimage"},"image":{"@id":"https:\/\/www.museuolimpicbcn.cat\/ca\/amb-motiu-de-la-nit-dels-museus-el-museu-olimpic-ha-organitzat-en-collaboracio-amb-la-fundacio-institut-confuci-de-barcelona-tallers-de-cultura-xinesa\/#primaryimage"},"thumbnailUrl":"https:\/\/www.museuolimpicbcn.cat\/wp-content\/uploads\/sites\/2\/2022\/05\/IMG_6593-scaled.jpg","datePublished":"2022-05-27T10:13:05+00:00","dateModified":"2022-05-27T10:16:48+00:00","breadcrumb":{"@id":"https:\/\/www.museuolimpicbcn.cat\/ca\/amb-motiu-de-la-nit-dels-museus-el-museu-olimpic-ha-organitzat-en-collaboracio-amb-la-fundacio-institut-confuci-de-barcelona-tallers-de-cultura-xinesa\/#breadcrumb"},"inLanguage":"ca","potentialAction":[{"@type":"ReadAction","target":["https:\/\/www.museuolimpicbcn.cat\/ca\/amb-motiu-de-la-nit-dels-museus-el-museu-olimpic-ha-organitzat-en-collaboracio-amb-la-fundacio-institut-confuci-de-barcelona-tallers-de-cultura-xinesa\/"]}]},{"@type":"ImageObject","inLanguage":"ca","@id":"https:\/\/www.museuolimpicbcn.cat\/ca\/amb-motiu-de-la-nit-dels-museus-el-museu-olimpic-ha-organitzat-en-collaboracio-amb-la-fundacio-institut-confuci-de-barcelona-tallers-de-cultura-xinesa\/#primaryimage","url":"https:\/\/www.museuolimpicbcn.cat\/wp-content\/uploads\/sites\/2\/2022\/05\/IMG_6593-scaled.jpg","contentUrl":"https:\/\/www.museuolimpicbcn.cat\/wp-content\/uploads\/sites\/2\/2022\/05\/IMG_6593-scaled.jpg","width":2560,"height":1920},{"@type":"BreadcrumbList","@id":"https:\/\/www.museuolimpicbcn.cat\/ca\/amb-motiu-de-la-nit-dels-museus-el-museu-olimpic-ha-organitzat-en-collaboracio-amb-la-fundacio-institut-confuci-de-barcelona-tallers-de-cultura-xinesa\/#breadcrumb","itemListElement":[{"@type":"ListItem","position":1,"name":"Inici","item":"https:\/\/www.museuolimpicbcn.cat\/es\/"},{"@type":"ListItem","position":2,"name":"Amb motiu de la Nit dels Museus, el Museu Ol\u00edmpic ha organitzat, en col\u00b7laboraci\u00f3 amb la Fundaci\u00f3 Institut Confuci de Barcelona, tallers de cultura xinesa"}]},{"@type":"WebSite","@id":"https:\/\/www.museuolimpicbcn.cat\/ca\/#website","url":"https:\/\/www.museuolimpicbcn.cat\/ca\/","name":"Museu Ol\u00edmpic i de l&#039;Esport","description":"Altre lloc Web del Museu Ol\u00edmpic i de l&#039;Esport llocs","publisher":{"@id":"https:\/\/www.museuolimpicbcn.cat\/ca\/#organization"},"potentialAction":[{"@type":"SearchAction","target":{"@type":"EntryPoint","urlTemplate":"https:\/\/www.museuolimpicbcn.cat\/ca\/?s={search_term_string}"},"query-input":{"@type":"PropertyValueSpecification","valueRequired":true,"valueName":"search_term_string"}}],"inLanguage":"ca"},{"@type":"Organization","@id":"https:\/\/www.museuolimpicbcn.cat\/ca\/#organization","name":"Museu Ol\u00edmpic i de l&#039;Esport","url":"https:\/\/www.museuolimpicbcn.cat\/ca\/","logo":{"@type":"ImageObject","inLanguage":"ca","@id":"https:\/\/www.museuolimpicbcn.cat\/ca\/#\/schema\/logo\/image\/","url":"https:\/\/www.museuolimpicbcn.cat\/wp-content\/uploads\/sites\/2\/2018\/12\/logo-moe-header.svg","contentUrl":"https:\/\/www.museuolimpicbcn.cat\/wp-content\/uploads\/sites\/2\/2018\/12\/logo-moe-header.svg","caption":"Museu Ol\u00edmpic i de l&#039;Esport"},"image":{"@id":"https:\/\/www.museuolimpicbcn.cat\/ca\/#\/schema\/logo\/image\/"}},{"@type":"Person","@id":"https:\/\/www.museuolimpicbcn.cat\/ca\/#\/schema\/person\/b792834a53f193977df425a499287aa9","name":"Ibone","url":"https:\/\/www.museuolimpicbcn.cat\/ca\/author\/fbolimpica\/"}]}},"_links":{"self":[{"href":"https:\/\/www.museuolimpicbcn.cat\/ca\/wp-json\/wp\/v2\/posts\/32907"}],"collection":[{"href":"https:\/\/www.museuolimpicbcn.cat\/ca\/wp-json\/wp\/v2\/posts"}],"about":[{"href":"https:\/\/www.museuolimpicbcn.cat\/ca\/wp-json\/wp\/v2\/types\/post"}],"author":[{"embeddable":true,"href":"https:\/\/www.museuolimpicbcn.cat\/ca\/wp-json\/wp\/v2\/users\/11"}],"replies":[{"embeddable":true,"href":"https:\/\/www.museuolimpicbcn.cat\/ca\/wp-json\/wp\/v2\/comments?post=32907"}],"version-history":[{"count":1,"href":"https:\/\/www.museuolimpicbcn.cat\/ca\/wp-json\/wp\/v2\/posts\/32907\/revisions"}],"predecessor-version":[{"id":32909,"href":"https:\/\/www.museuolimpicbcn.cat\/ca\/wp-json\/wp\/v2\/posts\/32907\/revisions\/32909"}],"wp:featuredmedia":[{"embeddable":true,"href":"https:\/\/www.museuolimpicbcn.cat\/ca\/wp-json\/wp\/v2\/media\/32894"}],"wp:attachment":[{"href":"https:\/\/www.museuolimpicbcn.cat\/ca\/wp-json\/wp\/v2\/media?parent=32907"}],"wp:term":[{"taxonomy":"category","embeddable":true,"href":"https:\/\/www.museuolimpicbcn.cat\/ca\/wp-json\/wp\/v2\/categories?post=32907"},{"taxonomy":"post_tag","embeddable":true,"href":"https:\/\/www.museuolimpicbcn.cat\/ca\/wp-json\/wp\/v2\/tags?post=32907"}],"curies":[{"name":"wp","href":"https:\/\/api.w.org\/{rel}","templated":true}]}}