{"id":33015,"date":"2022-06-01T19:03:22","date_gmt":"2022-06-01T17:03:22","guid":{"rendered":"https:\/\/www.museuolimpicbcn.cat\/?p=33015"},"modified":"2022-06-02T10:17:22","modified_gmt":"2022-06-02T08:17:22","slug":"la-sostenibilitat-en-els-esdeveniments-esportius-la-candidatura-pirineus-barcelona-es-un-esdeveniment-sostenible","status":"publish","type":"post","link":"https:\/\/www.museuolimpicbcn.cat\/ca\/la-sostenibilitat-en-els-esdeveniments-esportius-la-candidatura-pirineus-barcelona-es-un-esdeveniment-sostenible\/","title":{"rendered":"La sostenibilitat en els esdeveniments esportius. La candidatura Pirineus-Barcelona \u00e9s un esdeveniment sostenible"},"content":{"rendered":"<p>La jornada \u201cLa sostenibilitat en els esdeveniments esportius. Desenvolupament sostenible i esport\u201d del cicle de confer\u00e8ncies \u201cEl valor de l\u2019esport en el segle XXI\u201d s\u2019ha realitzat via streaming en les instal\u00b7lacions del Museu Ol\u00edmpic i ha estat retransmesa a trav\u00e9s del p\u00e0gina web a href=&#8221;http:\/\/www.museuolimpicbcn.cat&#8221;&gt;www.museuolimpicbcn.cat i del <a href=\"https:\/\/youtu.be\/aKNXoYWjNUw\">canal YouTube de la Fundaci\u00f3 Barcelona Ol\u00edmpica<\/a> on podeu tornar a gaudir de la jornada.<\/p>\n<p><strong>David Escud\u00e9<\/strong>, president de la Fundaci\u00f3 Barcelona Ol\u00edmpica i regidor d\u2019Esports, ha estat l&#8217;encarregat de donar la benvinguda a aquesta nova jornada del \u201cEl valor de l&#8217;esport en el segle XXI\u201d i ha destacat la import\u00e0ncia d&#8217;aquestes jornades, on es posen sobre la taula temes d&#8217;actualitat amb professionals del sector i la interacci\u00f3 directa de la ciutadania a trav\u00e9s del xat.<\/p>\n<p>La jornada, coordinada pel periodista de TV3 Jordi Fandi\u00f1o, ha comptat amb la pres\u00e8ncia <strong>M\u00f2nica Bosch<\/strong>, responsable candidatura Pirineus-Barcelona 2030; <strong>David Prieto<\/strong>, director de la Salomon Ultra Pirineu i <strong>Gabriel Arranz<\/strong>, director de Promoci\u00f3 i Esdeveniments Esportius de l\u2019Institut Barcelona Esports. Des de la fila 0 hem comptat amb la col\u00b7aboraci\u00f3 de <strong>Carles Gasol<\/strong>, director de projectes de In\u00e8dit, empresa del Parc de Recerca de la UAB.<\/p>\n<p>El di\u00e0leg entre els ponents i les intervencions del p\u00fablic, tant del Museu Ol\u00edmpic com dels participants a trav\u00e9s del xat, han refor\u00e7at la idea del comprom\u00eds de l&#8217;organitzaci\u00f3 de l&#8217;esdeveniment.<br \/>\n\u00c9s per aix\u00f2 que s&#8217;ha destacat que la candidatura per als Jocs Ol\u00edmpics i Paral\u00edmpics d&#8217;hivern Pirineus-Barcelona 2030 refor\u00e7a no nom\u00e9s les estrictes normatives i mesures imposades pel Comit\u00e8 Internacional Ol\u00edmpic, sin\u00f3 tamb\u00e9 el desig i necessitat de millorar el territori de manera sostenible.<br \/>\nM\u00f3nica Bosch ha destacat que la candidatura Pirineus-Barcelona 2030 \u00e9s una oportunitat que no es pot deixar passar, ja que mai les accions sobre un territori estaran sota el prisma de tantes institucions i organismes internacionals amb inter\u00e8s en qu\u00e8 les coses surtin b\u00e9.<br \/>\nUna confer\u00e8ncia molt interessant que pots tornar a veure <a href=\"https:\/\/youtu.be\/aKNXoYWjNUw\">AQU\u00cd<\/a><\/p>\n<p><strong>El cicle de confer\u00e8ncies \u201cEl valor de l\u2019Esport en el segle XXI\u201d est\u00e0 organitzada per la Fundaci\u00f3 Barcelona Ol\u00edmpica en col\u00b7laboraci\u00f3 amb l\u2019Institut Barcelona Esports.<\/strong><\/p>\n<p><strong><a href=\"https:\/\/www.fundaciobarcelonaolimpica.es\/ca\/acceptar-newletter\/\">Si desitja rebre newsletters i comunicacions de la Fundaci\u00f3 Barcelona Ol\u00edmpica i el Museu Ol\u00edmpic de Barcelona.<\/a> <\/strong><\/p>\n","protected":false},"excerpt":{"rendered":"<p>La jornada \u201cLa sostenibilitat en els esdeveniments esportius. Desenvolupament sostenible i esport\u201d del cicle de confer\u00e8ncies \u201cEl valor de l\u2019esport en el segle XXI\u201d s\u2019ha realitzat via streaming en les instal\u00b7lacions del Museu Ol\u00edmpic i ha estat retransmesa a trav\u00e9s del p\u00e0gina web a href=&#8221;http:\/\/www.museuolimpicbcn.cat&#8221;&gt;www.museuolimpicbcn.cat i del canal YouTube de la Fundaci\u00f3 Barcelona Ol\u00edmpica on [&hellip;]<\/p>\n","protected":false},"author":11,"featured_media":33048,"comment_status":"closed","ping_status":"closed","sticky":false,"template":"","format":"standard","meta":{"_acf_changed":false,"_price":"","_stock":"","_tribe_ticket_header":"","_tribe_default_ticket_provider":"","_tribe_ticket_capacity":"0","_ticket_start_date":"","_ticket_end_date":"","_tribe_ticket_show_description":"","_tribe_ticket_show_not_going":false,"_tribe_ticket_use_global_stock":"","_tribe_ticket_global_stock_level":"","_global_stock_mode":"","_global_stock_cap":"","_tribe_rsvp_for_event":"","_tribe_ticket_going_count":"","_tribe_ticket_not_going_count":"","_tribe_tickets_list":"[]","_tribe_ticket_has_attendee_info_fields":false,"footnotes":""},"categories":[1],"tags":[],"class_list":["post-33015","post","type-post","status-publish","format-standard","has-post-thumbnail","hentry","category-uncategorized-ca"],"acf":[],"yoast_head":"<!-- This site is optimized with the Yoast SEO plugin v23.7 - https:\/\/yoast.com\/wordpress\/plugins\/seo\/ -->\n<title>La sostenibilitat en els esdeveniments esportius. La candidatura Pirineus-Barcelona \u00e9s un esdeveniment sostenible - Museu Ol\u00edmpic i de l&#039;Esport<\/title>\n<meta name=\"robots\" content=\"index, follow, max-snippet:-1, max-image-preview:large, max-video-preview:-1\" \/>\n<link rel=\"canonical\" href=\"https:\/\/www.museuolimpicbcn.cat\/ca\/la-sostenibilitat-en-els-esdeveniments-esportius-la-candidatura-pirineus-barcelona-es-un-esdeveniment-sostenible\/\" \/>\n<meta property=\"og:locale\" content=\"ca_ES\" \/>\n<meta property=\"og:type\" content=\"article\" \/>\n<meta property=\"og:title\" content=\"La sostenibilitat en els esdeveniments esportius. La candidatura Pirineus-Barcelona \u00e9s un esdeveniment sostenible - Museu Ol\u00edmpic i de l&#039;Esport\" \/>\n<meta property=\"og:description\" content=\"La jornada \u201cLa sostenibilitat en els esdeveniments esportius. Desenvolupament sostenible i esport\u201d del cicle de confer\u00e8ncies \u201cEl valor de l\u2019esport en el segle XXI\u201d s\u2019ha realitzat via streaming en les instal\u00b7lacions del Museu Ol\u00edmpic i ha estat retransmesa a trav\u00e9s del p\u00e0gina web a href=&#8221;http:\/\/www.museuolimpicbcn.cat&#8221;&gt;www.museuolimpicbcn.cat i del canal YouTube de la Fundaci\u00f3 Barcelona Ol\u00edmpica on [&hellip;]\" \/>\n<meta property=\"og:url\" content=\"https:\/\/www.museuolimpicbcn.cat\/ca\/la-sostenibilitat-en-els-esdeveniments-esportius-la-candidatura-pirineus-barcelona-es-un-esdeveniment-sostenible\/\" \/>\n<meta property=\"og:site_name\" content=\"Museu Ol\u00edmpic i de l&#039;Esport\" \/>\n<meta property=\"article:published_time\" content=\"2022-06-01T17:03:22+00:00\" \/>\n<meta property=\"article:modified_time\" content=\"2022-06-02T08:17:22+00:00\" \/>\n<meta property=\"og:image\" content=\"https:\/\/www.museuolimpicbcn.cat\/wp-content\/uploads\/sites\/2\/2022\/06\/Esdeveniment-esportius-MuseuOlimpicBCN_11-scaled.jpg\" \/>\n\t<meta property=\"og:image:width\" content=\"2560\" \/>\n\t<meta property=\"og:image:height\" content=\"1707\" \/>\n\t<meta property=\"og:image:type\" content=\"image\/jpeg\" \/>\n<meta name=\"author\" content=\"Ibone\" \/>\n<meta name=\"twitter:card\" content=\"summary_large_image\" \/>\n<meta name=\"twitter:label1\" content=\"Escrit per\" \/>\n\t<meta name=\"twitter:data1\" content=\"Ibone\" \/>\n\t<meta name=\"twitter:label2\" content=\"Temps estimat de lectura\" \/>\n\t<meta name=\"twitter:data2\" content=\"2 minuts\" \/>\n<script type=\"application\/ld+json\" class=\"yoast-schema-graph\">{\"@context\":\"https:\/\/schema.org\",\"@graph\":[{\"@type\":\"Article\",\"@id\":\"https:\/\/www.museuolimpicbcn.cat\/ca\/la-sostenibilitat-en-els-esdeveniments-esportius-la-candidatura-pirineus-barcelona-es-un-esdeveniment-sostenible\/#article\",\"isPartOf\":{\"@id\":\"https:\/\/www.museuolimpicbcn.cat\/ca\/la-sostenibilitat-en-els-esdeveniments-esportius-la-candidatura-pirineus-barcelona-es-un-esdeveniment-sostenible\/\"},\"author\":{\"name\":\"Ibone\",\"@id\":\"https:\/\/www.museuolimpicbcn.cat\/ca\/#\/schema\/person\/b792834a53f193977df425a499287aa9\"},\"headline\":\"La sostenibilitat en els esdeveniments esportius. La candidatura Pirineus-Barcelona \u00e9s un esdeveniment sostenible\",\"datePublished\":\"2022-06-01T17:03:22+00:00\",\"dateModified\":\"2022-06-02T08:17:22+00:00\",\"mainEntityOfPage\":{\"@id\":\"https:\/\/www.museuolimpicbcn.cat\/ca\/la-sostenibilitat-en-els-esdeveniments-esportius-la-candidatura-pirineus-barcelona-es-un-esdeveniment-sostenible\/\"},\"wordCount\":417,\"publisher\":{\"@id\":\"https:\/\/www.museuolimpicbcn.cat\/ca\/#organization\"},\"image\":{\"@id\":\"https:\/\/www.museuolimpicbcn.cat\/ca\/la-sostenibilitat-en-els-esdeveniments-esportius-la-candidatura-pirineus-barcelona-es-un-esdeveniment-sostenible\/#primaryimage\"},\"thumbnailUrl\":\"https:\/\/www.museuolimpicbcn.cat\/wp-content\/uploads\/sites\/2\/2022\/06\/Esdeveniment-esportius-MuseuOlimpicBCN_11-scaled.jpg\",\"articleSection\":[\"Uncategorized @ca\"],\"inLanguage\":\"ca\"},{\"@type\":\"WebPage\",\"@id\":\"https:\/\/www.museuolimpicbcn.cat\/ca\/la-sostenibilitat-en-els-esdeveniments-esportius-la-candidatura-pirineus-barcelona-es-un-esdeveniment-sostenible\/\",\"url\":\"https:\/\/www.museuolimpicbcn.cat\/ca\/la-sostenibilitat-en-els-esdeveniments-esportius-la-candidatura-pirineus-barcelona-es-un-esdeveniment-sostenible\/\",\"name\":\"La sostenibilitat en els esdeveniments esportius. La candidatura Pirineus-Barcelona \u00e9s un esdeveniment sostenible - Museu Ol\u00edmpic i de l&#039;Esport\",\"isPartOf\":{\"@id\":\"https:\/\/www.museuolimpicbcn.cat\/ca\/#website\"},\"primaryImageOfPage\":{\"@id\":\"https:\/\/www.museuolimpicbcn.cat\/ca\/la-sostenibilitat-en-els-esdeveniments-esportius-la-candidatura-pirineus-barcelona-es-un-esdeveniment-sostenible\/#primaryimage\"},\"image\":{\"@id\":\"https:\/\/www.museuolimpicbcn.cat\/ca\/la-sostenibilitat-en-els-esdeveniments-esportius-la-candidatura-pirineus-barcelona-es-un-esdeveniment-sostenible\/#primaryimage\"},\"thumbnailUrl\":\"https:\/\/www.museuolimpicbcn.cat\/wp-content\/uploads\/sites\/2\/2022\/06\/Esdeveniment-esportius-MuseuOlimpicBCN_11-scaled.jpg\",\"datePublished\":\"2022-06-01T17:03:22+00:00\",\"dateModified\":\"2022-06-02T08:17:22+00:00\",\"breadcrumb\":{\"@id\":\"https:\/\/www.museuolimpicbcn.cat\/ca\/la-sostenibilitat-en-els-esdeveniments-esportius-la-candidatura-pirineus-barcelona-es-un-esdeveniment-sostenible\/#breadcrumb\"},\"inLanguage\":\"ca\",\"potentialAction\":[{\"@type\":\"ReadAction\",\"target\":[\"https:\/\/www.museuolimpicbcn.cat\/ca\/la-sostenibilitat-en-els-esdeveniments-esportius-la-candidatura-pirineus-barcelona-es-un-esdeveniment-sostenible\/\"]}]},{\"@type\":\"ImageObject\",\"inLanguage\":\"ca\",\"@id\":\"https:\/\/www.museuolimpicbcn.cat\/ca\/la-sostenibilitat-en-els-esdeveniments-esportius-la-candidatura-pirineus-barcelona-es-un-esdeveniment-sostenible\/#primaryimage\",\"url\":\"https:\/\/www.museuolimpicbcn.cat\/wp-content\/uploads\/sites\/2\/2022\/06\/Esdeveniment-esportius-MuseuOlimpicBCN_11-scaled.jpg\",\"contentUrl\":\"https:\/\/www.museuolimpicbcn.cat\/wp-content\/uploads\/sites\/2\/2022\/06\/Esdeveniment-esportius-MuseuOlimpicBCN_11-scaled.jpg\",\"width\":2560,\"height\":1707},{\"@type\":\"BreadcrumbList\",\"@id\":\"https:\/\/www.museuolimpicbcn.cat\/ca\/la-sostenibilitat-en-els-esdeveniments-esportius-la-candidatura-pirineus-barcelona-es-un-esdeveniment-sostenible\/#breadcrumb\",\"itemListElement\":[{\"@type\":\"ListItem\",\"position\":1,\"name\":\"Inici\",\"item\":\"https:\/\/www.museuolimpicbcn.cat\/es\/\"},{\"@type\":\"ListItem\",\"position\":2,\"name\":\"La sostenibilitat en els esdeveniments esportius. La candidatura Pirineus-Barcelona \u00e9s un esdeveniment sostenible\"}]},{\"@type\":\"WebSite\",\"@id\":\"https:\/\/www.museuolimpicbcn.cat\/ca\/#website\",\"url\":\"https:\/\/www.museuolimpicbcn.cat\/ca\/\",\"name\":\"Museu Ol\u00edmpic i de l&#039;Esport\",\"description\":\"Altre lloc Web del Museu Ol\u00edmpic i de l&#039;Esport llocs\",\"publisher\":{\"@id\":\"https:\/\/www.museuolimpicbcn.cat\/ca\/#organization\"},\"potentialAction\":[{\"@type\":\"SearchAction\",\"target\":{\"@type\":\"EntryPoint\",\"urlTemplate\":\"https:\/\/www.museuolimpicbcn.cat\/ca\/?s={search_term_string}\"},\"query-input\":{\"@type\":\"PropertyValueSpecification\",\"valueRequired\":true,\"valueName\":\"search_term_string\"}}],\"inLanguage\":\"ca\"},{\"@type\":\"Organization\",\"@id\":\"https:\/\/www.museuolimpicbcn.cat\/ca\/#organization\",\"name\":\"Museu Ol\u00edmpic i de l&#039;Esport\",\"url\":\"https:\/\/www.museuolimpicbcn.cat\/ca\/\",\"logo\":{\"@type\":\"ImageObject\",\"inLanguage\":\"ca\",\"@id\":\"https:\/\/www.museuolimpicbcn.cat\/ca\/#\/schema\/logo\/image\/\",\"url\":\"https:\/\/www.museuolimpicbcn.cat\/wp-content\/uploads\/sites\/2\/2018\/12\/logo-moe-header.svg\",\"contentUrl\":\"https:\/\/www.museuolimpicbcn.cat\/wp-content\/uploads\/sites\/2\/2018\/12\/logo-moe-header.svg\",\"caption\":\"Museu Ol\u00edmpic i de l&#039;Esport\"},\"image\":{\"@id\":\"https:\/\/www.museuolimpicbcn.cat\/ca\/#\/schema\/logo\/image\/\"}},{\"@type\":\"Person\",\"@id\":\"https:\/\/www.museuolimpicbcn.cat\/ca\/#\/schema\/person\/b792834a53f193977df425a499287aa9\",\"name\":\"Ibone\",\"url\":\"https:\/\/www.museuolimpicbcn.cat\/ca\/author\/fbolimpica\/\"}]}<\/script>\n<!-- \/ Yoast SEO plugin. -->","yoast_head_json":{"title":"La sostenibilitat en els esdeveniments esportius. La candidatura Pirineus-Barcelona \u00e9s un esdeveniment sostenible - Museu Ol\u00edmpic i de l&#039;Esport","robots":{"index":"index","follow":"follow","max-snippet":"max-snippet:-1","max-image-preview":"max-image-preview:large","max-video-preview":"max-video-preview:-1"},"canonical":"https:\/\/www.museuolimpicbcn.cat\/ca\/la-sostenibilitat-en-els-esdeveniments-esportius-la-candidatura-pirineus-barcelona-es-un-esdeveniment-sostenible\/","og_locale":"ca_ES","og_type":"article","og_title":"La sostenibilitat en els esdeveniments esportius. La candidatura Pirineus-Barcelona \u00e9s un esdeveniment sostenible - Museu Ol\u00edmpic i de l&#039;Esport","og_description":"La jornada \u201cLa sostenibilitat en els esdeveniments esportius. Desenvolupament sostenible i esport\u201d del cicle de confer\u00e8ncies \u201cEl valor de l\u2019esport en el segle XXI\u201d s\u2019ha realitzat via streaming en les instal\u00b7lacions del Museu Ol\u00edmpic i ha estat retransmesa a trav\u00e9s del p\u00e0gina web a href=&#8221;http:\/\/www.museuolimpicbcn.cat&#8221;&gt;www.museuolimpicbcn.cat i del canal YouTube de la Fundaci\u00f3 Barcelona Ol\u00edmpica on [&hellip;]","og_url":"https:\/\/www.museuolimpicbcn.cat\/ca\/la-sostenibilitat-en-els-esdeveniments-esportius-la-candidatura-pirineus-barcelona-es-un-esdeveniment-sostenible\/","og_site_name":"Museu Ol\u00edmpic i de l&#039;Esport","article_published_time":"2022-06-01T17:03:22+00:00","article_modified_time":"2022-06-02T08:17:22+00:00","og_image":[{"width":2560,"height":1707,"url":"https:\/\/www.museuolimpicbcn.cat\/wp-content\/uploads\/sites\/2\/2022\/06\/Esdeveniment-esportius-MuseuOlimpicBCN_11-scaled.jpg","type":"image\/jpeg"}],"author":"Ibone","twitter_card":"summary_large_image","twitter_misc":{"Escrit per":"Ibone","Temps estimat de lectura":"2 minuts"},"schema":{"@context":"https:\/\/schema.org","@graph":[{"@type":"Article","@id":"https:\/\/www.museuolimpicbcn.cat\/ca\/la-sostenibilitat-en-els-esdeveniments-esportius-la-candidatura-pirineus-barcelona-es-un-esdeveniment-sostenible\/#article","isPartOf":{"@id":"https:\/\/www.museuolimpicbcn.cat\/ca\/la-sostenibilitat-en-els-esdeveniments-esportius-la-candidatura-pirineus-barcelona-es-un-esdeveniment-sostenible\/"},"author":{"name":"Ibone","@id":"https:\/\/www.museuolimpicbcn.cat\/ca\/#\/schema\/person\/b792834a53f193977df425a499287aa9"},"headline":"La sostenibilitat en els esdeveniments esportius. La candidatura Pirineus-Barcelona \u00e9s un esdeveniment sostenible","datePublished":"2022-06-01T17:03:22+00:00","dateModified":"2022-06-02T08:17:22+00:00","mainEntityOfPage":{"@id":"https:\/\/www.museuolimpicbcn.cat\/ca\/la-sostenibilitat-en-els-esdeveniments-esportius-la-candidatura-pirineus-barcelona-es-un-esdeveniment-sostenible\/"},"wordCount":417,"publisher":{"@id":"https:\/\/www.museuolimpicbcn.cat\/ca\/#organization"},"image":{"@id":"https:\/\/www.museuolimpicbcn.cat\/ca\/la-sostenibilitat-en-els-esdeveniments-esportius-la-candidatura-pirineus-barcelona-es-un-esdeveniment-sostenible\/#primaryimage"},"thumbnailUrl":"https:\/\/www.museuolimpicbcn.cat\/wp-content\/uploads\/sites\/2\/2022\/06\/Esdeveniment-esportius-MuseuOlimpicBCN_11-scaled.jpg","articleSection":["Uncategorized @ca"],"inLanguage":"ca"},{"@type":"WebPage","@id":"https:\/\/www.museuolimpicbcn.cat\/ca\/la-sostenibilitat-en-els-esdeveniments-esportius-la-candidatura-pirineus-barcelona-es-un-esdeveniment-sostenible\/","url":"https:\/\/www.museuolimpicbcn.cat\/ca\/la-sostenibilitat-en-els-esdeveniments-esportius-la-candidatura-pirineus-barcelona-es-un-esdeveniment-sostenible\/","name":"La sostenibilitat en els esdeveniments esportius. La candidatura Pirineus-Barcelona \u00e9s un esdeveniment sostenible - Museu Ol\u00edmpic i de l&#039;Esport","isPartOf":{"@id":"https:\/\/www.museuolimpicbcn.cat\/ca\/#website"},"primaryImageOfPage":{"@id":"https:\/\/www.museuolimpicbcn.cat\/ca\/la-sostenibilitat-en-els-esdeveniments-esportius-la-candidatura-pirineus-barcelona-es-un-esdeveniment-sostenible\/#primaryimage"},"image":{"@id":"https:\/\/www.museuolimpicbcn.cat\/ca\/la-sostenibilitat-en-els-esdeveniments-esportius-la-candidatura-pirineus-barcelona-es-un-esdeveniment-sostenible\/#primaryimage"},"thumbnailUrl":"https:\/\/www.museuolimpicbcn.cat\/wp-content\/uploads\/sites\/2\/2022\/06\/Esdeveniment-esportius-MuseuOlimpicBCN_11-scaled.jpg","datePublished":"2022-06-01T17:03:22+00:00","dateModified":"2022-06-02T08:17:22+00:00","breadcrumb":{"@id":"https:\/\/www.museuolimpicbcn.cat\/ca\/la-sostenibilitat-en-els-esdeveniments-esportius-la-candidatura-pirineus-barcelona-es-un-esdeveniment-sostenible\/#breadcrumb"},"inLanguage":"ca","potentialAction":[{"@type":"ReadAction","target":["https:\/\/www.museuolimpicbcn.cat\/ca\/la-sostenibilitat-en-els-esdeveniments-esportius-la-candidatura-pirineus-barcelona-es-un-esdeveniment-sostenible\/"]}]},{"@type":"ImageObject","inLanguage":"ca","@id":"https:\/\/www.museuolimpicbcn.cat\/ca\/la-sostenibilitat-en-els-esdeveniments-esportius-la-candidatura-pirineus-barcelona-es-un-esdeveniment-sostenible\/#primaryimage","url":"https:\/\/www.museuolimpicbcn.cat\/wp-content\/uploads\/sites\/2\/2022\/06\/Esdeveniment-esportius-MuseuOlimpicBCN_11-scaled.jpg","contentUrl":"https:\/\/www.museuolimpicbcn.cat\/wp-content\/uploads\/sites\/2\/2022\/06\/Esdeveniment-esportius-MuseuOlimpicBCN_11-scaled.jpg","width":2560,"height":1707},{"@type":"BreadcrumbList","@id":"https:\/\/www.museuolimpicbcn.cat\/ca\/la-sostenibilitat-en-els-esdeveniments-esportius-la-candidatura-pirineus-barcelona-es-un-esdeveniment-sostenible\/#breadcrumb","itemListElement":[{"@type":"ListItem","position":1,"name":"Inici","item":"https:\/\/www.museuolimpicbcn.cat\/es\/"},{"@type":"ListItem","position":2,"name":"La sostenibilitat en els esdeveniments esportius. La candidatura Pirineus-Barcelona \u00e9s un esdeveniment sostenible"}]},{"@type":"WebSite","@id":"https:\/\/www.museuolimpicbcn.cat\/ca\/#website","url":"https:\/\/www.museuolimpicbcn.cat\/ca\/","name":"Museu Ol\u00edmpic i de l&#039;Esport","description":"Altre lloc Web del Museu Ol\u00edmpic i de l&#039;Esport llocs","publisher":{"@id":"https:\/\/www.museuolimpicbcn.cat\/ca\/#organization"},"potentialAction":[{"@type":"SearchAction","target":{"@type":"EntryPoint","urlTemplate":"https:\/\/www.museuolimpicbcn.cat\/ca\/?s={search_term_string}"},"query-input":{"@type":"PropertyValueSpecification","valueRequired":true,"valueName":"search_term_string"}}],"inLanguage":"ca"},{"@type":"Organization","@id":"https:\/\/www.museuolimpicbcn.cat\/ca\/#organization","name":"Museu Ol\u00edmpic i de l&#039;Esport","url":"https:\/\/www.museuolimpicbcn.cat\/ca\/","logo":{"@type":"ImageObject","inLanguage":"ca","@id":"https:\/\/www.museuolimpicbcn.cat\/ca\/#\/schema\/logo\/image\/","url":"https:\/\/www.museuolimpicbcn.cat\/wp-content\/uploads\/sites\/2\/2018\/12\/logo-moe-header.svg","contentUrl":"https:\/\/www.museuolimpicbcn.cat\/wp-content\/uploads\/sites\/2\/2018\/12\/logo-moe-header.svg","caption":"Museu Ol\u00edmpic i de l&#039;Esport"},"image":{"@id":"https:\/\/www.museuolimpicbcn.cat\/ca\/#\/schema\/logo\/image\/"}},{"@type":"Person","@id":"https:\/\/www.museuolimpicbcn.cat\/ca\/#\/schema\/person\/b792834a53f193977df425a499287aa9","name":"Ibone","url":"https:\/\/www.museuolimpicbcn.cat\/ca\/author\/fbolimpica\/"}]}},"_links":{"self":[{"href":"https:\/\/www.museuolimpicbcn.cat\/ca\/wp-json\/wp\/v2\/posts\/33015"}],"collection":[{"href":"https:\/\/www.museuolimpicbcn.cat\/ca\/wp-json\/wp\/v2\/posts"}],"about":[{"href":"https:\/\/www.museuolimpicbcn.cat\/ca\/wp-json\/wp\/v2\/types\/post"}],"author":[{"embeddable":true,"href":"https:\/\/www.museuolimpicbcn.cat\/ca\/wp-json\/wp\/v2\/users\/11"}],"replies":[{"embeddable":true,"href":"https:\/\/www.museuolimpicbcn.cat\/ca\/wp-json\/wp\/v2\/comments?post=33015"}],"version-history":[{"count":4,"href":"https:\/\/www.museuolimpicbcn.cat\/ca\/wp-json\/wp\/v2\/posts\/33015\/revisions"}],"predecessor-version":[{"id":33046,"href":"https:\/\/www.museuolimpicbcn.cat\/ca\/wp-json\/wp\/v2\/posts\/33015\/revisions\/33046"}],"wp:featuredmedia":[{"embeddable":true,"href":"https:\/\/www.museuolimpicbcn.cat\/ca\/wp-json\/wp\/v2\/media\/33048"}],"wp:attachment":[{"href":"https:\/\/www.museuolimpicbcn.cat\/ca\/wp-json\/wp\/v2\/media?parent=33015"}],"wp:term":[{"taxonomy":"category","embeddable":true,"href":"https:\/\/www.museuolimpicbcn.cat\/ca\/wp-json\/wp\/v2\/categories?post=33015"},{"taxonomy":"post_tag","embeddable":true,"href":"https:\/\/www.museuolimpicbcn.cat\/ca\/wp-json\/wp\/v2\/tags?post=33015"}],"curies":[{"name":"wp","href":"https:\/\/api.w.org\/{rel}","templated":true}]}}