{"id":33123,"date":"2022-06-10T09:41:25","date_gmt":"2022-06-10T07:41:25","guid":{"rendered":"https:\/\/www.museuolimpicbcn.cat\/?p=33123"},"modified":"2022-06-10T09:41:25","modified_gmt":"2022-06-10T07:41:25","slug":"la-medida-de-gobierno-deporte-y-genero-se-ha-presentado-en-el-museo-olimpico-de-barcelona","status":"publish","type":"post","link":"https:\/\/www.museuolimpicbcn.cat\/ca\/la-medida-de-gobierno-deporte-y-genero-se-ha-presentado-en-el-museo-olimpico-de-barcelona\/","title":{"rendered":"La \u201cMedida de Gobierno Deporte y G\u00e9nero\u201d se ha presentado en el Museo Ol\u00edmpico de Barcelona"},"content":{"rendered":"<p>Laura P\u00e9rez, teniente de Alcald\u00eda de Derechos Sociales, Justicia Global, Feminismos y LGTBI y David Escud\u00e9, regidor de Deportes, han presentado la nueva \u201cMedida de Gobierno Deporte y G\u00e9nero\u201d impulsada desde el Institut Barcelona Esports (IBE) con el apoyo del \u00e1rea de Derechos Sociales, Justicia Global, Feminismos y LGTBI. La mesa redonda ha contado con la presencia de Amanda Guti\u00e9rrez, presidenta del sindicato de mujeres futbolistas (FUPRO) y de Alfred Porcar, director general de FC Martinenc.<\/p>\n<p>La medida hace un diagn\u00f3stico de la realidad del deporte con perspectiva de g\u00e9nero y recoge una serie de objetivos, ejes de actuaci\u00f3n y acciones concretas orientadas a reducir considerablemente, durante los pr\u00f3ximos tres a\u00f1os, las diferencias de g\u00e9nero en este campo. Se trata de una iniciativa pionera con la vocaci\u00f3n de situar Barcelona como un referente, marcando el camino hacia la equidad de g\u00e9nero en el deporte.<\/p>\n<p>La medida incluye 6 grandes ejes y 52 actuaciones espec\u00edficas que el Institut Barcelona Esports ejecutar\u00e1 durante los pr\u00f3ximos tres a\u00f1os. Los objetivos principales son introducir la perspectiva de g\u00e9nero; fomentar la participaci\u00f3n y la visibilidad femenina en la pr\u00e1ctica y la gesti\u00f3n deportiva, y garantizar acontecimientos plenamente igualitarios.<\/p>\n<p><a href=\"http:\/\/via.ecomunica.barcelona.cat\/lnk\/AWEAACSInvoAAAALyPwAAADzKbgAAAAAFXMAAAAPABYzPQBioeFLQXVfbPhDTKaQ7V9JXBMmZAAV5Bc\/7\/M-Buh9c39AhhysTN65xdNA\/aHR0cHM6Ly9hanVudGFtZW50LmJhcmNlbG9uYS5jYXQvZXNwb3J0cy9zaXRlcy9kZWZhdWx0L2ZpbGVzLzIwMjItMDYvTWVzdXJhJTIwZ292ZXJuX2VzcG9ydGlnZW5lcmV2MTNfcGVyaW1wcmVtdGEucGRm\">Mesura de Govern Esport i G\u00e8nere\u00a0<\/a><\/p>\n","protected":false},"excerpt":{"rendered":"<p>Laura P\u00e9rez, teniente de Alcald\u00eda de Derechos Sociales, Justicia Global, Feminismos y LGTBI y David Escud\u00e9, regidor de Deportes, han presentado la nueva \u201cMedida de Gobierno Deporte y G\u00e9nero\u201d impulsada desde el Institut Barcelona Esports (IBE) con el apoyo del \u00e1rea de Derechos Sociales, Justicia Global, Feminismos y LGTBI. La mesa redonda ha contado con [&hellip;]<\/p>\n","protected":false},"author":11,"featured_media":33124,"comment_status":"closed","ping_status":"closed","sticky":false,"template":"","format":"standard","meta":{"_acf_changed":false,"_price":"","_stock":"","_tribe_ticket_header":"","_tribe_default_ticket_provider":"","_tribe_ticket_capacity":"0","_ticket_start_date":"","_ticket_end_date":"","_tribe_ticket_show_description":"","_tribe_ticket_show_not_going":false,"_tribe_ticket_use_global_stock":"","_tribe_ticket_global_stock_level":"","_global_stock_mode":"","_global_stock_cap":"","_tribe_rsvp_for_event":"","_tribe_ticket_going_count":"","_tribe_ticket_not_going_count":"","_tribe_tickets_list":"[]","_tribe_ticket_has_attendee_info_fields":false,"footnotes":""},"categories":[1],"tags":[],"class_list":["post-33123","post","type-post","status-publish","format-standard","has-post-thumbnail","hentry","category-uncategorized-ca"],"acf":[],"yoast_head":"<!-- This site is optimized with the Yoast SEO plugin v23.7 - https:\/\/yoast.com\/wordpress\/plugins\/seo\/ -->\n<title>La \u201cMedida de Gobierno Deporte y G\u00e9nero\u201d se ha presentado en el Museo Ol\u00edmpico de Barcelona - Museu Ol\u00edmpic i de l&#039;Esport<\/title>\n<meta name=\"robots\" content=\"index, follow, max-snippet:-1, max-image-preview:large, max-video-preview:-1\" \/>\n<link rel=\"canonical\" href=\"https:\/\/www.museuolimpicbcn.cat\/ca\/la-medida-de-gobierno-deporte-y-genero-se-ha-presentado-en-el-museo-olimpico-de-barcelona\/\" \/>\n<meta property=\"og:locale\" content=\"ca_ES\" \/>\n<meta property=\"og:type\" content=\"article\" \/>\n<meta property=\"og:title\" content=\"La \u201cMedida de Gobierno Deporte y G\u00e9nero\u201d se ha presentado en el Museo Ol\u00edmpico de Barcelona - Museu Ol\u00edmpic i de l&#039;Esport\" \/>\n<meta property=\"og:description\" content=\"Laura P\u00e9rez, teniente de Alcald\u00eda de Derechos Sociales, Justicia Global, Feminismos y LGTBI y David Escud\u00e9, regidor de Deportes, han presentado la nueva \u201cMedida de Gobierno Deporte y G\u00e9nero\u201d impulsada desde el Institut Barcelona Esports (IBE) con el apoyo del \u00e1rea de Derechos Sociales, Justicia Global, Feminismos y LGTBI. La mesa redonda ha contado con [&hellip;]\" \/>\n<meta property=\"og:url\" content=\"https:\/\/www.museuolimpicbcn.cat\/ca\/la-medida-de-gobierno-deporte-y-genero-se-ha-presentado-en-el-museo-olimpico-de-barcelona\/\" \/>\n<meta property=\"og:site_name\" content=\"Museu Ol\u00edmpic i de l&#039;Esport\" \/>\n<meta property=\"article:published_time\" content=\"2022-06-10T07:41:25+00:00\" \/>\n<meta property=\"og:image\" content=\"https:\/\/www.museuolimpicbcn.cat\/wp-content\/uploads\/sites\/2\/2022\/06\/ESport-Genere-MuseuOlimpicBCN_3-scaled.jpg\" \/>\n\t<meta property=\"og:image:width\" content=\"2560\" \/>\n\t<meta property=\"og:image:height\" content=\"1608\" \/>\n\t<meta property=\"og:image:type\" content=\"image\/jpeg\" \/>\n<meta name=\"author\" content=\"Ibone\" \/>\n<meta name=\"twitter:card\" content=\"summary_large_image\" \/>\n<meta name=\"twitter:label1\" content=\"Escrit per\" \/>\n\t<meta name=\"twitter:data1\" content=\"Ibone\" \/>\n\t<meta name=\"twitter:label2\" content=\"Temps estimat de lectura\" \/>\n\t<meta name=\"twitter:data2\" content=\"1 minut\" \/>\n<script type=\"application\/ld+json\" class=\"yoast-schema-graph\">{\"@context\":\"https:\/\/schema.org\",\"@graph\":[{\"@type\":\"Article\",\"@id\":\"https:\/\/www.museuolimpicbcn.cat\/ca\/la-medida-de-gobierno-deporte-y-genero-se-ha-presentado-en-el-museo-olimpico-de-barcelona\/#article\",\"isPartOf\":{\"@id\":\"https:\/\/www.museuolimpicbcn.cat\/ca\/la-medida-de-gobierno-deporte-y-genero-se-ha-presentado-en-el-museo-olimpico-de-barcelona\/\"},\"author\":{\"name\":\"Ibone\",\"@id\":\"https:\/\/www.museuolimpicbcn.cat\/ca\/#\/schema\/person\/b792834a53f193977df425a499287aa9\"},\"headline\":\"La \u201cMedida de Gobierno Deporte y G\u00e9nero\u201d se ha presentado en el Museo Ol\u00edmpico de Barcelona\",\"datePublished\":\"2022-06-10T07:41:25+00:00\",\"dateModified\":\"2022-06-10T07:41:25+00:00\",\"mainEntityOfPage\":{\"@id\":\"https:\/\/www.museuolimpicbcn.cat\/ca\/la-medida-de-gobierno-deporte-y-genero-se-ha-presentado-en-el-museo-olimpico-de-barcelona\/\"},\"wordCount\":235,\"publisher\":{\"@id\":\"https:\/\/www.museuolimpicbcn.cat\/ca\/#organization\"},\"image\":{\"@id\":\"https:\/\/www.museuolimpicbcn.cat\/ca\/la-medida-de-gobierno-deporte-y-genero-se-ha-presentado-en-el-museo-olimpico-de-barcelona\/#primaryimage\"},\"thumbnailUrl\":\"https:\/\/www.museuolimpicbcn.cat\/wp-content\/uploads\/sites\/2\/2022\/06\/ESport-Genere-MuseuOlimpicBCN_3-scaled.jpg\",\"articleSection\":[\"Uncategorized @ca\"],\"inLanguage\":\"ca\"},{\"@type\":\"WebPage\",\"@id\":\"https:\/\/www.museuolimpicbcn.cat\/ca\/la-medida-de-gobierno-deporte-y-genero-se-ha-presentado-en-el-museo-olimpico-de-barcelona\/\",\"url\":\"https:\/\/www.museuolimpicbcn.cat\/ca\/la-medida-de-gobierno-deporte-y-genero-se-ha-presentado-en-el-museo-olimpico-de-barcelona\/\",\"name\":\"La \u201cMedida de Gobierno Deporte y G\u00e9nero\u201d se ha presentado en el Museo Ol\u00edmpico de Barcelona - Museu Ol\u00edmpic i de l&#039;Esport\",\"isPartOf\":{\"@id\":\"https:\/\/www.museuolimpicbcn.cat\/ca\/#website\"},\"primaryImageOfPage\":{\"@id\":\"https:\/\/www.museuolimpicbcn.cat\/ca\/la-medida-de-gobierno-deporte-y-genero-se-ha-presentado-en-el-museo-olimpico-de-barcelona\/#primaryimage\"},\"image\":{\"@id\":\"https:\/\/www.museuolimpicbcn.cat\/ca\/la-medida-de-gobierno-deporte-y-genero-se-ha-presentado-en-el-museo-olimpico-de-barcelona\/#primaryimage\"},\"thumbnailUrl\":\"https:\/\/www.museuolimpicbcn.cat\/wp-content\/uploads\/sites\/2\/2022\/06\/ESport-Genere-MuseuOlimpicBCN_3-scaled.jpg\",\"datePublished\":\"2022-06-10T07:41:25+00:00\",\"dateModified\":\"2022-06-10T07:41:25+00:00\",\"breadcrumb\":{\"@id\":\"https:\/\/www.museuolimpicbcn.cat\/ca\/la-medida-de-gobierno-deporte-y-genero-se-ha-presentado-en-el-museo-olimpico-de-barcelona\/#breadcrumb\"},\"inLanguage\":\"ca\",\"potentialAction\":[{\"@type\":\"ReadAction\",\"target\":[\"https:\/\/www.museuolimpicbcn.cat\/ca\/la-medida-de-gobierno-deporte-y-genero-se-ha-presentado-en-el-museo-olimpico-de-barcelona\/\"]}]},{\"@type\":\"ImageObject\",\"inLanguage\":\"ca\",\"@id\":\"https:\/\/www.museuolimpicbcn.cat\/ca\/la-medida-de-gobierno-deporte-y-genero-se-ha-presentado-en-el-museo-olimpico-de-barcelona\/#primaryimage\",\"url\":\"https:\/\/www.museuolimpicbcn.cat\/wp-content\/uploads\/sites\/2\/2022\/06\/ESport-Genere-MuseuOlimpicBCN_3-scaled.jpg\",\"contentUrl\":\"https:\/\/www.museuolimpicbcn.cat\/wp-content\/uploads\/sites\/2\/2022\/06\/ESport-Genere-MuseuOlimpicBCN_3-scaled.jpg\",\"width\":2560,\"height\":1608},{\"@type\":\"BreadcrumbList\",\"@id\":\"https:\/\/www.museuolimpicbcn.cat\/ca\/la-medida-de-gobierno-deporte-y-genero-se-ha-presentado-en-el-museo-olimpico-de-barcelona\/#breadcrumb\",\"itemListElement\":[{\"@type\":\"ListItem\",\"position\":1,\"name\":\"Inici\",\"item\":\"https:\/\/www.museuolimpicbcn.cat\/es\/\"},{\"@type\":\"ListItem\",\"position\":2,\"name\":\"La \u201cMedida de Gobierno Deporte y G\u00e9nero\u201d se ha presentado en el Museo Ol\u00edmpico de Barcelona\"}]},{\"@type\":\"WebSite\",\"@id\":\"https:\/\/www.museuolimpicbcn.cat\/ca\/#website\",\"url\":\"https:\/\/www.museuolimpicbcn.cat\/ca\/\",\"name\":\"Museu Ol\u00edmpic i de l&#039;Esport\",\"description\":\"Altre lloc Web del Museu Ol\u00edmpic i de l&#039;Esport llocs\",\"publisher\":{\"@id\":\"https:\/\/www.museuolimpicbcn.cat\/ca\/#organization\"},\"potentialAction\":[{\"@type\":\"SearchAction\",\"target\":{\"@type\":\"EntryPoint\",\"urlTemplate\":\"https:\/\/www.museuolimpicbcn.cat\/ca\/?s={search_term_string}\"},\"query-input\":{\"@type\":\"PropertyValueSpecification\",\"valueRequired\":true,\"valueName\":\"search_term_string\"}}],\"inLanguage\":\"ca\"},{\"@type\":\"Organization\",\"@id\":\"https:\/\/www.museuolimpicbcn.cat\/ca\/#organization\",\"name\":\"Museu Ol\u00edmpic i de l&#039;Esport\",\"url\":\"https:\/\/www.museuolimpicbcn.cat\/ca\/\",\"logo\":{\"@type\":\"ImageObject\",\"inLanguage\":\"ca\",\"@id\":\"https:\/\/www.museuolimpicbcn.cat\/ca\/#\/schema\/logo\/image\/\",\"url\":\"https:\/\/www.museuolimpicbcn.cat\/wp-content\/uploads\/sites\/2\/2018\/12\/logo-moe-header.svg\",\"contentUrl\":\"https:\/\/www.museuolimpicbcn.cat\/wp-content\/uploads\/sites\/2\/2018\/12\/logo-moe-header.svg\",\"caption\":\"Museu Ol\u00edmpic i de l&#039;Esport\"},\"image\":{\"@id\":\"https:\/\/www.museuolimpicbcn.cat\/ca\/#\/schema\/logo\/image\/\"}},{\"@type\":\"Person\",\"@id\":\"https:\/\/www.museuolimpicbcn.cat\/ca\/#\/schema\/person\/b792834a53f193977df425a499287aa9\",\"name\":\"Ibone\",\"url\":\"https:\/\/www.museuolimpicbcn.cat\/ca\/author\/fbolimpica\/\"}]}<\/script>\n<!-- \/ Yoast SEO plugin. -->","yoast_head_json":{"title":"La \u201cMedida de Gobierno Deporte y G\u00e9nero\u201d se ha presentado en el Museo Ol\u00edmpico de Barcelona - Museu Ol\u00edmpic i de l&#039;Esport","robots":{"index":"index","follow":"follow","max-snippet":"max-snippet:-1","max-image-preview":"max-image-preview:large","max-video-preview":"max-video-preview:-1"},"canonical":"https:\/\/www.museuolimpicbcn.cat\/ca\/la-medida-de-gobierno-deporte-y-genero-se-ha-presentado-en-el-museo-olimpico-de-barcelona\/","og_locale":"ca_ES","og_type":"article","og_title":"La \u201cMedida de Gobierno Deporte y G\u00e9nero\u201d se ha presentado en el Museo Ol\u00edmpico de Barcelona - Museu Ol\u00edmpic i de l&#039;Esport","og_description":"Laura P\u00e9rez, teniente de Alcald\u00eda de Derechos Sociales, Justicia Global, Feminismos y LGTBI y David Escud\u00e9, regidor de Deportes, han presentado la nueva \u201cMedida de Gobierno Deporte y G\u00e9nero\u201d impulsada desde el Institut Barcelona Esports (IBE) con el apoyo del \u00e1rea de Derechos Sociales, Justicia Global, Feminismos y LGTBI. La mesa redonda ha contado con [&hellip;]","og_url":"https:\/\/www.museuolimpicbcn.cat\/ca\/la-medida-de-gobierno-deporte-y-genero-se-ha-presentado-en-el-museo-olimpico-de-barcelona\/","og_site_name":"Museu Ol\u00edmpic i de l&#039;Esport","article_published_time":"2022-06-10T07:41:25+00:00","og_image":[{"width":2560,"height":1608,"url":"https:\/\/www.museuolimpicbcn.cat\/wp-content\/uploads\/sites\/2\/2022\/06\/ESport-Genere-MuseuOlimpicBCN_3-scaled.jpg","type":"image\/jpeg"}],"author":"Ibone","twitter_card":"summary_large_image","twitter_misc":{"Escrit per":"Ibone","Temps estimat de lectura":"1 minut"},"schema":{"@context":"https:\/\/schema.org","@graph":[{"@type":"Article","@id":"https:\/\/www.museuolimpicbcn.cat\/ca\/la-medida-de-gobierno-deporte-y-genero-se-ha-presentado-en-el-museo-olimpico-de-barcelona\/#article","isPartOf":{"@id":"https:\/\/www.museuolimpicbcn.cat\/ca\/la-medida-de-gobierno-deporte-y-genero-se-ha-presentado-en-el-museo-olimpico-de-barcelona\/"},"author":{"name":"Ibone","@id":"https:\/\/www.museuolimpicbcn.cat\/ca\/#\/schema\/person\/b792834a53f193977df425a499287aa9"},"headline":"La \u201cMedida de Gobierno Deporte y G\u00e9nero\u201d se ha presentado en el Museo Ol\u00edmpico de Barcelona","datePublished":"2022-06-10T07:41:25+00:00","dateModified":"2022-06-10T07:41:25+00:00","mainEntityOfPage":{"@id":"https:\/\/www.museuolimpicbcn.cat\/ca\/la-medida-de-gobierno-deporte-y-genero-se-ha-presentado-en-el-museo-olimpico-de-barcelona\/"},"wordCount":235,"publisher":{"@id":"https:\/\/www.museuolimpicbcn.cat\/ca\/#organization"},"image":{"@id":"https:\/\/www.museuolimpicbcn.cat\/ca\/la-medida-de-gobierno-deporte-y-genero-se-ha-presentado-en-el-museo-olimpico-de-barcelona\/#primaryimage"},"thumbnailUrl":"https:\/\/www.museuolimpicbcn.cat\/wp-content\/uploads\/sites\/2\/2022\/06\/ESport-Genere-MuseuOlimpicBCN_3-scaled.jpg","articleSection":["Uncategorized @ca"],"inLanguage":"ca"},{"@type":"WebPage","@id":"https:\/\/www.museuolimpicbcn.cat\/ca\/la-medida-de-gobierno-deporte-y-genero-se-ha-presentado-en-el-museo-olimpico-de-barcelona\/","url":"https:\/\/www.museuolimpicbcn.cat\/ca\/la-medida-de-gobierno-deporte-y-genero-se-ha-presentado-en-el-museo-olimpico-de-barcelona\/","name":"La \u201cMedida de Gobierno Deporte y G\u00e9nero\u201d se ha presentado en el Museo Ol\u00edmpico de Barcelona - Museu Ol\u00edmpic i de l&#039;Esport","isPartOf":{"@id":"https:\/\/www.museuolimpicbcn.cat\/ca\/#website"},"primaryImageOfPage":{"@id":"https:\/\/www.museuolimpicbcn.cat\/ca\/la-medida-de-gobierno-deporte-y-genero-se-ha-presentado-en-el-museo-olimpico-de-barcelona\/#primaryimage"},"image":{"@id":"https:\/\/www.museuolimpicbcn.cat\/ca\/la-medida-de-gobierno-deporte-y-genero-se-ha-presentado-en-el-museo-olimpico-de-barcelona\/#primaryimage"},"thumbnailUrl":"https:\/\/www.museuolimpicbcn.cat\/wp-content\/uploads\/sites\/2\/2022\/06\/ESport-Genere-MuseuOlimpicBCN_3-scaled.jpg","datePublished":"2022-06-10T07:41:25+00:00","dateModified":"2022-06-10T07:41:25+00:00","breadcrumb":{"@id":"https:\/\/www.museuolimpicbcn.cat\/ca\/la-medida-de-gobierno-deporte-y-genero-se-ha-presentado-en-el-museo-olimpico-de-barcelona\/#breadcrumb"},"inLanguage":"ca","potentialAction":[{"@type":"ReadAction","target":["https:\/\/www.museuolimpicbcn.cat\/ca\/la-medida-de-gobierno-deporte-y-genero-se-ha-presentado-en-el-museo-olimpico-de-barcelona\/"]}]},{"@type":"ImageObject","inLanguage":"ca","@id":"https:\/\/www.museuolimpicbcn.cat\/ca\/la-medida-de-gobierno-deporte-y-genero-se-ha-presentado-en-el-museo-olimpico-de-barcelona\/#primaryimage","url":"https:\/\/www.museuolimpicbcn.cat\/wp-content\/uploads\/sites\/2\/2022\/06\/ESport-Genere-MuseuOlimpicBCN_3-scaled.jpg","contentUrl":"https:\/\/www.museuolimpicbcn.cat\/wp-content\/uploads\/sites\/2\/2022\/06\/ESport-Genere-MuseuOlimpicBCN_3-scaled.jpg","width":2560,"height":1608},{"@type":"BreadcrumbList","@id":"https:\/\/www.museuolimpicbcn.cat\/ca\/la-medida-de-gobierno-deporte-y-genero-se-ha-presentado-en-el-museo-olimpico-de-barcelona\/#breadcrumb","itemListElement":[{"@type":"ListItem","position":1,"name":"Inici","item":"https:\/\/www.museuolimpicbcn.cat\/es\/"},{"@type":"ListItem","position":2,"name":"La \u201cMedida de Gobierno Deporte y G\u00e9nero\u201d se ha presentado en el Museo Ol\u00edmpico de Barcelona"}]},{"@type":"WebSite","@id":"https:\/\/www.museuolimpicbcn.cat\/ca\/#website","url":"https:\/\/www.museuolimpicbcn.cat\/ca\/","name":"Museu Ol\u00edmpic i de l&#039;Esport","description":"Altre lloc Web del Museu Ol\u00edmpic i de l&#039;Esport llocs","publisher":{"@id":"https:\/\/www.museuolimpicbcn.cat\/ca\/#organization"},"potentialAction":[{"@type":"SearchAction","target":{"@type":"EntryPoint","urlTemplate":"https:\/\/www.museuolimpicbcn.cat\/ca\/?s={search_term_string}"},"query-input":{"@type":"PropertyValueSpecification","valueRequired":true,"valueName":"search_term_string"}}],"inLanguage":"ca"},{"@type":"Organization","@id":"https:\/\/www.museuolimpicbcn.cat\/ca\/#organization","name":"Museu Ol\u00edmpic i de l&#039;Esport","url":"https:\/\/www.museuolimpicbcn.cat\/ca\/","logo":{"@type":"ImageObject","inLanguage":"ca","@id":"https:\/\/www.museuolimpicbcn.cat\/ca\/#\/schema\/logo\/image\/","url":"https:\/\/www.museuolimpicbcn.cat\/wp-content\/uploads\/sites\/2\/2018\/12\/logo-moe-header.svg","contentUrl":"https:\/\/www.museuolimpicbcn.cat\/wp-content\/uploads\/sites\/2\/2018\/12\/logo-moe-header.svg","caption":"Museu Ol\u00edmpic i de l&#039;Esport"},"image":{"@id":"https:\/\/www.museuolimpicbcn.cat\/ca\/#\/schema\/logo\/image\/"}},{"@type":"Person","@id":"https:\/\/www.museuolimpicbcn.cat\/ca\/#\/schema\/person\/b792834a53f193977df425a499287aa9","name":"Ibone","url":"https:\/\/www.museuolimpicbcn.cat\/ca\/author\/fbolimpica\/"}]}},"_links":{"self":[{"href":"https:\/\/www.museuolimpicbcn.cat\/ca\/wp-json\/wp\/v2\/posts\/33123"}],"collection":[{"href":"https:\/\/www.museuolimpicbcn.cat\/ca\/wp-json\/wp\/v2\/posts"}],"about":[{"href":"https:\/\/www.museuolimpicbcn.cat\/ca\/wp-json\/wp\/v2\/types\/post"}],"author":[{"embeddable":true,"href":"https:\/\/www.museuolimpicbcn.cat\/ca\/wp-json\/wp\/v2\/users\/11"}],"replies":[{"embeddable":true,"href":"https:\/\/www.museuolimpicbcn.cat\/ca\/wp-json\/wp\/v2\/comments?post=33123"}],"version-history":[{"count":1,"href":"https:\/\/www.museuolimpicbcn.cat\/ca\/wp-json\/wp\/v2\/posts\/33123\/revisions"}],"predecessor-version":[{"id":33151,"href":"https:\/\/www.museuolimpicbcn.cat\/ca\/wp-json\/wp\/v2\/posts\/33123\/revisions\/33151"}],"wp:featuredmedia":[{"embeddable":true,"href":"https:\/\/www.museuolimpicbcn.cat\/ca\/wp-json\/wp\/v2\/media\/33124"}],"wp:attachment":[{"href":"https:\/\/www.museuolimpicbcn.cat\/ca\/wp-json\/wp\/v2\/media?parent=33123"}],"wp:term":[{"taxonomy":"category","embeddable":true,"href":"https:\/\/www.museuolimpicbcn.cat\/ca\/wp-json\/wp\/v2\/categories?post=33123"},{"taxonomy":"post_tag","embeddable":true,"href":"https:\/\/www.museuolimpicbcn.cat\/ca\/wp-json\/wp\/v2\/tags?post=33123"}],"curies":[{"name":"wp","href":"https:\/\/api.w.org\/{rel}","templated":true}]}}