{"id":34128,"date":"2022-07-25T20:06:56","date_gmt":"2022-07-25T18:06:56","guid":{"rendered":"https:\/\/www.museuolimpicbcn.cat\/30-anys-de-la-inauguracio-dels-jocs-olimpics-de-barcelona92-una-commemoracio-historica\/"},"modified":"2022-07-25T20:57:09","modified_gmt":"2022-07-25T18:57:09","slug":"30-anys-de-la-inauguracio-dels-jocs-olimpics-de-barcelona92-una-commemoracio-historica","status":"publish","type":"post","link":"https:\/\/www.museuolimpicbcn.cat\/ca\/30-anys-de-la-inauguracio-dels-jocs-olimpics-de-barcelona92-una-commemoracio-historica\/","title":{"rendered":"30 anys de la inauguraci\u00f3 dels Jocs Ol\u00edmpics de Barcelona\u201992, una commemoraci\u00f3 hist\u00f2rica"},"content":{"rendered":"<p>Durant tot el dia d&#8217;avui -25 de juliol- ciutadans, turistes, voluntaris i mitjans de comunicaci\u00f3 han desfilat per davant del Museu Ol\u00edmpic de Barcelona per reviure els Jocs Ol\u00edmpics de Barcelona al costat de la icona per excel\u00b7l\u00e8ncia dels Jocs, \u201cCobi\u201d, la mascota.<\/p>\n<p>Durant la jornada vespertina, David Escud\u00e9, president de la Fundaci\u00f3 Barcelona Ol\u00edmpica, ha inaugurat al Museu Ol\u00edmpic l&#8217;exposici\u00f3 temporal \u201cOlimp\u00edada Cultural. Un esclat art\u00edstic per a Barcelona\u201d dedicada a l&#8217;Olimp\u00edada Cultural, un programa quadriennal d&#8217;iniciatives culturals que va culminar en el Festival Ol\u00edmpic de les Arts en 1992. En la inauguraci\u00f3 han estat presents Maria Teresa Samaranch, Enric Tru\u00f1\u00f3 i Juli Pernas, membres del patronat de la Fundaci\u00f3 Barcelona Ol\u00edmpica.<\/p>\n<p>Qui no recorda, en 1988, a Freddie Mercury i Montserrat Caball\u00e9 cantant \u201cBarcelona\u201d a la Font M\u00e0gica de Montju\u00efc?, aquest va ser un dels tants espectacles, exposicions o esdeveniments que durant 4 anys la ciutat va acollir amb la finalitat de mostrar al m\u00f3n l&#8217;art, l&#8217;arquitectura, la for\u00e7a i la capacitat d&#8217;organitzaci\u00f3; un pre\u00e0mbul del que serien els Jocs Ol\u00edmpics de Barcelona.<\/p>\n<p>La jornada ha concl\u00f2s amb una taula rodona, coordinada per Francesc Terr\u00f3n, director de la Fundaci\u00f3 Barcelona Ol\u00edmpica; amb voluntaris dels Jocs Ol\u00edmpics i Paral\u00edmpics de Barcelona\u201992 que ha volgut recordar el paper imprescindible dels m\u00e9s de 40000 voluntaris de Barcelona\u201992.<\/p>\n","protected":false},"excerpt":{"rendered":"<p>Durant tot el dia d&#8217;avui -25 de juliol- ciutadans, turistes, voluntaris i mitjans de comunicaci\u00f3 han desfilat per davant del Museu Ol\u00edmpic de Barcelona per reviure els Jocs Ol\u00edmpics de Barcelona al costat de la icona per excel\u00b7l\u00e8ncia dels Jocs, \u201cCobi\u201d, la mascota. Durant la jornada vespertina, David Escud\u00e9, president de la Fundaci\u00f3 Barcelona Ol\u00edmpica, [&hellip;]<\/p>\n","protected":false},"author":11,"featured_media":34070,"comment_status":"closed","ping_status":"closed","sticky":false,"template":"","format":"standard","meta":{"_acf_changed":false,"_price":"","_stock":"","_tribe_ticket_header":"","_tribe_default_ticket_provider":"","_tribe_ticket_capacity":"0","_ticket_start_date":"","_ticket_end_date":"","_tribe_ticket_show_description":"","_tribe_ticket_show_not_going":false,"_tribe_ticket_use_global_stock":"","_tribe_ticket_global_stock_level":"","_global_stock_mode":"","_global_stock_cap":"","_tribe_rsvp_for_event":"","_tribe_ticket_going_count":"","_tribe_ticket_not_going_count":"","_tribe_tickets_list":"[]","_tribe_ticket_has_attendee_info_fields":false,"footnotes":""},"categories":[1],"tags":[],"class_list":["post-34128","post","type-post","status-publish","format-standard","has-post-thumbnail","hentry","category-uncategorized-ca"],"acf":[],"yoast_head":"<!-- This site is optimized with the Yoast SEO plugin v23.7 - https:\/\/yoast.com\/wordpress\/plugins\/seo\/ -->\n<title>30 anys de la inauguraci\u00f3 dels Jocs Ol\u00edmpics de Barcelona\u201992, una commemoraci\u00f3 hist\u00f2rica - Museu Ol\u00edmpic i de l&#039;Esport<\/title>\n<meta name=\"robots\" content=\"index, follow, max-snippet:-1, max-image-preview:large, max-video-preview:-1\" \/>\n<link rel=\"canonical\" href=\"https:\/\/www.museuolimpicbcn.cat\/ca\/30-anys-de-la-inauguracio-dels-jocs-olimpics-de-barcelona92-una-commemoracio-historica\/\" \/>\n<meta property=\"og:locale\" content=\"ca_ES\" \/>\n<meta property=\"og:type\" content=\"article\" \/>\n<meta property=\"og:title\" content=\"30 anys de la inauguraci\u00f3 dels Jocs Ol\u00edmpics de Barcelona\u201992, una commemoraci\u00f3 hist\u00f2rica - Museu Ol\u00edmpic i de l&#039;Esport\" \/>\n<meta property=\"og:description\" content=\"Durant tot el dia d&#8217;avui -25 de juliol- ciutadans, turistes, voluntaris i mitjans de comunicaci\u00f3 han desfilat per davant del Museu Ol\u00edmpic de Barcelona per reviure els Jocs Ol\u00edmpics de Barcelona al costat de la icona per excel\u00b7l\u00e8ncia dels Jocs, \u201cCobi\u201d, la mascota. Durant la jornada vespertina, David Escud\u00e9, president de la Fundaci\u00f3 Barcelona Ol\u00edmpica, [&hellip;]\" \/>\n<meta property=\"og:url\" content=\"https:\/\/www.museuolimpicbcn.cat\/ca\/30-anys-de-la-inauguracio-dels-jocs-olimpics-de-barcelona92-una-commemoracio-historica\/\" \/>\n<meta property=\"og:site_name\" content=\"Museu Ol\u00edmpic i de l&#039;Esport\" \/>\n<meta property=\"article:published_time\" content=\"2022-07-25T18:06:56+00:00\" \/>\n<meta property=\"article:modified_time\" content=\"2022-07-25T18:57:09+00:00\" \/>\n<meta property=\"og:image\" content=\"https:\/\/www.museuolimpicbcn.cat\/wp-content\/uploads\/sites\/2\/2022\/07\/MuseuOlimpicBCN-Exposicio-Olimpiada-Cultural_72.jpg\" \/>\n\t<meta property=\"og:image:width\" content=\"1809\" \/>\n\t<meta property=\"og:image:height\" content=\"1080\" \/>\n\t<meta property=\"og:image:type\" content=\"image\/jpeg\" \/>\n<meta name=\"author\" content=\"Ibone\" \/>\n<meta name=\"twitter:card\" content=\"summary_large_image\" \/>\n<meta name=\"twitter:label1\" content=\"Escrit per\" \/>\n\t<meta name=\"twitter:data1\" content=\"Ibone\" \/>\n\t<meta name=\"twitter:label2\" content=\"Temps estimat de lectura\" \/>\n\t<meta name=\"twitter:data2\" content=\"1 minut\" \/>\n<script type=\"application\/ld+json\" class=\"yoast-schema-graph\">{\"@context\":\"https:\/\/schema.org\",\"@graph\":[{\"@type\":\"Article\",\"@id\":\"https:\/\/www.museuolimpicbcn.cat\/ca\/30-anys-de-la-inauguracio-dels-jocs-olimpics-de-barcelona92-una-commemoracio-historica\/#article\",\"isPartOf\":{\"@id\":\"https:\/\/www.museuolimpicbcn.cat\/ca\/30-anys-de-la-inauguracio-dels-jocs-olimpics-de-barcelona92-una-commemoracio-historica\/\"},\"author\":{\"name\":\"Ibone\",\"@id\":\"https:\/\/www.museuolimpicbcn.cat\/ca\/#\/schema\/person\/b792834a53f193977df425a499287aa9\"},\"headline\":\"30 anys de la inauguraci\u00f3 dels Jocs Ol\u00edmpics de Barcelona\u201992, una commemoraci\u00f3 hist\u00f2rica\",\"datePublished\":\"2022-07-25T18:06:56+00:00\",\"dateModified\":\"2022-07-25T18:57:09+00:00\",\"mainEntityOfPage\":{\"@id\":\"https:\/\/www.museuolimpicbcn.cat\/ca\/30-anys-de-la-inauguracio-dels-jocs-olimpics-de-barcelona92-una-commemoracio-historica\/\"},\"wordCount\":249,\"publisher\":{\"@id\":\"https:\/\/www.museuolimpicbcn.cat\/ca\/#organization\"},\"image\":{\"@id\":\"https:\/\/www.museuolimpicbcn.cat\/ca\/30-anys-de-la-inauguracio-dels-jocs-olimpics-de-barcelona92-una-commemoracio-historica\/#primaryimage\"},\"thumbnailUrl\":\"https:\/\/www.museuolimpicbcn.cat\/wp-content\/uploads\/sites\/2\/2022\/07\/MuseuOlimpicBCN-Exposicio-Olimpiada-Cultural_72.jpg\",\"articleSection\":[\"Uncategorized @ca\"],\"inLanguage\":\"ca\"},{\"@type\":\"WebPage\",\"@id\":\"https:\/\/www.museuolimpicbcn.cat\/ca\/30-anys-de-la-inauguracio-dels-jocs-olimpics-de-barcelona92-una-commemoracio-historica\/\",\"url\":\"https:\/\/www.museuolimpicbcn.cat\/ca\/30-anys-de-la-inauguracio-dels-jocs-olimpics-de-barcelona92-una-commemoracio-historica\/\",\"name\":\"30 anys de la inauguraci\u00f3 dels Jocs Ol\u00edmpics de Barcelona\u201992, una commemoraci\u00f3 hist\u00f2rica - Museu Ol\u00edmpic i de l&#039;Esport\",\"isPartOf\":{\"@id\":\"https:\/\/www.museuolimpicbcn.cat\/ca\/#website\"},\"primaryImageOfPage\":{\"@id\":\"https:\/\/www.museuolimpicbcn.cat\/ca\/30-anys-de-la-inauguracio-dels-jocs-olimpics-de-barcelona92-una-commemoracio-historica\/#primaryimage\"},\"image\":{\"@id\":\"https:\/\/www.museuolimpicbcn.cat\/ca\/30-anys-de-la-inauguracio-dels-jocs-olimpics-de-barcelona92-una-commemoracio-historica\/#primaryimage\"},\"thumbnailUrl\":\"https:\/\/www.museuolimpicbcn.cat\/wp-content\/uploads\/sites\/2\/2022\/07\/MuseuOlimpicBCN-Exposicio-Olimpiada-Cultural_72.jpg\",\"datePublished\":\"2022-07-25T18:06:56+00:00\",\"dateModified\":\"2022-07-25T18:57:09+00:00\",\"breadcrumb\":{\"@id\":\"https:\/\/www.museuolimpicbcn.cat\/ca\/30-anys-de-la-inauguracio-dels-jocs-olimpics-de-barcelona92-una-commemoracio-historica\/#breadcrumb\"},\"inLanguage\":\"ca\",\"potentialAction\":[{\"@type\":\"ReadAction\",\"target\":[\"https:\/\/www.museuolimpicbcn.cat\/ca\/30-anys-de-la-inauguracio-dels-jocs-olimpics-de-barcelona92-una-commemoracio-historica\/\"]}]},{\"@type\":\"ImageObject\",\"inLanguage\":\"ca\",\"@id\":\"https:\/\/www.museuolimpicbcn.cat\/ca\/30-anys-de-la-inauguracio-dels-jocs-olimpics-de-barcelona92-una-commemoracio-historica\/#primaryimage\",\"url\":\"https:\/\/www.museuolimpicbcn.cat\/wp-content\/uploads\/sites\/2\/2022\/07\/MuseuOlimpicBCN-Exposicio-Olimpiada-Cultural_72.jpg\",\"contentUrl\":\"https:\/\/www.museuolimpicbcn.cat\/wp-content\/uploads\/sites\/2\/2022\/07\/MuseuOlimpicBCN-Exposicio-Olimpiada-Cultural_72.jpg\",\"width\":1809,\"height\":1080},{\"@type\":\"BreadcrumbList\",\"@id\":\"https:\/\/www.museuolimpicbcn.cat\/ca\/30-anys-de-la-inauguracio-dels-jocs-olimpics-de-barcelona92-una-commemoracio-historica\/#breadcrumb\",\"itemListElement\":[{\"@type\":\"ListItem\",\"position\":1,\"name\":\"Inici\",\"item\":\"https:\/\/www.museuolimpicbcn.cat\/es\/\"},{\"@type\":\"ListItem\",\"position\":2,\"name\":\"30 anys de la inauguraci\u00f3 dels Jocs Ol\u00edmpics de Barcelona\u201992, una commemoraci\u00f3 hist\u00f2rica\"}]},{\"@type\":\"WebSite\",\"@id\":\"https:\/\/www.museuolimpicbcn.cat\/ca\/#website\",\"url\":\"https:\/\/www.museuolimpicbcn.cat\/ca\/\",\"name\":\"Museu Ol\u00edmpic i de l&#039;Esport\",\"description\":\"Altre lloc Web del Museu Ol\u00edmpic i de l&#039;Esport llocs\",\"publisher\":{\"@id\":\"https:\/\/www.museuolimpicbcn.cat\/ca\/#organization\"},\"potentialAction\":[{\"@type\":\"SearchAction\",\"target\":{\"@type\":\"EntryPoint\",\"urlTemplate\":\"https:\/\/www.museuolimpicbcn.cat\/ca\/?s={search_term_string}\"},\"query-input\":{\"@type\":\"PropertyValueSpecification\",\"valueRequired\":true,\"valueName\":\"search_term_string\"}}],\"inLanguage\":\"ca\"},{\"@type\":\"Organization\",\"@id\":\"https:\/\/www.museuolimpicbcn.cat\/ca\/#organization\",\"name\":\"Museu Ol\u00edmpic i de l&#039;Esport\",\"url\":\"https:\/\/www.museuolimpicbcn.cat\/ca\/\",\"logo\":{\"@type\":\"ImageObject\",\"inLanguage\":\"ca\",\"@id\":\"https:\/\/www.museuolimpicbcn.cat\/ca\/#\/schema\/logo\/image\/\",\"url\":\"https:\/\/www.museuolimpicbcn.cat\/wp-content\/uploads\/sites\/2\/2018\/12\/logo-moe-header.svg\",\"contentUrl\":\"https:\/\/www.museuolimpicbcn.cat\/wp-content\/uploads\/sites\/2\/2018\/12\/logo-moe-header.svg\",\"caption\":\"Museu Ol\u00edmpic i de l&#039;Esport\"},\"image\":{\"@id\":\"https:\/\/www.museuolimpicbcn.cat\/ca\/#\/schema\/logo\/image\/\"}},{\"@type\":\"Person\",\"@id\":\"https:\/\/www.museuolimpicbcn.cat\/ca\/#\/schema\/person\/b792834a53f193977df425a499287aa9\",\"name\":\"Ibone\",\"url\":\"https:\/\/www.museuolimpicbcn.cat\/ca\/author\/fbolimpica\/\"}]}<\/script>\n<!-- \/ Yoast SEO plugin. -->","yoast_head_json":{"title":"30 anys de la inauguraci\u00f3 dels Jocs Ol\u00edmpics de Barcelona\u201992, una commemoraci\u00f3 hist\u00f2rica - Museu Ol\u00edmpic i de l&#039;Esport","robots":{"index":"index","follow":"follow","max-snippet":"max-snippet:-1","max-image-preview":"max-image-preview:large","max-video-preview":"max-video-preview:-1"},"canonical":"https:\/\/www.museuolimpicbcn.cat\/ca\/30-anys-de-la-inauguracio-dels-jocs-olimpics-de-barcelona92-una-commemoracio-historica\/","og_locale":"ca_ES","og_type":"article","og_title":"30 anys de la inauguraci\u00f3 dels Jocs Ol\u00edmpics de Barcelona\u201992, una commemoraci\u00f3 hist\u00f2rica - Museu Ol\u00edmpic i de l&#039;Esport","og_description":"Durant tot el dia d&#8217;avui -25 de juliol- ciutadans, turistes, voluntaris i mitjans de comunicaci\u00f3 han desfilat per davant del Museu Ol\u00edmpic de Barcelona per reviure els Jocs Ol\u00edmpics de Barcelona al costat de la icona per excel\u00b7l\u00e8ncia dels Jocs, \u201cCobi\u201d, la mascota. Durant la jornada vespertina, David Escud\u00e9, president de la Fundaci\u00f3 Barcelona Ol\u00edmpica, [&hellip;]","og_url":"https:\/\/www.museuolimpicbcn.cat\/ca\/30-anys-de-la-inauguracio-dels-jocs-olimpics-de-barcelona92-una-commemoracio-historica\/","og_site_name":"Museu Ol\u00edmpic i de l&#039;Esport","article_published_time":"2022-07-25T18:06:56+00:00","article_modified_time":"2022-07-25T18:57:09+00:00","og_image":[{"width":1809,"height":1080,"url":"https:\/\/www.museuolimpicbcn.cat\/wp-content\/uploads\/sites\/2\/2022\/07\/MuseuOlimpicBCN-Exposicio-Olimpiada-Cultural_72.jpg","type":"image\/jpeg"}],"author":"Ibone","twitter_card":"summary_large_image","twitter_misc":{"Escrit per":"Ibone","Temps estimat de lectura":"1 minut"},"schema":{"@context":"https:\/\/schema.org","@graph":[{"@type":"Article","@id":"https:\/\/www.museuolimpicbcn.cat\/ca\/30-anys-de-la-inauguracio-dels-jocs-olimpics-de-barcelona92-una-commemoracio-historica\/#article","isPartOf":{"@id":"https:\/\/www.museuolimpicbcn.cat\/ca\/30-anys-de-la-inauguracio-dels-jocs-olimpics-de-barcelona92-una-commemoracio-historica\/"},"author":{"name":"Ibone","@id":"https:\/\/www.museuolimpicbcn.cat\/ca\/#\/schema\/person\/b792834a53f193977df425a499287aa9"},"headline":"30 anys de la inauguraci\u00f3 dels Jocs Ol\u00edmpics de Barcelona\u201992, una commemoraci\u00f3 hist\u00f2rica","datePublished":"2022-07-25T18:06:56+00:00","dateModified":"2022-07-25T18:57:09+00:00","mainEntityOfPage":{"@id":"https:\/\/www.museuolimpicbcn.cat\/ca\/30-anys-de-la-inauguracio-dels-jocs-olimpics-de-barcelona92-una-commemoracio-historica\/"},"wordCount":249,"publisher":{"@id":"https:\/\/www.museuolimpicbcn.cat\/ca\/#organization"},"image":{"@id":"https:\/\/www.museuolimpicbcn.cat\/ca\/30-anys-de-la-inauguracio-dels-jocs-olimpics-de-barcelona92-una-commemoracio-historica\/#primaryimage"},"thumbnailUrl":"https:\/\/www.museuolimpicbcn.cat\/wp-content\/uploads\/sites\/2\/2022\/07\/MuseuOlimpicBCN-Exposicio-Olimpiada-Cultural_72.jpg","articleSection":["Uncategorized @ca"],"inLanguage":"ca"},{"@type":"WebPage","@id":"https:\/\/www.museuolimpicbcn.cat\/ca\/30-anys-de-la-inauguracio-dels-jocs-olimpics-de-barcelona92-una-commemoracio-historica\/","url":"https:\/\/www.museuolimpicbcn.cat\/ca\/30-anys-de-la-inauguracio-dels-jocs-olimpics-de-barcelona92-una-commemoracio-historica\/","name":"30 anys de la inauguraci\u00f3 dels Jocs Ol\u00edmpics de Barcelona\u201992, una commemoraci\u00f3 hist\u00f2rica - Museu Ol\u00edmpic i de l&#039;Esport","isPartOf":{"@id":"https:\/\/www.museuolimpicbcn.cat\/ca\/#website"},"primaryImageOfPage":{"@id":"https:\/\/www.museuolimpicbcn.cat\/ca\/30-anys-de-la-inauguracio-dels-jocs-olimpics-de-barcelona92-una-commemoracio-historica\/#primaryimage"},"image":{"@id":"https:\/\/www.museuolimpicbcn.cat\/ca\/30-anys-de-la-inauguracio-dels-jocs-olimpics-de-barcelona92-una-commemoracio-historica\/#primaryimage"},"thumbnailUrl":"https:\/\/www.museuolimpicbcn.cat\/wp-content\/uploads\/sites\/2\/2022\/07\/MuseuOlimpicBCN-Exposicio-Olimpiada-Cultural_72.jpg","datePublished":"2022-07-25T18:06:56+00:00","dateModified":"2022-07-25T18:57:09+00:00","breadcrumb":{"@id":"https:\/\/www.museuolimpicbcn.cat\/ca\/30-anys-de-la-inauguracio-dels-jocs-olimpics-de-barcelona92-una-commemoracio-historica\/#breadcrumb"},"inLanguage":"ca","potentialAction":[{"@type":"ReadAction","target":["https:\/\/www.museuolimpicbcn.cat\/ca\/30-anys-de-la-inauguracio-dels-jocs-olimpics-de-barcelona92-una-commemoracio-historica\/"]}]},{"@type":"ImageObject","inLanguage":"ca","@id":"https:\/\/www.museuolimpicbcn.cat\/ca\/30-anys-de-la-inauguracio-dels-jocs-olimpics-de-barcelona92-una-commemoracio-historica\/#primaryimage","url":"https:\/\/www.museuolimpicbcn.cat\/wp-content\/uploads\/sites\/2\/2022\/07\/MuseuOlimpicBCN-Exposicio-Olimpiada-Cultural_72.jpg","contentUrl":"https:\/\/www.museuolimpicbcn.cat\/wp-content\/uploads\/sites\/2\/2022\/07\/MuseuOlimpicBCN-Exposicio-Olimpiada-Cultural_72.jpg","width":1809,"height":1080},{"@type":"BreadcrumbList","@id":"https:\/\/www.museuolimpicbcn.cat\/ca\/30-anys-de-la-inauguracio-dels-jocs-olimpics-de-barcelona92-una-commemoracio-historica\/#breadcrumb","itemListElement":[{"@type":"ListItem","position":1,"name":"Inici","item":"https:\/\/www.museuolimpicbcn.cat\/es\/"},{"@type":"ListItem","position":2,"name":"30 anys de la inauguraci\u00f3 dels Jocs Ol\u00edmpics de Barcelona\u201992, una commemoraci\u00f3 hist\u00f2rica"}]},{"@type":"WebSite","@id":"https:\/\/www.museuolimpicbcn.cat\/ca\/#website","url":"https:\/\/www.museuolimpicbcn.cat\/ca\/","name":"Museu Ol\u00edmpic i de l&#039;Esport","description":"Altre lloc Web del Museu Ol\u00edmpic i de l&#039;Esport llocs","publisher":{"@id":"https:\/\/www.museuolimpicbcn.cat\/ca\/#organization"},"potentialAction":[{"@type":"SearchAction","target":{"@type":"EntryPoint","urlTemplate":"https:\/\/www.museuolimpicbcn.cat\/ca\/?s={search_term_string}"},"query-input":{"@type":"PropertyValueSpecification","valueRequired":true,"valueName":"search_term_string"}}],"inLanguage":"ca"},{"@type":"Organization","@id":"https:\/\/www.museuolimpicbcn.cat\/ca\/#organization","name":"Museu Ol\u00edmpic i de l&#039;Esport","url":"https:\/\/www.museuolimpicbcn.cat\/ca\/","logo":{"@type":"ImageObject","inLanguage":"ca","@id":"https:\/\/www.museuolimpicbcn.cat\/ca\/#\/schema\/logo\/image\/","url":"https:\/\/www.museuolimpicbcn.cat\/wp-content\/uploads\/sites\/2\/2018\/12\/logo-moe-header.svg","contentUrl":"https:\/\/www.museuolimpicbcn.cat\/wp-content\/uploads\/sites\/2\/2018\/12\/logo-moe-header.svg","caption":"Museu Ol\u00edmpic i de l&#039;Esport"},"image":{"@id":"https:\/\/www.museuolimpicbcn.cat\/ca\/#\/schema\/logo\/image\/"}},{"@type":"Person","@id":"https:\/\/www.museuolimpicbcn.cat\/ca\/#\/schema\/person\/b792834a53f193977df425a499287aa9","name":"Ibone","url":"https:\/\/www.museuolimpicbcn.cat\/ca\/author\/fbolimpica\/"}]}},"_links":{"self":[{"href":"https:\/\/www.museuolimpicbcn.cat\/ca\/wp-json\/wp\/v2\/posts\/34128"}],"collection":[{"href":"https:\/\/www.museuolimpicbcn.cat\/ca\/wp-json\/wp\/v2\/posts"}],"about":[{"href":"https:\/\/www.museuolimpicbcn.cat\/ca\/wp-json\/wp\/v2\/types\/post"}],"author":[{"embeddable":true,"href":"https:\/\/www.museuolimpicbcn.cat\/ca\/wp-json\/wp\/v2\/users\/11"}],"replies":[{"embeddable":true,"href":"https:\/\/www.museuolimpicbcn.cat\/ca\/wp-json\/wp\/v2\/comments?post=34128"}],"version-history":[{"count":1,"href":"https:\/\/www.museuolimpicbcn.cat\/ca\/wp-json\/wp\/v2\/posts\/34128\/revisions"}],"predecessor-version":[{"id":34131,"href":"https:\/\/www.museuolimpicbcn.cat\/ca\/wp-json\/wp\/v2\/posts\/34128\/revisions\/34131"}],"wp:featuredmedia":[{"embeddable":true,"href":"https:\/\/www.museuolimpicbcn.cat\/ca\/wp-json\/wp\/v2\/media\/34070"}],"wp:attachment":[{"href":"https:\/\/www.museuolimpicbcn.cat\/ca\/wp-json\/wp\/v2\/media?parent=34128"}],"wp:term":[{"taxonomy":"category","embeddable":true,"href":"https:\/\/www.museuolimpicbcn.cat\/ca\/wp-json\/wp\/v2\/categories?post=34128"},{"taxonomy":"post_tag","embeddable":true,"href":"https:\/\/www.museuolimpicbcn.cat\/ca\/wp-json\/wp\/v2\/tags?post=34128"}],"curies":[{"name":"wp","href":"https:\/\/api.w.org\/{rel}","templated":true}]}}