{"id":34497,"date":"2022-09-08T11:37:48","date_gmt":"2022-09-08T09:37:48","guid":{"rendered":"https:\/\/www.museuolimpicbcn.cat\/?p=34497"},"modified":"2022-09-08T11:38:01","modified_gmt":"2022-09-08T09:38:01","slug":"viu-montjuic-el-parc-de-la-cultura-celebra-la-seva-segona-edicio-amb-mes-de-60-activitats","status":"publish","type":"post","link":"https:\/\/www.museuolimpicbcn.cat\/ca\/viu-montjuic-el-parc-de-la-cultura-celebra-la-seva-segona-edicio-amb-mes-de-60-activitats\/","title":{"rendered":"\u2018Viu Montju\u00efc, el Parc de la Cultura\u2019 celebra la seva segona edici\u00f3 amb m\u00e9s de 60 activitats"},"content":{"rendered":"<p><img fetchpriority=\"high\" decoding=\"async\" class=\"alignnone wp-image-34494 size-full\" src=\"https:\/\/www.museuolimpicbcn.cat\/wp-content\/uploads\/sites\/2\/2022\/09\/Capc\u0327alera_ParcMontjuic-min.png\" alt=\"\" width=\"1901\" height=\"311\" srcset=\"https:\/\/www.museuolimpicbcn.cat\/wp-content\/uploads\/sites\/2\/2022\/09\/Capc\u0327alera_ParcMontjuic-min.png 1901w, https:\/\/www.museuolimpicbcn.cat\/wp-content\/uploads\/sites\/2\/2022\/09\/Capc\u0327alera_ParcMontjuic-min-300x49.png 300w, https:\/\/www.museuolimpicbcn.cat\/wp-content\/uploads\/sites\/2\/2022\/09\/Capc\u0327alera_ParcMontjuic-min-1024x168.png 1024w, https:\/\/www.museuolimpicbcn.cat\/wp-content\/uploads\/sites\/2\/2022\/09\/Capc\u0327alera_ParcMontjuic-min-768x126.png 768w, https:\/\/www.museuolimpicbcn.cat\/wp-content\/uploads\/sites\/2\/2022\/09\/Capc\u0327alera_ParcMontjuic-min-1536x251.png 1536w, https:\/\/www.museuolimpicbcn.cat\/wp-content\/uploads\/sites\/2\/2022\/09\/Capc\u0327alera_ParcMontjuic-min-1320x216.png 1320w, https:\/\/www.museuolimpicbcn.cat\/wp-content\/uploads\/sites\/2\/2022\/09\/Capc\u0327alera_ParcMontjuic-min-600x98.png 600w\" sizes=\"(max-width: 1901px) 100vw, 1901px\" \/><br \/>\n<strong>El 8 i 9 d\u2019octubre torna \u2018Viu Montju\u00efc, el Parc de la Cultura\u2019, un cap de setmana per a posicionar el Parc de Montju\u00efc com un espai obert, accessible, net i segur, amb una oferta cultural, de natura i de lleure de qualitat per al conjunt de la ciutadania.<br \/>\nPer a la segona edici\u00f3 del Viu Montju\u00efc, a m\u00e9s dels 22 equipaments coorganitzadors del projecte inicial, s\u2019incorporen de manera plena altres entitats culturals dels barris lim\u00edtrofs i tamb\u00e9 s\u2019afegir\u00e0 una zona de restauraci\u00f3 i esbarjo als Jardins de Joan Brossa<\/strong><\/p>\n<p>La iniciativa neix de la voluntat de coordinaci\u00f3 dels operadors culturals de Montju\u00efc amb l\u2019objectiu d\u2019enfortir les relacions entre ells i reincorporar millores per al Parc, i est\u00e0 coorganitzada i finan\u00e7ada pels propis equipaments, pel Districte de Sants-Montju\u00efc, l\u2019Institut de Cultura de Barcelona i la Regidoria de Turisme i Ind\u00fastries Creatives amb fons procedents de l\u2019impost tur\u00edstic.<\/p>\n<p>El cap de setmana del 8 i 9 d&#8217;octubre, tindr\u00e0 lloc la segona edici\u00f3 de <em>Viu Montju\u00efc. El Parc de la Cultura<\/em>, un cap de setmana d&#8217;activitats culturals i de lleure per a tota la ciutadania. Una trentena d\u2019equipaments de Montju\u00efc uniran forces per a dur a terme activitats pr\u00f2pies i accions conjuntes en cocreaci\u00f3 i col\u00b7laboraci\u00f3 entre ells i oferir als barcelonins i barcelonines una nova oportunitat per a redescobrir i fer-se seu el Parc.<\/p>\n<p>Per a la segona edici\u00f3 de Viu Montju\u00efc, a m\u00e9s dels 22 equipaments coorganitzadors del projecte inicial, s\u2019incorporen de manera plena altres entitats culturals dels barris lim\u00edtrofs del Parc que formen part de la Taula de Cultura Comunit\u00e0ria del Poble-sec i de l&#8217;Eix de Cultura i Mem\u00f2ria de la Marina (amb el suport dels seus respectius Plans de desenvolupament Comunitaris), aix\u00ed com el Centre Superior de M\u00fasica Jam Session del barri Font de la Guatlla. L&#8217;objectiu \u00e9s teixir aliances i gesti\u00f3 d\u00b4activitats conjuntes entre els grans equipaments del Parc i la xarxa cultural dels barris.<\/p>\n<p>Les activitats combinaran itineraris guiats pel parc amb jornades de portes obertes i visites guiades als equipaments, aix\u00ed com actuacions de m\u00fasica, dansa i teatre. A m\u00e9s, l\u2019edici\u00f3 d\u2019enguany tamb\u00e9 incorpora una zona de restauraci\u00f3 i esbarjo als Jardins Joan Brossa.<\/p>\n<p>No caldr\u00e0 inscripci\u00f3 pr\u00e8via per assistir a les activitats, excepte en els casos que la pr\u00f2pia idiosincr\u00e0sia de l\u2019activitat exigeixi un aforament limitat.<\/p>\n<p>La programaci\u00f3 de l\u2019edici\u00f3 d\u2019enguany de #ViuMontju\u00efc estar\u00e0 disponible a partir del 29 de setembre al web <a href=\"https:\/\/www.barcelona.cat\/viumontjuic\/ca\">https:\/\/www.barcelona.cat\/viumontjuic\/ca<\/a><\/p>\n<p><strong>\u2018Viu Montju\u00efc, el Parc de la Cultura\u2019, un projecte coral<\/strong><br \/>\nLa iniciativa neix de la voluntat de coordinaci\u00f3 dels diferents actors culturals de la muntanya i est\u00e0 coorganitzada i finan\u00e7ada pels propis equipaments, pel Districte de Sants-Montju\u00efc, l\u2019Institut de Cultura de Barcelona i la Regidoria de Turisme i Ind\u00fastries Creatives que, a trav\u00e9s de l\u2019impost tur\u00edstic, pret\u00e9n impulsar iniciatives per millorar el lleure i gaudir d\u2019un espai p\u00fablic verd i cultural de qualitat dirigit especialment als ve\u00efns i ve\u00efnes de Barcelona.<\/p>\n<p>A m\u00e9s, la iniciativa encaixa amb el Pla d&#8217;Actuaci\u00f3 del Parc Montju\u00efc 2019-2029, que en un dels seus eixos de treball busca visibilitzar l\u2019activitat cultural del Parc i serveix per promocionar la programaci\u00f3 habitual d\u2019aquestes institucions a m\u00e9s de promoure els lligams entre elles, amb la voluntat de recuperar l\u2019esperit de l\u2019Exposici\u00f3 Universal del 1929.<\/p>\n<p>La primera edici\u00f3 de Viu Montju\u00efc es va celebrar l\u2019octubre de 2021, amb l\u2019objectiu de convertir-se en un esdeveniment anual i servir de tret de sortida per a futures col\u00b7laboracions i sinergies entre els operadors de la muntanya. La convocat\u00f2ria de p\u00fablic va ser un \u00e8xit rotund, amb l\u2019assist\u00e8ncia de 37.000 persones.<br \/>\n<strong><br \/>\nInstitucions promotores:<\/strong> Anella Ol\u00edmpica &#8211; BSM, CaixaForum Barcelona, Casa de la Premsa, Castell de Montju\u00efc, Cementiris de Barcelona, Graner: F\u00e0brica de Creaci\u00f3, Espai Bombers, Fundaci\u00f3 Barcelona Ol\u00edmpica &#8211; Museu Ol\u00edmpic BCN, Fundaci\u00f3 Joan Mir\u00f3, Fundaci\u00f3 Mies van der Rohe, Institut Bot\u00e0nic, Institut del Teatre, Jard\u00ed Bot\u00e0nic, Jard\u00ed Bot\u00e0nic Hist\u00f2ric, Mercat de les Flors, Museu d&#8217;Arqueologia de Catalunya, Museu Etnol\u00f2gic i de Cultures del M\u00f3n, Museu Nacional d&#8217;Art de Catalunya, Museu d&#8217;Hist\u00f2ria de Barcelona (MUHBA Refugi 307), Poble Espanyol, Teatre LLiure i Teatro de los Sentidos.<\/p>\n<p><strong>Altres entitats participants:<\/strong><br \/>\nCentre Superior de M\u00fasica Jam Session, Taula de Cultura Comunit\u00e0ria de Poble-sec: Palau de la M\u00e0gia, Espai Piluso, Sisme Creatiu i N\u00f3made projectes, Teatre Arnau, Vostok Collective, Centre C\u00edvic el Sortidor, Bibliomusicineteca, Dau al Sec, Centre Cultural Albareda, Transductores, Biblioteca Francesc Boix i Pla Comunitari Poble-sec, Espai Jove la B\u00e0scula i Eix de Cultura i Mem\u00f2ria de la Marina: La Fundici\u00f3, La Inefable, Biblioteca Francesc Candel.<\/p>\n<p><strong>Amb la coorganitzaci\u00f3 de:<\/strong> Districte de Sants-Montju\u00efc, Institut de Cultura de Barcelona i la Regidoria de Turisme i Ind\u00fastries Creatives.<\/p>\n","protected":false},"excerpt":{"rendered":"<p>El 8 i 9 d\u2019octubre torna \u2018Viu Montju\u00efc, el Parc de la Cultura\u2019, un cap de setmana per a posicionar el Parc de Montju\u00efc com un espai obert, accessible, net i segur, amb una oferta cultural, de natura i de lleure de qualitat per al conjunt de la ciutadania. Per a la segona edici\u00f3 del [&hellip;]<\/p>\n","protected":false},"author":11,"featured_media":34476,"comment_status":"closed","ping_status":"closed","sticky":false,"template":"","format":"standard","meta":{"_acf_changed":false,"_price":"","_stock":"","_tribe_ticket_header":"","_tribe_default_ticket_provider":"","_tribe_ticket_capacity":"0","_ticket_start_date":"","_ticket_end_date":"","_tribe_ticket_show_description":"","_tribe_ticket_show_not_going":false,"_tribe_ticket_use_global_stock":"","_tribe_ticket_global_stock_level":"","_global_stock_mode":"","_global_stock_cap":"","_tribe_rsvp_for_event":"","_tribe_ticket_going_count":"","_tribe_ticket_not_going_count":"","_tribe_tickets_list":"[]","_tribe_ticket_has_attendee_info_fields":false,"footnotes":""},"categories":[1],"tags":[],"class_list":["post-34497","post","type-post","status-publish","format-standard","has-post-thumbnail","hentry","category-uncategorized-ca"],"acf":[],"yoast_head":"<!-- This site is optimized with the Yoast SEO plugin v23.7 - https:\/\/yoast.com\/wordpress\/plugins\/seo\/ -->\n<title>\u2018Viu Montju\u00efc, el Parc de la Cultura\u2019 celebra la seva segona edici\u00f3 amb m\u00e9s de 60 activitats - Museu Ol\u00edmpic i de l&#039;Esport<\/title>\n<meta name=\"robots\" content=\"index, follow, max-snippet:-1, max-image-preview:large, max-video-preview:-1\" \/>\n<link rel=\"canonical\" href=\"https:\/\/www.museuolimpicbcn.cat\/ca\/viu-montjuic-el-parc-de-la-cultura-celebra-la-seva-segona-edicio-amb-mes-de-60-activitats\/\" \/>\n<meta property=\"og:locale\" content=\"ca_ES\" \/>\n<meta property=\"og:type\" content=\"article\" \/>\n<meta property=\"og:title\" content=\"\u2018Viu Montju\u00efc, el Parc de la Cultura\u2019 celebra la seva segona edici\u00f3 amb m\u00e9s de 60 activitats - Museu Ol\u00edmpic i de l&#039;Esport\" \/>\n<meta property=\"og:description\" content=\"El 8 i 9 d\u2019octubre torna \u2018Viu Montju\u00efc, el Parc de la Cultura\u2019, un cap de setmana per a posicionar el Parc de Montju\u00efc com un espai obert, accessible, net i segur, amb una oferta cultural, de natura i de lleure de qualitat per al conjunt de la ciutadania. Per a la segona edici\u00f3 del [&hellip;]\" \/>\n<meta property=\"og:url\" content=\"https:\/\/www.museuolimpicbcn.cat\/ca\/viu-montjuic-el-parc-de-la-cultura-celebra-la-seva-segona-edicio-amb-mes-de-60-activitats\/\" \/>\n<meta property=\"og:site_name\" content=\"Museu Ol\u00edmpic i de l&#039;Esport\" \/>\n<meta property=\"article:published_time\" content=\"2022-09-08T09:37:48+00:00\" \/>\n<meta property=\"article:modified_time\" content=\"2022-09-08T09:38:01+00:00\" \/>\n<meta property=\"og:image\" content=\"https:\/\/www.museuolimpicbcn.cat\/wp-content\/uploads\/sites\/2\/2022\/09\/VM_Museu_Nacional_1280x720.png\" \/>\n\t<meta property=\"og:image:width\" content=\"1280\" \/>\n\t<meta property=\"og:image:height\" content=\"720\" \/>\n\t<meta property=\"og:image:type\" content=\"image\/png\" \/>\n<meta name=\"author\" content=\"Ibone\" \/>\n<meta name=\"twitter:card\" content=\"summary_large_image\" \/>\n<meta name=\"twitter:label1\" content=\"Escrit per\" \/>\n\t<meta name=\"twitter:data1\" content=\"Ibone\" \/>\n\t<meta name=\"twitter:label2\" content=\"Temps estimat de lectura\" \/>\n\t<meta name=\"twitter:data2\" content=\"4 minuts\" \/>\n<script type=\"application\/ld+json\" class=\"yoast-schema-graph\">{\"@context\":\"https:\/\/schema.org\",\"@graph\":[{\"@type\":\"Article\",\"@id\":\"https:\/\/www.museuolimpicbcn.cat\/ca\/viu-montjuic-el-parc-de-la-cultura-celebra-la-seva-segona-edicio-amb-mes-de-60-activitats\/#article\",\"isPartOf\":{\"@id\":\"https:\/\/www.museuolimpicbcn.cat\/ca\/viu-montjuic-el-parc-de-la-cultura-celebra-la-seva-segona-edicio-amb-mes-de-60-activitats\/\"},\"author\":{\"name\":\"Ibone\",\"@id\":\"https:\/\/www.museuolimpicbcn.cat\/ca\/#\/schema\/person\/b792834a53f193977df425a499287aa9\"},\"headline\":\"\u2018Viu Montju\u00efc, el Parc de la Cultura\u2019 celebra la seva segona edici\u00f3 amb m\u00e9s de 60 activitats\",\"datePublished\":\"2022-09-08T09:37:48+00:00\",\"dateModified\":\"2022-09-08T09:38:01+00:00\",\"mainEntityOfPage\":{\"@id\":\"https:\/\/www.museuolimpicbcn.cat\/ca\/viu-montjuic-el-parc-de-la-cultura-celebra-la-seva-segona-edicio-amb-mes-de-60-activitats\/\"},\"wordCount\":864,\"publisher\":{\"@id\":\"https:\/\/www.museuolimpicbcn.cat\/ca\/#organization\"},\"image\":{\"@id\":\"https:\/\/www.museuolimpicbcn.cat\/ca\/viu-montjuic-el-parc-de-la-cultura-celebra-la-seva-segona-edicio-amb-mes-de-60-activitats\/#primaryimage\"},\"thumbnailUrl\":\"https:\/\/www.museuolimpicbcn.cat\/wp-content\/uploads\/sites\/2\/2022\/09\/VM_Museu_Nacional_1280x720.png\",\"articleSection\":[\"Uncategorized @ca\"],\"inLanguage\":\"ca\"},{\"@type\":\"WebPage\",\"@id\":\"https:\/\/www.museuolimpicbcn.cat\/ca\/viu-montjuic-el-parc-de-la-cultura-celebra-la-seva-segona-edicio-amb-mes-de-60-activitats\/\",\"url\":\"https:\/\/www.museuolimpicbcn.cat\/ca\/viu-montjuic-el-parc-de-la-cultura-celebra-la-seva-segona-edicio-amb-mes-de-60-activitats\/\",\"name\":\"\u2018Viu Montju\u00efc, el Parc de la Cultura\u2019 celebra la seva segona edici\u00f3 amb m\u00e9s de 60 activitats - Museu Ol\u00edmpic i de l&#039;Esport\",\"isPartOf\":{\"@id\":\"https:\/\/www.museuolimpicbcn.cat\/ca\/#website\"},\"primaryImageOfPage\":{\"@id\":\"https:\/\/www.museuolimpicbcn.cat\/ca\/viu-montjuic-el-parc-de-la-cultura-celebra-la-seva-segona-edicio-amb-mes-de-60-activitats\/#primaryimage\"},\"image\":{\"@id\":\"https:\/\/www.museuolimpicbcn.cat\/ca\/viu-montjuic-el-parc-de-la-cultura-celebra-la-seva-segona-edicio-amb-mes-de-60-activitats\/#primaryimage\"},\"thumbnailUrl\":\"https:\/\/www.museuolimpicbcn.cat\/wp-content\/uploads\/sites\/2\/2022\/09\/VM_Museu_Nacional_1280x720.png\",\"datePublished\":\"2022-09-08T09:37:48+00:00\",\"dateModified\":\"2022-09-08T09:38:01+00:00\",\"breadcrumb\":{\"@id\":\"https:\/\/www.museuolimpicbcn.cat\/ca\/viu-montjuic-el-parc-de-la-cultura-celebra-la-seva-segona-edicio-amb-mes-de-60-activitats\/#breadcrumb\"},\"inLanguage\":\"ca\",\"potentialAction\":[{\"@type\":\"ReadAction\",\"target\":[\"https:\/\/www.museuolimpicbcn.cat\/ca\/viu-montjuic-el-parc-de-la-cultura-celebra-la-seva-segona-edicio-amb-mes-de-60-activitats\/\"]}]},{\"@type\":\"ImageObject\",\"inLanguage\":\"ca\",\"@id\":\"https:\/\/www.museuolimpicbcn.cat\/ca\/viu-montjuic-el-parc-de-la-cultura-celebra-la-seva-segona-edicio-amb-mes-de-60-activitats\/#primaryimage\",\"url\":\"https:\/\/www.museuolimpicbcn.cat\/wp-content\/uploads\/sites\/2\/2022\/09\/VM_Museu_Nacional_1280x720.png\",\"contentUrl\":\"https:\/\/www.museuolimpicbcn.cat\/wp-content\/uploads\/sites\/2\/2022\/09\/VM_Museu_Nacional_1280x720.png\",\"width\":1280,\"height\":720},{\"@type\":\"BreadcrumbList\",\"@id\":\"https:\/\/www.museuolimpicbcn.cat\/ca\/viu-montjuic-el-parc-de-la-cultura-celebra-la-seva-segona-edicio-amb-mes-de-60-activitats\/#breadcrumb\",\"itemListElement\":[{\"@type\":\"ListItem\",\"position\":1,\"name\":\"Inici\",\"item\":\"https:\/\/www.museuolimpicbcn.cat\/es\/\"},{\"@type\":\"ListItem\",\"position\":2,\"name\":\"\u2018Viu Montju\u00efc, el Parc de la Cultura\u2019 celebra la seva segona edici\u00f3 amb m\u00e9s de 60 activitats\"}]},{\"@type\":\"WebSite\",\"@id\":\"https:\/\/www.museuolimpicbcn.cat\/ca\/#website\",\"url\":\"https:\/\/www.museuolimpicbcn.cat\/ca\/\",\"name\":\"Museu Ol\u00edmpic i de l&#039;Esport\",\"description\":\"Altre lloc Web del Museu Ol\u00edmpic i de l&#039;Esport llocs\",\"publisher\":{\"@id\":\"https:\/\/www.museuolimpicbcn.cat\/ca\/#organization\"},\"potentialAction\":[{\"@type\":\"SearchAction\",\"target\":{\"@type\":\"EntryPoint\",\"urlTemplate\":\"https:\/\/www.museuolimpicbcn.cat\/ca\/?s={search_term_string}\"},\"query-input\":{\"@type\":\"PropertyValueSpecification\",\"valueRequired\":true,\"valueName\":\"search_term_string\"}}],\"inLanguage\":\"ca\"},{\"@type\":\"Organization\",\"@id\":\"https:\/\/www.museuolimpicbcn.cat\/ca\/#organization\",\"name\":\"Museu Ol\u00edmpic i de l&#039;Esport\",\"url\":\"https:\/\/www.museuolimpicbcn.cat\/ca\/\",\"logo\":{\"@type\":\"ImageObject\",\"inLanguage\":\"ca\",\"@id\":\"https:\/\/www.museuolimpicbcn.cat\/ca\/#\/schema\/logo\/image\/\",\"url\":\"https:\/\/www.museuolimpicbcn.cat\/wp-content\/uploads\/sites\/2\/2018\/12\/logo-moe-header.svg\",\"contentUrl\":\"https:\/\/www.museuolimpicbcn.cat\/wp-content\/uploads\/sites\/2\/2018\/12\/logo-moe-header.svg\",\"caption\":\"Museu Ol\u00edmpic i de l&#039;Esport\"},\"image\":{\"@id\":\"https:\/\/www.museuolimpicbcn.cat\/ca\/#\/schema\/logo\/image\/\"}},{\"@type\":\"Person\",\"@id\":\"https:\/\/www.museuolimpicbcn.cat\/ca\/#\/schema\/person\/b792834a53f193977df425a499287aa9\",\"name\":\"Ibone\",\"url\":\"https:\/\/www.museuolimpicbcn.cat\/ca\/author\/fbolimpica\/\"}]}<\/script>\n<!-- \/ Yoast SEO plugin. -->","yoast_head_json":{"title":"\u2018Viu Montju\u00efc, el Parc de la Cultura\u2019 celebra la seva segona edici\u00f3 amb m\u00e9s de 60 activitats - Museu Ol\u00edmpic i de l&#039;Esport","robots":{"index":"index","follow":"follow","max-snippet":"max-snippet:-1","max-image-preview":"max-image-preview:large","max-video-preview":"max-video-preview:-1"},"canonical":"https:\/\/www.museuolimpicbcn.cat\/ca\/viu-montjuic-el-parc-de-la-cultura-celebra-la-seva-segona-edicio-amb-mes-de-60-activitats\/","og_locale":"ca_ES","og_type":"article","og_title":"\u2018Viu Montju\u00efc, el Parc de la Cultura\u2019 celebra la seva segona edici\u00f3 amb m\u00e9s de 60 activitats - Museu Ol\u00edmpic i de l&#039;Esport","og_description":"El 8 i 9 d\u2019octubre torna \u2018Viu Montju\u00efc, el Parc de la Cultura\u2019, un cap de setmana per a posicionar el Parc de Montju\u00efc com un espai obert, accessible, net i segur, amb una oferta cultural, de natura i de lleure de qualitat per al conjunt de la ciutadania. Per a la segona edici\u00f3 del [&hellip;]","og_url":"https:\/\/www.museuolimpicbcn.cat\/ca\/viu-montjuic-el-parc-de-la-cultura-celebra-la-seva-segona-edicio-amb-mes-de-60-activitats\/","og_site_name":"Museu Ol\u00edmpic i de l&#039;Esport","article_published_time":"2022-09-08T09:37:48+00:00","article_modified_time":"2022-09-08T09:38:01+00:00","og_image":[{"width":1280,"height":720,"url":"https:\/\/www.museuolimpicbcn.cat\/wp-content\/uploads\/sites\/2\/2022\/09\/VM_Museu_Nacional_1280x720.png","type":"image\/png"}],"author":"Ibone","twitter_card":"summary_large_image","twitter_misc":{"Escrit per":"Ibone","Temps estimat de lectura":"4 minuts"},"schema":{"@context":"https:\/\/schema.org","@graph":[{"@type":"Article","@id":"https:\/\/www.museuolimpicbcn.cat\/ca\/viu-montjuic-el-parc-de-la-cultura-celebra-la-seva-segona-edicio-amb-mes-de-60-activitats\/#article","isPartOf":{"@id":"https:\/\/www.museuolimpicbcn.cat\/ca\/viu-montjuic-el-parc-de-la-cultura-celebra-la-seva-segona-edicio-amb-mes-de-60-activitats\/"},"author":{"name":"Ibone","@id":"https:\/\/www.museuolimpicbcn.cat\/ca\/#\/schema\/person\/b792834a53f193977df425a499287aa9"},"headline":"\u2018Viu Montju\u00efc, el Parc de la Cultura\u2019 celebra la seva segona edici\u00f3 amb m\u00e9s de 60 activitats","datePublished":"2022-09-08T09:37:48+00:00","dateModified":"2022-09-08T09:38:01+00:00","mainEntityOfPage":{"@id":"https:\/\/www.museuolimpicbcn.cat\/ca\/viu-montjuic-el-parc-de-la-cultura-celebra-la-seva-segona-edicio-amb-mes-de-60-activitats\/"},"wordCount":864,"publisher":{"@id":"https:\/\/www.museuolimpicbcn.cat\/ca\/#organization"},"image":{"@id":"https:\/\/www.museuolimpicbcn.cat\/ca\/viu-montjuic-el-parc-de-la-cultura-celebra-la-seva-segona-edicio-amb-mes-de-60-activitats\/#primaryimage"},"thumbnailUrl":"https:\/\/www.museuolimpicbcn.cat\/wp-content\/uploads\/sites\/2\/2022\/09\/VM_Museu_Nacional_1280x720.png","articleSection":["Uncategorized @ca"],"inLanguage":"ca"},{"@type":"WebPage","@id":"https:\/\/www.museuolimpicbcn.cat\/ca\/viu-montjuic-el-parc-de-la-cultura-celebra-la-seva-segona-edicio-amb-mes-de-60-activitats\/","url":"https:\/\/www.museuolimpicbcn.cat\/ca\/viu-montjuic-el-parc-de-la-cultura-celebra-la-seva-segona-edicio-amb-mes-de-60-activitats\/","name":"\u2018Viu Montju\u00efc, el Parc de la Cultura\u2019 celebra la seva segona edici\u00f3 amb m\u00e9s de 60 activitats - Museu Ol\u00edmpic i de l&#039;Esport","isPartOf":{"@id":"https:\/\/www.museuolimpicbcn.cat\/ca\/#website"},"primaryImageOfPage":{"@id":"https:\/\/www.museuolimpicbcn.cat\/ca\/viu-montjuic-el-parc-de-la-cultura-celebra-la-seva-segona-edicio-amb-mes-de-60-activitats\/#primaryimage"},"image":{"@id":"https:\/\/www.museuolimpicbcn.cat\/ca\/viu-montjuic-el-parc-de-la-cultura-celebra-la-seva-segona-edicio-amb-mes-de-60-activitats\/#primaryimage"},"thumbnailUrl":"https:\/\/www.museuolimpicbcn.cat\/wp-content\/uploads\/sites\/2\/2022\/09\/VM_Museu_Nacional_1280x720.png","datePublished":"2022-09-08T09:37:48+00:00","dateModified":"2022-09-08T09:38:01+00:00","breadcrumb":{"@id":"https:\/\/www.museuolimpicbcn.cat\/ca\/viu-montjuic-el-parc-de-la-cultura-celebra-la-seva-segona-edicio-amb-mes-de-60-activitats\/#breadcrumb"},"inLanguage":"ca","potentialAction":[{"@type":"ReadAction","target":["https:\/\/www.museuolimpicbcn.cat\/ca\/viu-montjuic-el-parc-de-la-cultura-celebra-la-seva-segona-edicio-amb-mes-de-60-activitats\/"]}]},{"@type":"ImageObject","inLanguage":"ca","@id":"https:\/\/www.museuolimpicbcn.cat\/ca\/viu-montjuic-el-parc-de-la-cultura-celebra-la-seva-segona-edicio-amb-mes-de-60-activitats\/#primaryimage","url":"https:\/\/www.museuolimpicbcn.cat\/wp-content\/uploads\/sites\/2\/2022\/09\/VM_Museu_Nacional_1280x720.png","contentUrl":"https:\/\/www.museuolimpicbcn.cat\/wp-content\/uploads\/sites\/2\/2022\/09\/VM_Museu_Nacional_1280x720.png","width":1280,"height":720},{"@type":"BreadcrumbList","@id":"https:\/\/www.museuolimpicbcn.cat\/ca\/viu-montjuic-el-parc-de-la-cultura-celebra-la-seva-segona-edicio-amb-mes-de-60-activitats\/#breadcrumb","itemListElement":[{"@type":"ListItem","position":1,"name":"Inici","item":"https:\/\/www.museuolimpicbcn.cat\/es\/"},{"@type":"ListItem","position":2,"name":"\u2018Viu Montju\u00efc, el Parc de la Cultura\u2019 celebra la seva segona edici\u00f3 amb m\u00e9s de 60 activitats"}]},{"@type":"WebSite","@id":"https:\/\/www.museuolimpicbcn.cat\/ca\/#website","url":"https:\/\/www.museuolimpicbcn.cat\/ca\/","name":"Museu Ol\u00edmpic i de l&#039;Esport","description":"Altre lloc Web del Museu Ol\u00edmpic i de l&#039;Esport llocs","publisher":{"@id":"https:\/\/www.museuolimpicbcn.cat\/ca\/#organization"},"potentialAction":[{"@type":"SearchAction","target":{"@type":"EntryPoint","urlTemplate":"https:\/\/www.museuolimpicbcn.cat\/ca\/?s={search_term_string}"},"query-input":{"@type":"PropertyValueSpecification","valueRequired":true,"valueName":"search_term_string"}}],"inLanguage":"ca"},{"@type":"Organization","@id":"https:\/\/www.museuolimpicbcn.cat\/ca\/#organization","name":"Museu Ol\u00edmpic i de l&#039;Esport","url":"https:\/\/www.museuolimpicbcn.cat\/ca\/","logo":{"@type":"ImageObject","inLanguage":"ca","@id":"https:\/\/www.museuolimpicbcn.cat\/ca\/#\/schema\/logo\/image\/","url":"https:\/\/www.museuolimpicbcn.cat\/wp-content\/uploads\/sites\/2\/2018\/12\/logo-moe-header.svg","contentUrl":"https:\/\/www.museuolimpicbcn.cat\/wp-content\/uploads\/sites\/2\/2018\/12\/logo-moe-header.svg","caption":"Museu Ol\u00edmpic i de l&#039;Esport"},"image":{"@id":"https:\/\/www.museuolimpicbcn.cat\/ca\/#\/schema\/logo\/image\/"}},{"@type":"Person","@id":"https:\/\/www.museuolimpicbcn.cat\/ca\/#\/schema\/person\/b792834a53f193977df425a499287aa9","name":"Ibone","url":"https:\/\/www.museuolimpicbcn.cat\/ca\/author\/fbolimpica\/"}]}},"_links":{"self":[{"href":"https:\/\/www.museuolimpicbcn.cat\/ca\/wp-json\/wp\/v2\/posts\/34497"}],"collection":[{"href":"https:\/\/www.museuolimpicbcn.cat\/ca\/wp-json\/wp\/v2\/posts"}],"about":[{"href":"https:\/\/www.museuolimpicbcn.cat\/ca\/wp-json\/wp\/v2\/types\/post"}],"author":[{"embeddable":true,"href":"https:\/\/www.museuolimpicbcn.cat\/ca\/wp-json\/wp\/v2\/users\/11"}],"replies":[{"embeddable":true,"href":"https:\/\/www.museuolimpicbcn.cat\/ca\/wp-json\/wp\/v2\/comments?post=34497"}],"version-history":[{"count":1,"href":"https:\/\/www.museuolimpicbcn.cat\/ca\/wp-json\/wp\/v2\/posts\/34497\/revisions"}],"predecessor-version":[{"id":34498,"href":"https:\/\/www.museuolimpicbcn.cat\/ca\/wp-json\/wp\/v2\/posts\/34497\/revisions\/34498"}],"wp:featuredmedia":[{"embeddable":true,"href":"https:\/\/www.museuolimpicbcn.cat\/ca\/wp-json\/wp\/v2\/media\/34476"}],"wp:attachment":[{"href":"https:\/\/www.museuolimpicbcn.cat\/ca\/wp-json\/wp\/v2\/media?parent=34497"}],"wp:term":[{"taxonomy":"category","embeddable":true,"href":"https:\/\/www.museuolimpicbcn.cat\/ca\/wp-json\/wp\/v2\/categories?post=34497"},{"taxonomy":"post_tag","embeddable":true,"href":"https:\/\/www.museuolimpicbcn.cat\/ca\/wp-json\/wp\/v2\/tags?post=34497"}],"curies":[{"name":"wp","href":"https:\/\/api.w.org\/{rel}","templated":true}]}}