{"id":34639,"date":"2022-09-14T17:55:02","date_gmt":"2022-09-14T15:55:02","guid":{"rendered":"https:\/\/www.museuolimpicbcn.cat\/presentacio-del-programa-de-la-merce-mes-esportiva\/"},"modified":"2022-09-14T17:55:02","modified_gmt":"2022-09-14T15:55:02","slug":"presentacio-del-programa-de-la-merce-mes-esportiva","status":"publish","type":"post","link":"https:\/\/www.museuolimpicbcn.cat\/ca\/presentacio-del-programa-de-la-merce-mes-esportiva\/","title":{"rendered":"Presentaci\u00f3 del programa de la \u201cMerc\u00e8 m\u00e9s esportiva\u201d"},"content":{"rendered":"<p>David Escud\u00e9, regidor d\u2019Esport de l\u2019Ajuntament de Barcelona, juntament amb Gabriel Arranz, director de promoci\u00f3 i esdeveniments esportius de l\u2019Ajuntament de Barcelona i Juan Carlos Unzu\u00e9, exfutbolista i ambaixador de la Fundaci\u00f3 Catalana d&#8217;ELA Miquel Valls han estat els protagonistes de la presentaci\u00f3 del programa de la \u201cMerc\u00e8 m\u00e9s esportiva\u201d moderada per la periodista de TV3 Ruth Gumbau.<\/p>\n<p>Com cada any, per tal de mantenir la vessant solid\u00e0ria de la Cursa de la Merc\u00e8 s&#8217;ha escollit una instituci\u00f3 que rebr\u00e0 la recaptaci\u00f3 de les inscripcions. Aquesta vegada anir\u00e0 \u00edntegrament destinada a la Fundaci\u00f3 Catalana d&#8217;ELA Miquel Valls.<\/p>\n<p>L\u2019esdeveniment estrella d\u2019aquest programa \u00e9s \u201cla 44a Cursa de la Merc\u00e8\u201d que se celebra el 18 de setembre amb un recorregut de 10 quil\u00f2metres puntuables, per\u00f2 la programaci\u00f3 ofereix molts altres al\u00b7licients als amants dels esports. Tindran lloc un any m\u00e9s la Jornada Inclusiva que arriba a la 9a edici\u00f3, la 12a Barcelona Extreme, la Caminada Barnatresc, el Trofeu de la Merc\u00e8 de Pat\u00ed a Vela, la 19a edici\u00f3 de Futurs Campions de Tir amb Arc, el 12\u00e8 Trofeu Internacional Ciutat de Futbol de Sala Special Olympics, la 1a edici\u00f3 de la Wodcelona Fitness &amp; Community Festival, el 18\u00e8 Trofeu Internacional Ciutat de Barcelona de Ciclisme en Pista, el 40\u00e8 Trofeu BMX la Merc\u00e8 de ciclisme en pista, i la regata de classe mini.<\/p>\n<p>La Fundaci\u00f3 Catalana d&#8217;ELA Miquel Valls \u00e9s l&#8217;\u00fanica entitat sense \u00e0nim de lucre a tota Catalunya que treballa per millorar la qualitat de vida de les persones afectades d&#8217;ELA i altres malalties de motoneurona. A m\u00e9s, ofereix suport a les fam\u00edlies, acompanyament i promou la investigaci\u00f3 d\u2019aquesta.<\/p>\n","protected":false},"excerpt":{"rendered":"<p>David Escud\u00e9, regidor d\u2019Esport de l\u2019Ajuntament de Barcelona, juntament amb Gabriel Arranz, director de promoci\u00f3 i esdeveniments esportius de l\u2019Ajuntament de Barcelona i Juan Carlos Unzu\u00e9, exfutbolista i ambaixador de la Fundaci\u00f3 Catalana d&#8217;ELA Miquel Valls han estat els protagonistes de la presentaci\u00f3 del programa de la \u201cMerc\u00e8 m\u00e9s esportiva\u201d moderada per la periodista de [&hellip;]<\/p>\n","protected":false},"author":11,"featured_media":34585,"comment_status":"closed","ping_status":"closed","sticky":false,"template":"","format":"standard","meta":{"_acf_changed":false,"_price":"","_stock":"","_tribe_ticket_header":"","_tribe_default_ticket_provider":"","_tribe_ticket_capacity":"0","_ticket_start_date":"","_ticket_end_date":"","_tribe_ticket_show_description":"","_tribe_ticket_show_not_going":false,"_tribe_ticket_use_global_stock":"","_tribe_ticket_global_stock_level":"","_global_stock_mode":"","_global_stock_cap":"","_tribe_rsvp_for_event":"","_tribe_ticket_going_count":"","_tribe_ticket_not_going_count":"","_tribe_tickets_list":"[]","_tribe_ticket_has_attendee_info_fields":false,"footnotes":""},"categories":[1],"tags":[],"class_list":["post-34639","post","type-post","status-publish","format-standard","has-post-thumbnail","hentry","category-uncategorized-ca"],"acf":[],"yoast_head":"<!-- This site is optimized with the Yoast SEO plugin v23.7 - https:\/\/yoast.com\/wordpress\/plugins\/seo\/ -->\n<title>Presentaci\u00f3 del programa de la \u201cMerc\u00e8 m\u00e9s esportiva\u201d - Museu Ol\u00edmpic i de l&#039;Esport<\/title>\n<meta name=\"robots\" content=\"index, follow, max-snippet:-1, max-image-preview:large, max-video-preview:-1\" \/>\n<link rel=\"canonical\" href=\"https:\/\/www.museuolimpicbcn.cat\/ca\/presentacio-del-programa-de-la-merce-mes-esportiva\/\" \/>\n<meta property=\"og:locale\" content=\"ca_ES\" \/>\n<meta property=\"og:type\" content=\"article\" \/>\n<meta property=\"og:title\" content=\"Presentaci\u00f3 del programa de la \u201cMerc\u00e8 m\u00e9s esportiva\u201d - Museu Ol\u00edmpic i de l&#039;Esport\" \/>\n<meta property=\"og:description\" content=\"David Escud\u00e9, regidor d\u2019Esport de l\u2019Ajuntament de Barcelona, juntament amb Gabriel Arranz, director de promoci\u00f3 i esdeveniments esportius de l\u2019Ajuntament de Barcelona i Juan Carlos Unzu\u00e9, exfutbolista i ambaixador de la Fundaci\u00f3 Catalana d&#8217;ELA Miquel Valls han estat els protagonistes de la presentaci\u00f3 del programa de la \u201cMerc\u00e8 m\u00e9s esportiva\u201d moderada per la periodista de [&hellip;]\" \/>\n<meta property=\"og:url\" content=\"https:\/\/www.museuolimpicbcn.cat\/ca\/presentacio-del-programa-de-la-merce-mes-esportiva\/\" \/>\n<meta property=\"og:site_name\" content=\"Museu Ol\u00edmpic i de l&#039;Esport\" \/>\n<meta property=\"article:published_time\" content=\"2022-09-14T15:55:02+00:00\" \/>\n<meta property=\"og:image\" content=\"https:\/\/www.museuolimpicbcn.cat\/wp-content\/uploads\/sites\/2\/2022\/09\/Programa-Merce-2023_2.jpg\" \/>\n\t<meta property=\"og:image:width\" content=\"1767\" \/>\n\t<meta property=\"og:image:height\" content=\"1080\" \/>\n\t<meta property=\"og:image:type\" content=\"image\/jpeg\" \/>\n<meta name=\"author\" content=\"Ibone\" \/>\n<meta name=\"twitter:card\" content=\"summary_large_image\" \/>\n<meta name=\"twitter:label1\" content=\"Escrit per\" \/>\n\t<meta name=\"twitter:data1\" content=\"Ibone\" \/>\n\t<meta name=\"twitter:label2\" content=\"Temps estimat de lectura\" \/>\n\t<meta name=\"twitter:data2\" content=\"1 minut\" \/>\n<script type=\"application\/ld+json\" class=\"yoast-schema-graph\">{\"@context\":\"https:\/\/schema.org\",\"@graph\":[{\"@type\":\"Article\",\"@id\":\"https:\/\/www.museuolimpicbcn.cat\/ca\/presentacio-del-programa-de-la-merce-mes-esportiva\/#article\",\"isPartOf\":{\"@id\":\"https:\/\/www.museuolimpicbcn.cat\/ca\/presentacio-del-programa-de-la-merce-mes-esportiva\/\"},\"author\":{\"name\":\"Ibone\",\"@id\":\"https:\/\/www.museuolimpicbcn.cat\/ca\/#\/schema\/person\/b792834a53f193977df425a499287aa9\"},\"headline\":\"Presentaci\u00f3 del programa de la \u201cMerc\u00e8 m\u00e9s esportiva\u201d\",\"datePublished\":\"2022-09-14T15:55:02+00:00\",\"dateModified\":\"2022-09-14T15:55:02+00:00\",\"mainEntityOfPage\":{\"@id\":\"https:\/\/www.museuolimpicbcn.cat\/ca\/presentacio-del-programa-de-la-merce-mes-esportiva\/\"},\"wordCount\":286,\"publisher\":{\"@id\":\"https:\/\/www.museuolimpicbcn.cat\/ca\/#organization\"},\"image\":{\"@id\":\"https:\/\/www.museuolimpicbcn.cat\/ca\/presentacio-del-programa-de-la-merce-mes-esportiva\/#primaryimage\"},\"thumbnailUrl\":\"https:\/\/www.museuolimpicbcn.cat\/wp-content\/uploads\/sites\/2\/2022\/09\/Programa-Merce-2023_2.jpg\",\"articleSection\":[\"Uncategorized @ca\"],\"inLanguage\":\"ca\"},{\"@type\":\"WebPage\",\"@id\":\"https:\/\/www.museuolimpicbcn.cat\/ca\/presentacio-del-programa-de-la-merce-mes-esportiva\/\",\"url\":\"https:\/\/www.museuolimpicbcn.cat\/ca\/presentacio-del-programa-de-la-merce-mes-esportiva\/\",\"name\":\"Presentaci\u00f3 del programa de la \u201cMerc\u00e8 m\u00e9s esportiva\u201d - Museu Ol\u00edmpic i de l&#039;Esport\",\"isPartOf\":{\"@id\":\"https:\/\/www.museuolimpicbcn.cat\/ca\/#website\"},\"primaryImageOfPage\":{\"@id\":\"https:\/\/www.museuolimpicbcn.cat\/ca\/presentacio-del-programa-de-la-merce-mes-esportiva\/#primaryimage\"},\"image\":{\"@id\":\"https:\/\/www.museuolimpicbcn.cat\/ca\/presentacio-del-programa-de-la-merce-mes-esportiva\/#primaryimage\"},\"thumbnailUrl\":\"https:\/\/www.museuolimpicbcn.cat\/wp-content\/uploads\/sites\/2\/2022\/09\/Programa-Merce-2023_2.jpg\",\"datePublished\":\"2022-09-14T15:55:02+00:00\",\"dateModified\":\"2022-09-14T15:55:02+00:00\",\"breadcrumb\":{\"@id\":\"https:\/\/www.museuolimpicbcn.cat\/ca\/presentacio-del-programa-de-la-merce-mes-esportiva\/#breadcrumb\"},\"inLanguage\":\"ca\",\"potentialAction\":[{\"@type\":\"ReadAction\",\"target\":[\"https:\/\/www.museuolimpicbcn.cat\/ca\/presentacio-del-programa-de-la-merce-mes-esportiva\/\"]}]},{\"@type\":\"ImageObject\",\"inLanguage\":\"ca\",\"@id\":\"https:\/\/www.museuolimpicbcn.cat\/ca\/presentacio-del-programa-de-la-merce-mes-esportiva\/#primaryimage\",\"url\":\"https:\/\/www.museuolimpicbcn.cat\/wp-content\/uploads\/sites\/2\/2022\/09\/Programa-Merce-2023_2.jpg\",\"contentUrl\":\"https:\/\/www.museuolimpicbcn.cat\/wp-content\/uploads\/sites\/2\/2022\/09\/Programa-Merce-2023_2.jpg\",\"width\":1767,\"height\":1080},{\"@type\":\"BreadcrumbList\",\"@id\":\"https:\/\/www.museuolimpicbcn.cat\/ca\/presentacio-del-programa-de-la-merce-mes-esportiva\/#breadcrumb\",\"itemListElement\":[{\"@type\":\"ListItem\",\"position\":1,\"name\":\"Inici\",\"item\":\"https:\/\/www.museuolimpicbcn.cat\/es\/\"},{\"@type\":\"ListItem\",\"position\":2,\"name\":\"Presentaci\u00f3 del programa de la \u201cMerc\u00e8 m\u00e9s esportiva\u201d\"}]},{\"@type\":\"WebSite\",\"@id\":\"https:\/\/www.museuolimpicbcn.cat\/ca\/#website\",\"url\":\"https:\/\/www.museuolimpicbcn.cat\/ca\/\",\"name\":\"Museu Ol\u00edmpic i de l&#039;Esport\",\"description\":\"Altre lloc Web del Museu Ol\u00edmpic i de l&#039;Esport llocs\",\"publisher\":{\"@id\":\"https:\/\/www.museuolimpicbcn.cat\/ca\/#organization\"},\"potentialAction\":[{\"@type\":\"SearchAction\",\"target\":{\"@type\":\"EntryPoint\",\"urlTemplate\":\"https:\/\/www.museuolimpicbcn.cat\/ca\/?s={search_term_string}\"},\"query-input\":{\"@type\":\"PropertyValueSpecification\",\"valueRequired\":true,\"valueName\":\"search_term_string\"}}],\"inLanguage\":\"ca\"},{\"@type\":\"Organization\",\"@id\":\"https:\/\/www.museuolimpicbcn.cat\/ca\/#organization\",\"name\":\"Museu Ol\u00edmpic i de l&#039;Esport\",\"url\":\"https:\/\/www.museuolimpicbcn.cat\/ca\/\",\"logo\":{\"@type\":\"ImageObject\",\"inLanguage\":\"ca\",\"@id\":\"https:\/\/www.museuolimpicbcn.cat\/ca\/#\/schema\/logo\/image\/\",\"url\":\"https:\/\/www.museuolimpicbcn.cat\/wp-content\/uploads\/sites\/2\/2018\/12\/logo-moe-header.svg\",\"contentUrl\":\"https:\/\/www.museuolimpicbcn.cat\/wp-content\/uploads\/sites\/2\/2018\/12\/logo-moe-header.svg\",\"caption\":\"Museu Ol\u00edmpic i de l&#039;Esport\"},\"image\":{\"@id\":\"https:\/\/www.museuolimpicbcn.cat\/ca\/#\/schema\/logo\/image\/\"}},{\"@type\":\"Person\",\"@id\":\"https:\/\/www.museuolimpicbcn.cat\/ca\/#\/schema\/person\/b792834a53f193977df425a499287aa9\",\"name\":\"Ibone\",\"url\":\"https:\/\/www.museuolimpicbcn.cat\/ca\/author\/fbolimpica\/\"}]}<\/script>\n<!-- \/ Yoast SEO plugin. -->","yoast_head_json":{"title":"Presentaci\u00f3 del programa de la \u201cMerc\u00e8 m\u00e9s esportiva\u201d - Museu Ol\u00edmpic i de l&#039;Esport","robots":{"index":"index","follow":"follow","max-snippet":"max-snippet:-1","max-image-preview":"max-image-preview:large","max-video-preview":"max-video-preview:-1"},"canonical":"https:\/\/www.museuolimpicbcn.cat\/ca\/presentacio-del-programa-de-la-merce-mes-esportiva\/","og_locale":"ca_ES","og_type":"article","og_title":"Presentaci\u00f3 del programa de la \u201cMerc\u00e8 m\u00e9s esportiva\u201d - Museu Ol\u00edmpic i de l&#039;Esport","og_description":"David Escud\u00e9, regidor d\u2019Esport de l\u2019Ajuntament de Barcelona, juntament amb Gabriel Arranz, director de promoci\u00f3 i esdeveniments esportius de l\u2019Ajuntament de Barcelona i Juan Carlos Unzu\u00e9, exfutbolista i ambaixador de la Fundaci\u00f3 Catalana d&#8217;ELA Miquel Valls han estat els protagonistes de la presentaci\u00f3 del programa de la \u201cMerc\u00e8 m\u00e9s esportiva\u201d moderada per la periodista de [&hellip;]","og_url":"https:\/\/www.museuolimpicbcn.cat\/ca\/presentacio-del-programa-de-la-merce-mes-esportiva\/","og_site_name":"Museu Ol\u00edmpic i de l&#039;Esport","article_published_time":"2022-09-14T15:55:02+00:00","og_image":[{"width":1767,"height":1080,"url":"https:\/\/www.museuolimpicbcn.cat\/wp-content\/uploads\/sites\/2\/2022\/09\/Programa-Merce-2023_2.jpg","type":"image\/jpeg"}],"author":"Ibone","twitter_card":"summary_large_image","twitter_misc":{"Escrit per":"Ibone","Temps estimat de lectura":"1 minut"},"schema":{"@context":"https:\/\/schema.org","@graph":[{"@type":"Article","@id":"https:\/\/www.museuolimpicbcn.cat\/ca\/presentacio-del-programa-de-la-merce-mes-esportiva\/#article","isPartOf":{"@id":"https:\/\/www.museuolimpicbcn.cat\/ca\/presentacio-del-programa-de-la-merce-mes-esportiva\/"},"author":{"name":"Ibone","@id":"https:\/\/www.museuolimpicbcn.cat\/ca\/#\/schema\/person\/b792834a53f193977df425a499287aa9"},"headline":"Presentaci\u00f3 del programa de la \u201cMerc\u00e8 m\u00e9s esportiva\u201d","datePublished":"2022-09-14T15:55:02+00:00","dateModified":"2022-09-14T15:55:02+00:00","mainEntityOfPage":{"@id":"https:\/\/www.museuolimpicbcn.cat\/ca\/presentacio-del-programa-de-la-merce-mes-esportiva\/"},"wordCount":286,"publisher":{"@id":"https:\/\/www.museuolimpicbcn.cat\/ca\/#organization"},"image":{"@id":"https:\/\/www.museuolimpicbcn.cat\/ca\/presentacio-del-programa-de-la-merce-mes-esportiva\/#primaryimage"},"thumbnailUrl":"https:\/\/www.museuolimpicbcn.cat\/wp-content\/uploads\/sites\/2\/2022\/09\/Programa-Merce-2023_2.jpg","articleSection":["Uncategorized @ca"],"inLanguage":"ca"},{"@type":"WebPage","@id":"https:\/\/www.museuolimpicbcn.cat\/ca\/presentacio-del-programa-de-la-merce-mes-esportiva\/","url":"https:\/\/www.museuolimpicbcn.cat\/ca\/presentacio-del-programa-de-la-merce-mes-esportiva\/","name":"Presentaci\u00f3 del programa de la \u201cMerc\u00e8 m\u00e9s esportiva\u201d - Museu Ol\u00edmpic i de l&#039;Esport","isPartOf":{"@id":"https:\/\/www.museuolimpicbcn.cat\/ca\/#website"},"primaryImageOfPage":{"@id":"https:\/\/www.museuolimpicbcn.cat\/ca\/presentacio-del-programa-de-la-merce-mes-esportiva\/#primaryimage"},"image":{"@id":"https:\/\/www.museuolimpicbcn.cat\/ca\/presentacio-del-programa-de-la-merce-mes-esportiva\/#primaryimage"},"thumbnailUrl":"https:\/\/www.museuolimpicbcn.cat\/wp-content\/uploads\/sites\/2\/2022\/09\/Programa-Merce-2023_2.jpg","datePublished":"2022-09-14T15:55:02+00:00","dateModified":"2022-09-14T15:55:02+00:00","breadcrumb":{"@id":"https:\/\/www.museuolimpicbcn.cat\/ca\/presentacio-del-programa-de-la-merce-mes-esportiva\/#breadcrumb"},"inLanguage":"ca","potentialAction":[{"@type":"ReadAction","target":["https:\/\/www.museuolimpicbcn.cat\/ca\/presentacio-del-programa-de-la-merce-mes-esportiva\/"]}]},{"@type":"ImageObject","inLanguage":"ca","@id":"https:\/\/www.museuolimpicbcn.cat\/ca\/presentacio-del-programa-de-la-merce-mes-esportiva\/#primaryimage","url":"https:\/\/www.museuolimpicbcn.cat\/wp-content\/uploads\/sites\/2\/2022\/09\/Programa-Merce-2023_2.jpg","contentUrl":"https:\/\/www.museuolimpicbcn.cat\/wp-content\/uploads\/sites\/2\/2022\/09\/Programa-Merce-2023_2.jpg","width":1767,"height":1080},{"@type":"BreadcrumbList","@id":"https:\/\/www.museuolimpicbcn.cat\/ca\/presentacio-del-programa-de-la-merce-mes-esportiva\/#breadcrumb","itemListElement":[{"@type":"ListItem","position":1,"name":"Inici","item":"https:\/\/www.museuolimpicbcn.cat\/es\/"},{"@type":"ListItem","position":2,"name":"Presentaci\u00f3 del programa de la \u201cMerc\u00e8 m\u00e9s esportiva\u201d"}]},{"@type":"WebSite","@id":"https:\/\/www.museuolimpicbcn.cat\/ca\/#website","url":"https:\/\/www.museuolimpicbcn.cat\/ca\/","name":"Museu Ol\u00edmpic i de l&#039;Esport","description":"Altre lloc Web del Museu Ol\u00edmpic i de l&#039;Esport llocs","publisher":{"@id":"https:\/\/www.museuolimpicbcn.cat\/ca\/#organization"},"potentialAction":[{"@type":"SearchAction","target":{"@type":"EntryPoint","urlTemplate":"https:\/\/www.museuolimpicbcn.cat\/ca\/?s={search_term_string}"},"query-input":{"@type":"PropertyValueSpecification","valueRequired":true,"valueName":"search_term_string"}}],"inLanguage":"ca"},{"@type":"Organization","@id":"https:\/\/www.museuolimpicbcn.cat\/ca\/#organization","name":"Museu Ol\u00edmpic i de l&#039;Esport","url":"https:\/\/www.museuolimpicbcn.cat\/ca\/","logo":{"@type":"ImageObject","inLanguage":"ca","@id":"https:\/\/www.museuolimpicbcn.cat\/ca\/#\/schema\/logo\/image\/","url":"https:\/\/www.museuolimpicbcn.cat\/wp-content\/uploads\/sites\/2\/2018\/12\/logo-moe-header.svg","contentUrl":"https:\/\/www.museuolimpicbcn.cat\/wp-content\/uploads\/sites\/2\/2018\/12\/logo-moe-header.svg","caption":"Museu Ol\u00edmpic i de l&#039;Esport"},"image":{"@id":"https:\/\/www.museuolimpicbcn.cat\/ca\/#\/schema\/logo\/image\/"}},{"@type":"Person","@id":"https:\/\/www.museuolimpicbcn.cat\/ca\/#\/schema\/person\/b792834a53f193977df425a499287aa9","name":"Ibone","url":"https:\/\/www.museuolimpicbcn.cat\/ca\/author\/fbolimpica\/"}]}},"_links":{"self":[{"href":"https:\/\/www.museuolimpicbcn.cat\/ca\/wp-json\/wp\/v2\/posts\/34639"}],"collection":[{"href":"https:\/\/www.museuolimpicbcn.cat\/ca\/wp-json\/wp\/v2\/posts"}],"about":[{"href":"https:\/\/www.museuolimpicbcn.cat\/ca\/wp-json\/wp\/v2\/types\/post"}],"author":[{"embeddable":true,"href":"https:\/\/www.museuolimpicbcn.cat\/ca\/wp-json\/wp\/v2\/users\/11"}],"replies":[{"embeddable":true,"href":"https:\/\/www.museuolimpicbcn.cat\/ca\/wp-json\/wp\/v2\/comments?post=34639"}],"version-history":[{"count":0,"href":"https:\/\/www.museuolimpicbcn.cat\/ca\/wp-json\/wp\/v2\/posts\/34639\/revisions"}],"wp:featuredmedia":[{"embeddable":true,"href":"https:\/\/www.museuolimpicbcn.cat\/ca\/wp-json\/wp\/v2\/media\/34585"}],"wp:attachment":[{"href":"https:\/\/www.museuolimpicbcn.cat\/ca\/wp-json\/wp\/v2\/media?parent=34639"}],"wp:term":[{"taxonomy":"category","embeddable":true,"href":"https:\/\/www.museuolimpicbcn.cat\/ca\/wp-json\/wp\/v2\/categories?post=34639"},{"taxonomy":"post_tag","embeddable":true,"href":"https:\/\/www.museuolimpicbcn.cat\/ca\/wp-json\/wp\/v2\/tags?post=34639"}],"curies":[{"name":"wp","href":"https:\/\/api.w.org\/{rel}","templated":true}]}}